{"id":20754,"date":"2009-01-01T00:00:00","date_gmt":"2009-01-01T00:00:00","guid":{"rendered":""},"modified":"-0001-11-30T00:00:00","modified_gmt":"-0001-11-30T03:00:00","slug":"jornada-nacional-unificada-de-lutas-dia-14-de-agosto","status":"publish","type":"post","link":"https:\/\/www.sinpro-rio.org.br\/principal\/jornada-nacional-unificada-de-lutas-dia-14-de-agosto\/","title":{"rendered":"Jornada nacional unificada de lutas, dia 14 de agosto"},"content":{"rendered":"<div class=\"alvo1\">\n<p>No dia 14 de agosto, trabalhadores de todo o Brasil v\u00e3o \u00e0s ruas contra as demiss\u00f5es; pela redu\u00e7\u00e3o da jornada de trabalho, sem corte nos sal\u00e1rios; e em defesa dos direitos sociais. No Rio de Janeiro, a concentra\u00e7\u00e3o acontece a partir das 10h, em frente \u00e0 Candel\u00e1ria, e vai at\u00e9 a passarela entre a Petrobras e o BNDES.<\/p>\n<p>O ato, que ter\u00e1 a presen\u00e7a do Sinpro-Rio, CUT e outras centrais sindicais, movimentos sociais e sociedade civil, pretende pressionar o governo pela manuten\u00e7\u00e3o e amplia\u00e7\u00e3o dos direitos, pela redu\u00e7\u00e3o das taxas de juros, redu\u00e7\u00e3o da jornada de trabalho e reformas agr\u00e1ria e urbana, al\u00e9m da defesa de investimentos em pol\u00edticas sociais.<\/p>\n<p>O oportunismo do setor empresarial tamb\u00e9m ser\u00e1 atacado pelos manifestantes. O objetivo \u00e9 impedir que n\u00e3o se repitam as demiss\u00f5es em massa como ocorreram depois das privatiza\u00e7\u00f5es em multinacionais como a Vale do Rio Doce, CSN e Embraer.<\/p>\n<p>&#8211; O Governo Federal, que injetou bilh\u00f5es de reais na economia para salvar as montadoras e as empresas de eletrodom\u00e9sticos, tem a obriga\u00e7\u00e3o de exigir garantia de emprego para a classe trabalhadora como contrapartida \u00e0 ajuda concedida &#8211; declarou Darby de Lemos Igayara, presidente da CUT-RJ, em rela\u00e7\u00e3o aos objetivos do ato. \n<\/p>\n<\/div>\n","protected":false},"excerpt":{"rendered":"<p>No dia 14 de agosto, trabalhadores de todo o Brasil v\u00e3o \u00e0s ruas contra as demiss\u00f5es; pela redu\u00e7\u00e3o da jornada de trabalho, sem corte nos sal\u00e1rios; e em defesa dos direitos sociais. No Rio de Janeiro, a concentra\u00e7\u00e3o acontece a partir das 10h, em frente \u00e0 Candel\u00e1ria, e vai at\u00e9 a passarela entre a Petrobras [&hellip;]<\/p>\n","protected":false},"author":1,"featured_media":0,"comment_status":"closed","ping_status":"open","sticky":false,"template":"","format":"standard","meta":{"footnotes":""},"categories":[1],"tags":[],"class_list":["post-20754","post","type-post","status-publish","format-standard","hentry","category-noticias"],"yoast_head":"<!-- This site is optimized with the Yoast SEO plugin v25.7 - https:\/\/yoast.com\/wordpress\/plugins\/seo\/ -->\n<title>Jornada nacional unificada de lutas, dia 14 de agosto - Sinpro-Rio<\/title>\n<meta name=\"robots\" content=\"index, follow, max-snippet:-1, max-image-preview:large, max-video-preview:-1\" \/>\n<link rel=\"canonical\" href=\"https:\/\/www.sinpro-rio.org.br\/principal\/jornada-nacional-unificada-de-lutas-dia-14-de-agosto\/\" \/>\n<meta property=\"og:locale\" content=\"pt_BR\" \/>\n<meta property=\"og:type\" content=\"article\" \/>\n<meta property=\"og:title\" content=\"Jornada nacional unificada de lutas, dia 14 de agosto - Sinpro-Rio\" \/>\n<meta property=\"og:description\" content=\"No dia 14 de agosto, trabalhadores de todo o Brasil v\u00e3o \u00e0s ruas contra as demiss\u00f5es; pela redu\u00e7\u00e3o da jornada de trabalho, sem corte nos sal\u00e1rios; e em defesa dos direitos sociais. No Rio de Janeiro, a concentra\u00e7\u00e3o acontece a partir das 10h, em frente \u00e0 Candel\u00e1ria, e vai at\u00e9 a passarela entre a Petrobras [&hellip;]\" \/>\n<meta property=\"og:url\" content=\"https:\/\/www.sinpro-rio.org.br\/principal\/jornada-nacional-unificada-de-lutas-dia-14-de-agosto\/\" \/>\n<meta property=\"og:site_name\" content=\"Sinpro-Rio\" \/>\n<meta property=\"article:published_time\" content=\"2009-01-01T00:00:00+00:00\" \/>\n<meta name=\"author\" content=\"rafaelrjp\" \/>\n<meta name=\"twitter:card\" content=\"summary_large_image\" \/>\n<meta name=\"twitter:label1\" content=\"Escrito por\" \/>\n\t<meta name=\"twitter:data1\" content=\"rafaelrjp\" \/>\n\t<meta name=\"twitter:label2\" content=\"Est. tempo de leitura\" \/>\n\t<meta name=\"twitter:data2\" content=\"1 minuto\" \/>\n<script type=\"application\/ld+json\" class=\"yoast-schema-graph\">{\"@context\":\"https:\/\/schema.org\",\"@graph\":[{\"@type\":\"WebPage\",\"@id\":\"https:\/\/www.sinpro-rio.org.br\/principal\/jornada-nacional-unificada-de-lutas-dia-14-de-agosto\/\",\"url\":\"https:\/\/www.sinpro-rio.org.br\/principal\/jornada-nacional-unificada-de-lutas-dia-14-de-agosto\/\",\"name\":\"Jornada nacional unificada de lutas, dia 14 de agosto - Sinpro-Rio\",\"isPartOf\":{\"@id\":\"https:\/\/www.sinpro-rio.org.br\/principal\/#website\"},\"datePublished\":\"2009-01-01T00:00:00+00:00\",\"author\":{\"@id\":\"https:\/\/www.sinpro-rio.org.br\/principal\/#\/schema\/person\/49feb585a2f57a31a6bd9f16f78e5be6\"},\"breadcrumb\":{\"@id\":\"https:\/\/www.sinpro-rio.org.br\/principal\/jornada-nacional-unificada-de-lutas-dia-14-de-agosto\/#breadcrumb\"},\"inLanguage\":\"pt-BR\",\"potentialAction\":[{\"@type\":\"ReadAction\",\"target\":[\"https:\/\/www.sinpro-rio.org.br\/principal\/jornada-nacional-unificada-de-lutas-dia-14-de-agosto\/\"]}]},{\"@type\":\"BreadcrumbList\",\"@id\":\"https:\/\/www.sinpro-rio.org.br\/principal\/jornada-nacional-unificada-de-lutas-dia-14-de-agosto\/#breadcrumb\",\"itemListElement\":[{\"@type\":\"ListItem\",\"position\":1,\"name\":\"In\u00edcio\",\"item\":\"https:\/\/www.sinpro-rio.org.br\/principal\/\"},{\"@type\":\"ListItem\",\"position\":2,\"name\":\"Jornada nacional unificada de lutas, dia 14 de agosto\"}]},{\"@type\":\"WebSite\",\"@id\":\"https:\/\/www.sinpro-rio.org.br\/principal\/#website\",\"url\":\"https:\/\/www.sinpro-rio.org.br\/principal\/\",\"name\":\"Sinpro-Rio\",\"description\":\"Sindicato dos Professores do Munic\u00edpio do Rio de Janeiro e Regi\u00e3o\",\"potentialAction\":[{\"@type\":\"SearchAction\",\"target\":{\"@type\":\"EntryPoint\",\"urlTemplate\":\"https:\/\/www.sinpro-rio.org.br\/principal\/?s={search_term_string}\"},\"query-input\":{\"@type\":\"PropertyValueSpecification\",\"valueRequired\":true,\"valueName\":\"search_term_string\"}}],\"inLanguage\":\"pt-BR\"},{\"@type\":\"Person\",\"@id\":\"https:\/\/www.sinpro-rio.org.br\/principal\/#\/schema\/person\/49feb585a2f57a31a6bd9f16f78e5be6\",\"name\":\"rafaelrjp\",\"image\":{\"@type\":\"ImageObject\",\"inLanguage\":\"pt-BR\",\"@id\":\"https:\/\/www.sinpro-rio.org.br\/principal\/#\/schema\/person\/image\/\",\"url\":\"https:\/\/secure.gravatar.com\/avatar\/489371a0ba4655c340b519882c68cf68?s=96&d=mm&r=g\",\"contentUrl\":\"https:\/\/secure.gravatar.com\/avatar\/489371a0ba4655c340b519882c68cf68?s=96&d=mm&r=g\",\"caption\":\"rafaelrjp\"},\"url\":\"https:\/\/www.sinpro-rio.org.br\/principal\/author\/rafaelrjp\/\"}]}<\/script>\n<!-- \/ Yoast SEO plugin. -->","yoast_head_json":{"title":"Jornada nacional unificada de lutas, dia 14 de agosto - Sinpro-Rio","robots":{"index":"index","follow":"follow","max-snippet":"max-snippet:-1","max-image-preview":"max-image-preview:large","max-video-preview":"max-video-preview:-1"},"canonical":"https:\/\/www.sinpro-rio.org.br\/principal\/jornada-nacional-unificada-de-lutas-dia-14-de-agosto\/","og_locale":"pt_BR","og_type":"article","og_title":"Jornada nacional unificada de lutas, dia 14 de agosto - Sinpro-Rio","og_description":"No dia 14 de agosto, trabalhadores de todo o Brasil v\u00e3o \u00e0s ruas contra as demiss\u00f5es; pela redu\u00e7\u00e3o da jornada de trabalho, sem corte nos sal\u00e1rios; e em defesa dos direitos sociais. No Rio de Janeiro, a concentra\u00e7\u00e3o acontece a partir das 10h, em frente \u00e0 Candel\u00e1ria, e vai at\u00e9 a passarela entre a Petrobras [&hellip;]","og_url":"https:\/\/www.sinpro-rio.org.br\/principal\/jornada-nacional-unificada-de-lutas-dia-14-de-agosto\/","og_site_name":"Sinpro-Rio","article_published_time":"2009-01-01T00:00:00+00:00","author":"rafaelrjp","twitter_card":"summary_large_image","twitter_misc":{"Escrito por":"rafaelrjp","Est. tempo de leitura":"1 minuto"},"schema":{"@context":"https:\/\/schema.org","@graph":[{"@type":"WebPage","@id":"https:\/\/www.sinpro-rio.org.br\/principal\/jornada-nacional-unificada-de-lutas-dia-14-de-agosto\/","url":"https:\/\/www.sinpro-rio.org.br\/principal\/jornada-nacional-unificada-de-lutas-dia-14-de-agosto\/","name":"Jornada nacional unificada de lutas, dia 14 de agosto - Sinpro-Rio","isPartOf":{"@id":"https:\/\/www.sinpro-rio.org.br\/principal\/#website"},"datePublished":"2009-01-01T00:00:00+00:00","author":{"@id":"https:\/\/www.sinpro-rio.org.br\/principal\/#\/schema\/person\/49feb585a2f57a31a6bd9f16f78e5be6"},"breadcrumb":{"@id":"https:\/\/www.sinpro-rio.org.br\/principal\/jornada-nacional-unificada-de-lutas-dia-14-de-agosto\/#breadcrumb"},"inLanguage":"pt-BR","potentialAction":[{"@type":"ReadAction","target":["https:\/\/www.sinpro-rio.org.br\/principal\/jornada-nacional-unificada-de-lutas-dia-14-de-agosto\/"]}]},{"@type":"BreadcrumbList","@id":"https:\/\/www.sinpro-rio.org.br\/principal\/jornada-nacional-unificada-de-lutas-dia-14-de-agosto\/#breadcrumb","itemListElement":[{"@type":"ListItem","position":1,"name":"In\u00edcio","item":"https:\/\/www.sinpro-rio.org.br\/principal\/"},{"@type":"ListItem","position":2,"name":"Jornada nacional unificada de lutas, dia 14 de agosto"}]},{"@type":"WebSite","@id":"https:\/\/www.sinpro-rio.org.br\/principal\/#website","url":"https:\/\/www.sinpro-rio.org.br\/principal\/","name":"Sinpro-Rio","description":"Sindicato dos Professores do Munic\u00edpio do Rio de Janeiro e Regi\u00e3o","potentialAction":[{"@type":"SearchAction","target":{"@type":"EntryPoint","urlTemplate":"https:\/\/www.sinpro-rio.org.br\/principal\/?s={search_term_string}"},"query-input":{"@type":"PropertyValueSpecification","valueRequired":true,"valueName":"search_term_string"}}],"inLanguage":"pt-BR"},{"@type":"Person","@id":"https:\/\/www.sinpro-rio.org.br\/principal\/#\/schema\/person\/49feb585a2f57a31a6bd9f16f78e5be6","name":"rafaelrjp","image":{"@type":"ImageObject","inLanguage":"pt-BR","@id":"https:\/\/www.sinpro-rio.org.br\/principal\/#\/schema\/person\/image\/","url":"https:\/\/secure.gravatar.com\/avatar\/489371a0ba4655c340b519882c68cf68?s=96&d=mm&r=g","contentUrl":"https:\/\/secure.gravatar.com\/avatar\/489371a0ba4655c340b519882c68cf68?s=96&d=mm&r=g","caption":"rafaelrjp"},"url":"https:\/\/www.sinpro-rio.org.br\/principal\/author\/rafaelrjp\/"}]}},"_links":{"self":[{"href":"https:\/\/www.sinpro-rio.org.br\/principal\/wp-json\/wp\/v2\/posts\/20754","targetHints":{"allow":["GET"]}}],"collection":[{"href":"https:\/\/www.sinpro-rio.org.br\/principal\/wp-json\/wp\/v2\/posts"}],"about":[{"href":"https:\/\/www.sinpro-rio.org.br\/principal\/wp-json\/wp\/v2\/types\/post"}],"author":[{"embeddable":true,"href":"https:\/\/www.sinpro-rio.org.br\/principal\/wp-json\/wp\/v2\/users\/1"}],"replies":[{"embeddable":true,"href":"https:\/\/www.sinpro-rio.org.br\/principal\/wp-json\/wp\/v2\/comments?post=20754"}],"version-history":[{"count":0,"href":"https:\/\/www.sinpro-rio.org.br\/principal\/wp-json\/wp\/v2\/posts\/20754\/revisions"}],"wp:attachment":[{"href":"https:\/\/www.sinpro-rio.org.br\/principal\/wp-json\/wp\/v2\/media?parent=20754"}],"wp:term":[{"taxonomy":"category","embeddable":true,"href":"https:\/\/www.sinpro-rio.org.br\/principal\/wp-json\/wp\/v2\/categories?post=20754"},{"taxonomy":"post_tag","embeddable":true,"href":"https:\/\/www.sinpro-rio.org.br\/principal\/wp-json\/wp\/v2\/tags?post=20754"}],"curies":[{"name":"wp","href":"https:\/\/api.w.org\/{rel}","templated":true}]}}