{"id":20746,"date":"2009-01-01T00:00:00","date_gmt":"2009-01-01T00:00:00","guid":{"rendered":""},"modified":"-0001-11-30T00:00:00","modified_gmt":"-0001-11-30T03:00:00","slug":"audi-ncia-publica-debate-democratizac-o-da-informac-o","status":"publish","type":"post","link":"https:\/\/www.sinpro-rio.org.br\/principal\/audi-ncia-publica-debate-democratizac-o-da-informac-o\/","title":{"rendered":"Audi\u00eancia p\u00fablica debate democratiza\u00e7\u00e3o da informa\u00e7\u00e3o"},"content":{"rendered":"<div class=\"alvo1\">\n<p>No dia 12 de agosto, foi realizada, na C\u00e2mara Municipal do Rio de Janeiro, audi\u00eancia p\u00fablica sobre a I Confer\u00eancia Nacional de Comunica\u00e7\u00e3o (Confecom), que vai ser realizada pelo Governo Federal nos dias 1\u00b0, 2 e 3 de dezembro, em Bras\u00edlia.<\/p>\n<p>O debate, promovido e presidido pelo vereador Jo\u00e3o Mendes de Jesus (PRB), contou com a presen\u00e7a do presidente da Comiss\u00e3o de Cultura da Assembleia Legislativa do Estado Rio de Janeiro (Alerj), deputado Alessandro Molon (PT); a representante do movimento Rio Pr\u00f3-Confer\u00eancia, Claudia Abreu ; o representante das ag\u00eancia de publicidade do Rio de Janeiro, professor Cl\u00e1udio Magalh\u00e3es; o vice-presidente da Associa\u00e7\u00e3o dos Empres\u00e1rios de R\u00e1dio e TVs do Estado, Edson Elias; o coordenador-geral da TV comunit\u00e1ria do Rio, Mois\u00e9s Corr\u00eaa; e o secret\u00e1rio municipal de Ci\u00eancia e Tecnologia, Rubens Andrade.<\/p>\n<p>Durante as interven\u00e7\u00f5es da mesa, todos os participantes destacaram a import\u00e2ncia de se fazer uma confer\u00eancia nacional sobre comunica\u00e7\u00e3o, visando \u00e0 democratiza\u00e7\u00e3o dos meios de comunica\u00e7\u00e3o e a amplia\u00e7\u00e3o do acesso para participa\u00e7\u00e3o da sociedade. Tamb\u00e9m foram criticados por parte da mesa a quest\u00e3o da distribui\u00e7\u00e3o dos recursos p\u00fablicos destinados \u00e0 publicidade e a presen\u00e7a maci\u00e7a de empres\u00e1rios no evento. A import\u00e2ncia da regulamenta\u00e7\u00e3o das r\u00e1dio e TVs comunit\u00e1rias tamb\u00e9m foi tema dos discursos.<\/p>\n<p>Sobre a confer\u00eancia em \u00e2mbito estadual, o \u00fanico que comentou a quest\u00e3o foi o deputado Alessandro Molon, que colocou a Alerj \u00e0 disposi\u00e7\u00e3o para organizar e realizar, caso o governador n\u00e3o promova.<\/p>\n<p>J\u00e1 o tom dos discursos no plen\u00e1rio foi quase o mesmo. Representantes de movimentos sociais; associa\u00e7\u00f5es ligadas \u00e0 comunica\u00e7\u00e3o; e professores foram un\u00e2nimes em ressaltar que n\u00e3o existe efetivamente democracia, sem a democratiza\u00e7\u00e3o dos meios de comunica\u00e7\u00e3o.<\/p>\n<p>Al\u00edcia Martins Pardies, representante da Associa\u00e7\u00e3o de Correspondentes da Imprensa Estrangeira, ressaltou a import\u00e2ncia de uma comunica\u00e7\u00e3o plural e citou casos de pa\u00edses em que a m\u00eddia s\u00f3 mostra um lado dos fatos, como no Iraque.<\/p>\n<p>&#8211; Se n\u00e3o houvesse Twitter e internet, o mundo n\u00e3o saberia da verdadeira situa\u00e7\u00e3o pol\u00edtica daquele pa\u00eds &#8211; afirmou.<\/p>\n<p>O professor Marcos Dantas, da Uerj, por sua vez, disse que o capital internacional j\u00e1 tomou a internet e que n\u00e3o h\u00e1 espa\u00e7o para identidade nacional na rede. Marcos, que tamb\u00e9m integra o F\u00f3rum de M\u00eddia Livre, lembrou que seus alunos que buscam ou computador ou a TV a cabo como fonte de informa\u00e7\u00e3o acabam se esquecendo do Brasil.<\/p>\n<p>Logo ap\u00f3s a audi\u00eancia, um ato p\u00fablico nas escadarias da C\u00e2mara &#8211; com intuito de levar a quest\u00e3o da democratiza\u00e7\u00e3o da comunica\u00e7\u00e3o para a sociedade como um todo &#8211; foi promovido pelo movimento Rio Pr\u00f3-Confer\u00eancia.<\/p>\n<p>Confira as fotos aqui \n<\/p>\n<\/div>\n","protected":false},"excerpt":{"rendered":"<p>No dia 12 de agosto, foi realizada, na C\u00e2mara Municipal do Rio de Janeiro, audi\u00eancia p\u00fablica sobre a I Confer\u00eancia Nacional de Comunica\u00e7\u00e3o (Confecom), que vai ser realizada pelo Governo Federal nos dias 1\u00b0, 2 e 3 de dezembro, em Bras\u00edlia. O debate, promovido e presidido pelo vereador Jo\u00e3o Mendes de Jesus (PRB), contou com [&hellip;]<\/p>\n","protected":false},"author":1,"featured_media":0,"comment_status":"closed","ping_status":"open","sticky":false,"template":"","format":"standard","meta":{"footnotes":""},"categories":[1],"tags":[],"class_list":["post-20746","post","type-post","status-publish","format-standard","hentry","category-noticias"],"yoast_head":"<!-- This site is optimized with the Yoast SEO plugin v25.7 - https:\/\/yoast.com\/wordpress\/plugins\/seo\/ -->\n<title>Audi\u00eancia p\u00fablica debate democratiza\u00e7\u00e3o da informa\u00e7\u00e3o - Sinpro-Rio<\/title>\n<meta name=\"robots\" content=\"index, follow, max-snippet:-1, max-image-preview:large, max-video-preview:-1\" \/>\n<link rel=\"canonical\" href=\"https:\/\/www.sinpro-rio.org.br\/principal\/audi-ncia-publica-debate-democratizac-o-da-informac-o\/\" \/>\n<meta property=\"og:locale\" content=\"pt_BR\" \/>\n<meta property=\"og:type\" content=\"article\" \/>\n<meta property=\"og:title\" content=\"Audi\u00eancia p\u00fablica debate democratiza\u00e7\u00e3o da informa\u00e7\u00e3o - Sinpro-Rio\" \/>\n<meta property=\"og:description\" content=\"No dia 12 de agosto, foi realizada, na C\u00e2mara Municipal do Rio de Janeiro, audi\u00eancia p\u00fablica sobre a I Confer\u00eancia Nacional de Comunica\u00e7\u00e3o (Confecom), que vai ser realizada pelo Governo Federal nos dias 1\u00b0, 2 e 3 de dezembro, em Bras\u00edlia. O debate, promovido e presidido pelo vereador Jo\u00e3o Mendes de Jesus (PRB), contou com [&hellip;]\" \/>\n<meta property=\"og:url\" content=\"https:\/\/www.sinpro-rio.org.br\/principal\/audi-ncia-publica-debate-democratizac-o-da-informac-o\/\" \/>\n<meta property=\"og:site_name\" content=\"Sinpro-Rio\" \/>\n<meta property=\"article:published_time\" content=\"2009-01-01T00:00:00+00:00\" \/>\n<meta name=\"author\" content=\"rafaelrjp\" \/>\n<meta name=\"twitter:card\" content=\"summary_large_image\" \/>\n<meta name=\"twitter:label1\" content=\"Escrito por\" \/>\n\t<meta name=\"twitter:data1\" content=\"rafaelrjp\" \/>\n\t<meta name=\"twitter:label2\" content=\"Est. tempo de leitura\" \/>\n\t<meta name=\"twitter:data2\" content=\"2 minutos\" \/>\n<script type=\"application\/ld+json\" class=\"yoast-schema-graph\">{\"@context\":\"https:\/\/schema.org\",\"@graph\":[{\"@type\":\"WebPage\",\"@id\":\"https:\/\/www.sinpro-rio.org.br\/principal\/audi-ncia-publica-debate-democratizac-o-da-informac-o\/\",\"url\":\"https:\/\/www.sinpro-rio.org.br\/principal\/audi-ncia-publica-debate-democratizac-o-da-informac-o\/\",\"name\":\"Audi\u00eancia p\u00fablica debate democratiza\u00e7\u00e3o da informa\u00e7\u00e3o - Sinpro-Rio\",\"isPartOf\":{\"@id\":\"https:\/\/www.sinpro-rio.org.br\/principal\/#website\"},\"datePublished\":\"2009-01-01T00:00:00+00:00\",\"author\":{\"@id\":\"https:\/\/www.sinpro-rio.org.br\/principal\/#\/schema\/person\/49feb585a2f57a31a6bd9f16f78e5be6\"},\"breadcrumb\":{\"@id\":\"https:\/\/www.sinpro-rio.org.br\/principal\/audi-ncia-publica-debate-democratizac-o-da-informac-o\/#breadcrumb\"},\"inLanguage\":\"pt-BR\",\"potentialAction\":[{\"@type\":\"ReadAction\",\"target\":[\"https:\/\/www.sinpro-rio.org.br\/principal\/audi-ncia-publica-debate-democratizac-o-da-informac-o\/\"]}]},{\"@type\":\"BreadcrumbList\",\"@id\":\"https:\/\/www.sinpro-rio.org.br\/principal\/audi-ncia-publica-debate-democratizac-o-da-informac-o\/#breadcrumb\",\"itemListElement\":[{\"@type\":\"ListItem\",\"position\":1,\"name\":\"In\u00edcio\",\"item\":\"https:\/\/www.sinpro-rio.org.br\/principal\/\"},{\"@type\":\"ListItem\",\"position\":2,\"name\":\"Audi\u00eancia p\u00fablica debate democratiza\u00e7\u00e3o da informa\u00e7\u00e3o\"}]},{\"@type\":\"WebSite\",\"@id\":\"https:\/\/www.sinpro-rio.org.br\/principal\/#website\",\"url\":\"https:\/\/www.sinpro-rio.org.br\/principal\/\",\"name\":\"Sinpro-Rio\",\"description\":\"Sindicato dos Professores do Munic\u00edpio do Rio de Janeiro e Regi\u00e3o\",\"potentialAction\":[{\"@type\":\"SearchAction\",\"target\":{\"@type\":\"EntryPoint\",\"urlTemplate\":\"https:\/\/www.sinpro-rio.org.br\/principal\/?s={search_term_string}\"},\"query-input\":{\"@type\":\"PropertyValueSpecification\",\"valueRequired\":true,\"valueName\":\"search_term_string\"}}],\"inLanguage\":\"pt-BR\"},{\"@type\":\"Person\",\"@id\":\"https:\/\/www.sinpro-rio.org.br\/principal\/#\/schema\/person\/49feb585a2f57a31a6bd9f16f78e5be6\",\"name\":\"rafaelrjp\",\"image\":{\"@type\":\"ImageObject\",\"inLanguage\":\"pt-BR\",\"@id\":\"https:\/\/www.sinpro-rio.org.br\/principal\/#\/schema\/person\/image\/\",\"url\":\"https:\/\/secure.gravatar.com\/avatar\/489371a0ba4655c340b519882c68cf68?s=96&d=mm&r=g\",\"contentUrl\":\"https:\/\/secure.gravatar.com\/avatar\/489371a0ba4655c340b519882c68cf68?s=96&d=mm&r=g\",\"caption\":\"rafaelrjp\"},\"url\":\"https:\/\/www.sinpro-rio.org.br\/principal\/author\/rafaelrjp\/\"}]}<\/script>\n<!-- \/ Yoast SEO plugin. -->","yoast_head_json":{"title":"Audi\u00eancia p\u00fablica debate democratiza\u00e7\u00e3o da informa\u00e7\u00e3o - Sinpro-Rio","robots":{"index":"index","follow":"follow","max-snippet":"max-snippet:-1","max-image-preview":"max-image-preview:large","max-video-preview":"max-video-preview:-1"},"canonical":"https:\/\/www.sinpro-rio.org.br\/principal\/audi-ncia-publica-debate-democratizac-o-da-informac-o\/","og_locale":"pt_BR","og_type":"article","og_title":"Audi\u00eancia p\u00fablica debate democratiza\u00e7\u00e3o da informa\u00e7\u00e3o - Sinpro-Rio","og_description":"No dia 12 de agosto, foi realizada, na C\u00e2mara Municipal do Rio de Janeiro, audi\u00eancia p\u00fablica sobre a I Confer\u00eancia Nacional de Comunica\u00e7\u00e3o (Confecom), que vai ser realizada pelo Governo Federal nos dias 1\u00b0, 2 e 3 de dezembro, em Bras\u00edlia. O debate, promovido e presidido pelo vereador Jo\u00e3o Mendes de Jesus (PRB), contou com [&hellip;]","og_url":"https:\/\/www.sinpro-rio.org.br\/principal\/audi-ncia-publica-debate-democratizac-o-da-informac-o\/","og_site_name":"Sinpro-Rio","article_published_time":"2009-01-01T00:00:00+00:00","author":"rafaelrjp","twitter_card":"summary_large_image","twitter_misc":{"Escrito por":"rafaelrjp","Est. tempo de leitura":"2 minutos"},"schema":{"@context":"https:\/\/schema.org","@graph":[{"@type":"WebPage","@id":"https:\/\/www.sinpro-rio.org.br\/principal\/audi-ncia-publica-debate-democratizac-o-da-informac-o\/","url":"https:\/\/www.sinpro-rio.org.br\/principal\/audi-ncia-publica-debate-democratizac-o-da-informac-o\/","name":"Audi\u00eancia p\u00fablica debate democratiza\u00e7\u00e3o da informa\u00e7\u00e3o - Sinpro-Rio","isPartOf":{"@id":"https:\/\/www.sinpro-rio.org.br\/principal\/#website"},"datePublished":"2009-01-01T00:00:00+00:00","author":{"@id":"https:\/\/www.sinpro-rio.org.br\/principal\/#\/schema\/person\/49feb585a2f57a31a6bd9f16f78e5be6"},"breadcrumb":{"@id":"https:\/\/www.sinpro-rio.org.br\/principal\/audi-ncia-publica-debate-democratizac-o-da-informac-o\/#breadcrumb"},"inLanguage":"pt-BR","potentialAction":[{"@type":"ReadAction","target":["https:\/\/www.sinpro-rio.org.br\/principal\/audi-ncia-publica-debate-democratizac-o-da-informac-o\/"]}]},{"@type":"BreadcrumbList","@id":"https:\/\/www.sinpro-rio.org.br\/principal\/audi-ncia-publica-debate-democratizac-o-da-informac-o\/#breadcrumb","itemListElement":[{"@type":"ListItem","position":1,"name":"In\u00edcio","item":"https:\/\/www.sinpro-rio.org.br\/principal\/"},{"@type":"ListItem","position":2,"name":"Audi\u00eancia p\u00fablica debate democratiza\u00e7\u00e3o da informa\u00e7\u00e3o"}]},{"@type":"WebSite","@id":"https:\/\/www.sinpro-rio.org.br\/principal\/#website","url":"https:\/\/www.sinpro-rio.org.br\/principal\/","name":"Sinpro-Rio","description":"Sindicato dos Professores do Munic\u00edpio do Rio de Janeiro e Regi\u00e3o","potentialAction":[{"@type":"SearchAction","target":{"@type":"EntryPoint","urlTemplate":"https:\/\/www.sinpro-rio.org.br\/principal\/?s={search_term_string}"},"query-input":{"@type":"PropertyValueSpecification","valueRequired":true,"valueName":"search_term_string"}}],"inLanguage":"pt-BR"},{"@type":"Person","@id":"https:\/\/www.sinpro-rio.org.br\/principal\/#\/schema\/person\/49feb585a2f57a31a6bd9f16f78e5be6","name":"rafaelrjp","image":{"@type":"ImageObject","inLanguage":"pt-BR","@id":"https:\/\/www.sinpro-rio.org.br\/principal\/#\/schema\/person\/image\/","url":"https:\/\/secure.gravatar.com\/avatar\/489371a0ba4655c340b519882c68cf68?s=96&d=mm&r=g","contentUrl":"https:\/\/secure.gravatar.com\/avatar\/489371a0ba4655c340b519882c68cf68?s=96&d=mm&r=g","caption":"rafaelrjp"},"url":"https:\/\/www.sinpro-rio.org.br\/principal\/author\/rafaelrjp\/"}]}},"_links":{"self":[{"href":"https:\/\/www.sinpro-rio.org.br\/principal\/wp-json\/wp\/v2\/posts\/20746","targetHints":{"allow":["GET"]}}],"collection":[{"href":"https:\/\/www.sinpro-rio.org.br\/principal\/wp-json\/wp\/v2\/posts"}],"about":[{"href":"https:\/\/www.sinpro-rio.org.br\/principal\/wp-json\/wp\/v2\/types\/post"}],"author":[{"embeddable":true,"href":"https:\/\/www.sinpro-rio.org.br\/principal\/wp-json\/wp\/v2\/users\/1"}],"replies":[{"embeddable":true,"href":"https:\/\/www.sinpro-rio.org.br\/principal\/wp-json\/wp\/v2\/comments?post=20746"}],"version-history":[{"count":0,"href":"https:\/\/www.sinpro-rio.org.br\/principal\/wp-json\/wp\/v2\/posts\/20746\/revisions"}],"wp:attachment":[{"href":"https:\/\/www.sinpro-rio.org.br\/principal\/wp-json\/wp\/v2\/media?parent=20746"}],"wp:term":[{"taxonomy":"category","embeddable":true,"href":"https:\/\/www.sinpro-rio.org.br\/principal\/wp-json\/wp\/v2\/categories?post=20746"},{"taxonomy":"post_tag","embeddable":true,"href":"https:\/\/www.sinpro-rio.org.br\/principal\/wp-json\/wp\/v2\/tags?post=20746"}],"curies":[{"name":"wp","href":"https:\/\/api.w.org\/{rel}","templated":true}]}}