{"id":20745,"date":"2009-01-01T00:00:00","date_gmt":"2009-01-01T00:00:00","guid":{"rendered":""},"modified":"-0001-11-30T00:00:00","modified_gmt":"-0001-11-30T03:00:00","slug":"sinpro-rio-e-acat-debatem-os-tr-s-anos-da-lei-maria-da-penha","status":"publish","type":"post","link":"https:\/\/www.sinpro-rio.org.br\/principal\/sinpro-rio-e-acat-debatem-os-tr-s-anos-da-lei-maria-da-penha\/","title":{"rendered":"Sinpro-Rio e Acat debatem os tr\u00eas anos da Lei Maria da Penha"},"content":{"rendered":"<div class=\"alvo1\">\n<p>No dia 13 de agosto, a Associa\u00e7\u00e3o Carioca dos Advogados Trabalhistas (Acat), em parceria com a Comiss\u00e3o de G\u00eanero e Etnia do Sinpro-Rio, realizou o semin\u00e1rio &#8220;A Lei Maria da Penha e o contrato de trabalho&#8221;.<\/p>\n<p>O evento, que aconteceu no audit\u00f3rio do Sindicato, teve como palestrantes a procuradora do trabalho Daniela Mendes; a delegada de pol\u00edcia Marcia Noely Barreto; a advogada K\u00e1tia Tavares; e a tamb\u00e9m advogada e ouvidora da Secretaria Especial de Pol\u00edticas para Mulheres do Governo Federal, Renata Alexandrin Reis.<\/p>\n<p>Os diretores da Acat, Jos\u00e9 Luis Campos Xavier e Ara\u00e7ari Baptista, abriram o evento falando sobre a import\u00e2ncia do trabalho conjunto da Associa\u00e7\u00e3o com o Sindicato, numa coopera\u00e7\u00e3o pr\u00f3xima e partilhando interesses.<\/p>\n<p>&#8220;Direitos trabalhistas da mulher v\u00edtima de viol\u00eancia dom\u00e9stica&#8221; foi o tema abordado por Daniela Mendes, que explicou que a mulher agredida pode ter o contrato de trabalho suspenso devido \u00e0 necessidade do afastamento para cuidados m\u00e9dicos, psicol\u00f3gicos e at\u00e9 de persegui\u00e7\u00e3o do agressor. Daniela defende que, nesses casos, o Estado deveria arcar com a remunera\u00e7\u00e3o, entrando no rol da Seguridade Social, com o juiz determinando o pagamento.<\/p>\n<p>Marcia Noely Barreto falou sobre &#8220;Reflex\u00e3o sobre a atua\u00e7\u00e3o das DEAMs no enfrentamento da viol\u00eancia dom\u00e9stica&#8221;. Para ela, desde 1986, quando foi inaugurada a primeira Delegacia de Mulheres (DEAM) no Rio de Janeiro, houve mudan\u00e7as na lei e nas penas aplicadas em casos de agress\u00e3o. Entretanto, a delegada diz que a grande maioria das mulheres ainda tem medo de denunciar seus agressores e revelou que de cada 100 agredidas, apenas 30 chegam \u00e0 delegacia. E destas, 17 acabam desistindo de denunciar.<\/p>\n<p>&#8220;Tr\u00eas anos de vig\u00eancia da Lei Maria da Penha. Avan\u00e7os e conquistas&#8221; foi o tema abordado por Renata Alexandrin Reis, que destacou o trabalho do Estado &#8211; atrav\u00e9s de psicol\u00f3gicos e do Juizado de Viol\u00eancia Dom\u00e9stica -, que fortalece as mulheres a reerguerem sua autoestima e saberem seus direitos. O Estado tamb\u00e9m desenvolve um trabalho de capacita\u00e7\u00e3o para policiais civis e agentes de seguran\u00e7a para melhor atenderem as mulheres que chegam \u00e0 procura de ajuda.<\/p>\n<p>K\u00e1tia Tavares falou sobre &#8220;A viol\u00eancia dom\u00e9stica contra a mulher como viola\u00e7\u00e3o aos Direitos Humanos&#8221; e destacou que a viol\u00eancia dom\u00e9stica \u00e9 um grave problema a ser enfrentado pela sociedade contempor\u00e2nea. Para a advogada, por se tratar de uma viol\u00eancia clandestina, que ocorre no seio da fam\u00edlia, \u00e9 complicado avaliar a causa do problema. Hoje, mesmo com pol\u00edticas p\u00fablicas insuficientes, segundo K\u00e1tia, a mulher j\u00e1 pode recorrer a abrigos e os homens j\u00e1 sabem que podem ser presos.<\/p>\n<p>&#8211; Bater em mulher, al\u00e9m de ser uma vergonha, \u00e9 tamb\u00e9m uma covardia &#8211; encerrou.<\/p>\n<p>Ao final do evento, a diretora do Sinpro-Rio e representante da Comiss\u00e3o de G\u00eanero e Etnia, Gl\u00f3rya Ramos, destacou que, por se tratar de uma categoria majoritariamente feminina, o Sindicato apoiar um evento que fale sobre a agress\u00e3o a mulher apoiar \u00e9 o in\u00edcio o in\u00edcio de um di\u00e1logo que pode se aprofundar e vir a debater sobre outros temas.<\/p>\n<p>Confira as fotos aqui. \n<\/p>\n<\/div>\n","protected":false},"excerpt":{"rendered":"<p>No dia 13 de agosto, a Associa\u00e7\u00e3o Carioca dos Advogados Trabalhistas (Acat), em parceria com a Comiss\u00e3o de G\u00eanero e Etnia do Sinpro-Rio, realizou o semin\u00e1rio &#8220;A Lei Maria da Penha e o contrato de trabalho&#8221;. O evento, que aconteceu no audit\u00f3rio do Sindicato, teve como palestrantes a procuradora do trabalho Daniela Mendes; a delegada [&hellip;]<\/p>\n","protected":false},"author":1,"featured_media":0,"comment_status":"closed","ping_status":"open","sticky":false,"template":"","format":"standard","meta":{"footnotes":""},"categories":[1],"tags":[],"class_list":["post-20745","post","type-post","status-publish","format-standard","hentry","category-noticias"],"yoast_head":"<!-- This site is optimized with the Yoast SEO plugin v25.7 - https:\/\/yoast.com\/wordpress\/plugins\/seo\/ -->\n<title>Sinpro-Rio e Acat debatem os tr\u00eas anos da Lei Maria da Penha - Sinpro-Rio<\/title>\n<meta name=\"robots\" content=\"index, follow, max-snippet:-1, max-image-preview:large, max-video-preview:-1\" \/>\n<link rel=\"canonical\" href=\"https:\/\/www.sinpro-rio.org.br\/principal\/sinpro-rio-e-acat-debatem-os-tr-s-anos-da-lei-maria-da-penha\/\" \/>\n<meta property=\"og:locale\" content=\"pt_BR\" \/>\n<meta property=\"og:type\" content=\"article\" \/>\n<meta property=\"og:title\" content=\"Sinpro-Rio e Acat debatem os tr\u00eas anos da Lei Maria da Penha - Sinpro-Rio\" \/>\n<meta property=\"og:description\" content=\"No dia 13 de agosto, a Associa\u00e7\u00e3o Carioca dos Advogados Trabalhistas (Acat), em parceria com a Comiss\u00e3o de G\u00eanero e Etnia do Sinpro-Rio, realizou o semin\u00e1rio &#8220;A Lei Maria da Penha e o contrato de trabalho&#8221;. O evento, que aconteceu no audit\u00f3rio do Sindicato, teve como palestrantes a procuradora do trabalho Daniela Mendes; a delegada [&hellip;]\" \/>\n<meta property=\"og:url\" content=\"https:\/\/www.sinpro-rio.org.br\/principal\/sinpro-rio-e-acat-debatem-os-tr-s-anos-da-lei-maria-da-penha\/\" \/>\n<meta property=\"og:site_name\" content=\"Sinpro-Rio\" \/>\n<meta property=\"article:published_time\" content=\"2009-01-01T00:00:00+00:00\" \/>\n<meta name=\"author\" content=\"rafaelrjp\" \/>\n<meta name=\"twitter:card\" content=\"summary_large_image\" \/>\n<meta name=\"twitter:label1\" content=\"Escrito por\" \/>\n\t<meta name=\"twitter:data1\" content=\"rafaelrjp\" \/>\n\t<meta name=\"twitter:label2\" content=\"Est. tempo de leitura\" \/>\n\t<meta name=\"twitter:data2\" content=\"3 minutos\" \/>\n<script type=\"application\/ld+json\" class=\"yoast-schema-graph\">{\"@context\":\"https:\/\/schema.org\",\"@graph\":[{\"@type\":\"WebPage\",\"@id\":\"https:\/\/www.sinpro-rio.org.br\/principal\/sinpro-rio-e-acat-debatem-os-tr-s-anos-da-lei-maria-da-penha\/\",\"url\":\"https:\/\/www.sinpro-rio.org.br\/principal\/sinpro-rio-e-acat-debatem-os-tr-s-anos-da-lei-maria-da-penha\/\",\"name\":\"Sinpro-Rio e Acat debatem os tr\u00eas anos da Lei Maria da Penha - Sinpro-Rio\",\"isPartOf\":{\"@id\":\"https:\/\/www.sinpro-rio.org.br\/principal\/#website\"},\"datePublished\":\"2009-01-01T00:00:00+00:00\",\"author\":{\"@id\":\"https:\/\/www.sinpro-rio.org.br\/principal\/#\/schema\/person\/49feb585a2f57a31a6bd9f16f78e5be6\"},\"breadcrumb\":{\"@id\":\"https:\/\/www.sinpro-rio.org.br\/principal\/sinpro-rio-e-acat-debatem-os-tr-s-anos-da-lei-maria-da-penha\/#breadcrumb\"},\"inLanguage\":\"pt-BR\",\"potentialAction\":[{\"@type\":\"ReadAction\",\"target\":[\"https:\/\/www.sinpro-rio.org.br\/principal\/sinpro-rio-e-acat-debatem-os-tr-s-anos-da-lei-maria-da-penha\/\"]}]},{\"@type\":\"BreadcrumbList\",\"@id\":\"https:\/\/www.sinpro-rio.org.br\/principal\/sinpro-rio-e-acat-debatem-os-tr-s-anos-da-lei-maria-da-penha\/#breadcrumb\",\"itemListElement\":[{\"@type\":\"ListItem\",\"position\":1,\"name\":\"In\u00edcio\",\"item\":\"https:\/\/www.sinpro-rio.org.br\/principal\/\"},{\"@type\":\"ListItem\",\"position\":2,\"name\":\"Sinpro-Rio e Acat debatem os tr\u00eas anos da Lei Maria da Penha\"}]},{\"@type\":\"WebSite\",\"@id\":\"https:\/\/www.sinpro-rio.org.br\/principal\/#website\",\"url\":\"https:\/\/www.sinpro-rio.org.br\/principal\/\",\"name\":\"Sinpro-Rio\",\"description\":\"Sindicato dos Professores do Munic\u00edpio do Rio de Janeiro e Regi\u00e3o\",\"potentialAction\":[{\"@type\":\"SearchAction\",\"target\":{\"@type\":\"EntryPoint\",\"urlTemplate\":\"https:\/\/www.sinpro-rio.org.br\/principal\/?s={search_term_string}\"},\"query-input\":{\"@type\":\"PropertyValueSpecification\",\"valueRequired\":true,\"valueName\":\"search_term_string\"}}],\"inLanguage\":\"pt-BR\"},{\"@type\":\"Person\",\"@id\":\"https:\/\/www.sinpro-rio.org.br\/principal\/#\/schema\/person\/49feb585a2f57a31a6bd9f16f78e5be6\",\"name\":\"rafaelrjp\",\"image\":{\"@type\":\"ImageObject\",\"inLanguage\":\"pt-BR\",\"@id\":\"https:\/\/www.sinpro-rio.org.br\/principal\/#\/schema\/person\/image\/\",\"url\":\"https:\/\/secure.gravatar.com\/avatar\/489371a0ba4655c340b519882c68cf68?s=96&d=mm&r=g\",\"contentUrl\":\"https:\/\/secure.gravatar.com\/avatar\/489371a0ba4655c340b519882c68cf68?s=96&d=mm&r=g\",\"caption\":\"rafaelrjp\"},\"url\":\"https:\/\/www.sinpro-rio.org.br\/principal\/author\/rafaelrjp\/\"}]}<\/script>\n<!-- \/ Yoast SEO plugin. -->","yoast_head_json":{"title":"Sinpro-Rio e Acat debatem os tr\u00eas anos da Lei Maria da Penha - Sinpro-Rio","robots":{"index":"index","follow":"follow","max-snippet":"max-snippet:-1","max-image-preview":"max-image-preview:large","max-video-preview":"max-video-preview:-1"},"canonical":"https:\/\/www.sinpro-rio.org.br\/principal\/sinpro-rio-e-acat-debatem-os-tr-s-anos-da-lei-maria-da-penha\/","og_locale":"pt_BR","og_type":"article","og_title":"Sinpro-Rio e Acat debatem os tr\u00eas anos da Lei Maria da Penha - Sinpro-Rio","og_description":"No dia 13 de agosto, a Associa\u00e7\u00e3o Carioca dos Advogados Trabalhistas (Acat), em parceria com a Comiss\u00e3o de G\u00eanero e Etnia do Sinpro-Rio, realizou o semin\u00e1rio &#8220;A Lei Maria da Penha e o contrato de trabalho&#8221;. O evento, que aconteceu no audit\u00f3rio do Sindicato, teve como palestrantes a procuradora do trabalho Daniela Mendes; a delegada [&hellip;]","og_url":"https:\/\/www.sinpro-rio.org.br\/principal\/sinpro-rio-e-acat-debatem-os-tr-s-anos-da-lei-maria-da-penha\/","og_site_name":"Sinpro-Rio","article_published_time":"2009-01-01T00:00:00+00:00","author":"rafaelrjp","twitter_card":"summary_large_image","twitter_misc":{"Escrito por":"rafaelrjp","Est. tempo de leitura":"3 minutos"},"schema":{"@context":"https:\/\/schema.org","@graph":[{"@type":"WebPage","@id":"https:\/\/www.sinpro-rio.org.br\/principal\/sinpro-rio-e-acat-debatem-os-tr-s-anos-da-lei-maria-da-penha\/","url":"https:\/\/www.sinpro-rio.org.br\/principal\/sinpro-rio-e-acat-debatem-os-tr-s-anos-da-lei-maria-da-penha\/","name":"Sinpro-Rio e Acat debatem os tr\u00eas anos da Lei Maria da Penha - Sinpro-Rio","isPartOf":{"@id":"https:\/\/www.sinpro-rio.org.br\/principal\/#website"},"datePublished":"2009-01-01T00:00:00+00:00","author":{"@id":"https:\/\/www.sinpro-rio.org.br\/principal\/#\/schema\/person\/49feb585a2f57a31a6bd9f16f78e5be6"},"breadcrumb":{"@id":"https:\/\/www.sinpro-rio.org.br\/principal\/sinpro-rio-e-acat-debatem-os-tr-s-anos-da-lei-maria-da-penha\/#breadcrumb"},"inLanguage":"pt-BR","potentialAction":[{"@type":"ReadAction","target":["https:\/\/www.sinpro-rio.org.br\/principal\/sinpro-rio-e-acat-debatem-os-tr-s-anos-da-lei-maria-da-penha\/"]}]},{"@type":"BreadcrumbList","@id":"https:\/\/www.sinpro-rio.org.br\/principal\/sinpro-rio-e-acat-debatem-os-tr-s-anos-da-lei-maria-da-penha\/#breadcrumb","itemListElement":[{"@type":"ListItem","position":1,"name":"In\u00edcio","item":"https:\/\/www.sinpro-rio.org.br\/principal\/"},{"@type":"ListItem","position":2,"name":"Sinpro-Rio e Acat debatem os tr\u00eas anos da Lei Maria da Penha"}]},{"@type":"WebSite","@id":"https:\/\/www.sinpro-rio.org.br\/principal\/#website","url":"https:\/\/www.sinpro-rio.org.br\/principal\/","name":"Sinpro-Rio","description":"Sindicato dos Professores do Munic\u00edpio do Rio de Janeiro e Regi\u00e3o","potentialAction":[{"@type":"SearchAction","target":{"@type":"EntryPoint","urlTemplate":"https:\/\/www.sinpro-rio.org.br\/principal\/?s={search_term_string}"},"query-input":{"@type":"PropertyValueSpecification","valueRequired":true,"valueName":"search_term_string"}}],"inLanguage":"pt-BR"},{"@type":"Person","@id":"https:\/\/www.sinpro-rio.org.br\/principal\/#\/schema\/person\/49feb585a2f57a31a6bd9f16f78e5be6","name":"rafaelrjp","image":{"@type":"ImageObject","inLanguage":"pt-BR","@id":"https:\/\/www.sinpro-rio.org.br\/principal\/#\/schema\/person\/image\/","url":"https:\/\/secure.gravatar.com\/avatar\/489371a0ba4655c340b519882c68cf68?s=96&d=mm&r=g","contentUrl":"https:\/\/secure.gravatar.com\/avatar\/489371a0ba4655c340b519882c68cf68?s=96&d=mm&r=g","caption":"rafaelrjp"},"url":"https:\/\/www.sinpro-rio.org.br\/principal\/author\/rafaelrjp\/"}]}},"_links":{"self":[{"href":"https:\/\/www.sinpro-rio.org.br\/principal\/wp-json\/wp\/v2\/posts\/20745","targetHints":{"allow":["GET"]}}],"collection":[{"href":"https:\/\/www.sinpro-rio.org.br\/principal\/wp-json\/wp\/v2\/posts"}],"about":[{"href":"https:\/\/www.sinpro-rio.org.br\/principal\/wp-json\/wp\/v2\/types\/post"}],"author":[{"embeddable":true,"href":"https:\/\/www.sinpro-rio.org.br\/principal\/wp-json\/wp\/v2\/users\/1"}],"replies":[{"embeddable":true,"href":"https:\/\/www.sinpro-rio.org.br\/principal\/wp-json\/wp\/v2\/comments?post=20745"}],"version-history":[{"count":0,"href":"https:\/\/www.sinpro-rio.org.br\/principal\/wp-json\/wp\/v2\/posts\/20745\/revisions"}],"wp:attachment":[{"href":"https:\/\/www.sinpro-rio.org.br\/principal\/wp-json\/wp\/v2\/media?parent=20745"}],"wp:term":[{"taxonomy":"category","embeddable":true,"href":"https:\/\/www.sinpro-rio.org.br\/principal\/wp-json\/wp\/v2\/categories?post=20745"},{"taxonomy":"post_tag","embeddable":true,"href":"https:\/\/www.sinpro-rio.org.br\/principal\/wp-json\/wp\/v2\/tags?post=20745"}],"curies":[{"name":"wp","href":"https:\/\/api.w.org\/{rel}","templated":true}]}}