{"id":20743,"date":"2009-01-01T00:00:00","date_gmt":"2009-01-01T00:00:00","guid":{"rendered":""},"modified":"-0001-11-30T00:00:00","modified_gmt":"-0001-11-30T03:00:00","slug":"confer-ncia-nacional-de-comunicac-o-t-o-inadiavel-quanto-a-democratizac-o","status":"publish","type":"post","link":"https:\/\/www.sinpro-rio.org.br\/principal\/confer-ncia-nacional-de-comunicac-o-t-o-inadiavel-quanto-a-democratizac-o\/","title":{"rendered":"Confer\u00eancia Nacional de Comunica\u00e7\u00e3o: t\u00e3o inadi\u00e1vel quanto a democratiza\u00e7\u00e3o"},"content":{"rendered":"<div class=\"alvo1\">\n<p>Diante dos impasses criados pela decis\u00e3o de setores empresariais de se retirarem da Comiss\u00e3o Organizadora da Confer\u00eancia Nacional de Comunica\u00e7\u00e3o (Confecom), a Central \u00danica dos Trabalhadores divulgou a nota abaixo, assinada pelo seu presidente, Artur Henrique, e pela secret\u00e1ria nacional de Comunica\u00e7\u00e3o, Rosane Bertotti:<\/p>\n<p>Nota da CUT<\/p>\n<p>Ao lado dos movimentos que lutam pela democratiza\u00e7\u00e3o da comunica\u00e7\u00e3o no pa\u00eds, a Central \u00danica dos Trabalhadores tem se empenhado para garantir a realiza\u00e7\u00e3o da Confer\u00eancia Nacional de Comunica\u00e7\u00e3o, que ter\u00e1 sua etapa conclusiva nos dias 1, 2 e 3 de dezembro, em Bras\u00edlia.<\/p>\n<p>Para a CUT, a Confer\u00eancia deve ser tripartite, democr\u00e1tica, com respeito \u00e0 representatividade e diversidade, \u00e0 pluralidade de nosso pa\u00eds e com efetiva participa\u00e7\u00e3o dos movimentos sociais, tendo clara a necessidade de conviv\u00eancia dos sistemas p\u00fablico, estatal e privado.<\/p>\n<p>Infelizmente, setores empresariais que det\u00eam concess\u00f5es p\u00fablicas decidiram comportar-se como donos da m\u00eddia e, em nome do que chamam &#8220;preceitos constitucionais da livre iniciativa, da liberdade de express\u00e3o, do direito \u00e0 informa\u00e7\u00e3o e da legalidade&#8221; &#8211; que violam diariamente conformando oligop\u00f3lios inexpugn\u00e1veis ao contradit\u00f3rio, retiraram-se do debate.<\/p>\n<p>A inconformidade com a democracia e a falta de sutileza de tais setores ficaram evidenciadas recentemente na troca de farpas entre dois pesos pesados do segmento: a Rede Globo e a Rede Record que, cada uma a seu modo, v\u00eam esclarecendo os telespectadores sobre o hist\u00f3rico pouco abonador da concorrente.<\/p>\n<p>A realiza\u00e7\u00e3o da Confer\u00eancia \u00e9 um ato de respeito \u00e0 diversidade, oportunidade \u00edmpar para dar visibilidade a um tema tratado como tabu pelos grandes conglomerados, mas que \u00e9 decisivo para que o pa\u00eds avance.<\/p>\n<p>Mais do que nunca, \u00e9 preciso que o governo federal tenha a agilidade necess\u00e1ria na convoca\u00e7\u00e3o da reuni\u00e3o que decidir\u00e1, de forma definitiva, o calend\u00e1rio que deslanchar\u00e1, de uma vez por todas, esta estrat\u00e9gica Confer\u00eancia.<\/p>\n<p>Conclamamos a nossa base a continuar mobilizada para tornar esta aspira\u00e7\u00e3o uma realidade.<\/p>\n<p>Artur Henrique, presidente da CUT <br \/>\n\t\t\t  Rosane Bertotti, secret\u00e1ria nacional de Comunica\u00e7\u00e3o da CUT \n<\/p>\n<\/div>\n","protected":false},"excerpt":{"rendered":"<p>Diante dos impasses criados pela decis\u00e3o de setores empresariais de se retirarem da Comiss\u00e3o Organizadora da Confer\u00eancia Nacional de Comunica\u00e7\u00e3o (Confecom), a Central \u00danica dos Trabalhadores divulgou a nota abaixo, assinada pelo seu presidente, Artur Henrique, e pela secret\u00e1ria nacional de Comunica\u00e7\u00e3o, Rosane Bertotti: Nota da CUT Ao lado dos movimentos que lutam pela democratiza\u00e7\u00e3o [&hellip;]<\/p>\n","protected":false},"author":1,"featured_media":0,"comment_status":"closed","ping_status":"open","sticky":false,"template":"","format":"standard","meta":{"footnotes":""},"categories":[1],"tags":[],"class_list":["post-20743","post","type-post","status-publish","format-standard","hentry","category-noticias"],"yoast_head":"<!-- This site is optimized with the Yoast SEO plugin v25.7 - https:\/\/yoast.com\/wordpress\/plugins\/seo\/ -->\n<title>Confer\u00eancia Nacional de Comunica\u00e7\u00e3o: t\u00e3o inadi\u00e1vel quanto a democratiza\u00e7\u00e3o - Sinpro-Rio<\/title>\n<meta name=\"robots\" content=\"index, follow, max-snippet:-1, max-image-preview:large, max-video-preview:-1\" \/>\n<link rel=\"canonical\" href=\"https:\/\/www.sinpro-rio.org.br\/principal\/confer-ncia-nacional-de-comunicac-o-t-o-inadiavel-quanto-a-democratizac-o\/\" \/>\n<meta property=\"og:locale\" content=\"pt_BR\" \/>\n<meta property=\"og:type\" content=\"article\" \/>\n<meta property=\"og:title\" content=\"Confer\u00eancia Nacional de Comunica\u00e7\u00e3o: t\u00e3o inadi\u00e1vel quanto a democratiza\u00e7\u00e3o - Sinpro-Rio\" \/>\n<meta property=\"og:description\" content=\"Diante dos impasses criados pela decis\u00e3o de setores empresariais de se retirarem da Comiss\u00e3o Organizadora da Confer\u00eancia Nacional de Comunica\u00e7\u00e3o (Confecom), a Central \u00danica dos Trabalhadores divulgou a nota abaixo, assinada pelo seu presidente, Artur Henrique, e pela secret\u00e1ria nacional de Comunica\u00e7\u00e3o, Rosane Bertotti: Nota da CUT Ao lado dos movimentos que lutam pela democratiza\u00e7\u00e3o [&hellip;]\" \/>\n<meta property=\"og:url\" content=\"https:\/\/www.sinpro-rio.org.br\/principal\/confer-ncia-nacional-de-comunicac-o-t-o-inadiavel-quanto-a-democratizac-o\/\" \/>\n<meta property=\"og:site_name\" content=\"Sinpro-Rio\" \/>\n<meta property=\"article:published_time\" content=\"2009-01-01T00:00:00+00:00\" \/>\n<meta name=\"author\" content=\"rafaelrjp\" \/>\n<meta name=\"twitter:card\" content=\"summary_large_image\" \/>\n<meta name=\"twitter:label1\" content=\"Escrito por\" \/>\n\t<meta name=\"twitter:data1\" content=\"rafaelrjp\" \/>\n\t<meta name=\"twitter:label2\" content=\"Est. tempo de leitura\" \/>\n\t<meta name=\"twitter:data2\" content=\"2 minutos\" \/>\n<script type=\"application\/ld+json\" class=\"yoast-schema-graph\">{\"@context\":\"https:\/\/schema.org\",\"@graph\":[{\"@type\":\"WebPage\",\"@id\":\"https:\/\/www.sinpro-rio.org.br\/principal\/confer-ncia-nacional-de-comunicac-o-t-o-inadiavel-quanto-a-democratizac-o\/\",\"url\":\"https:\/\/www.sinpro-rio.org.br\/principal\/confer-ncia-nacional-de-comunicac-o-t-o-inadiavel-quanto-a-democratizac-o\/\",\"name\":\"Confer\u00eancia Nacional de Comunica\u00e7\u00e3o: t\u00e3o inadi\u00e1vel quanto a democratiza\u00e7\u00e3o - Sinpro-Rio\",\"isPartOf\":{\"@id\":\"https:\/\/www.sinpro-rio.org.br\/principal\/#website\"},\"datePublished\":\"2009-01-01T00:00:00+00:00\",\"author\":{\"@id\":\"https:\/\/www.sinpro-rio.org.br\/principal\/#\/schema\/person\/49feb585a2f57a31a6bd9f16f78e5be6\"},\"breadcrumb\":{\"@id\":\"https:\/\/www.sinpro-rio.org.br\/principal\/confer-ncia-nacional-de-comunicac-o-t-o-inadiavel-quanto-a-democratizac-o\/#breadcrumb\"},\"inLanguage\":\"pt-BR\",\"potentialAction\":[{\"@type\":\"ReadAction\",\"target\":[\"https:\/\/www.sinpro-rio.org.br\/principal\/confer-ncia-nacional-de-comunicac-o-t-o-inadiavel-quanto-a-democratizac-o\/\"]}]},{\"@type\":\"BreadcrumbList\",\"@id\":\"https:\/\/www.sinpro-rio.org.br\/principal\/confer-ncia-nacional-de-comunicac-o-t-o-inadiavel-quanto-a-democratizac-o\/#breadcrumb\",\"itemListElement\":[{\"@type\":\"ListItem\",\"position\":1,\"name\":\"In\u00edcio\",\"item\":\"https:\/\/www.sinpro-rio.org.br\/principal\/\"},{\"@type\":\"ListItem\",\"position\":2,\"name\":\"Confer\u00eancia Nacional de Comunica\u00e7\u00e3o: t\u00e3o inadi\u00e1vel quanto a democratiza\u00e7\u00e3o\"}]},{\"@type\":\"WebSite\",\"@id\":\"https:\/\/www.sinpro-rio.org.br\/principal\/#website\",\"url\":\"https:\/\/www.sinpro-rio.org.br\/principal\/\",\"name\":\"Sinpro-Rio\",\"description\":\"Sindicato dos Professores do Munic\u00edpio do Rio de Janeiro e Regi\u00e3o\",\"potentialAction\":[{\"@type\":\"SearchAction\",\"target\":{\"@type\":\"EntryPoint\",\"urlTemplate\":\"https:\/\/www.sinpro-rio.org.br\/principal\/?s={search_term_string}\"},\"query-input\":{\"@type\":\"PropertyValueSpecification\",\"valueRequired\":true,\"valueName\":\"search_term_string\"}}],\"inLanguage\":\"pt-BR\"},{\"@type\":\"Person\",\"@id\":\"https:\/\/www.sinpro-rio.org.br\/principal\/#\/schema\/person\/49feb585a2f57a31a6bd9f16f78e5be6\",\"name\":\"rafaelrjp\",\"image\":{\"@type\":\"ImageObject\",\"inLanguage\":\"pt-BR\",\"@id\":\"https:\/\/www.sinpro-rio.org.br\/principal\/#\/schema\/person\/image\/\",\"url\":\"https:\/\/secure.gravatar.com\/avatar\/489371a0ba4655c340b519882c68cf68?s=96&d=mm&r=g\",\"contentUrl\":\"https:\/\/secure.gravatar.com\/avatar\/489371a0ba4655c340b519882c68cf68?s=96&d=mm&r=g\",\"caption\":\"rafaelrjp\"},\"url\":\"https:\/\/www.sinpro-rio.org.br\/principal\/author\/rafaelrjp\/\"}]}<\/script>\n<!-- \/ Yoast SEO plugin. -->","yoast_head_json":{"title":"Confer\u00eancia Nacional de Comunica\u00e7\u00e3o: t\u00e3o inadi\u00e1vel quanto a democratiza\u00e7\u00e3o - Sinpro-Rio","robots":{"index":"index","follow":"follow","max-snippet":"max-snippet:-1","max-image-preview":"max-image-preview:large","max-video-preview":"max-video-preview:-1"},"canonical":"https:\/\/www.sinpro-rio.org.br\/principal\/confer-ncia-nacional-de-comunicac-o-t-o-inadiavel-quanto-a-democratizac-o\/","og_locale":"pt_BR","og_type":"article","og_title":"Confer\u00eancia Nacional de Comunica\u00e7\u00e3o: t\u00e3o inadi\u00e1vel quanto a democratiza\u00e7\u00e3o - Sinpro-Rio","og_description":"Diante dos impasses criados pela decis\u00e3o de setores empresariais de se retirarem da Comiss\u00e3o Organizadora da Confer\u00eancia Nacional de Comunica\u00e7\u00e3o (Confecom), a Central \u00danica dos Trabalhadores divulgou a nota abaixo, assinada pelo seu presidente, Artur Henrique, e pela secret\u00e1ria nacional de Comunica\u00e7\u00e3o, Rosane Bertotti: Nota da CUT Ao lado dos movimentos que lutam pela democratiza\u00e7\u00e3o [&hellip;]","og_url":"https:\/\/www.sinpro-rio.org.br\/principal\/confer-ncia-nacional-de-comunicac-o-t-o-inadiavel-quanto-a-democratizac-o\/","og_site_name":"Sinpro-Rio","article_published_time":"2009-01-01T00:00:00+00:00","author":"rafaelrjp","twitter_card":"summary_large_image","twitter_misc":{"Escrito por":"rafaelrjp","Est. tempo de leitura":"2 minutos"},"schema":{"@context":"https:\/\/schema.org","@graph":[{"@type":"WebPage","@id":"https:\/\/www.sinpro-rio.org.br\/principal\/confer-ncia-nacional-de-comunicac-o-t-o-inadiavel-quanto-a-democratizac-o\/","url":"https:\/\/www.sinpro-rio.org.br\/principal\/confer-ncia-nacional-de-comunicac-o-t-o-inadiavel-quanto-a-democratizac-o\/","name":"Confer\u00eancia Nacional de Comunica\u00e7\u00e3o: t\u00e3o inadi\u00e1vel quanto a democratiza\u00e7\u00e3o - Sinpro-Rio","isPartOf":{"@id":"https:\/\/www.sinpro-rio.org.br\/principal\/#website"},"datePublished":"2009-01-01T00:00:00+00:00","author":{"@id":"https:\/\/www.sinpro-rio.org.br\/principal\/#\/schema\/person\/49feb585a2f57a31a6bd9f16f78e5be6"},"breadcrumb":{"@id":"https:\/\/www.sinpro-rio.org.br\/principal\/confer-ncia-nacional-de-comunicac-o-t-o-inadiavel-quanto-a-democratizac-o\/#breadcrumb"},"inLanguage":"pt-BR","potentialAction":[{"@type":"ReadAction","target":["https:\/\/www.sinpro-rio.org.br\/principal\/confer-ncia-nacional-de-comunicac-o-t-o-inadiavel-quanto-a-democratizac-o\/"]}]},{"@type":"BreadcrumbList","@id":"https:\/\/www.sinpro-rio.org.br\/principal\/confer-ncia-nacional-de-comunicac-o-t-o-inadiavel-quanto-a-democratizac-o\/#breadcrumb","itemListElement":[{"@type":"ListItem","position":1,"name":"In\u00edcio","item":"https:\/\/www.sinpro-rio.org.br\/principal\/"},{"@type":"ListItem","position":2,"name":"Confer\u00eancia Nacional de Comunica\u00e7\u00e3o: t\u00e3o inadi\u00e1vel quanto a democratiza\u00e7\u00e3o"}]},{"@type":"WebSite","@id":"https:\/\/www.sinpro-rio.org.br\/principal\/#website","url":"https:\/\/www.sinpro-rio.org.br\/principal\/","name":"Sinpro-Rio","description":"Sindicato dos Professores do Munic\u00edpio do Rio de Janeiro e Regi\u00e3o","potentialAction":[{"@type":"SearchAction","target":{"@type":"EntryPoint","urlTemplate":"https:\/\/www.sinpro-rio.org.br\/principal\/?s={search_term_string}"},"query-input":{"@type":"PropertyValueSpecification","valueRequired":true,"valueName":"search_term_string"}}],"inLanguage":"pt-BR"},{"@type":"Person","@id":"https:\/\/www.sinpro-rio.org.br\/principal\/#\/schema\/person\/49feb585a2f57a31a6bd9f16f78e5be6","name":"rafaelrjp","image":{"@type":"ImageObject","inLanguage":"pt-BR","@id":"https:\/\/www.sinpro-rio.org.br\/principal\/#\/schema\/person\/image\/","url":"https:\/\/secure.gravatar.com\/avatar\/489371a0ba4655c340b519882c68cf68?s=96&d=mm&r=g","contentUrl":"https:\/\/secure.gravatar.com\/avatar\/489371a0ba4655c340b519882c68cf68?s=96&d=mm&r=g","caption":"rafaelrjp"},"url":"https:\/\/www.sinpro-rio.org.br\/principal\/author\/rafaelrjp\/"}]}},"_links":{"self":[{"href":"https:\/\/www.sinpro-rio.org.br\/principal\/wp-json\/wp\/v2\/posts\/20743","targetHints":{"allow":["GET"]}}],"collection":[{"href":"https:\/\/www.sinpro-rio.org.br\/principal\/wp-json\/wp\/v2\/posts"}],"about":[{"href":"https:\/\/www.sinpro-rio.org.br\/principal\/wp-json\/wp\/v2\/types\/post"}],"author":[{"embeddable":true,"href":"https:\/\/www.sinpro-rio.org.br\/principal\/wp-json\/wp\/v2\/users\/1"}],"replies":[{"embeddable":true,"href":"https:\/\/www.sinpro-rio.org.br\/principal\/wp-json\/wp\/v2\/comments?post=20743"}],"version-history":[{"count":0,"href":"https:\/\/www.sinpro-rio.org.br\/principal\/wp-json\/wp\/v2\/posts\/20743\/revisions"}],"wp:attachment":[{"href":"https:\/\/www.sinpro-rio.org.br\/principal\/wp-json\/wp\/v2\/media?parent=20743"}],"wp:term":[{"taxonomy":"category","embeddable":true,"href":"https:\/\/www.sinpro-rio.org.br\/principal\/wp-json\/wp\/v2\/categories?post=20743"},{"taxonomy":"post_tag","embeddable":true,"href":"https:\/\/www.sinpro-rio.org.br\/principal\/wp-json\/wp\/v2\/tags?post=20743"}],"curies":[{"name":"wp","href":"https:\/\/api.w.org\/{rel}","templated":true}]}}