{"id":20659,"date":"2010-01-01T00:00:00","date_gmt":"2010-01-01T00:00:00","guid":{"rendered":""},"modified":"-0001-11-30T00:00:00","modified_gmt":"-0001-11-30T03:00:00","slug":"forum-social-mundial-completa-10-anos","status":"publish","type":"post","link":"https:\/\/www.sinpro-rio.org.br\/principal\/forum-social-mundial-completa-10-anos\/","title":{"rendered":"F\u00f3rum Social Mundial completa 10 anos"},"content":{"rendered":"<div class=\"alvo1\">\n<p>Entre os dias 25 e 29 de janeiro, ocorre na Grande Porto Alegre o F\u00f3rum Social Mundial (FSM), que completa uma d\u00e9cada neste ano. O evento vai acontecer nas cidades de Canoas, S?o Leopoldo, Novo Hamburgo, Sapiranga e na capital ga\u00facha. O FSM tem por objetivo proporcionar debates democr\u00e1ticos de ideias, aprofundamento da reflex?o, formula\u00e7?o de propostas, troca de experi\u00eancias e articula\u00e7?o de movimentos sociais, redes, ONGs e outras organiza\u00e7?es da sociedade civil.<\/p>\n<p>O F\u00f3rum Social Mundial foi criado por movimentos sociais de todo o mundo. Durante seus tr\u00eas primeiros anos, foi realizado em Porto Alegre. A partir de 2004, entretanto, passou a ocorrer tamb\u00e9m em outras cidades do mundo. Inicialmente, as atividades contaram com 20 mil participantes. Ao longo dos anos, sua propor\u00e7?o aumentou e, em 2009, foram contabilizadas cerca de 120 mil pessoas no evento.<\/p>\n<p>No ano em que celebra 10 anos de seu processo, o FSM acontecer\u00e1 de forma descentralizada, com v\u00e1rios eventos ao redor do mundo. Para participar do F\u00f3rum, basta se cadastrar no site <a href=\"http:\/\/www.fsm10.org\" target=\"_blank\">www.fsm10.org<\/a>. Ser\u00e1 cobrado o valor de R$ 20 para cobrir os custos dos materiais que ser?o entregues no credenciamento.     <\/p>\n<\/div>\n","protected":false},"excerpt":{"rendered":"<p>Entre os dias 25 e 29 de janeiro, ocorre na Grande Porto Alegre o F\u00f3rum Social Mundial (FSM), que completa uma d\u00e9cada neste ano. O evento vai acontecer nas cidades de Canoas, S?o Leopoldo, Novo Hamburgo, Sapiranga e na capital ga\u00facha. O FSM tem por objetivo proporcionar debates democr\u00e1ticos de ideias, aprofundamento da reflex?o, formula\u00e7?o [&hellip;]<\/p>\n","protected":false},"author":1,"featured_media":0,"comment_status":"closed","ping_status":"open","sticky":false,"template":"","format":"standard","meta":{"footnotes":""},"categories":[1],"tags":[],"class_list":["post-20659","post","type-post","status-publish","format-standard","hentry","category-noticias"],"yoast_head":"<!-- This site is optimized with the Yoast SEO plugin v25.7 - https:\/\/yoast.com\/wordpress\/plugins\/seo\/ -->\n<title>F\u00f3rum Social Mundial completa 10 anos - Sinpro-Rio<\/title>\n<meta name=\"robots\" content=\"index, follow, max-snippet:-1, max-image-preview:large, max-video-preview:-1\" \/>\n<link rel=\"canonical\" href=\"https:\/\/www.sinpro-rio.org.br\/principal\/forum-social-mundial-completa-10-anos\/\" \/>\n<meta property=\"og:locale\" content=\"pt_BR\" \/>\n<meta property=\"og:type\" content=\"article\" \/>\n<meta property=\"og:title\" content=\"F\u00f3rum Social Mundial completa 10 anos - Sinpro-Rio\" \/>\n<meta property=\"og:description\" content=\"Entre os dias 25 e 29 de janeiro, ocorre na Grande Porto Alegre o F\u00f3rum Social Mundial (FSM), que completa uma d\u00e9cada neste ano. O evento vai acontecer nas cidades de Canoas, S?o Leopoldo, Novo Hamburgo, Sapiranga e na capital ga\u00facha. O FSM tem por objetivo proporcionar debates democr\u00e1ticos de ideias, aprofundamento da reflex?o, formula\u00e7?o [&hellip;]\" \/>\n<meta property=\"og:url\" content=\"https:\/\/www.sinpro-rio.org.br\/principal\/forum-social-mundial-completa-10-anos\/\" \/>\n<meta property=\"og:site_name\" content=\"Sinpro-Rio\" \/>\n<meta property=\"article:published_time\" content=\"2010-01-01T00:00:00+00:00\" \/>\n<meta name=\"author\" content=\"rafaelrjp\" \/>\n<meta name=\"twitter:card\" content=\"summary_large_image\" \/>\n<meta name=\"twitter:label1\" content=\"Escrito por\" \/>\n\t<meta name=\"twitter:data1\" content=\"rafaelrjp\" \/>\n\t<meta name=\"twitter:label2\" content=\"Est. tempo de leitura\" \/>\n\t<meta name=\"twitter:data2\" content=\"1 minuto\" \/>\n<script type=\"application\/ld+json\" class=\"yoast-schema-graph\">{\"@context\":\"https:\/\/schema.org\",\"@graph\":[{\"@type\":\"WebPage\",\"@id\":\"https:\/\/www.sinpro-rio.org.br\/principal\/forum-social-mundial-completa-10-anos\/\",\"url\":\"https:\/\/www.sinpro-rio.org.br\/principal\/forum-social-mundial-completa-10-anos\/\",\"name\":\"F\u00f3rum Social Mundial completa 10 anos - Sinpro-Rio\",\"isPartOf\":{\"@id\":\"https:\/\/www.sinpro-rio.org.br\/principal\/#website\"},\"datePublished\":\"2010-01-01T00:00:00+00:00\",\"author\":{\"@id\":\"https:\/\/www.sinpro-rio.org.br\/principal\/#\/schema\/person\/49feb585a2f57a31a6bd9f16f78e5be6\"},\"breadcrumb\":{\"@id\":\"https:\/\/www.sinpro-rio.org.br\/principal\/forum-social-mundial-completa-10-anos\/#breadcrumb\"},\"inLanguage\":\"pt-BR\",\"potentialAction\":[{\"@type\":\"ReadAction\",\"target\":[\"https:\/\/www.sinpro-rio.org.br\/principal\/forum-social-mundial-completa-10-anos\/\"]}]},{\"@type\":\"BreadcrumbList\",\"@id\":\"https:\/\/www.sinpro-rio.org.br\/principal\/forum-social-mundial-completa-10-anos\/#breadcrumb\",\"itemListElement\":[{\"@type\":\"ListItem\",\"position\":1,\"name\":\"In\u00edcio\",\"item\":\"https:\/\/www.sinpro-rio.org.br\/principal\/\"},{\"@type\":\"ListItem\",\"position\":2,\"name\":\"F\u00f3rum Social Mundial completa 10 anos\"}]},{\"@type\":\"WebSite\",\"@id\":\"https:\/\/www.sinpro-rio.org.br\/principal\/#website\",\"url\":\"https:\/\/www.sinpro-rio.org.br\/principal\/\",\"name\":\"Sinpro-Rio\",\"description\":\"Sindicato dos Professores do Munic\u00edpio do Rio de Janeiro e Regi\u00e3o\",\"potentialAction\":[{\"@type\":\"SearchAction\",\"target\":{\"@type\":\"EntryPoint\",\"urlTemplate\":\"https:\/\/www.sinpro-rio.org.br\/principal\/?s={search_term_string}\"},\"query-input\":{\"@type\":\"PropertyValueSpecification\",\"valueRequired\":true,\"valueName\":\"search_term_string\"}}],\"inLanguage\":\"pt-BR\"},{\"@type\":\"Person\",\"@id\":\"https:\/\/www.sinpro-rio.org.br\/principal\/#\/schema\/person\/49feb585a2f57a31a6bd9f16f78e5be6\",\"name\":\"rafaelrjp\",\"image\":{\"@type\":\"ImageObject\",\"inLanguage\":\"pt-BR\",\"@id\":\"https:\/\/www.sinpro-rio.org.br\/principal\/#\/schema\/person\/image\/\",\"url\":\"https:\/\/secure.gravatar.com\/avatar\/489371a0ba4655c340b519882c68cf68?s=96&d=mm&r=g\",\"contentUrl\":\"https:\/\/secure.gravatar.com\/avatar\/489371a0ba4655c340b519882c68cf68?s=96&d=mm&r=g\",\"caption\":\"rafaelrjp\"},\"url\":\"https:\/\/www.sinpro-rio.org.br\/principal\/author\/rafaelrjp\/\"}]}<\/script>\n<!-- \/ Yoast SEO plugin. -->","yoast_head_json":{"title":"F\u00f3rum Social Mundial completa 10 anos - Sinpro-Rio","robots":{"index":"index","follow":"follow","max-snippet":"max-snippet:-1","max-image-preview":"max-image-preview:large","max-video-preview":"max-video-preview:-1"},"canonical":"https:\/\/www.sinpro-rio.org.br\/principal\/forum-social-mundial-completa-10-anos\/","og_locale":"pt_BR","og_type":"article","og_title":"F\u00f3rum Social Mundial completa 10 anos - Sinpro-Rio","og_description":"Entre os dias 25 e 29 de janeiro, ocorre na Grande Porto Alegre o F\u00f3rum Social Mundial (FSM), que completa uma d\u00e9cada neste ano. O evento vai acontecer nas cidades de Canoas, S?o Leopoldo, Novo Hamburgo, Sapiranga e na capital ga\u00facha. O FSM tem por objetivo proporcionar debates democr\u00e1ticos de ideias, aprofundamento da reflex?o, formula\u00e7?o [&hellip;]","og_url":"https:\/\/www.sinpro-rio.org.br\/principal\/forum-social-mundial-completa-10-anos\/","og_site_name":"Sinpro-Rio","article_published_time":"2010-01-01T00:00:00+00:00","author":"rafaelrjp","twitter_card":"summary_large_image","twitter_misc":{"Escrito por":"rafaelrjp","Est. tempo de leitura":"1 minuto"},"schema":{"@context":"https:\/\/schema.org","@graph":[{"@type":"WebPage","@id":"https:\/\/www.sinpro-rio.org.br\/principal\/forum-social-mundial-completa-10-anos\/","url":"https:\/\/www.sinpro-rio.org.br\/principal\/forum-social-mundial-completa-10-anos\/","name":"F\u00f3rum Social Mundial completa 10 anos - Sinpro-Rio","isPartOf":{"@id":"https:\/\/www.sinpro-rio.org.br\/principal\/#website"},"datePublished":"2010-01-01T00:00:00+00:00","author":{"@id":"https:\/\/www.sinpro-rio.org.br\/principal\/#\/schema\/person\/49feb585a2f57a31a6bd9f16f78e5be6"},"breadcrumb":{"@id":"https:\/\/www.sinpro-rio.org.br\/principal\/forum-social-mundial-completa-10-anos\/#breadcrumb"},"inLanguage":"pt-BR","potentialAction":[{"@type":"ReadAction","target":["https:\/\/www.sinpro-rio.org.br\/principal\/forum-social-mundial-completa-10-anos\/"]}]},{"@type":"BreadcrumbList","@id":"https:\/\/www.sinpro-rio.org.br\/principal\/forum-social-mundial-completa-10-anos\/#breadcrumb","itemListElement":[{"@type":"ListItem","position":1,"name":"In\u00edcio","item":"https:\/\/www.sinpro-rio.org.br\/principal\/"},{"@type":"ListItem","position":2,"name":"F\u00f3rum Social Mundial completa 10 anos"}]},{"@type":"WebSite","@id":"https:\/\/www.sinpro-rio.org.br\/principal\/#website","url":"https:\/\/www.sinpro-rio.org.br\/principal\/","name":"Sinpro-Rio","description":"Sindicato dos Professores do Munic\u00edpio do Rio de Janeiro e Regi\u00e3o","potentialAction":[{"@type":"SearchAction","target":{"@type":"EntryPoint","urlTemplate":"https:\/\/www.sinpro-rio.org.br\/principal\/?s={search_term_string}"},"query-input":{"@type":"PropertyValueSpecification","valueRequired":true,"valueName":"search_term_string"}}],"inLanguage":"pt-BR"},{"@type":"Person","@id":"https:\/\/www.sinpro-rio.org.br\/principal\/#\/schema\/person\/49feb585a2f57a31a6bd9f16f78e5be6","name":"rafaelrjp","image":{"@type":"ImageObject","inLanguage":"pt-BR","@id":"https:\/\/www.sinpro-rio.org.br\/principal\/#\/schema\/person\/image\/","url":"https:\/\/secure.gravatar.com\/avatar\/489371a0ba4655c340b519882c68cf68?s=96&d=mm&r=g","contentUrl":"https:\/\/secure.gravatar.com\/avatar\/489371a0ba4655c340b519882c68cf68?s=96&d=mm&r=g","caption":"rafaelrjp"},"url":"https:\/\/www.sinpro-rio.org.br\/principal\/author\/rafaelrjp\/"}]}},"_links":{"self":[{"href":"https:\/\/www.sinpro-rio.org.br\/principal\/wp-json\/wp\/v2\/posts\/20659","targetHints":{"allow":["GET"]}}],"collection":[{"href":"https:\/\/www.sinpro-rio.org.br\/principal\/wp-json\/wp\/v2\/posts"}],"about":[{"href":"https:\/\/www.sinpro-rio.org.br\/principal\/wp-json\/wp\/v2\/types\/post"}],"author":[{"embeddable":true,"href":"https:\/\/www.sinpro-rio.org.br\/principal\/wp-json\/wp\/v2\/users\/1"}],"replies":[{"embeddable":true,"href":"https:\/\/www.sinpro-rio.org.br\/principal\/wp-json\/wp\/v2\/comments?post=20659"}],"version-history":[{"count":0,"href":"https:\/\/www.sinpro-rio.org.br\/principal\/wp-json\/wp\/v2\/posts\/20659\/revisions"}],"wp:attachment":[{"href":"https:\/\/www.sinpro-rio.org.br\/principal\/wp-json\/wp\/v2\/media?parent=20659"}],"wp:term":[{"taxonomy":"category","embeddable":true,"href":"https:\/\/www.sinpro-rio.org.br\/principal\/wp-json\/wp\/v2\/categories?post=20659"},{"taxonomy":"post_tag","embeddable":true,"href":"https:\/\/www.sinpro-rio.org.br\/principal\/wp-json\/wp\/v2\/tags?post=20659"}],"curies":[{"name":"wp","href":"https:\/\/api.w.org\/{rel}","templated":true}]}}