{"id":20655,"date":"2010-01-01T00:00:00","date_gmt":"2010-01-01T00:00:00","guid":{"rendered":""},"modified":"-0001-11-30T00:00:00","modified_gmt":"-0001-11-30T03:00:00","slug":"forum-social-mundial-tem-inicio-em-porto-alegre","status":"publish","type":"post","link":"https:\/\/www.sinpro-rio.org.br\/principal\/forum-social-mundial-tem-inicio-em-porto-alegre\/","title":{"rendered":"F\u00f3rum Social Mundial tem in\u00edcio em Porto Alegre"},"content":{"rendered":"<div class=\"alvo1\">\n<p>No dia 25 foi aberta a edi\u00e7?o do d\u00e9cimo anivers\u00e1rio do F\u00f3rum Social Mundial, em Porto Alegre. Na mesa que inaugurou o evento, estavam presentes diversas entidades dos movimentos sociais de todo o mundo, como o MST, a CUT e o dealizador do FSM, Oded Grajew Grajew (Cives e Movimento Nossa S?o Paulo). O ex-governador do Rio Grande do Sul, Ol\u00edvio Dutra, tamb\u00e9m se encontrava no local.<\/p>\n<p>A tradicional marcha de abertura do F\u00f3rum ocorreu \u00e0 tarde, por volta das 17h30, com participa\u00e7?o das mais variadas etnias, nacionalidades, ra\u00e7as e idades. Os participantes, sindicalistas, estudantes, ambientalistas, feministas, entre outros grupos, clamavam juntos por uma sociedade mais justa e igualit\u00e1ria. A caminhada culminou com os shows de Teatro M\u00e1gico, Papas da L\u00edngua e Marcelo D2, entre outras atra\u00e7?es.     <\/p>\n<\/div>\n","protected":false},"excerpt":{"rendered":"<p>No dia 25 foi aberta a edi\u00e7?o do d\u00e9cimo anivers\u00e1rio do F\u00f3rum Social Mundial, em Porto Alegre. Na mesa que inaugurou o evento, estavam presentes diversas entidades dos movimentos sociais de todo o mundo, como o MST, a CUT e o dealizador do FSM, Oded Grajew Grajew (Cives e Movimento Nossa S?o Paulo). O ex-governador [&hellip;]<\/p>\n","protected":false},"author":1,"featured_media":0,"comment_status":"closed","ping_status":"open","sticky":false,"template":"","format":"standard","meta":{"footnotes":""},"categories":[1],"tags":[],"class_list":["post-20655","post","type-post","status-publish","format-standard","hentry","category-noticias"],"yoast_head":"<!-- This site is optimized with the Yoast SEO plugin v25.7 - https:\/\/yoast.com\/wordpress\/plugins\/seo\/ -->\n<title>F\u00f3rum Social Mundial tem in\u00edcio em Porto Alegre - Sinpro-Rio<\/title>\n<meta name=\"robots\" content=\"index, follow, max-snippet:-1, max-image-preview:large, max-video-preview:-1\" \/>\n<link rel=\"canonical\" href=\"https:\/\/www.sinpro-rio.org.br\/principal\/forum-social-mundial-tem-inicio-em-porto-alegre\/\" \/>\n<meta property=\"og:locale\" content=\"pt_BR\" \/>\n<meta property=\"og:type\" content=\"article\" \/>\n<meta property=\"og:title\" content=\"F\u00f3rum Social Mundial tem in\u00edcio em Porto Alegre - Sinpro-Rio\" \/>\n<meta property=\"og:description\" content=\"No dia 25 foi aberta a edi\u00e7?o do d\u00e9cimo anivers\u00e1rio do F\u00f3rum Social Mundial, em Porto Alegre. Na mesa que inaugurou o evento, estavam presentes diversas entidades dos movimentos sociais de todo o mundo, como o MST, a CUT e o dealizador do FSM, Oded Grajew Grajew (Cives e Movimento Nossa S?o Paulo). O ex-governador [&hellip;]\" \/>\n<meta property=\"og:url\" content=\"https:\/\/www.sinpro-rio.org.br\/principal\/forum-social-mundial-tem-inicio-em-porto-alegre\/\" \/>\n<meta property=\"og:site_name\" content=\"Sinpro-Rio\" \/>\n<meta property=\"article:published_time\" content=\"2010-01-01T00:00:00+00:00\" \/>\n<meta name=\"author\" content=\"rafaelrjp\" \/>\n<meta name=\"twitter:card\" content=\"summary_large_image\" \/>\n<meta name=\"twitter:label1\" content=\"Escrito por\" \/>\n\t<meta name=\"twitter:data1\" content=\"rafaelrjp\" \/>\n\t<meta name=\"twitter:label2\" content=\"Est. tempo de leitura\" \/>\n\t<meta name=\"twitter:data2\" content=\"1 minuto\" \/>\n<script type=\"application\/ld+json\" class=\"yoast-schema-graph\">{\"@context\":\"https:\/\/schema.org\",\"@graph\":[{\"@type\":\"WebPage\",\"@id\":\"https:\/\/www.sinpro-rio.org.br\/principal\/forum-social-mundial-tem-inicio-em-porto-alegre\/\",\"url\":\"https:\/\/www.sinpro-rio.org.br\/principal\/forum-social-mundial-tem-inicio-em-porto-alegre\/\",\"name\":\"F\u00f3rum Social Mundial tem in\u00edcio em Porto Alegre - Sinpro-Rio\",\"isPartOf\":{\"@id\":\"https:\/\/www.sinpro-rio.org.br\/principal\/#website\"},\"datePublished\":\"2010-01-01T00:00:00+00:00\",\"author\":{\"@id\":\"https:\/\/www.sinpro-rio.org.br\/principal\/#\/schema\/person\/49feb585a2f57a31a6bd9f16f78e5be6\"},\"breadcrumb\":{\"@id\":\"https:\/\/www.sinpro-rio.org.br\/principal\/forum-social-mundial-tem-inicio-em-porto-alegre\/#breadcrumb\"},\"inLanguage\":\"pt-BR\",\"potentialAction\":[{\"@type\":\"ReadAction\",\"target\":[\"https:\/\/www.sinpro-rio.org.br\/principal\/forum-social-mundial-tem-inicio-em-porto-alegre\/\"]}]},{\"@type\":\"BreadcrumbList\",\"@id\":\"https:\/\/www.sinpro-rio.org.br\/principal\/forum-social-mundial-tem-inicio-em-porto-alegre\/#breadcrumb\",\"itemListElement\":[{\"@type\":\"ListItem\",\"position\":1,\"name\":\"In\u00edcio\",\"item\":\"https:\/\/www.sinpro-rio.org.br\/principal\/\"},{\"@type\":\"ListItem\",\"position\":2,\"name\":\"F\u00f3rum Social Mundial tem in\u00edcio em Porto Alegre\"}]},{\"@type\":\"WebSite\",\"@id\":\"https:\/\/www.sinpro-rio.org.br\/principal\/#website\",\"url\":\"https:\/\/www.sinpro-rio.org.br\/principal\/\",\"name\":\"Sinpro-Rio\",\"description\":\"Sindicato dos Professores do Munic\u00edpio do Rio de Janeiro e Regi\u00e3o\",\"potentialAction\":[{\"@type\":\"SearchAction\",\"target\":{\"@type\":\"EntryPoint\",\"urlTemplate\":\"https:\/\/www.sinpro-rio.org.br\/principal\/?s={search_term_string}\"},\"query-input\":{\"@type\":\"PropertyValueSpecification\",\"valueRequired\":true,\"valueName\":\"search_term_string\"}}],\"inLanguage\":\"pt-BR\"},{\"@type\":\"Person\",\"@id\":\"https:\/\/www.sinpro-rio.org.br\/principal\/#\/schema\/person\/49feb585a2f57a31a6bd9f16f78e5be6\",\"name\":\"rafaelrjp\",\"image\":{\"@type\":\"ImageObject\",\"inLanguage\":\"pt-BR\",\"@id\":\"https:\/\/www.sinpro-rio.org.br\/principal\/#\/schema\/person\/image\/\",\"url\":\"https:\/\/secure.gravatar.com\/avatar\/489371a0ba4655c340b519882c68cf68?s=96&d=mm&r=g\",\"contentUrl\":\"https:\/\/secure.gravatar.com\/avatar\/489371a0ba4655c340b519882c68cf68?s=96&d=mm&r=g\",\"caption\":\"rafaelrjp\"},\"url\":\"https:\/\/www.sinpro-rio.org.br\/principal\/author\/rafaelrjp\/\"}]}<\/script>\n<!-- \/ Yoast SEO plugin. -->","yoast_head_json":{"title":"F\u00f3rum Social Mundial tem in\u00edcio em Porto Alegre - Sinpro-Rio","robots":{"index":"index","follow":"follow","max-snippet":"max-snippet:-1","max-image-preview":"max-image-preview:large","max-video-preview":"max-video-preview:-1"},"canonical":"https:\/\/www.sinpro-rio.org.br\/principal\/forum-social-mundial-tem-inicio-em-porto-alegre\/","og_locale":"pt_BR","og_type":"article","og_title":"F\u00f3rum Social Mundial tem in\u00edcio em Porto Alegre - Sinpro-Rio","og_description":"No dia 25 foi aberta a edi\u00e7?o do d\u00e9cimo anivers\u00e1rio do F\u00f3rum Social Mundial, em Porto Alegre. Na mesa que inaugurou o evento, estavam presentes diversas entidades dos movimentos sociais de todo o mundo, como o MST, a CUT e o dealizador do FSM, Oded Grajew Grajew (Cives e Movimento Nossa S?o Paulo). O ex-governador [&hellip;]","og_url":"https:\/\/www.sinpro-rio.org.br\/principal\/forum-social-mundial-tem-inicio-em-porto-alegre\/","og_site_name":"Sinpro-Rio","article_published_time":"2010-01-01T00:00:00+00:00","author":"rafaelrjp","twitter_card":"summary_large_image","twitter_misc":{"Escrito por":"rafaelrjp","Est. tempo de leitura":"1 minuto"},"schema":{"@context":"https:\/\/schema.org","@graph":[{"@type":"WebPage","@id":"https:\/\/www.sinpro-rio.org.br\/principal\/forum-social-mundial-tem-inicio-em-porto-alegre\/","url":"https:\/\/www.sinpro-rio.org.br\/principal\/forum-social-mundial-tem-inicio-em-porto-alegre\/","name":"F\u00f3rum Social Mundial tem in\u00edcio em Porto Alegre - Sinpro-Rio","isPartOf":{"@id":"https:\/\/www.sinpro-rio.org.br\/principal\/#website"},"datePublished":"2010-01-01T00:00:00+00:00","author":{"@id":"https:\/\/www.sinpro-rio.org.br\/principal\/#\/schema\/person\/49feb585a2f57a31a6bd9f16f78e5be6"},"breadcrumb":{"@id":"https:\/\/www.sinpro-rio.org.br\/principal\/forum-social-mundial-tem-inicio-em-porto-alegre\/#breadcrumb"},"inLanguage":"pt-BR","potentialAction":[{"@type":"ReadAction","target":["https:\/\/www.sinpro-rio.org.br\/principal\/forum-social-mundial-tem-inicio-em-porto-alegre\/"]}]},{"@type":"BreadcrumbList","@id":"https:\/\/www.sinpro-rio.org.br\/principal\/forum-social-mundial-tem-inicio-em-porto-alegre\/#breadcrumb","itemListElement":[{"@type":"ListItem","position":1,"name":"In\u00edcio","item":"https:\/\/www.sinpro-rio.org.br\/principal\/"},{"@type":"ListItem","position":2,"name":"F\u00f3rum Social Mundial tem in\u00edcio em Porto Alegre"}]},{"@type":"WebSite","@id":"https:\/\/www.sinpro-rio.org.br\/principal\/#website","url":"https:\/\/www.sinpro-rio.org.br\/principal\/","name":"Sinpro-Rio","description":"Sindicato dos Professores do Munic\u00edpio do Rio de Janeiro e Regi\u00e3o","potentialAction":[{"@type":"SearchAction","target":{"@type":"EntryPoint","urlTemplate":"https:\/\/www.sinpro-rio.org.br\/principal\/?s={search_term_string}"},"query-input":{"@type":"PropertyValueSpecification","valueRequired":true,"valueName":"search_term_string"}}],"inLanguage":"pt-BR"},{"@type":"Person","@id":"https:\/\/www.sinpro-rio.org.br\/principal\/#\/schema\/person\/49feb585a2f57a31a6bd9f16f78e5be6","name":"rafaelrjp","image":{"@type":"ImageObject","inLanguage":"pt-BR","@id":"https:\/\/www.sinpro-rio.org.br\/principal\/#\/schema\/person\/image\/","url":"https:\/\/secure.gravatar.com\/avatar\/489371a0ba4655c340b519882c68cf68?s=96&d=mm&r=g","contentUrl":"https:\/\/secure.gravatar.com\/avatar\/489371a0ba4655c340b519882c68cf68?s=96&d=mm&r=g","caption":"rafaelrjp"},"url":"https:\/\/www.sinpro-rio.org.br\/principal\/author\/rafaelrjp\/"}]}},"_links":{"self":[{"href":"https:\/\/www.sinpro-rio.org.br\/principal\/wp-json\/wp\/v2\/posts\/20655","targetHints":{"allow":["GET"]}}],"collection":[{"href":"https:\/\/www.sinpro-rio.org.br\/principal\/wp-json\/wp\/v2\/posts"}],"about":[{"href":"https:\/\/www.sinpro-rio.org.br\/principal\/wp-json\/wp\/v2\/types\/post"}],"author":[{"embeddable":true,"href":"https:\/\/www.sinpro-rio.org.br\/principal\/wp-json\/wp\/v2\/users\/1"}],"replies":[{"embeddable":true,"href":"https:\/\/www.sinpro-rio.org.br\/principal\/wp-json\/wp\/v2\/comments?post=20655"}],"version-history":[{"count":0,"href":"https:\/\/www.sinpro-rio.org.br\/principal\/wp-json\/wp\/v2\/posts\/20655\/revisions"}],"wp:attachment":[{"href":"https:\/\/www.sinpro-rio.org.br\/principal\/wp-json\/wp\/v2\/media?parent=20655"}],"wp:term":[{"taxonomy":"category","embeddable":true,"href":"https:\/\/www.sinpro-rio.org.br\/principal\/wp-json\/wp\/v2\/categories?post=20655"},{"taxonomy":"post_tag","embeddable":true,"href":"https:\/\/www.sinpro-rio.org.br\/principal\/wp-json\/wp\/v2\/tags?post=20655"}],"curies":[{"name":"wp","href":"https:\/\/api.w.org\/{rel}","templated":true}]}}