{"id":20653,"date":"2010-01-01T00:00:00","date_gmt":"2010-01-01T00:00:00","guid":{"rendered":""},"modified":"-0001-11-30T00:00:00","modified_gmt":"-0001-11-30T03:00:00","slug":"univercidade-demite-dirigentes-da-associac-o-docente","status":"publish","type":"post","link":"https:\/\/www.sinpro-rio.org.br\/principal\/univercidade-demite-dirigentes-da-associac-o-docente\/","title":{"rendered":"UniverCidade demite dirigentes da Associa\u00e7?o Docente"},"content":{"rendered":"<div class=\"alvo1\">\n<p>Numa perversa pr\u00e1tica antissindical, o Centro Universit\u00e1rio da Cidade (UniverCidade) demitiu cinco dirigentes da rec\u00e9m-criada Associa\u00e7?o Docente (Asduc), numa tentativa de calar a representa\u00e7?o dos professores e das professoras da institui\u00e7?o.<\/p>\n<p>Essas demiss?es est?o no bojo de, aproximadamente, 70 trabalhadores(as) e com o agravante de n?o agendar as homologa\u00e7?es no Sindicato, bem como o n?o dep\u00f3sito das verbas rescis\u00f3rias, pr\u00e1tica recorrente da institui\u00e7?o que, h\u00e1 anos, descumpre suas obriga\u00e7?es trabalhistas.<\/p>\n<p>Durante o m\u00eas de janeiro, o Sinpro-Rio realizou reuni?es de negocia\u00e7?o com a dire\u00e7?o da IES com objetivo de reintegrar os(as) companheiros(as) da Asduc e contou com a total insensibilidade dos interlocutores. Para n\u00f3s, do Sindicato, em defesa do princ\u00edpio da organiza\u00e7?o dos trabalhadores por local de trabalho, isso significa apenas o in\u00edcio da luta. Nova assembleia ser\u00e1 marcada para o in\u00edcio do semestre letivo, a fim de tra\u00e7ar os rumos do movimento e organizar a resist\u00eancia.<\/p>\n<p>Professor(a), participe! Educa\u00e7?o n?o \u00e9 mercadoria. <br \/>\n                A Diretoria<\/p>\n<p>Aten\u00e7?o! Professor(a), se voc\u00ea foi dispensado(a) da UniverCidade e ainda n?o fez sua homologa\u00e7?o, procure imediatamente o Departamento Jur\u00eddico do Sinpro-Rio, atrav\u00e9s do telefone 3262-3419 ou pelo e-mail: juridico@sinpro-rio.org.br     <\/p>\n<\/div>\n","protected":false},"excerpt":{"rendered":"<p>Numa perversa pr\u00e1tica antissindical, o Centro Universit\u00e1rio da Cidade (UniverCidade) demitiu cinco dirigentes da rec\u00e9m-criada Associa\u00e7?o Docente (Asduc), numa tentativa de calar a representa\u00e7?o dos professores e das professoras da institui\u00e7?o. Essas demiss?es est?o no bojo de, aproximadamente, 70 trabalhadores(as) e com o agravante de n?o agendar as homologa\u00e7?es no Sindicato, bem como o n?o [&hellip;]<\/p>\n","protected":false},"author":1,"featured_media":0,"comment_status":"closed","ping_status":"open","sticky":false,"template":"","format":"standard","meta":{"footnotes":""},"categories":[1],"tags":[],"class_list":["post-20653","post","type-post","status-publish","format-standard","hentry","category-noticias"],"yoast_head":"<!-- This site is optimized with the Yoast SEO plugin v25.7 - https:\/\/yoast.com\/wordpress\/plugins\/seo\/ -->\n<title>UniverCidade demite dirigentes da Associa\u00e7?o Docente - Sinpro-Rio<\/title>\n<meta name=\"robots\" content=\"index, follow, max-snippet:-1, max-image-preview:large, max-video-preview:-1\" \/>\n<link rel=\"canonical\" href=\"https:\/\/www.sinpro-rio.org.br\/principal\/univercidade-demite-dirigentes-da-associac-o-docente\/\" \/>\n<meta property=\"og:locale\" content=\"pt_BR\" \/>\n<meta property=\"og:type\" content=\"article\" \/>\n<meta property=\"og:title\" content=\"UniverCidade demite dirigentes da Associa\u00e7?o Docente - Sinpro-Rio\" \/>\n<meta property=\"og:description\" content=\"Numa perversa pr\u00e1tica antissindical, o Centro Universit\u00e1rio da Cidade (UniverCidade) demitiu cinco dirigentes da rec\u00e9m-criada Associa\u00e7?o Docente (Asduc), numa tentativa de calar a representa\u00e7?o dos professores e das professoras da institui\u00e7?o. Essas demiss?es est?o no bojo de, aproximadamente, 70 trabalhadores(as) e com o agravante de n?o agendar as homologa\u00e7?es no Sindicato, bem como o n?o [&hellip;]\" \/>\n<meta property=\"og:url\" content=\"https:\/\/www.sinpro-rio.org.br\/principal\/univercidade-demite-dirigentes-da-associac-o-docente\/\" \/>\n<meta property=\"og:site_name\" content=\"Sinpro-Rio\" \/>\n<meta property=\"article:published_time\" content=\"2010-01-01T00:00:00+00:00\" \/>\n<meta name=\"author\" content=\"rafaelrjp\" \/>\n<meta name=\"twitter:card\" content=\"summary_large_image\" \/>\n<meta name=\"twitter:label1\" content=\"Escrito por\" \/>\n\t<meta name=\"twitter:data1\" content=\"rafaelrjp\" \/>\n\t<meta name=\"twitter:label2\" content=\"Est. tempo de leitura\" \/>\n\t<meta name=\"twitter:data2\" content=\"1 minuto\" \/>\n<script type=\"application\/ld+json\" class=\"yoast-schema-graph\">{\"@context\":\"https:\/\/schema.org\",\"@graph\":[{\"@type\":\"WebPage\",\"@id\":\"https:\/\/www.sinpro-rio.org.br\/principal\/univercidade-demite-dirigentes-da-associac-o-docente\/\",\"url\":\"https:\/\/www.sinpro-rio.org.br\/principal\/univercidade-demite-dirigentes-da-associac-o-docente\/\",\"name\":\"UniverCidade demite dirigentes da Associa\u00e7?o Docente - Sinpro-Rio\",\"isPartOf\":{\"@id\":\"https:\/\/www.sinpro-rio.org.br\/principal\/#website\"},\"datePublished\":\"2010-01-01T00:00:00+00:00\",\"author\":{\"@id\":\"https:\/\/www.sinpro-rio.org.br\/principal\/#\/schema\/person\/49feb585a2f57a31a6bd9f16f78e5be6\"},\"breadcrumb\":{\"@id\":\"https:\/\/www.sinpro-rio.org.br\/principal\/univercidade-demite-dirigentes-da-associac-o-docente\/#breadcrumb\"},\"inLanguage\":\"pt-BR\",\"potentialAction\":[{\"@type\":\"ReadAction\",\"target\":[\"https:\/\/www.sinpro-rio.org.br\/principal\/univercidade-demite-dirigentes-da-associac-o-docente\/\"]}]},{\"@type\":\"BreadcrumbList\",\"@id\":\"https:\/\/www.sinpro-rio.org.br\/principal\/univercidade-demite-dirigentes-da-associac-o-docente\/#breadcrumb\",\"itemListElement\":[{\"@type\":\"ListItem\",\"position\":1,\"name\":\"In\u00edcio\",\"item\":\"https:\/\/www.sinpro-rio.org.br\/principal\/\"},{\"@type\":\"ListItem\",\"position\":2,\"name\":\"UniverCidade demite dirigentes da Associa\u00e7?o Docente\"}]},{\"@type\":\"WebSite\",\"@id\":\"https:\/\/www.sinpro-rio.org.br\/principal\/#website\",\"url\":\"https:\/\/www.sinpro-rio.org.br\/principal\/\",\"name\":\"Sinpro-Rio\",\"description\":\"Sindicato dos Professores do Munic\u00edpio do Rio de Janeiro e Regi\u00e3o\",\"potentialAction\":[{\"@type\":\"SearchAction\",\"target\":{\"@type\":\"EntryPoint\",\"urlTemplate\":\"https:\/\/www.sinpro-rio.org.br\/principal\/?s={search_term_string}\"},\"query-input\":{\"@type\":\"PropertyValueSpecification\",\"valueRequired\":true,\"valueName\":\"search_term_string\"}}],\"inLanguage\":\"pt-BR\"},{\"@type\":\"Person\",\"@id\":\"https:\/\/www.sinpro-rio.org.br\/principal\/#\/schema\/person\/49feb585a2f57a31a6bd9f16f78e5be6\",\"name\":\"rafaelrjp\",\"image\":{\"@type\":\"ImageObject\",\"inLanguage\":\"pt-BR\",\"@id\":\"https:\/\/www.sinpro-rio.org.br\/principal\/#\/schema\/person\/image\/\",\"url\":\"https:\/\/secure.gravatar.com\/avatar\/489371a0ba4655c340b519882c68cf68?s=96&d=mm&r=g\",\"contentUrl\":\"https:\/\/secure.gravatar.com\/avatar\/489371a0ba4655c340b519882c68cf68?s=96&d=mm&r=g\",\"caption\":\"rafaelrjp\"},\"url\":\"https:\/\/www.sinpro-rio.org.br\/principal\/author\/rafaelrjp\/\"}]}<\/script>\n<!-- \/ Yoast SEO plugin. -->","yoast_head_json":{"title":"UniverCidade demite dirigentes da Associa\u00e7?o Docente - Sinpro-Rio","robots":{"index":"index","follow":"follow","max-snippet":"max-snippet:-1","max-image-preview":"max-image-preview:large","max-video-preview":"max-video-preview:-1"},"canonical":"https:\/\/www.sinpro-rio.org.br\/principal\/univercidade-demite-dirigentes-da-associac-o-docente\/","og_locale":"pt_BR","og_type":"article","og_title":"UniverCidade demite dirigentes da Associa\u00e7?o Docente - Sinpro-Rio","og_description":"Numa perversa pr\u00e1tica antissindical, o Centro Universit\u00e1rio da Cidade (UniverCidade) demitiu cinco dirigentes da rec\u00e9m-criada Associa\u00e7?o Docente (Asduc), numa tentativa de calar a representa\u00e7?o dos professores e das professoras da institui\u00e7?o. Essas demiss?es est?o no bojo de, aproximadamente, 70 trabalhadores(as) e com o agravante de n?o agendar as homologa\u00e7?es no Sindicato, bem como o n?o [&hellip;]","og_url":"https:\/\/www.sinpro-rio.org.br\/principal\/univercidade-demite-dirigentes-da-associac-o-docente\/","og_site_name":"Sinpro-Rio","article_published_time":"2010-01-01T00:00:00+00:00","author":"rafaelrjp","twitter_card":"summary_large_image","twitter_misc":{"Escrito por":"rafaelrjp","Est. tempo de leitura":"1 minuto"},"schema":{"@context":"https:\/\/schema.org","@graph":[{"@type":"WebPage","@id":"https:\/\/www.sinpro-rio.org.br\/principal\/univercidade-demite-dirigentes-da-associac-o-docente\/","url":"https:\/\/www.sinpro-rio.org.br\/principal\/univercidade-demite-dirigentes-da-associac-o-docente\/","name":"UniverCidade demite dirigentes da Associa\u00e7?o Docente - Sinpro-Rio","isPartOf":{"@id":"https:\/\/www.sinpro-rio.org.br\/principal\/#website"},"datePublished":"2010-01-01T00:00:00+00:00","author":{"@id":"https:\/\/www.sinpro-rio.org.br\/principal\/#\/schema\/person\/49feb585a2f57a31a6bd9f16f78e5be6"},"breadcrumb":{"@id":"https:\/\/www.sinpro-rio.org.br\/principal\/univercidade-demite-dirigentes-da-associac-o-docente\/#breadcrumb"},"inLanguage":"pt-BR","potentialAction":[{"@type":"ReadAction","target":["https:\/\/www.sinpro-rio.org.br\/principal\/univercidade-demite-dirigentes-da-associac-o-docente\/"]}]},{"@type":"BreadcrumbList","@id":"https:\/\/www.sinpro-rio.org.br\/principal\/univercidade-demite-dirigentes-da-associac-o-docente\/#breadcrumb","itemListElement":[{"@type":"ListItem","position":1,"name":"In\u00edcio","item":"https:\/\/www.sinpro-rio.org.br\/principal\/"},{"@type":"ListItem","position":2,"name":"UniverCidade demite dirigentes da Associa\u00e7?o Docente"}]},{"@type":"WebSite","@id":"https:\/\/www.sinpro-rio.org.br\/principal\/#website","url":"https:\/\/www.sinpro-rio.org.br\/principal\/","name":"Sinpro-Rio","description":"Sindicato dos Professores do Munic\u00edpio do Rio de Janeiro e Regi\u00e3o","potentialAction":[{"@type":"SearchAction","target":{"@type":"EntryPoint","urlTemplate":"https:\/\/www.sinpro-rio.org.br\/principal\/?s={search_term_string}"},"query-input":{"@type":"PropertyValueSpecification","valueRequired":true,"valueName":"search_term_string"}}],"inLanguage":"pt-BR"},{"@type":"Person","@id":"https:\/\/www.sinpro-rio.org.br\/principal\/#\/schema\/person\/49feb585a2f57a31a6bd9f16f78e5be6","name":"rafaelrjp","image":{"@type":"ImageObject","inLanguage":"pt-BR","@id":"https:\/\/www.sinpro-rio.org.br\/principal\/#\/schema\/person\/image\/","url":"https:\/\/secure.gravatar.com\/avatar\/489371a0ba4655c340b519882c68cf68?s=96&d=mm&r=g","contentUrl":"https:\/\/secure.gravatar.com\/avatar\/489371a0ba4655c340b519882c68cf68?s=96&d=mm&r=g","caption":"rafaelrjp"},"url":"https:\/\/www.sinpro-rio.org.br\/principal\/author\/rafaelrjp\/"}]}},"_links":{"self":[{"href":"https:\/\/www.sinpro-rio.org.br\/principal\/wp-json\/wp\/v2\/posts\/20653","targetHints":{"allow":["GET"]}}],"collection":[{"href":"https:\/\/www.sinpro-rio.org.br\/principal\/wp-json\/wp\/v2\/posts"}],"about":[{"href":"https:\/\/www.sinpro-rio.org.br\/principal\/wp-json\/wp\/v2\/types\/post"}],"author":[{"embeddable":true,"href":"https:\/\/www.sinpro-rio.org.br\/principal\/wp-json\/wp\/v2\/users\/1"}],"replies":[{"embeddable":true,"href":"https:\/\/www.sinpro-rio.org.br\/principal\/wp-json\/wp\/v2\/comments?post=20653"}],"version-history":[{"count":0,"href":"https:\/\/www.sinpro-rio.org.br\/principal\/wp-json\/wp\/v2\/posts\/20653\/revisions"}],"wp:attachment":[{"href":"https:\/\/www.sinpro-rio.org.br\/principal\/wp-json\/wp\/v2\/media?parent=20653"}],"wp:term":[{"taxonomy":"category","embeddable":true,"href":"https:\/\/www.sinpro-rio.org.br\/principal\/wp-json\/wp\/v2\/categories?post=20653"},{"taxonomy":"post_tag","embeddable":true,"href":"https:\/\/www.sinpro-rio.org.br\/principal\/wp-json\/wp\/v2\/tags?post=20653"}],"curies":[{"name":"wp","href":"https:\/\/api.w.org\/{rel}","templated":true}]}}