{"id":20650,"date":"2010-01-01T00:00:00","date_gmt":"2010-01-01T00:00:00","guid":{"rendered":""},"modified":"-0001-11-30T00:00:00","modified_gmt":"-0001-11-30T03:00:00","slug":"10-02-reuni-o-dos-professores-demitidos-do-centro-universitario-da-cidade","status":"publish","type":"post","link":"https:\/\/www.sinpro-rio.org.br\/principal\/10-02-reuni-o-dos-professores-demitidos-do-centro-universitario-da-cidade\/","title":{"rendered":"10\/02 &#8211; Reuni?o dos professores demitidos do Centro Universit\u00e1rio da Cidade"},"content":{"rendered":"<div class=\"alvo1\">\n<p>No dia 10\/02, quarta-feira, ser\u00e1 realizada uma reuni?o dos professores demitidos do Centro Universit\u00e1rio da Cidade (UniverCidade), \u00e0s 15h30, na Sede do Sinpro-Rio, que fica na Rua Pedro Lessa 35\/ 3\u00baandar &#8211; Centro. O objetivo da reuni?o \u00e9 tratar de assuntos de interesse dos docentes dispensados, por isso \u00e9 muito importante que todos os professores participem.<\/p>\n<p>A Diretoria do Sindicato reitera que \u00e9 importante lutar contra os desrespeitos praticados por esta institui\u00e7?o, como foi caso recente da demiss?o de todos os professores da Associa\u00e7?o Docente da UniverCidade (Asduc). O pr\u00f3ximo passo desta luta ser\u00e1 na Assembleia de organiza\u00e7?o do movimento marcada para o dia 06\/03, \u00e0s 10h, na Sede do Sindicato, que ter\u00e1 entre outros pontos de pauta a exig\u00eancia da reintegra\u00e7?o dos professores da Asduc.<\/p>\n<p>Professor(a) da UniverCidade, vamos lutar juntos contra os desrespeitos e abusos.<\/p>\n<p>Venha a reuni?o no dia 10\/02 e participe!     <\/p>\n<\/div>\n","protected":false},"excerpt":{"rendered":"<p>No dia 10\/02, quarta-feira, ser\u00e1 realizada uma reuni?o dos professores demitidos do Centro Universit\u00e1rio da Cidade (UniverCidade), \u00e0s 15h30, na Sede do Sinpro-Rio, que fica na Rua Pedro Lessa 35\/ 3\u00baandar &#8211; Centro. O objetivo da reuni?o \u00e9 tratar de assuntos de interesse dos docentes dispensados, por isso \u00e9 muito importante que todos os professores [&hellip;]<\/p>\n","protected":false},"author":1,"featured_media":0,"comment_status":"closed","ping_status":"open","sticky":false,"template":"","format":"standard","meta":{"footnotes":""},"categories":[1],"tags":[],"class_list":["post-20650","post","type-post","status-publish","format-standard","hentry","category-noticias"],"yoast_head":"<!-- This site is optimized with the Yoast SEO plugin v25.7 - https:\/\/yoast.com\/wordpress\/plugins\/seo\/ -->\n<title>10\/02 - Reuni?o dos professores demitidos do Centro Universit\u00e1rio da Cidade - Sinpro-Rio<\/title>\n<meta name=\"robots\" content=\"index, follow, max-snippet:-1, max-image-preview:large, max-video-preview:-1\" \/>\n<link rel=\"canonical\" href=\"https:\/\/www.sinpro-rio.org.br\/principal\/10-02-reuni-o-dos-professores-demitidos-do-centro-universitario-da-cidade\/\" \/>\n<meta property=\"og:locale\" content=\"pt_BR\" \/>\n<meta property=\"og:type\" content=\"article\" \/>\n<meta property=\"og:title\" content=\"10\/02 - Reuni?o dos professores demitidos do Centro Universit\u00e1rio da Cidade - Sinpro-Rio\" \/>\n<meta property=\"og:description\" content=\"No dia 10\/02, quarta-feira, ser\u00e1 realizada uma reuni?o dos professores demitidos do Centro Universit\u00e1rio da Cidade (UniverCidade), \u00e0s 15h30, na Sede do Sinpro-Rio, que fica na Rua Pedro Lessa 35\/ 3\u00baandar &#8211; Centro. O objetivo da reuni?o \u00e9 tratar de assuntos de interesse dos docentes dispensados, por isso \u00e9 muito importante que todos os professores [&hellip;]\" \/>\n<meta property=\"og:url\" content=\"https:\/\/www.sinpro-rio.org.br\/principal\/10-02-reuni-o-dos-professores-demitidos-do-centro-universitario-da-cidade\/\" \/>\n<meta property=\"og:site_name\" content=\"Sinpro-Rio\" \/>\n<meta property=\"article:published_time\" content=\"2010-01-01T00:00:00+00:00\" \/>\n<meta name=\"author\" content=\"rafaelrjp\" \/>\n<meta name=\"twitter:card\" content=\"summary_large_image\" \/>\n<meta name=\"twitter:label1\" content=\"Escrito por\" \/>\n\t<meta name=\"twitter:data1\" content=\"rafaelrjp\" \/>\n\t<meta name=\"twitter:label2\" content=\"Est. tempo de leitura\" \/>\n\t<meta name=\"twitter:data2\" content=\"1 minuto\" \/>\n<script type=\"application\/ld+json\" class=\"yoast-schema-graph\">{\"@context\":\"https:\/\/schema.org\",\"@graph\":[{\"@type\":\"WebPage\",\"@id\":\"https:\/\/www.sinpro-rio.org.br\/principal\/10-02-reuni-o-dos-professores-demitidos-do-centro-universitario-da-cidade\/\",\"url\":\"https:\/\/www.sinpro-rio.org.br\/principal\/10-02-reuni-o-dos-professores-demitidos-do-centro-universitario-da-cidade\/\",\"name\":\"10\/02 - Reuni?o dos professores demitidos do Centro Universit\u00e1rio da Cidade - Sinpro-Rio\",\"isPartOf\":{\"@id\":\"https:\/\/www.sinpro-rio.org.br\/principal\/#website\"},\"datePublished\":\"2010-01-01T00:00:00+00:00\",\"author\":{\"@id\":\"https:\/\/www.sinpro-rio.org.br\/principal\/#\/schema\/person\/49feb585a2f57a31a6bd9f16f78e5be6\"},\"breadcrumb\":{\"@id\":\"https:\/\/www.sinpro-rio.org.br\/principal\/10-02-reuni-o-dos-professores-demitidos-do-centro-universitario-da-cidade\/#breadcrumb\"},\"inLanguage\":\"pt-BR\",\"potentialAction\":[{\"@type\":\"ReadAction\",\"target\":[\"https:\/\/www.sinpro-rio.org.br\/principal\/10-02-reuni-o-dos-professores-demitidos-do-centro-universitario-da-cidade\/\"]}]},{\"@type\":\"BreadcrumbList\",\"@id\":\"https:\/\/www.sinpro-rio.org.br\/principal\/10-02-reuni-o-dos-professores-demitidos-do-centro-universitario-da-cidade\/#breadcrumb\",\"itemListElement\":[{\"@type\":\"ListItem\",\"position\":1,\"name\":\"In\u00edcio\",\"item\":\"https:\/\/www.sinpro-rio.org.br\/principal\/\"},{\"@type\":\"ListItem\",\"position\":2,\"name\":\"10\/02 &#8211; Reuni?o dos professores demitidos do Centro Universit\u00e1rio da Cidade\"}]},{\"@type\":\"WebSite\",\"@id\":\"https:\/\/www.sinpro-rio.org.br\/principal\/#website\",\"url\":\"https:\/\/www.sinpro-rio.org.br\/principal\/\",\"name\":\"Sinpro-Rio\",\"description\":\"Sindicato dos Professores do Munic\u00edpio do Rio de Janeiro e Regi\u00e3o\",\"potentialAction\":[{\"@type\":\"SearchAction\",\"target\":{\"@type\":\"EntryPoint\",\"urlTemplate\":\"https:\/\/www.sinpro-rio.org.br\/principal\/?s={search_term_string}\"},\"query-input\":{\"@type\":\"PropertyValueSpecification\",\"valueRequired\":true,\"valueName\":\"search_term_string\"}}],\"inLanguage\":\"pt-BR\"},{\"@type\":\"Person\",\"@id\":\"https:\/\/www.sinpro-rio.org.br\/principal\/#\/schema\/person\/49feb585a2f57a31a6bd9f16f78e5be6\",\"name\":\"rafaelrjp\",\"image\":{\"@type\":\"ImageObject\",\"inLanguage\":\"pt-BR\",\"@id\":\"https:\/\/www.sinpro-rio.org.br\/principal\/#\/schema\/person\/image\/\",\"url\":\"https:\/\/secure.gravatar.com\/avatar\/489371a0ba4655c340b519882c68cf68?s=96&d=mm&r=g\",\"contentUrl\":\"https:\/\/secure.gravatar.com\/avatar\/489371a0ba4655c340b519882c68cf68?s=96&d=mm&r=g\",\"caption\":\"rafaelrjp\"},\"url\":\"https:\/\/www.sinpro-rio.org.br\/principal\/author\/rafaelrjp\/\"}]}<\/script>\n<!-- \/ Yoast SEO plugin. -->","yoast_head_json":{"title":"10\/02 - Reuni?o dos professores demitidos do Centro Universit\u00e1rio da Cidade - Sinpro-Rio","robots":{"index":"index","follow":"follow","max-snippet":"max-snippet:-1","max-image-preview":"max-image-preview:large","max-video-preview":"max-video-preview:-1"},"canonical":"https:\/\/www.sinpro-rio.org.br\/principal\/10-02-reuni-o-dos-professores-demitidos-do-centro-universitario-da-cidade\/","og_locale":"pt_BR","og_type":"article","og_title":"10\/02 - Reuni?o dos professores demitidos do Centro Universit\u00e1rio da Cidade - Sinpro-Rio","og_description":"No dia 10\/02, quarta-feira, ser\u00e1 realizada uma reuni?o dos professores demitidos do Centro Universit\u00e1rio da Cidade (UniverCidade), \u00e0s 15h30, na Sede do Sinpro-Rio, que fica na Rua Pedro Lessa 35\/ 3\u00baandar &#8211; Centro. O objetivo da reuni?o \u00e9 tratar de assuntos de interesse dos docentes dispensados, por isso \u00e9 muito importante que todos os professores [&hellip;]","og_url":"https:\/\/www.sinpro-rio.org.br\/principal\/10-02-reuni-o-dos-professores-demitidos-do-centro-universitario-da-cidade\/","og_site_name":"Sinpro-Rio","article_published_time":"2010-01-01T00:00:00+00:00","author":"rafaelrjp","twitter_card":"summary_large_image","twitter_misc":{"Escrito por":"rafaelrjp","Est. tempo de leitura":"1 minuto"},"schema":{"@context":"https:\/\/schema.org","@graph":[{"@type":"WebPage","@id":"https:\/\/www.sinpro-rio.org.br\/principal\/10-02-reuni-o-dos-professores-demitidos-do-centro-universitario-da-cidade\/","url":"https:\/\/www.sinpro-rio.org.br\/principal\/10-02-reuni-o-dos-professores-demitidos-do-centro-universitario-da-cidade\/","name":"10\/02 - Reuni?o dos professores demitidos do Centro Universit\u00e1rio da Cidade - Sinpro-Rio","isPartOf":{"@id":"https:\/\/www.sinpro-rio.org.br\/principal\/#website"},"datePublished":"2010-01-01T00:00:00+00:00","author":{"@id":"https:\/\/www.sinpro-rio.org.br\/principal\/#\/schema\/person\/49feb585a2f57a31a6bd9f16f78e5be6"},"breadcrumb":{"@id":"https:\/\/www.sinpro-rio.org.br\/principal\/10-02-reuni-o-dos-professores-demitidos-do-centro-universitario-da-cidade\/#breadcrumb"},"inLanguage":"pt-BR","potentialAction":[{"@type":"ReadAction","target":["https:\/\/www.sinpro-rio.org.br\/principal\/10-02-reuni-o-dos-professores-demitidos-do-centro-universitario-da-cidade\/"]}]},{"@type":"BreadcrumbList","@id":"https:\/\/www.sinpro-rio.org.br\/principal\/10-02-reuni-o-dos-professores-demitidos-do-centro-universitario-da-cidade\/#breadcrumb","itemListElement":[{"@type":"ListItem","position":1,"name":"In\u00edcio","item":"https:\/\/www.sinpro-rio.org.br\/principal\/"},{"@type":"ListItem","position":2,"name":"10\/02 &#8211; Reuni?o dos professores demitidos do Centro Universit\u00e1rio da Cidade"}]},{"@type":"WebSite","@id":"https:\/\/www.sinpro-rio.org.br\/principal\/#website","url":"https:\/\/www.sinpro-rio.org.br\/principal\/","name":"Sinpro-Rio","description":"Sindicato dos Professores do Munic\u00edpio do Rio de Janeiro e Regi\u00e3o","potentialAction":[{"@type":"SearchAction","target":{"@type":"EntryPoint","urlTemplate":"https:\/\/www.sinpro-rio.org.br\/principal\/?s={search_term_string}"},"query-input":{"@type":"PropertyValueSpecification","valueRequired":true,"valueName":"search_term_string"}}],"inLanguage":"pt-BR"},{"@type":"Person","@id":"https:\/\/www.sinpro-rio.org.br\/principal\/#\/schema\/person\/49feb585a2f57a31a6bd9f16f78e5be6","name":"rafaelrjp","image":{"@type":"ImageObject","inLanguage":"pt-BR","@id":"https:\/\/www.sinpro-rio.org.br\/principal\/#\/schema\/person\/image\/","url":"https:\/\/secure.gravatar.com\/avatar\/489371a0ba4655c340b519882c68cf68?s=96&d=mm&r=g","contentUrl":"https:\/\/secure.gravatar.com\/avatar\/489371a0ba4655c340b519882c68cf68?s=96&d=mm&r=g","caption":"rafaelrjp"},"url":"https:\/\/www.sinpro-rio.org.br\/principal\/author\/rafaelrjp\/"}]}},"_links":{"self":[{"href":"https:\/\/www.sinpro-rio.org.br\/principal\/wp-json\/wp\/v2\/posts\/20650","targetHints":{"allow":["GET"]}}],"collection":[{"href":"https:\/\/www.sinpro-rio.org.br\/principal\/wp-json\/wp\/v2\/posts"}],"about":[{"href":"https:\/\/www.sinpro-rio.org.br\/principal\/wp-json\/wp\/v2\/types\/post"}],"author":[{"embeddable":true,"href":"https:\/\/www.sinpro-rio.org.br\/principal\/wp-json\/wp\/v2\/users\/1"}],"replies":[{"embeddable":true,"href":"https:\/\/www.sinpro-rio.org.br\/principal\/wp-json\/wp\/v2\/comments?post=20650"}],"version-history":[{"count":0,"href":"https:\/\/www.sinpro-rio.org.br\/principal\/wp-json\/wp\/v2\/posts\/20650\/revisions"}],"wp:attachment":[{"href":"https:\/\/www.sinpro-rio.org.br\/principal\/wp-json\/wp\/v2\/media?parent=20650"}],"wp:term":[{"taxonomy":"category","embeddable":true,"href":"https:\/\/www.sinpro-rio.org.br\/principal\/wp-json\/wp\/v2\/categories?post=20650"},{"taxonomy":"post_tag","embeddable":true,"href":"https:\/\/www.sinpro-rio.org.br\/principal\/wp-json\/wp\/v2\/tags?post=20650"}],"curies":[{"name":"wp","href":"https:\/\/api.w.org\/{rel}","templated":true}]}}