{"id":20646,"date":"2010-01-01T00:00:00","date_gmt":"2010-01-01T00:00:00","guid":{"rendered":""},"modified":"-0001-11-30T00:00:00","modified_gmt":"-0001-11-30T03:00:00","slug":"pre-natal-e-parto-seguro-direitos-seus","status":"publish","type":"post","link":"https:\/\/www.sinpro-rio.org.br\/principal\/pre-natal-e-parto-seguro-direitos-seus\/","title":{"rendered":"Pr\u00e9-natal e parto seguro: direitos seus"},"content":{"rendered":"<div class=\"alvo1\">\n<p>As estat\u00edsticas relacionadas \u00e0 mortalidade materna s?o alarmantes. S\u00f3 para se ter uma ideia, uma gestante morre a cada dois dias, sendo que mais de 170 mortes s?o ocasionadas por infec\u00e7?o, hipertens?o ou hemorragia. O mais preocupante, no entanto, \u00e9 saber que 90% desses casos poderiam ser evitados. Todos esses dados foram levantados e divulgados pelo Comit\u00ea Estadual de Preven\u00e7?o e Controle da Mortalidade Materna, \u00f3rg?o do Governo do Estado do Rio de Janeiro, que revelou, ainda, que os patamares iguais de mortes das gestantes foram mantidos nos \u00faltimos seis anos.<\/p>\n<p>Pensando na gravidade dessa situa\u00e7?o, a Comiss?o de Defesa dos Direitos da Mulher da Assembleia Legislativa do Rio de Janeiro (Alerj) lan\u00e7ou no dia 9 de fevereiro, uma campanha de combate \u00e0 morte materna com o tema: &#8220;Pr\u00e9-natal e parto seguro: direitos seus&#8221; e que durar\u00e1 at\u00e9 final de maio deste ano. O objetivo \u00e9 conscientizar as mulheres, os homens, profissionais da rede de sa\u00fade e toda a sociedade sobre a import\u00e2ncia dos cuidados durante esse per\u00edodo e, assim, garantir uma gesta\u00e7?o sem riscos, tanto para a mulher quanto para o beb\u00ea.<\/p>\n<p>Estiveram presentes ao ato Dr. Adson Fran\u00e7a, assistente do Ministro da Sa\u00fade; Dra. Ticiana Nonato, da \u00e1rea t\u00e9cnica do Minist\u00e9rio; Dra. Monica Almeida, representante da Secretaria Estadual de Educa\u00e7?o em Sa\u00fade; Sra. Cec\u00edlia Soares, superintendente dos Direitos da Mulher; Dr. Jorge Darze, presidente do Sindicato dos M\u00e9dicos; a deputada federal Cida Diogo (PT-RJ); e Dra Tisuko, do Comit\u00ea da Secretaria Estadual de Sa\u00fade. Todos elogiaram o lan\u00e7amento da Campanha e deram seu total apoio no decorrer de seus discursos, mostrando, cada um dentro de suas atividades, a import\u00e2ncia de um pr\u00e9-natal e parto seguros. O Sinpro-Rio tamb\u00e9m esteve presente, na pessoa da professora Yara Maria Pereira, coordenadora da Comiss?o de G\u00eanero e Etnia.<\/p>\n<p><strong>Toda mulher tem direito a uma gravidez saud\u00e1vel e a um parto seguro.     <\/strong><\/p>\n<\/div>\n","protected":false},"excerpt":{"rendered":"<p>As estat\u00edsticas relacionadas \u00e0 mortalidade materna s?o alarmantes. S\u00f3 para se ter uma ideia, uma gestante morre a cada dois dias, sendo que mais de 170 mortes s?o ocasionadas por infec\u00e7?o, hipertens?o ou hemorragia. O mais preocupante, no entanto, \u00e9 saber que 90% desses casos poderiam ser evitados. Todos esses dados foram levantados e divulgados [&hellip;]<\/p>\n","protected":false},"author":1,"featured_media":0,"comment_status":"closed","ping_status":"open","sticky":false,"template":"","format":"standard","meta":{"footnotes":""},"categories":[1],"tags":[],"class_list":["post-20646","post","type-post","status-publish","format-standard","hentry","category-noticias"],"yoast_head":"<!-- This site is optimized with the Yoast SEO plugin v25.7 - https:\/\/yoast.com\/wordpress\/plugins\/seo\/ -->\n<title>Pr\u00e9-natal e parto seguro: direitos seus - Sinpro-Rio<\/title>\n<meta name=\"robots\" content=\"index, follow, max-snippet:-1, max-image-preview:large, max-video-preview:-1\" \/>\n<link rel=\"canonical\" href=\"https:\/\/www.sinpro-rio.org.br\/principal\/pre-natal-e-parto-seguro-direitos-seus\/\" \/>\n<meta property=\"og:locale\" content=\"pt_BR\" \/>\n<meta property=\"og:type\" content=\"article\" \/>\n<meta property=\"og:title\" content=\"Pr\u00e9-natal e parto seguro: direitos seus - Sinpro-Rio\" \/>\n<meta property=\"og:description\" content=\"As estat\u00edsticas relacionadas \u00e0 mortalidade materna s?o alarmantes. S\u00f3 para se ter uma ideia, uma gestante morre a cada dois dias, sendo que mais de 170 mortes s?o ocasionadas por infec\u00e7?o, hipertens?o ou hemorragia. O mais preocupante, no entanto, \u00e9 saber que 90% desses casos poderiam ser evitados. Todos esses dados foram levantados e divulgados [&hellip;]\" \/>\n<meta property=\"og:url\" content=\"https:\/\/www.sinpro-rio.org.br\/principal\/pre-natal-e-parto-seguro-direitos-seus\/\" \/>\n<meta property=\"og:site_name\" content=\"Sinpro-Rio\" \/>\n<meta property=\"article:published_time\" content=\"2010-01-01T00:00:00+00:00\" \/>\n<meta name=\"author\" content=\"rafaelrjp\" \/>\n<meta name=\"twitter:card\" content=\"summary_large_image\" \/>\n<meta name=\"twitter:label1\" content=\"Escrito por\" \/>\n\t<meta name=\"twitter:data1\" content=\"rafaelrjp\" \/>\n\t<meta name=\"twitter:label2\" content=\"Est. tempo de leitura\" \/>\n\t<meta name=\"twitter:data2\" content=\"2 minutos\" \/>\n<script type=\"application\/ld+json\" class=\"yoast-schema-graph\">{\"@context\":\"https:\/\/schema.org\",\"@graph\":[{\"@type\":\"WebPage\",\"@id\":\"https:\/\/www.sinpro-rio.org.br\/principal\/pre-natal-e-parto-seguro-direitos-seus\/\",\"url\":\"https:\/\/www.sinpro-rio.org.br\/principal\/pre-natal-e-parto-seguro-direitos-seus\/\",\"name\":\"Pr\u00e9-natal e parto seguro: direitos seus - Sinpro-Rio\",\"isPartOf\":{\"@id\":\"https:\/\/www.sinpro-rio.org.br\/principal\/#website\"},\"datePublished\":\"2010-01-01T00:00:00+00:00\",\"author\":{\"@id\":\"https:\/\/www.sinpro-rio.org.br\/principal\/#\/schema\/person\/49feb585a2f57a31a6bd9f16f78e5be6\"},\"breadcrumb\":{\"@id\":\"https:\/\/www.sinpro-rio.org.br\/principal\/pre-natal-e-parto-seguro-direitos-seus\/#breadcrumb\"},\"inLanguage\":\"pt-BR\",\"potentialAction\":[{\"@type\":\"ReadAction\",\"target\":[\"https:\/\/www.sinpro-rio.org.br\/principal\/pre-natal-e-parto-seguro-direitos-seus\/\"]}]},{\"@type\":\"BreadcrumbList\",\"@id\":\"https:\/\/www.sinpro-rio.org.br\/principal\/pre-natal-e-parto-seguro-direitos-seus\/#breadcrumb\",\"itemListElement\":[{\"@type\":\"ListItem\",\"position\":1,\"name\":\"In\u00edcio\",\"item\":\"https:\/\/www.sinpro-rio.org.br\/principal\/\"},{\"@type\":\"ListItem\",\"position\":2,\"name\":\"Pr\u00e9-natal e parto seguro: direitos seus\"}]},{\"@type\":\"WebSite\",\"@id\":\"https:\/\/www.sinpro-rio.org.br\/principal\/#website\",\"url\":\"https:\/\/www.sinpro-rio.org.br\/principal\/\",\"name\":\"Sinpro-Rio\",\"description\":\"Sindicato dos Professores do Munic\u00edpio do Rio de Janeiro e Regi\u00e3o\",\"potentialAction\":[{\"@type\":\"SearchAction\",\"target\":{\"@type\":\"EntryPoint\",\"urlTemplate\":\"https:\/\/www.sinpro-rio.org.br\/principal\/?s={search_term_string}\"},\"query-input\":{\"@type\":\"PropertyValueSpecification\",\"valueRequired\":true,\"valueName\":\"search_term_string\"}}],\"inLanguage\":\"pt-BR\"},{\"@type\":\"Person\",\"@id\":\"https:\/\/www.sinpro-rio.org.br\/principal\/#\/schema\/person\/49feb585a2f57a31a6bd9f16f78e5be6\",\"name\":\"rafaelrjp\",\"image\":{\"@type\":\"ImageObject\",\"inLanguage\":\"pt-BR\",\"@id\":\"https:\/\/www.sinpro-rio.org.br\/principal\/#\/schema\/person\/image\/\",\"url\":\"https:\/\/secure.gravatar.com\/avatar\/489371a0ba4655c340b519882c68cf68?s=96&d=mm&r=g\",\"contentUrl\":\"https:\/\/secure.gravatar.com\/avatar\/489371a0ba4655c340b519882c68cf68?s=96&d=mm&r=g\",\"caption\":\"rafaelrjp\"},\"url\":\"https:\/\/www.sinpro-rio.org.br\/principal\/author\/rafaelrjp\/\"}]}<\/script>\n<!-- \/ Yoast SEO plugin. -->","yoast_head_json":{"title":"Pr\u00e9-natal e parto seguro: direitos seus - Sinpro-Rio","robots":{"index":"index","follow":"follow","max-snippet":"max-snippet:-1","max-image-preview":"max-image-preview:large","max-video-preview":"max-video-preview:-1"},"canonical":"https:\/\/www.sinpro-rio.org.br\/principal\/pre-natal-e-parto-seguro-direitos-seus\/","og_locale":"pt_BR","og_type":"article","og_title":"Pr\u00e9-natal e parto seguro: direitos seus - Sinpro-Rio","og_description":"As estat\u00edsticas relacionadas \u00e0 mortalidade materna s?o alarmantes. S\u00f3 para se ter uma ideia, uma gestante morre a cada dois dias, sendo que mais de 170 mortes s?o ocasionadas por infec\u00e7?o, hipertens?o ou hemorragia. O mais preocupante, no entanto, \u00e9 saber que 90% desses casos poderiam ser evitados. Todos esses dados foram levantados e divulgados [&hellip;]","og_url":"https:\/\/www.sinpro-rio.org.br\/principal\/pre-natal-e-parto-seguro-direitos-seus\/","og_site_name":"Sinpro-Rio","article_published_time":"2010-01-01T00:00:00+00:00","author":"rafaelrjp","twitter_card":"summary_large_image","twitter_misc":{"Escrito por":"rafaelrjp","Est. tempo de leitura":"2 minutos"},"schema":{"@context":"https:\/\/schema.org","@graph":[{"@type":"WebPage","@id":"https:\/\/www.sinpro-rio.org.br\/principal\/pre-natal-e-parto-seguro-direitos-seus\/","url":"https:\/\/www.sinpro-rio.org.br\/principal\/pre-natal-e-parto-seguro-direitos-seus\/","name":"Pr\u00e9-natal e parto seguro: direitos seus - Sinpro-Rio","isPartOf":{"@id":"https:\/\/www.sinpro-rio.org.br\/principal\/#website"},"datePublished":"2010-01-01T00:00:00+00:00","author":{"@id":"https:\/\/www.sinpro-rio.org.br\/principal\/#\/schema\/person\/49feb585a2f57a31a6bd9f16f78e5be6"},"breadcrumb":{"@id":"https:\/\/www.sinpro-rio.org.br\/principal\/pre-natal-e-parto-seguro-direitos-seus\/#breadcrumb"},"inLanguage":"pt-BR","potentialAction":[{"@type":"ReadAction","target":["https:\/\/www.sinpro-rio.org.br\/principal\/pre-natal-e-parto-seguro-direitos-seus\/"]}]},{"@type":"BreadcrumbList","@id":"https:\/\/www.sinpro-rio.org.br\/principal\/pre-natal-e-parto-seguro-direitos-seus\/#breadcrumb","itemListElement":[{"@type":"ListItem","position":1,"name":"In\u00edcio","item":"https:\/\/www.sinpro-rio.org.br\/principal\/"},{"@type":"ListItem","position":2,"name":"Pr\u00e9-natal e parto seguro: direitos seus"}]},{"@type":"WebSite","@id":"https:\/\/www.sinpro-rio.org.br\/principal\/#website","url":"https:\/\/www.sinpro-rio.org.br\/principal\/","name":"Sinpro-Rio","description":"Sindicato dos Professores do Munic\u00edpio do Rio de Janeiro e Regi\u00e3o","potentialAction":[{"@type":"SearchAction","target":{"@type":"EntryPoint","urlTemplate":"https:\/\/www.sinpro-rio.org.br\/principal\/?s={search_term_string}"},"query-input":{"@type":"PropertyValueSpecification","valueRequired":true,"valueName":"search_term_string"}}],"inLanguage":"pt-BR"},{"@type":"Person","@id":"https:\/\/www.sinpro-rio.org.br\/principal\/#\/schema\/person\/49feb585a2f57a31a6bd9f16f78e5be6","name":"rafaelrjp","image":{"@type":"ImageObject","inLanguage":"pt-BR","@id":"https:\/\/www.sinpro-rio.org.br\/principal\/#\/schema\/person\/image\/","url":"https:\/\/secure.gravatar.com\/avatar\/489371a0ba4655c340b519882c68cf68?s=96&d=mm&r=g","contentUrl":"https:\/\/secure.gravatar.com\/avatar\/489371a0ba4655c340b519882c68cf68?s=96&d=mm&r=g","caption":"rafaelrjp"},"url":"https:\/\/www.sinpro-rio.org.br\/principal\/author\/rafaelrjp\/"}]}},"_links":{"self":[{"href":"https:\/\/www.sinpro-rio.org.br\/principal\/wp-json\/wp\/v2\/posts\/20646","targetHints":{"allow":["GET"]}}],"collection":[{"href":"https:\/\/www.sinpro-rio.org.br\/principal\/wp-json\/wp\/v2\/posts"}],"about":[{"href":"https:\/\/www.sinpro-rio.org.br\/principal\/wp-json\/wp\/v2\/types\/post"}],"author":[{"embeddable":true,"href":"https:\/\/www.sinpro-rio.org.br\/principal\/wp-json\/wp\/v2\/users\/1"}],"replies":[{"embeddable":true,"href":"https:\/\/www.sinpro-rio.org.br\/principal\/wp-json\/wp\/v2\/comments?post=20646"}],"version-history":[{"count":0,"href":"https:\/\/www.sinpro-rio.org.br\/principal\/wp-json\/wp\/v2\/posts\/20646\/revisions"}],"wp:attachment":[{"href":"https:\/\/www.sinpro-rio.org.br\/principal\/wp-json\/wp\/v2\/media?parent=20646"}],"wp:term":[{"taxonomy":"category","embeddable":true,"href":"https:\/\/www.sinpro-rio.org.br\/principal\/wp-json\/wp\/v2\/categories?post=20646"},{"taxonomy":"post_tag","embeddable":true,"href":"https:\/\/www.sinpro-rio.org.br\/principal\/wp-json\/wp\/v2\/tags?post=20646"}],"curies":[{"name":"wp","href":"https:\/\/api.w.org\/{rel}","templated":true}]}}