{"id":20642,"date":"2010-01-01T00:00:00","date_gmt":"2010-01-01T00:00:00","guid":{"rendered":""},"modified":"-0001-11-30T00:00:00","modified_gmt":"-0001-11-30T03:00:00","slug":"faltam-vagas-e-estrutura-nas-creches-municipais-de-fortaleza","status":"publish","type":"post","link":"https:\/\/www.sinpro-rio.org.br\/principal\/faltam-vagas-e-estrutura-nas-creches-municipais-de-fortaleza\/","title":{"rendered":"Faltam vagas e estrutura nas creches municipais de Fortaleza"},"content":{"rendered":"<div class=\"alvo1\">\n<p>No dia 21 de fevereiro, o jornal Di\u00e1rio do Nordeste publicou uma mat\u00e9ria denunciando a falta de vagas nas creches de Fortaleza, que faz com que 729 crian\u00e7as de at\u00e9 tr\u00eas anos de idade aguardem numa fila de espera.<\/p>\n<p>Segundo a mat\u00e9ria, a situa\u00e7?o \u00e9 t?o cr\u00edtica que o Centro de Defesa da Crian\u00e7a e do Adolescente (Cedeca) entrou com duas representa\u00e7?es no Minist\u00e9rio P\u00fablico contra a Prefeitura. Afinal, s?o vistas estagi\u00e1rias substituindo professoras, salas superlotadas e at\u00e9 cozinheiras e funcion\u00e1rias de servi\u00e7os gerais fazendo, sem nenhuma forma\u00e7?o pedag\u00f3gica, o papel de auxiliares.<\/p>\n<p>Al\u00e9m disso, a reportagem flagrou institui\u00e7?es que n?o apresentam condi\u00e7?es adequadas de higiene. Foi poss\u00edvel ver banheiros sem ralos nem portas, paredes com buracos e infiltra\u00e7?es, salas escuras e sem ventila\u00e7?o e nenhum espa\u00e7o l\u00fadico.<\/p>\n<p>Para se ter uma ideia, em uma creche no bairro Jo?o XXIII, at\u00e9 o filtro de \u00e1gua estava quebrado. As falhas foram identificadas, mas a reportagem foi impedida, pela Secretaria Municipal de Educa\u00e7?o (SME), de fotografar a Creche Sobreira de Amorim e entrevistar a coordenadora da unidade de ensino.<\/p>\n<p>Em rela\u00e7?o \u00e0s vagas, as 74 creches municipais e as 57 conveniadas n?o s?o suficientes. De acordo com o Educacenso 2008, realizado pelo Instituto Nacional de Estudos e Pesquisas Educacionais An\u00edsio Teixeira (Inep), 10.326 crian\u00e7as, de at\u00e9 tr\u00eas anos estavam matriculadas em creches na Capital. Um n\u00famero irris\u00f3rio diante do universo populacional de 162.266 meninos e meninas nessa faixa et\u00e1ria, segundo o Censo de 2000 do Instituto Brasileiro de Geografia e Estat\u00edstica (IBGE).<\/p>\n<p>De acordo com a Assessoria de Comunica\u00e7?o da Secretaria Municipal de Educa\u00e7?o de Fortaleza, 729 crian\u00e7as aguardam numa lista de espera por uma vaga nas creches. Mas as perguntas s?o: onde est?o as outras &#8211; em casa ou nas ruas?<\/p>\n<p><a href=\"http:\/\/diariodonordeste.globo.com\/materia.asp?codigo=738919\" target=\"_blank\">Veja a mat\u00e9ria na \u00edntegra aqui<\/a><\/p>\n<\/div>\n","protected":false},"excerpt":{"rendered":"<p>No dia 21 de fevereiro, o jornal Di\u00e1rio do Nordeste publicou uma mat\u00e9ria denunciando a falta de vagas nas creches de Fortaleza, que faz com que 729 crian\u00e7as de at\u00e9 tr\u00eas anos de idade aguardem numa fila de espera. Segundo a mat\u00e9ria, a situa\u00e7?o \u00e9 t?o cr\u00edtica que o Centro de Defesa da Crian\u00e7a e [&hellip;]<\/p>\n","protected":false},"author":1,"featured_media":0,"comment_status":"closed","ping_status":"open","sticky":false,"template":"","format":"standard","meta":{"footnotes":""},"categories":[1],"tags":[],"class_list":["post-20642","post","type-post","status-publish","format-standard","hentry","category-noticias"],"yoast_head":"<!-- This site is optimized with the Yoast SEO plugin v25.7 - https:\/\/yoast.com\/wordpress\/plugins\/seo\/ -->\n<title>Faltam vagas e estrutura nas creches municipais de Fortaleza - Sinpro-Rio<\/title>\n<meta name=\"robots\" content=\"index, follow, max-snippet:-1, max-image-preview:large, max-video-preview:-1\" \/>\n<link rel=\"canonical\" href=\"https:\/\/www.sinpro-rio.org.br\/principal\/faltam-vagas-e-estrutura-nas-creches-municipais-de-fortaleza\/\" \/>\n<meta property=\"og:locale\" content=\"pt_BR\" \/>\n<meta property=\"og:type\" content=\"article\" \/>\n<meta property=\"og:title\" content=\"Faltam vagas e estrutura nas creches municipais de Fortaleza - Sinpro-Rio\" \/>\n<meta property=\"og:description\" content=\"No dia 21 de fevereiro, o jornal Di\u00e1rio do Nordeste publicou uma mat\u00e9ria denunciando a falta de vagas nas creches de Fortaleza, que faz com que 729 crian\u00e7as de at\u00e9 tr\u00eas anos de idade aguardem numa fila de espera. Segundo a mat\u00e9ria, a situa\u00e7?o \u00e9 t?o cr\u00edtica que o Centro de Defesa da Crian\u00e7a e [&hellip;]\" \/>\n<meta property=\"og:url\" content=\"https:\/\/www.sinpro-rio.org.br\/principal\/faltam-vagas-e-estrutura-nas-creches-municipais-de-fortaleza\/\" \/>\n<meta property=\"og:site_name\" content=\"Sinpro-Rio\" \/>\n<meta property=\"article:published_time\" content=\"2010-01-01T00:00:00+00:00\" \/>\n<meta name=\"author\" content=\"rafaelrjp\" \/>\n<meta name=\"twitter:card\" content=\"summary_large_image\" \/>\n<meta name=\"twitter:label1\" content=\"Escrito por\" \/>\n\t<meta name=\"twitter:data1\" content=\"rafaelrjp\" \/>\n\t<meta name=\"twitter:label2\" content=\"Est. tempo de leitura\" \/>\n\t<meta name=\"twitter:data2\" content=\"2 minutos\" \/>\n<script type=\"application\/ld+json\" class=\"yoast-schema-graph\">{\"@context\":\"https:\/\/schema.org\",\"@graph\":[{\"@type\":\"WebPage\",\"@id\":\"https:\/\/www.sinpro-rio.org.br\/principal\/faltam-vagas-e-estrutura-nas-creches-municipais-de-fortaleza\/\",\"url\":\"https:\/\/www.sinpro-rio.org.br\/principal\/faltam-vagas-e-estrutura-nas-creches-municipais-de-fortaleza\/\",\"name\":\"Faltam vagas e estrutura nas creches municipais de Fortaleza - Sinpro-Rio\",\"isPartOf\":{\"@id\":\"https:\/\/www.sinpro-rio.org.br\/principal\/#website\"},\"datePublished\":\"2010-01-01T00:00:00+00:00\",\"author\":{\"@id\":\"https:\/\/www.sinpro-rio.org.br\/principal\/#\/schema\/person\/49feb585a2f57a31a6bd9f16f78e5be6\"},\"breadcrumb\":{\"@id\":\"https:\/\/www.sinpro-rio.org.br\/principal\/faltam-vagas-e-estrutura-nas-creches-municipais-de-fortaleza\/#breadcrumb\"},\"inLanguage\":\"pt-BR\",\"potentialAction\":[{\"@type\":\"ReadAction\",\"target\":[\"https:\/\/www.sinpro-rio.org.br\/principal\/faltam-vagas-e-estrutura-nas-creches-municipais-de-fortaleza\/\"]}]},{\"@type\":\"BreadcrumbList\",\"@id\":\"https:\/\/www.sinpro-rio.org.br\/principal\/faltam-vagas-e-estrutura-nas-creches-municipais-de-fortaleza\/#breadcrumb\",\"itemListElement\":[{\"@type\":\"ListItem\",\"position\":1,\"name\":\"In\u00edcio\",\"item\":\"https:\/\/www.sinpro-rio.org.br\/principal\/\"},{\"@type\":\"ListItem\",\"position\":2,\"name\":\"Faltam vagas e estrutura nas creches municipais de Fortaleza\"}]},{\"@type\":\"WebSite\",\"@id\":\"https:\/\/www.sinpro-rio.org.br\/principal\/#website\",\"url\":\"https:\/\/www.sinpro-rio.org.br\/principal\/\",\"name\":\"Sinpro-Rio\",\"description\":\"Sindicato dos Professores do Munic\u00edpio do Rio de Janeiro e Regi\u00e3o\",\"potentialAction\":[{\"@type\":\"SearchAction\",\"target\":{\"@type\":\"EntryPoint\",\"urlTemplate\":\"https:\/\/www.sinpro-rio.org.br\/principal\/?s={search_term_string}\"},\"query-input\":{\"@type\":\"PropertyValueSpecification\",\"valueRequired\":true,\"valueName\":\"search_term_string\"}}],\"inLanguage\":\"pt-BR\"},{\"@type\":\"Person\",\"@id\":\"https:\/\/www.sinpro-rio.org.br\/principal\/#\/schema\/person\/49feb585a2f57a31a6bd9f16f78e5be6\",\"name\":\"rafaelrjp\",\"image\":{\"@type\":\"ImageObject\",\"inLanguage\":\"pt-BR\",\"@id\":\"https:\/\/www.sinpro-rio.org.br\/principal\/#\/schema\/person\/image\/\",\"url\":\"https:\/\/secure.gravatar.com\/avatar\/489371a0ba4655c340b519882c68cf68?s=96&d=mm&r=g\",\"contentUrl\":\"https:\/\/secure.gravatar.com\/avatar\/489371a0ba4655c340b519882c68cf68?s=96&d=mm&r=g\",\"caption\":\"rafaelrjp\"},\"url\":\"https:\/\/www.sinpro-rio.org.br\/principal\/author\/rafaelrjp\/\"}]}<\/script>\n<!-- \/ Yoast SEO plugin. -->","yoast_head_json":{"title":"Faltam vagas e estrutura nas creches municipais de Fortaleza - Sinpro-Rio","robots":{"index":"index","follow":"follow","max-snippet":"max-snippet:-1","max-image-preview":"max-image-preview:large","max-video-preview":"max-video-preview:-1"},"canonical":"https:\/\/www.sinpro-rio.org.br\/principal\/faltam-vagas-e-estrutura-nas-creches-municipais-de-fortaleza\/","og_locale":"pt_BR","og_type":"article","og_title":"Faltam vagas e estrutura nas creches municipais de Fortaleza - Sinpro-Rio","og_description":"No dia 21 de fevereiro, o jornal Di\u00e1rio do Nordeste publicou uma mat\u00e9ria denunciando a falta de vagas nas creches de Fortaleza, que faz com que 729 crian\u00e7as de at\u00e9 tr\u00eas anos de idade aguardem numa fila de espera. Segundo a mat\u00e9ria, a situa\u00e7?o \u00e9 t?o cr\u00edtica que o Centro de Defesa da Crian\u00e7a e [&hellip;]","og_url":"https:\/\/www.sinpro-rio.org.br\/principal\/faltam-vagas-e-estrutura-nas-creches-municipais-de-fortaleza\/","og_site_name":"Sinpro-Rio","article_published_time":"2010-01-01T00:00:00+00:00","author":"rafaelrjp","twitter_card":"summary_large_image","twitter_misc":{"Escrito por":"rafaelrjp","Est. tempo de leitura":"2 minutos"},"schema":{"@context":"https:\/\/schema.org","@graph":[{"@type":"WebPage","@id":"https:\/\/www.sinpro-rio.org.br\/principal\/faltam-vagas-e-estrutura-nas-creches-municipais-de-fortaleza\/","url":"https:\/\/www.sinpro-rio.org.br\/principal\/faltam-vagas-e-estrutura-nas-creches-municipais-de-fortaleza\/","name":"Faltam vagas e estrutura nas creches municipais de Fortaleza - Sinpro-Rio","isPartOf":{"@id":"https:\/\/www.sinpro-rio.org.br\/principal\/#website"},"datePublished":"2010-01-01T00:00:00+00:00","author":{"@id":"https:\/\/www.sinpro-rio.org.br\/principal\/#\/schema\/person\/49feb585a2f57a31a6bd9f16f78e5be6"},"breadcrumb":{"@id":"https:\/\/www.sinpro-rio.org.br\/principal\/faltam-vagas-e-estrutura-nas-creches-municipais-de-fortaleza\/#breadcrumb"},"inLanguage":"pt-BR","potentialAction":[{"@type":"ReadAction","target":["https:\/\/www.sinpro-rio.org.br\/principal\/faltam-vagas-e-estrutura-nas-creches-municipais-de-fortaleza\/"]}]},{"@type":"BreadcrumbList","@id":"https:\/\/www.sinpro-rio.org.br\/principal\/faltam-vagas-e-estrutura-nas-creches-municipais-de-fortaleza\/#breadcrumb","itemListElement":[{"@type":"ListItem","position":1,"name":"In\u00edcio","item":"https:\/\/www.sinpro-rio.org.br\/principal\/"},{"@type":"ListItem","position":2,"name":"Faltam vagas e estrutura nas creches municipais de Fortaleza"}]},{"@type":"WebSite","@id":"https:\/\/www.sinpro-rio.org.br\/principal\/#website","url":"https:\/\/www.sinpro-rio.org.br\/principal\/","name":"Sinpro-Rio","description":"Sindicato dos Professores do Munic\u00edpio do Rio de Janeiro e Regi\u00e3o","potentialAction":[{"@type":"SearchAction","target":{"@type":"EntryPoint","urlTemplate":"https:\/\/www.sinpro-rio.org.br\/principal\/?s={search_term_string}"},"query-input":{"@type":"PropertyValueSpecification","valueRequired":true,"valueName":"search_term_string"}}],"inLanguage":"pt-BR"},{"@type":"Person","@id":"https:\/\/www.sinpro-rio.org.br\/principal\/#\/schema\/person\/49feb585a2f57a31a6bd9f16f78e5be6","name":"rafaelrjp","image":{"@type":"ImageObject","inLanguage":"pt-BR","@id":"https:\/\/www.sinpro-rio.org.br\/principal\/#\/schema\/person\/image\/","url":"https:\/\/secure.gravatar.com\/avatar\/489371a0ba4655c340b519882c68cf68?s=96&d=mm&r=g","contentUrl":"https:\/\/secure.gravatar.com\/avatar\/489371a0ba4655c340b519882c68cf68?s=96&d=mm&r=g","caption":"rafaelrjp"},"url":"https:\/\/www.sinpro-rio.org.br\/principal\/author\/rafaelrjp\/"}]}},"_links":{"self":[{"href":"https:\/\/www.sinpro-rio.org.br\/principal\/wp-json\/wp\/v2\/posts\/20642","targetHints":{"allow":["GET"]}}],"collection":[{"href":"https:\/\/www.sinpro-rio.org.br\/principal\/wp-json\/wp\/v2\/posts"}],"about":[{"href":"https:\/\/www.sinpro-rio.org.br\/principal\/wp-json\/wp\/v2\/types\/post"}],"author":[{"embeddable":true,"href":"https:\/\/www.sinpro-rio.org.br\/principal\/wp-json\/wp\/v2\/users\/1"}],"replies":[{"embeddable":true,"href":"https:\/\/www.sinpro-rio.org.br\/principal\/wp-json\/wp\/v2\/comments?post=20642"}],"version-history":[{"count":0,"href":"https:\/\/www.sinpro-rio.org.br\/principal\/wp-json\/wp\/v2\/posts\/20642\/revisions"}],"wp:attachment":[{"href":"https:\/\/www.sinpro-rio.org.br\/principal\/wp-json\/wp\/v2\/media?parent=20642"}],"wp:term":[{"taxonomy":"category","embeddable":true,"href":"https:\/\/www.sinpro-rio.org.br\/principal\/wp-json\/wp\/v2\/categories?post=20642"},{"taxonomy":"post_tag","embeddable":true,"href":"https:\/\/www.sinpro-rio.org.br\/principal\/wp-json\/wp\/v2\/tags?post=20642"}],"curies":[{"name":"wp","href":"https:\/\/api.w.org\/{rel}","templated":true}]}}