{"id":20638,"date":"2010-01-01T00:00:00","date_gmt":"2010-01-01T00:00:00","guid":{"rendered":""},"modified":"-0001-11-30T00:00:00","modified_gmt":"-0001-11-30T03:00:00","slug":"deputado-paulo-ramos-pede-cpi-do-ensino-superior-privado","status":"publish","type":"post","link":"https:\/\/www.sinpro-rio.org.br\/principal\/deputado-paulo-ramos-pede-cpi-do-ensino-superior-privado\/","title":{"rendered":"Deputado Paulo Ramos pede CPI do Ensino Superior Privado"},"content":{"rendered":"<div class=\"alvo1\">\n<p>O presidente da Comiss?o de Trabalho, Legisla\u00e7?o Social e Seguridade Social da Assembleia Legislativa do Rio (Alerj), deputado Paulo Ramos (PDT), apresentou, no dia 23 de fevereiro, requerimento para criar uma Comiss?o Parlamentar de Inqu\u00e9rito (CPI) para apurar den\u00fancias relativas \u00e0s graves irregularidades que ocorrem nas entidades particulares do Ensino Superior. A investiga\u00e7?o deve ser composta por sete membros, com prazo de dura\u00e7?o de 90 dias prorrog\u00e1veis.<\/p>\n<p>Ap\u00f3s a realiza\u00e7?o de diversas audi\u00eancias p\u00fablicas, constatou-se que havia irregularidades em diversas universidades da rede particular. As primeiras plen\u00e1rias foram a respeito da Candido Mendes, Unig e UniverCidade. Entretanto, Ramos pediu \u00e0 representante do MEC que fa\u00e7a um levantamento de quanto foi repassado para as institui\u00e7?es educacionais do estado credenciadas no Programa Universidade para Todos (Prouni) em 2009, a fim de verificar os gastos.<\/p>\n<p>Al\u00e9m disso, tamb\u00e9m v?o ser apuradas as den\u00fancias relativas \u00e0 gest?o fraudulenta, enriquecimento il\u00edcito, desvio de recursos p\u00fablicos, apropria\u00e7?o ind\u00e9bita, lavagem de dinheiro, propaganda enganosa, precariza\u00e7?o das rela\u00e7?es de trabalho, inclusive com ass\u00e9dio moral, extin\u00e7?o arbitr\u00e1ria de Conselhos Universit\u00e1rios, manipula\u00e7?o e repress?o \u00e0s representa\u00e7?es de professores, alunos e outros servidores, cria\u00e7?o de monop\u00f3lios e deteriora\u00e7?o da qualidade do ensino nas entidades particulares de Ensino Superior.     <\/p>\n<\/div>\n","protected":false},"excerpt":{"rendered":"<p>O presidente da Comiss?o de Trabalho, Legisla\u00e7?o Social e Seguridade Social da Assembleia Legislativa do Rio (Alerj), deputado Paulo Ramos (PDT), apresentou, no dia 23 de fevereiro, requerimento para criar uma Comiss?o Parlamentar de Inqu\u00e9rito (CPI) para apurar den\u00fancias relativas \u00e0s graves irregularidades que ocorrem nas entidades particulares do Ensino Superior. A investiga\u00e7?o deve ser [&hellip;]<\/p>\n","protected":false},"author":1,"featured_media":0,"comment_status":"closed","ping_status":"open","sticky":false,"template":"","format":"standard","meta":{"footnotes":""},"categories":[1],"tags":[],"class_list":["post-20638","post","type-post","status-publish","format-standard","hentry","category-noticias"],"yoast_head":"<!-- This site is optimized with the Yoast SEO plugin v25.7 - https:\/\/yoast.com\/wordpress\/plugins\/seo\/ -->\n<title>Deputado Paulo Ramos pede CPI do Ensino Superior Privado - Sinpro-Rio<\/title>\n<meta name=\"robots\" content=\"index, follow, max-snippet:-1, max-image-preview:large, max-video-preview:-1\" \/>\n<link rel=\"canonical\" href=\"https:\/\/www.sinpro-rio.org.br\/principal\/deputado-paulo-ramos-pede-cpi-do-ensino-superior-privado\/\" \/>\n<meta property=\"og:locale\" content=\"pt_BR\" \/>\n<meta property=\"og:type\" content=\"article\" \/>\n<meta property=\"og:title\" content=\"Deputado Paulo Ramos pede CPI do Ensino Superior Privado - Sinpro-Rio\" \/>\n<meta property=\"og:description\" content=\"O presidente da Comiss?o de Trabalho, Legisla\u00e7?o Social e Seguridade Social da Assembleia Legislativa do Rio (Alerj), deputado Paulo Ramos (PDT), apresentou, no dia 23 de fevereiro, requerimento para criar uma Comiss?o Parlamentar de Inqu\u00e9rito (CPI) para apurar den\u00fancias relativas \u00e0s graves irregularidades que ocorrem nas entidades particulares do Ensino Superior. A investiga\u00e7?o deve ser [&hellip;]\" \/>\n<meta property=\"og:url\" content=\"https:\/\/www.sinpro-rio.org.br\/principal\/deputado-paulo-ramos-pede-cpi-do-ensino-superior-privado\/\" \/>\n<meta property=\"og:site_name\" content=\"Sinpro-Rio\" \/>\n<meta property=\"article:published_time\" content=\"2010-01-01T00:00:00+00:00\" \/>\n<meta name=\"author\" content=\"rafaelrjp\" \/>\n<meta name=\"twitter:card\" content=\"summary_large_image\" \/>\n<meta name=\"twitter:label1\" content=\"Escrito por\" \/>\n\t<meta name=\"twitter:data1\" content=\"rafaelrjp\" \/>\n\t<meta name=\"twitter:label2\" content=\"Est. tempo de leitura\" \/>\n\t<meta name=\"twitter:data2\" content=\"1 minuto\" \/>\n<script type=\"application\/ld+json\" class=\"yoast-schema-graph\">{\"@context\":\"https:\/\/schema.org\",\"@graph\":[{\"@type\":\"WebPage\",\"@id\":\"https:\/\/www.sinpro-rio.org.br\/principal\/deputado-paulo-ramos-pede-cpi-do-ensino-superior-privado\/\",\"url\":\"https:\/\/www.sinpro-rio.org.br\/principal\/deputado-paulo-ramos-pede-cpi-do-ensino-superior-privado\/\",\"name\":\"Deputado Paulo Ramos pede CPI do Ensino Superior Privado - Sinpro-Rio\",\"isPartOf\":{\"@id\":\"https:\/\/www.sinpro-rio.org.br\/principal\/#website\"},\"datePublished\":\"2010-01-01T00:00:00+00:00\",\"author\":{\"@id\":\"https:\/\/www.sinpro-rio.org.br\/principal\/#\/schema\/person\/49feb585a2f57a31a6bd9f16f78e5be6\"},\"breadcrumb\":{\"@id\":\"https:\/\/www.sinpro-rio.org.br\/principal\/deputado-paulo-ramos-pede-cpi-do-ensino-superior-privado\/#breadcrumb\"},\"inLanguage\":\"pt-BR\",\"potentialAction\":[{\"@type\":\"ReadAction\",\"target\":[\"https:\/\/www.sinpro-rio.org.br\/principal\/deputado-paulo-ramos-pede-cpi-do-ensino-superior-privado\/\"]}]},{\"@type\":\"BreadcrumbList\",\"@id\":\"https:\/\/www.sinpro-rio.org.br\/principal\/deputado-paulo-ramos-pede-cpi-do-ensino-superior-privado\/#breadcrumb\",\"itemListElement\":[{\"@type\":\"ListItem\",\"position\":1,\"name\":\"In\u00edcio\",\"item\":\"https:\/\/www.sinpro-rio.org.br\/principal\/\"},{\"@type\":\"ListItem\",\"position\":2,\"name\":\"Deputado Paulo Ramos pede CPI do Ensino Superior Privado\"}]},{\"@type\":\"WebSite\",\"@id\":\"https:\/\/www.sinpro-rio.org.br\/principal\/#website\",\"url\":\"https:\/\/www.sinpro-rio.org.br\/principal\/\",\"name\":\"Sinpro-Rio\",\"description\":\"Sindicato dos Professores do Munic\u00edpio do Rio de Janeiro e Regi\u00e3o\",\"potentialAction\":[{\"@type\":\"SearchAction\",\"target\":{\"@type\":\"EntryPoint\",\"urlTemplate\":\"https:\/\/www.sinpro-rio.org.br\/principal\/?s={search_term_string}\"},\"query-input\":{\"@type\":\"PropertyValueSpecification\",\"valueRequired\":true,\"valueName\":\"search_term_string\"}}],\"inLanguage\":\"pt-BR\"},{\"@type\":\"Person\",\"@id\":\"https:\/\/www.sinpro-rio.org.br\/principal\/#\/schema\/person\/49feb585a2f57a31a6bd9f16f78e5be6\",\"name\":\"rafaelrjp\",\"image\":{\"@type\":\"ImageObject\",\"inLanguage\":\"pt-BR\",\"@id\":\"https:\/\/www.sinpro-rio.org.br\/principal\/#\/schema\/person\/image\/\",\"url\":\"https:\/\/secure.gravatar.com\/avatar\/489371a0ba4655c340b519882c68cf68?s=96&d=mm&r=g\",\"contentUrl\":\"https:\/\/secure.gravatar.com\/avatar\/489371a0ba4655c340b519882c68cf68?s=96&d=mm&r=g\",\"caption\":\"rafaelrjp\"},\"url\":\"https:\/\/www.sinpro-rio.org.br\/principal\/author\/rafaelrjp\/\"}]}<\/script>\n<!-- \/ Yoast SEO plugin. -->","yoast_head_json":{"title":"Deputado Paulo Ramos pede CPI do Ensino Superior Privado - Sinpro-Rio","robots":{"index":"index","follow":"follow","max-snippet":"max-snippet:-1","max-image-preview":"max-image-preview:large","max-video-preview":"max-video-preview:-1"},"canonical":"https:\/\/www.sinpro-rio.org.br\/principal\/deputado-paulo-ramos-pede-cpi-do-ensino-superior-privado\/","og_locale":"pt_BR","og_type":"article","og_title":"Deputado Paulo Ramos pede CPI do Ensino Superior Privado - Sinpro-Rio","og_description":"O presidente da Comiss?o de Trabalho, Legisla\u00e7?o Social e Seguridade Social da Assembleia Legislativa do Rio (Alerj), deputado Paulo Ramos (PDT), apresentou, no dia 23 de fevereiro, requerimento para criar uma Comiss?o Parlamentar de Inqu\u00e9rito (CPI) para apurar den\u00fancias relativas \u00e0s graves irregularidades que ocorrem nas entidades particulares do Ensino Superior. A investiga\u00e7?o deve ser [&hellip;]","og_url":"https:\/\/www.sinpro-rio.org.br\/principal\/deputado-paulo-ramos-pede-cpi-do-ensino-superior-privado\/","og_site_name":"Sinpro-Rio","article_published_time":"2010-01-01T00:00:00+00:00","author":"rafaelrjp","twitter_card":"summary_large_image","twitter_misc":{"Escrito por":"rafaelrjp","Est. tempo de leitura":"1 minuto"},"schema":{"@context":"https:\/\/schema.org","@graph":[{"@type":"WebPage","@id":"https:\/\/www.sinpro-rio.org.br\/principal\/deputado-paulo-ramos-pede-cpi-do-ensino-superior-privado\/","url":"https:\/\/www.sinpro-rio.org.br\/principal\/deputado-paulo-ramos-pede-cpi-do-ensino-superior-privado\/","name":"Deputado Paulo Ramos pede CPI do Ensino Superior Privado - Sinpro-Rio","isPartOf":{"@id":"https:\/\/www.sinpro-rio.org.br\/principal\/#website"},"datePublished":"2010-01-01T00:00:00+00:00","author":{"@id":"https:\/\/www.sinpro-rio.org.br\/principal\/#\/schema\/person\/49feb585a2f57a31a6bd9f16f78e5be6"},"breadcrumb":{"@id":"https:\/\/www.sinpro-rio.org.br\/principal\/deputado-paulo-ramos-pede-cpi-do-ensino-superior-privado\/#breadcrumb"},"inLanguage":"pt-BR","potentialAction":[{"@type":"ReadAction","target":["https:\/\/www.sinpro-rio.org.br\/principal\/deputado-paulo-ramos-pede-cpi-do-ensino-superior-privado\/"]}]},{"@type":"BreadcrumbList","@id":"https:\/\/www.sinpro-rio.org.br\/principal\/deputado-paulo-ramos-pede-cpi-do-ensino-superior-privado\/#breadcrumb","itemListElement":[{"@type":"ListItem","position":1,"name":"In\u00edcio","item":"https:\/\/www.sinpro-rio.org.br\/principal\/"},{"@type":"ListItem","position":2,"name":"Deputado Paulo Ramos pede CPI do Ensino Superior Privado"}]},{"@type":"WebSite","@id":"https:\/\/www.sinpro-rio.org.br\/principal\/#website","url":"https:\/\/www.sinpro-rio.org.br\/principal\/","name":"Sinpro-Rio","description":"Sindicato dos Professores do Munic\u00edpio do Rio de Janeiro e Regi\u00e3o","potentialAction":[{"@type":"SearchAction","target":{"@type":"EntryPoint","urlTemplate":"https:\/\/www.sinpro-rio.org.br\/principal\/?s={search_term_string}"},"query-input":{"@type":"PropertyValueSpecification","valueRequired":true,"valueName":"search_term_string"}}],"inLanguage":"pt-BR"},{"@type":"Person","@id":"https:\/\/www.sinpro-rio.org.br\/principal\/#\/schema\/person\/49feb585a2f57a31a6bd9f16f78e5be6","name":"rafaelrjp","image":{"@type":"ImageObject","inLanguage":"pt-BR","@id":"https:\/\/www.sinpro-rio.org.br\/principal\/#\/schema\/person\/image\/","url":"https:\/\/secure.gravatar.com\/avatar\/489371a0ba4655c340b519882c68cf68?s=96&d=mm&r=g","contentUrl":"https:\/\/secure.gravatar.com\/avatar\/489371a0ba4655c340b519882c68cf68?s=96&d=mm&r=g","caption":"rafaelrjp"},"url":"https:\/\/www.sinpro-rio.org.br\/principal\/author\/rafaelrjp\/"}]}},"_links":{"self":[{"href":"https:\/\/www.sinpro-rio.org.br\/principal\/wp-json\/wp\/v2\/posts\/20638","targetHints":{"allow":["GET"]}}],"collection":[{"href":"https:\/\/www.sinpro-rio.org.br\/principal\/wp-json\/wp\/v2\/posts"}],"about":[{"href":"https:\/\/www.sinpro-rio.org.br\/principal\/wp-json\/wp\/v2\/types\/post"}],"author":[{"embeddable":true,"href":"https:\/\/www.sinpro-rio.org.br\/principal\/wp-json\/wp\/v2\/users\/1"}],"replies":[{"embeddable":true,"href":"https:\/\/www.sinpro-rio.org.br\/principal\/wp-json\/wp\/v2\/comments?post=20638"}],"version-history":[{"count":0,"href":"https:\/\/www.sinpro-rio.org.br\/principal\/wp-json\/wp\/v2\/posts\/20638\/revisions"}],"wp:attachment":[{"href":"https:\/\/www.sinpro-rio.org.br\/principal\/wp-json\/wp\/v2\/media?parent=20638"}],"wp:term":[{"taxonomy":"category","embeddable":true,"href":"https:\/\/www.sinpro-rio.org.br\/principal\/wp-json\/wp\/v2\/categories?post=20638"},{"taxonomy":"post_tag","embeddable":true,"href":"https:\/\/www.sinpro-rio.org.br\/principal\/wp-json\/wp\/v2\/tags?post=20638"}],"curies":[{"name":"wp","href":"https:\/\/api.w.org\/{rel}","templated":true}]}}