{"id":20625,"date":"2010-01-01T00:00:00","date_gmt":"2010-01-01T00:00:00","guid":{"rendered":""},"modified":"-0001-11-30T00:00:00","modified_gmt":"-0001-11-30T03:00:00","slug":"carta-aberta-dos-professores-do-iuperj","status":"publish","type":"post","link":"https:\/\/www.sinpro-rio.org.br\/principal\/carta-aberta-dos-professores-do-iuperj\/","title":{"rendered":"Carta aberta dos professores do IUPERJ"},"content":{"rendered":"<div class=\"alvo1\">\n<p>Rio de Janeiro, 15 de mar\u00e7o de 2010.<\/p>\n<p>Prezados colegas e amigos do IUPERJ,<\/p>\n<p>Voltamos, n\u00f3s do IUPERJ, a recorrer aos colegas das Ci\u00eancias Sociais e da Academia em geral. Dir?o alguns decerto que se trata da continuada crise que os ocupou em nosso apoio, em momento cr\u00edtico h\u00e1 seis anos atr\u00e1s. Sim, \u00e9 a mesma, s\u00f3 que agravada ao seu mais extremo limite, pois agora o que est\u00e1 em jogo \u00e9 o encerramento das atividades da institui\u00e7?o.<\/p>\n<p>Nestes \u00faltimos anos, a situa\u00e7?o da Universidade Candido Mendes, mantenedora do IUPERJ, s\u00f3 fez deteriorar-se. Nos \u00faltimos dois anos, n?o recebemos 9 sal\u00e1rios dos 26 devidos e v\u00e1rios direitos trabalhistas n?o s?o honrados desde 1999. Em 2010 n?o temos qualquer perspectiva de que receberemos sal\u00e1rios ao longo de todo o ano letivo. Ora, como n?o temos recursos pr\u00f3prios, que fazer para evitar um desfecho que nos \u00e9 catastr\u00f3fico?<\/p>\n<p>Estamos negociando com o Governo Federal, atrav\u00e9s do Minist\u00e9rio da Ci\u00eancia e Tecnologia, a forma\u00e7?o de uma Organiza\u00e7?o Social, entidade que propiciaria aporte de recursos p\u00fablicos, inclusive or\u00e7ament\u00e1rios, e privados para o Instituto: trata-se da \u00fanica alternativa capaz de garantir a sobreviv\u00eancia institucional. Ocorre, por\u00e9m, que n?o s?o poucos os obst\u00e1culos nesse caminho, at\u00e9 mesmo uma arg\u00fci\u00e7?o de inconstitucionalidade das OS no Supremo Tribunal Federal. Se superados todos os obst\u00e1culos, vale lembrar, s\u00f3 alcan\u00e7aremos resultados tang\u00edveis em 2012, n?o obstante o apoio manifestado por diversas ag\u00eancias governamentais.<\/p>\n<p>Incerto e longo, o caminho n?o ser\u00e1 percorrido sem o apoio e a solidariedade da comunidade cient\u00edfica, os quais, diga-se a bem da verdade, jamais nos foram negados. O alerta aos poderes p\u00fablicos s\u00f3 se efetivar\u00e1 de fato com crescentes manifesta\u00e7?es de preocupa\u00e7?o com o destino do IUPERJ.<\/p>\n<p>O IUPERJ \u00e9 sua hist\u00f3ria, o empenho de seus estudantes, funcion\u00e1rios e professores nestes \u00faltimos 40 anos; seus programas de Ci\u00eancia Pol\u00edtica e Sociologia, respectivamente com graus 6 e 7 na avalia\u00e7?o da CAPES e ambos totalmente gratuitos; as 281 teses de doutorado e 471 disserta\u00e7?es de mestrado aqui defendidas; o fato de que 41% de seus doutores egressos ensinam e pesquisam em universidades p\u00fablicas e 23% o fazem em institui\u00e7?es particulares; os 40 doutores do exterior aqui diplomados; os 11 grupos de pesquisa ora cadastrados no CNPq. \u00c9 por tudo isso que acreditamos numa solu\u00e7?o institucional e decidimos iniciar o ano letivo mesmo sem sal\u00e1rios.<\/p>\n<p>Queremos continuar a fazer o que sempre fizemos. A institui\u00e7?o \u00e9 maior que cada um de n\u00f3s. Tudo faremos para tentar salv\u00e1-la, mas nem tudo est\u00e1 ao nosso alcance. Por isso, pedimos, e \u00e9 este o verbo, o apoio dos colegas.<\/p>\n<p>Adalberto Moreira Cardoso <br \/>\n                Argelina Maria Cheibub Figueiredo <br \/>\n                Carlos Antonio Costa Ribeiro <br \/>\n                Cesar Augusto C. Guimar?es <br \/>\n                Diana Nogueira de Oliveira Lima <br \/>\n                Fabiano Guilherme M. Santos <br \/>\n                Fr\u00e9d\u00e9ric Vandenberghe <br \/>\n                Jairo Marconi Nicolau <br \/>\n                Jo?o Feres J\u00fanior <br \/>\n                Jos\u00e9 Maur\u00edcio Domingues <br \/>\n                Luiz Antonio Machado Silva <br \/>\n                Luiz Jorge Werneck Vianna <br \/>\n                Marcelo Gantus Jasmin <br \/>\n                Marcus Faria Figueiredo <br \/>\n                Maria Regina S. de Lima <br \/>\n                Nelson do Valle Silva <br \/>\n                Renato de Andrade Lessa <br \/>\n                Renato Raul Boschi <br \/>\n                Ricardo Benzaquen de Ara\u00fajo <br \/>\n                Thamy Pogrebinschi<\/p>\n<\/div>\n","protected":false},"excerpt":{"rendered":"<p>Rio de Janeiro, 15 de mar\u00e7o de 2010. Prezados colegas e amigos do IUPERJ, Voltamos, n\u00f3s do IUPERJ, a recorrer aos colegas das Ci\u00eancias Sociais e da Academia em geral. Dir?o alguns decerto que se trata da continuada crise que os ocupou em nosso apoio, em momento cr\u00edtico h\u00e1 seis anos atr\u00e1s. Sim, \u00e9 a [&hellip;]<\/p>\n","protected":false},"author":1,"featured_media":0,"comment_status":"closed","ping_status":"open","sticky":false,"template":"","format":"standard","meta":{"footnotes":""},"categories":[1],"tags":[],"class_list":["post-20625","post","type-post","status-publish","format-standard","hentry","category-noticias"],"yoast_head":"<!-- This site is optimized with the Yoast SEO plugin v25.7 - https:\/\/yoast.com\/wordpress\/plugins\/seo\/ -->\n<title>Carta aberta dos professores do IUPERJ - Sinpro-Rio<\/title>\n<meta name=\"robots\" content=\"index, follow, max-snippet:-1, max-image-preview:large, max-video-preview:-1\" \/>\n<link rel=\"canonical\" href=\"https:\/\/www.sinpro-rio.org.br\/principal\/carta-aberta-dos-professores-do-iuperj\/\" \/>\n<meta property=\"og:locale\" content=\"pt_BR\" \/>\n<meta property=\"og:type\" content=\"article\" \/>\n<meta property=\"og:title\" content=\"Carta aberta dos professores do IUPERJ - Sinpro-Rio\" \/>\n<meta property=\"og:description\" content=\"Rio de Janeiro, 15 de mar\u00e7o de 2010. Prezados colegas e amigos do IUPERJ, Voltamos, n\u00f3s do IUPERJ, a recorrer aos colegas das Ci\u00eancias Sociais e da Academia em geral. Dir?o alguns decerto que se trata da continuada crise que os ocupou em nosso apoio, em momento cr\u00edtico h\u00e1 seis anos atr\u00e1s. Sim, \u00e9 a [&hellip;]\" \/>\n<meta property=\"og:url\" content=\"https:\/\/www.sinpro-rio.org.br\/principal\/carta-aberta-dos-professores-do-iuperj\/\" \/>\n<meta property=\"og:site_name\" content=\"Sinpro-Rio\" \/>\n<meta property=\"article:published_time\" content=\"2010-01-01T00:00:00+00:00\" \/>\n<meta name=\"author\" content=\"rafaelrjp\" \/>\n<meta name=\"twitter:card\" content=\"summary_large_image\" \/>\n<meta name=\"twitter:label1\" content=\"Escrito por\" \/>\n\t<meta name=\"twitter:data1\" content=\"rafaelrjp\" \/>\n\t<meta name=\"twitter:label2\" content=\"Est. tempo de leitura\" \/>\n\t<meta name=\"twitter:data2\" content=\"3 minutos\" \/>\n<script type=\"application\/ld+json\" class=\"yoast-schema-graph\">{\"@context\":\"https:\/\/schema.org\",\"@graph\":[{\"@type\":\"WebPage\",\"@id\":\"https:\/\/www.sinpro-rio.org.br\/principal\/carta-aberta-dos-professores-do-iuperj\/\",\"url\":\"https:\/\/www.sinpro-rio.org.br\/principal\/carta-aberta-dos-professores-do-iuperj\/\",\"name\":\"Carta aberta dos professores do IUPERJ - Sinpro-Rio\",\"isPartOf\":{\"@id\":\"https:\/\/www.sinpro-rio.org.br\/principal\/#website\"},\"datePublished\":\"2010-01-01T00:00:00+00:00\",\"author\":{\"@id\":\"https:\/\/www.sinpro-rio.org.br\/principal\/#\/schema\/person\/49feb585a2f57a31a6bd9f16f78e5be6\"},\"breadcrumb\":{\"@id\":\"https:\/\/www.sinpro-rio.org.br\/principal\/carta-aberta-dos-professores-do-iuperj\/#breadcrumb\"},\"inLanguage\":\"pt-BR\",\"potentialAction\":[{\"@type\":\"ReadAction\",\"target\":[\"https:\/\/www.sinpro-rio.org.br\/principal\/carta-aberta-dos-professores-do-iuperj\/\"]}]},{\"@type\":\"BreadcrumbList\",\"@id\":\"https:\/\/www.sinpro-rio.org.br\/principal\/carta-aberta-dos-professores-do-iuperj\/#breadcrumb\",\"itemListElement\":[{\"@type\":\"ListItem\",\"position\":1,\"name\":\"In\u00edcio\",\"item\":\"https:\/\/www.sinpro-rio.org.br\/principal\/\"},{\"@type\":\"ListItem\",\"position\":2,\"name\":\"Carta aberta dos professores do IUPERJ\"}]},{\"@type\":\"WebSite\",\"@id\":\"https:\/\/www.sinpro-rio.org.br\/principal\/#website\",\"url\":\"https:\/\/www.sinpro-rio.org.br\/principal\/\",\"name\":\"Sinpro-Rio\",\"description\":\"Sindicato dos Professores do Munic\u00edpio do Rio de Janeiro e Regi\u00e3o\",\"potentialAction\":[{\"@type\":\"SearchAction\",\"target\":{\"@type\":\"EntryPoint\",\"urlTemplate\":\"https:\/\/www.sinpro-rio.org.br\/principal\/?s={search_term_string}\"},\"query-input\":{\"@type\":\"PropertyValueSpecification\",\"valueRequired\":true,\"valueName\":\"search_term_string\"}}],\"inLanguage\":\"pt-BR\"},{\"@type\":\"Person\",\"@id\":\"https:\/\/www.sinpro-rio.org.br\/principal\/#\/schema\/person\/49feb585a2f57a31a6bd9f16f78e5be6\",\"name\":\"rafaelrjp\",\"image\":{\"@type\":\"ImageObject\",\"inLanguage\":\"pt-BR\",\"@id\":\"https:\/\/www.sinpro-rio.org.br\/principal\/#\/schema\/person\/image\/\",\"url\":\"https:\/\/secure.gravatar.com\/avatar\/489371a0ba4655c340b519882c68cf68?s=96&d=mm&r=g\",\"contentUrl\":\"https:\/\/secure.gravatar.com\/avatar\/489371a0ba4655c340b519882c68cf68?s=96&d=mm&r=g\",\"caption\":\"rafaelrjp\"},\"url\":\"https:\/\/www.sinpro-rio.org.br\/principal\/author\/rafaelrjp\/\"}]}<\/script>\n<!-- \/ Yoast SEO plugin. -->","yoast_head_json":{"title":"Carta aberta dos professores do IUPERJ - Sinpro-Rio","robots":{"index":"index","follow":"follow","max-snippet":"max-snippet:-1","max-image-preview":"max-image-preview:large","max-video-preview":"max-video-preview:-1"},"canonical":"https:\/\/www.sinpro-rio.org.br\/principal\/carta-aberta-dos-professores-do-iuperj\/","og_locale":"pt_BR","og_type":"article","og_title":"Carta aberta dos professores do IUPERJ - Sinpro-Rio","og_description":"Rio de Janeiro, 15 de mar\u00e7o de 2010. Prezados colegas e amigos do IUPERJ, Voltamos, n\u00f3s do IUPERJ, a recorrer aos colegas das Ci\u00eancias Sociais e da Academia em geral. Dir?o alguns decerto que se trata da continuada crise que os ocupou em nosso apoio, em momento cr\u00edtico h\u00e1 seis anos atr\u00e1s. Sim, \u00e9 a [&hellip;]","og_url":"https:\/\/www.sinpro-rio.org.br\/principal\/carta-aberta-dos-professores-do-iuperj\/","og_site_name":"Sinpro-Rio","article_published_time":"2010-01-01T00:00:00+00:00","author":"rafaelrjp","twitter_card":"summary_large_image","twitter_misc":{"Escrito por":"rafaelrjp","Est. tempo de leitura":"3 minutos"},"schema":{"@context":"https:\/\/schema.org","@graph":[{"@type":"WebPage","@id":"https:\/\/www.sinpro-rio.org.br\/principal\/carta-aberta-dos-professores-do-iuperj\/","url":"https:\/\/www.sinpro-rio.org.br\/principal\/carta-aberta-dos-professores-do-iuperj\/","name":"Carta aberta dos professores do IUPERJ - Sinpro-Rio","isPartOf":{"@id":"https:\/\/www.sinpro-rio.org.br\/principal\/#website"},"datePublished":"2010-01-01T00:00:00+00:00","author":{"@id":"https:\/\/www.sinpro-rio.org.br\/principal\/#\/schema\/person\/49feb585a2f57a31a6bd9f16f78e5be6"},"breadcrumb":{"@id":"https:\/\/www.sinpro-rio.org.br\/principal\/carta-aberta-dos-professores-do-iuperj\/#breadcrumb"},"inLanguage":"pt-BR","potentialAction":[{"@type":"ReadAction","target":["https:\/\/www.sinpro-rio.org.br\/principal\/carta-aberta-dos-professores-do-iuperj\/"]}]},{"@type":"BreadcrumbList","@id":"https:\/\/www.sinpro-rio.org.br\/principal\/carta-aberta-dos-professores-do-iuperj\/#breadcrumb","itemListElement":[{"@type":"ListItem","position":1,"name":"In\u00edcio","item":"https:\/\/www.sinpro-rio.org.br\/principal\/"},{"@type":"ListItem","position":2,"name":"Carta aberta dos professores do IUPERJ"}]},{"@type":"WebSite","@id":"https:\/\/www.sinpro-rio.org.br\/principal\/#website","url":"https:\/\/www.sinpro-rio.org.br\/principal\/","name":"Sinpro-Rio","description":"Sindicato dos Professores do Munic\u00edpio do Rio de Janeiro e Regi\u00e3o","potentialAction":[{"@type":"SearchAction","target":{"@type":"EntryPoint","urlTemplate":"https:\/\/www.sinpro-rio.org.br\/principal\/?s={search_term_string}"},"query-input":{"@type":"PropertyValueSpecification","valueRequired":true,"valueName":"search_term_string"}}],"inLanguage":"pt-BR"},{"@type":"Person","@id":"https:\/\/www.sinpro-rio.org.br\/principal\/#\/schema\/person\/49feb585a2f57a31a6bd9f16f78e5be6","name":"rafaelrjp","image":{"@type":"ImageObject","inLanguage":"pt-BR","@id":"https:\/\/www.sinpro-rio.org.br\/principal\/#\/schema\/person\/image\/","url":"https:\/\/secure.gravatar.com\/avatar\/489371a0ba4655c340b519882c68cf68?s=96&d=mm&r=g","contentUrl":"https:\/\/secure.gravatar.com\/avatar\/489371a0ba4655c340b519882c68cf68?s=96&d=mm&r=g","caption":"rafaelrjp"},"url":"https:\/\/www.sinpro-rio.org.br\/principal\/author\/rafaelrjp\/"}]}},"_links":{"self":[{"href":"https:\/\/www.sinpro-rio.org.br\/principal\/wp-json\/wp\/v2\/posts\/20625","targetHints":{"allow":["GET"]}}],"collection":[{"href":"https:\/\/www.sinpro-rio.org.br\/principal\/wp-json\/wp\/v2\/posts"}],"about":[{"href":"https:\/\/www.sinpro-rio.org.br\/principal\/wp-json\/wp\/v2\/types\/post"}],"author":[{"embeddable":true,"href":"https:\/\/www.sinpro-rio.org.br\/principal\/wp-json\/wp\/v2\/users\/1"}],"replies":[{"embeddable":true,"href":"https:\/\/www.sinpro-rio.org.br\/principal\/wp-json\/wp\/v2\/comments?post=20625"}],"version-history":[{"count":0,"href":"https:\/\/www.sinpro-rio.org.br\/principal\/wp-json\/wp\/v2\/posts\/20625\/revisions"}],"wp:attachment":[{"href":"https:\/\/www.sinpro-rio.org.br\/principal\/wp-json\/wp\/v2\/media?parent=20625"}],"wp:term":[{"taxonomy":"category","embeddable":true,"href":"https:\/\/www.sinpro-rio.org.br\/principal\/wp-json\/wp\/v2\/categories?post=20625"},{"taxonomy":"post_tag","embeddable":true,"href":"https:\/\/www.sinpro-rio.org.br\/principal\/wp-json\/wp\/v2\/tags?post=20625"}],"curies":[{"name":"wp","href":"https:\/\/api.w.org\/{rel}","templated":true}]}}