{"id":20620,"date":"2010-01-01T00:00:00","date_gmt":"2010-01-01T00:00:00","guid":{"rendered":""},"modified":"-0001-11-30T00:00:00","modified_gmt":"-0001-11-30T03:00:00","slug":"conae-etapa-nacional-tem-inicio-em-28-de-marco","status":"publish","type":"post","link":"https:\/\/www.sinpro-rio.org.br\/principal\/conae-etapa-nacional-tem-inicio-em-28-de-marco\/","title":{"rendered":"Conae: etapa nacional tem in\u00edcio em 28 de mar\u00e7o"},"content":{"rendered":"<div class=\"alvo1\">\n<p>Depois de cerca 2.258 confer\u00eancias municipais e estaduais &#8211; com a participa\u00e7?o de mais de 400 mil pessoas -, ser\u00e1 realizada, de 28 de mar\u00e7o a 1\u00ba de abril, em Bras\u00edlia, a Confer\u00eancia Nacional de Educa\u00e7?o (Conae).<\/p>\n<p>Durante quatro dias, os 2.500 delegados e os 500 observadores v?o discutir a cria\u00e7?o de um sistema nacional de educa\u00e7?o e propor diretrizes e estrat\u00e9gias para a constru\u00e7?o do novo Plano Nacional de Educa\u00e7?o (PNE), que vai vigorar de 2011 a 2020.<\/p>\n<p><strong>Os conferencistas debater?o os seguintes temas dos eixos: <\/strong><br \/>\n                I &#8211; Papel do Estado na Garantia do Direito \u00e0 Educa\u00e7?o de Qualidade: Organiza\u00e7?o e Regula\u00e7?o da Educa\u00e7?o Nacional. <br \/>\n                II &#8211; Qualidade da Educa\u00e7?o, Gest?o Democr\u00e1tica e Avalia\u00e7?o. <br \/>\n                III &#8211; Democratiza\u00e7?o do Acesso, Perman\u00eancia e Sucesso Escolar. <br \/>\n                IV &#8211; Forma\u00e7?o e Valoriza\u00e7?o dos Profissionais da Educa\u00e7?o. <br \/>\n                V &#8211; Financiamento da Educa\u00e7?o e Controle Social.<\/br><\/br><\/br><\/p>\n<p>O Sinpro-Rio ser\u00e1 representado pelos diretores: Afonso Celso Teixeira, Ana L\u00facia Guimar?es, Antonio Rodrigues da Silva, Fernando Magno, Glorya Ramos, Helcio Filho, Oswaldo Teles e Viviane Siqueira, al\u00e9m do presidente Wanderley Qu\u00eado, que tamb\u00e9m coordenar\u00e1 a mesa das 14h do dia 29 de mar\u00e7o, cujo tema ser\u00e1 &#8220;Definindo as responsabilidades educacionais de cada sistema de educa\u00e7?o; as \u00e1reas de corresponsabilidades e os indicadores para o monitoramente p\u00fablico do efetivo direito \u00e0 educa\u00e7?o&#8221;.<\/p>\n<p>Para mais informa\u00e7?es sobre a Confer\u00eancia, acesse: <a href=\"http:\/\/www.conae.mec.gov.br\" target=\"_blank\">conae.mec.gov.br<\/a><\/p>\n<\/div>\n","protected":false},"excerpt":{"rendered":"<p>Depois de cerca 2.258 confer\u00eancias municipais e estaduais &#8211; com a participa\u00e7?o de mais de 400 mil pessoas -, ser\u00e1 realizada, de 28 de mar\u00e7o a 1\u00ba de abril, em Bras\u00edlia, a Confer\u00eancia Nacional de Educa\u00e7?o (Conae). Durante quatro dias, os 2.500 delegados e os 500 observadores v?o discutir a cria\u00e7?o de um sistema nacional [&hellip;]<\/p>\n","protected":false},"author":1,"featured_media":0,"comment_status":"closed","ping_status":"open","sticky":false,"template":"","format":"standard","meta":{"footnotes":""},"categories":[1],"tags":[],"class_list":["post-20620","post","type-post","status-publish","format-standard","hentry","category-noticias"],"yoast_head":"<!-- This site is optimized with the Yoast SEO plugin v25.7 - https:\/\/yoast.com\/wordpress\/plugins\/seo\/ -->\n<title>Conae: etapa nacional tem in\u00edcio em 28 de mar\u00e7o - Sinpro-Rio<\/title>\n<meta name=\"robots\" content=\"index, follow, max-snippet:-1, max-image-preview:large, max-video-preview:-1\" \/>\n<link rel=\"canonical\" href=\"https:\/\/www.sinpro-rio.org.br\/principal\/conae-etapa-nacional-tem-inicio-em-28-de-marco\/\" \/>\n<meta property=\"og:locale\" content=\"pt_BR\" \/>\n<meta property=\"og:type\" content=\"article\" \/>\n<meta property=\"og:title\" content=\"Conae: etapa nacional tem in\u00edcio em 28 de mar\u00e7o - Sinpro-Rio\" \/>\n<meta property=\"og:description\" content=\"Depois de cerca 2.258 confer\u00eancias municipais e estaduais &#8211; com a participa\u00e7?o de mais de 400 mil pessoas -, ser\u00e1 realizada, de 28 de mar\u00e7o a 1\u00ba de abril, em Bras\u00edlia, a Confer\u00eancia Nacional de Educa\u00e7?o (Conae). Durante quatro dias, os 2.500 delegados e os 500 observadores v?o discutir a cria\u00e7?o de um sistema nacional [&hellip;]\" \/>\n<meta property=\"og:url\" content=\"https:\/\/www.sinpro-rio.org.br\/principal\/conae-etapa-nacional-tem-inicio-em-28-de-marco\/\" \/>\n<meta property=\"og:site_name\" content=\"Sinpro-Rio\" \/>\n<meta property=\"article:published_time\" content=\"2010-01-01T00:00:00+00:00\" \/>\n<meta name=\"author\" content=\"rafaelrjp\" \/>\n<meta name=\"twitter:card\" content=\"summary_large_image\" \/>\n<meta name=\"twitter:label1\" content=\"Escrito por\" \/>\n\t<meta name=\"twitter:data1\" content=\"rafaelrjp\" \/>\n\t<meta name=\"twitter:label2\" content=\"Est. tempo de leitura\" \/>\n\t<meta name=\"twitter:data2\" content=\"1 minuto\" \/>\n<script type=\"application\/ld+json\" class=\"yoast-schema-graph\">{\"@context\":\"https:\/\/schema.org\",\"@graph\":[{\"@type\":\"WebPage\",\"@id\":\"https:\/\/www.sinpro-rio.org.br\/principal\/conae-etapa-nacional-tem-inicio-em-28-de-marco\/\",\"url\":\"https:\/\/www.sinpro-rio.org.br\/principal\/conae-etapa-nacional-tem-inicio-em-28-de-marco\/\",\"name\":\"Conae: etapa nacional tem in\u00edcio em 28 de mar\u00e7o - Sinpro-Rio\",\"isPartOf\":{\"@id\":\"https:\/\/www.sinpro-rio.org.br\/principal\/#website\"},\"datePublished\":\"2010-01-01T00:00:00+00:00\",\"author\":{\"@id\":\"https:\/\/www.sinpro-rio.org.br\/principal\/#\/schema\/person\/49feb585a2f57a31a6bd9f16f78e5be6\"},\"breadcrumb\":{\"@id\":\"https:\/\/www.sinpro-rio.org.br\/principal\/conae-etapa-nacional-tem-inicio-em-28-de-marco\/#breadcrumb\"},\"inLanguage\":\"pt-BR\",\"potentialAction\":[{\"@type\":\"ReadAction\",\"target\":[\"https:\/\/www.sinpro-rio.org.br\/principal\/conae-etapa-nacional-tem-inicio-em-28-de-marco\/\"]}]},{\"@type\":\"BreadcrumbList\",\"@id\":\"https:\/\/www.sinpro-rio.org.br\/principal\/conae-etapa-nacional-tem-inicio-em-28-de-marco\/#breadcrumb\",\"itemListElement\":[{\"@type\":\"ListItem\",\"position\":1,\"name\":\"In\u00edcio\",\"item\":\"https:\/\/www.sinpro-rio.org.br\/principal\/\"},{\"@type\":\"ListItem\",\"position\":2,\"name\":\"Conae: etapa nacional tem in\u00edcio em 28 de mar\u00e7o\"}]},{\"@type\":\"WebSite\",\"@id\":\"https:\/\/www.sinpro-rio.org.br\/principal\/#website\",\"url\":\"https:\/\/www.sinpro-rio.org.br\/principal\/\",\"name\":\"Sinpro-Rio\",\"description\":\"Sindicato dos Professores do Munic\u00edpio do Rio de Janeiro e Regi\u00e3o\",\"potentialAction\":[{\"@type\":\"SearchAction\",\"target\":{\"@type\":\"EntryPoint\",\"urlTemplate\":\"https:\/\/www.sinpro-rio.org.br\/principal\/?s={search_term_string}\"},\"query-input\":{\"@type\":\"PropertyValueSpecification\",\"valueRequired\":true,\"valueName\":\"search_term_string\"}}],\"inLanguage\":\"pt-BR\"},{\"@type\":\"Person\",\"@id\":\"https:\/\/www.sinpro-rio.org.br\/principal\/#\/schema\/person\/49feb585a2f57a31a6bd9f16f78e5be6\",\"name\":\"rafaelrjp\",\"image\":{\"@type\":\"ImageObject\",\"inLanguage\":\"pt-BR\",\"@id\":\"https:\/\/www.sinpro-rio.org.br\/principal\/#\/schema\/person\/image\/\",\"url\":\"https:\/\/secure.gravatar.com\/avatar\/489371a0ba4655c340b519882c68cf68?s=96&d=mm&r=g\",\"contentUrl\":\"https:\/\/secure.gravatar.com\/avatar\/489371a0ba4655c340b519882c68cf68?s=96&d=mm&r=g\",\"caption\":\"rafaelrjp\"},\"url\":\"https:\/\/www.sinpro-rio.org.br\/principal\/author\/rafaelrjp\/\"}]}<\/script>\n<!-- \/ Yoast SEO plugin. -->","yoast_head_json":{"title":"Conae: etapa nacional tem in\u00edcio em 28 de mar\u00e7o - Sinpro-Rio","robots":{"index":"index","follow":"follow","max-snippet":"max-snippet:-1","max-image-preview":"max-image-preview:large","max-video-preview":"max-video-preview:-1"},"canonical":"https:\/\/www.sinpro-rio.org.br\/principal\/conae-etapa-nacional-tem-inicio-em-28-de-marco\/","og_locale":"pt_BR","og_type":"article","og_title":"Conae: etapa nacional tem in\u00edcio em 28 de mar\u00e7o - Sinpro-Rio","og_description":"Depois de cerca 2.258 confer\u00eancias municipais e estaduais &#8211; com a participa\u00e7?o de mais de 400 mil pessoas -, ser\u00e1 realizada, de 28 de mar\u00e7o a 1\u00ba de abril, em Bras\u00edlia, a Confer\u00eancia Nacional de Educa\u00e7?o (Conae). Durante quatro dias, os 2.500 delegados e os 500 observadores v?o discutir a cria\u00e7?o de um sistema nacional [&hellip;]","og_url":"https:\/\/www.sinpro-rio.org.br\/principal\/conae-etapa-nacional-tem-inicio-em-28-de-marco\/","og_site_name":"Sinpro-Rio","article_published_time":"2010-01-01T00:00:00+00:00","author":"rafaelrjp","twitter_card":"summary_large_image","twitter_misc":{"Escrito por":"rafaelrjp","Est. tempo de leitura":"1 minuto"},"schema":{"@context":"https:\/\/schema.org","@graph":[{"@type":"WebPage","@id":"https:\/\/www.sinpro-rio.org.br\/principal\/conae-etapa-nacional-tem-inicio-em-28-de-marco\/","url":"https:\/\/www.sinpro-rio.org.br\/principal\/conae-etapa-nacional-tem-inicio-em-28-de-marco\/","name":"Conae: etapa nacional tem in\u00edcio em 28 de mar\u00e7o - Sinpro-Rio","isPartOf":{"@id":"https:\/\/www.sinpro-rio.org.br\/principal\/#website"},"datePublished":"2010-01-01T00:00:00+00:00","author":{"@id":"https:\/\/www.sinpro-rio.org.br\/principal\/#\/schema\/person\/49feb585a2f57a31a6bd9f16f78e5be6"},"breadcrumb":{"@id":"https:\/\/www.sinpro-rio.org.br\/principal\/conae-etapa-nacional-tem-inicio-em-28-de-marco\/#breadcrumb"},"inLanguage":"pt-BR","potentialAction":[{"@type":"ReadAction","target":["https:\/\/www.sinpro-rio.org.br\/principal\/conae-etapa-nacional-tem-inicio-em-28-de-marco\/"]}]},{"@type":"BreadcrumbList","@id":"https:\/\/www.sinpro-rio.org.br\/principal\/conae-etapa-nacional-tem-inicio-em-28-de-marco\/#breadcrumb","itemListElement":[{"@type":"ListItem","position":1,"name":"In\u00edcio","item":"https:\/\/www.sinpro-rio.org.br\/principal\/"},{"@type":"ListItem","position":2,"name":"Conae: etapa nacional tem in\u00edcio em 28 de mar\u00e7o"}]},{"@type":"WebSite","@id":"https:\/\/www.sinpro-rio.org.br\/principal\/#website","url":"https:\/\/www.sinpro-rio.org.br\/principal\/","name":"Sinpro-Rio","description":"Sindicato dos Professores do Munic\u00edpio do Rio de Janeiro e Regi\u00e3o","potentialAction":[{"@type":"SearchAction","target":{"@type":"EntryPoint","urlTemplate":"https:\/\/www.sinpro-rio.org.br\/principal\/?s={search_term_string}"},"query-input":{"@type":"PropertyValueSpecification","valueRequired":true,"valueName":"search_term_string"}}],"inLanguage":"pt-BR"},{"@type":"Person","@id":"https:\/\/www.sinpro-rio.org.br\/principal\/#\/schema\/person\/49feb585a2f57a31a6bd9f16f78e5be6","name":"rafaelrjp","image":{"@type":"ImageObject","inLanguage":"pt-BR","@id":"https:\/\/www.sinpro-rio.org.br\/principal\/#\/schema\/person\/image\/","url":"https:\/\/secure.gravatar.com\/avatar\/489371a0ba4655c340b519882c68cf68?s=96&d=mm&r=g","contentUrl":"https:\/\/secure.gravatar.com\/avatar\/489371a0ba4655c340b519882c68cf68?s=96&d=mm&r=g","caption":"rafaelrjp"},"url":"https:\/\/www.sinpro-rio.org.br\/principal\/author\/rafaelrjp\/"}]}},"_links":{"self":[{"href":"https:\/\/www.sinpro-rio.org.br\/principal\/wp-json\/wp\/v2\/posts\/20620","targetHints":{"allow":["GET"]}}],"collection":[{"href":"https:\/\/www.sinpro-rio.org.br\/principal\/wp-json\/wp\/v2\/posts"}],"about":[{"href":"https:\/\/www.sinpro-rio.org.br\/principal\/wp-json\/wp\/v2\/types\/post"}],"author":[{"embeddable":true,"href":"https:\/\/www.sinpro-rio.org.br\/principal\/wp-json\/wp\/v2\/users\/1"}],"replies":[{"embeddable":true,"href":"https:\/\/www.sinpro-rio.org.br\/principal\/wp-json\/wp\/v2\/comments?post=20620"}],"version-history":[{"count":0,"href":"https:\/\/www.sinpro-rio.org.br\/principal\/wp-json\/wp\/v2\/posts\/20620\/revisions"}],"wp:attachment":[{"href":"https:\/\/www.sinpro-rio.org.br\/principal\/wp-json\/wp\/v2\/media?parent=20620"}],"wp:term":[{"taxonomy":"category","embeddable":true,"href":"https:\/\/www.sinpro-rio.org.br\/principal\/wp-json\/wp\/v2\/categories?post=20620"},{"taxonomy":"post_tag","embeddable":true,"href":"https:\/\/www.sinpro-rio.org.br\/principal\/wp-json\/wp\/v2\/tags?post=20620"}],"curies":[{"name":"wp","href":"https:\/\/api.w.org\/{rel}","templated":true}]}}