{"id":20612,"date":"2010-01-01T00:00:00","date_gmt":"2010-01-01T00:00:00","guid":{"rendered":""},"modified":"-0001-11-30T00:00:00","modified_gmt":"-0001-11-30T03:00:00","slug":"forum-america-debate-o-brasil-no-mundo","status":"publish","type":"post","link":"https:\/\/www.sinpro-rio.org.br\/principal\/forum-america-debate-o-brasil-no-mundo\/","title":{"rendered":"F\u00f3rum Am\u00e9rica debate o Brasil no Mundo"},"content":{"rendered":"<div class=\"alvo1\">\n<p>Dando continuidade ao F\u00f3rum Am\u00e9rica, projeto que teve in\u00edcio em 2009 e j\u00e1 realizou quatro edi\u00e7?es, a Escola do Professor recebeu, no dia 26 de mar\u00e7o, no Sede do Sinpro-Rio, o primeiro encontro do semestre. Com o tema &#8220;Brasil: O pa\u00eds que temos e o que queremos&#8221;, os palestrantes Theot\u00f4nio dos Santos; Carlos Henrique Cardim; e Emir Sader debateram sobre &#8220;O Brasil no mundo: uma nova lideran\u00e7a? Pol\u00edtica externa para qu\u00ea?&#8221;<\/p>\n<p>O embaixador Carlos Henrique Cardim, doutor em Sociologia pela USP destacou que o grande diferencial do Brasil atualmente nas pol\u00edticas externas \u00e9 a procura por uma autonomia nas reflex?es sobre as quest?es mundiais, como bem afirmou o ministro das Rela\u00e7?es Exteriores, Celso Amorim: &#8220;N\u00f3s queremos pensar com a nossa pr\u00f3pria cabe\u00e7a&#8221;. Cardim lembrou que, com o pr\u00e9-sal, fatalmente o Brasil ser\u00e1 inclu\u00eddo na Organiza\u00e7?o dos Pa\u00edses Exportadores de Petr\u00f3leo (Opep), o que desenvolver\u00e1 e far\u00e1 com que o pa\u00eds cres\u00e7a ainda mais e ganhe proje\u00e7?o mundial. Contudo, o embaixador alertou para uma poss\u00edvel arrog\u00e2ncia nacional e disse que &#8220;o poder bruto n?o leva ao poder da influ\u00eancia&#8221;. E encerrou: &#8220;Brasil deve ter coragem para pensar diferente, ser criativo autonomamente e ser coerente com seus pensamentos. Ou inovamos ou nos equivocamos&#8221;, citando Rui Barbosa.<\/p>\n<p>Para o economista e cientista pol\u00edtico Theot\u00f4nio dos Santos &#8211; um dos formuladores da Teoria da Depend\u00eancia e dos principais expoentes da Teoria do Sistema Mundo &#8211; a presen\u00e7a do Ex\u00e9rcito Brasileiro e a For\u00e7a de Paz no Haiti devem ser vistas com muito orgulho pelos brasileiros. Segundo o professor, a maioria acha que o pa\u00eds est\u00e1 se metendo onde n?o devia. &#8220;Eu s\u00f3 sou humano quando me comprometo com a humanidade. N?o \u00e9 preciso ser rico para ser solid\u00e1rio. Atrav\u00e9s dessas a\u00e7?es, o Brasil est\u00e1 avan\u00e7ando para a import\u00e2ncia mundial, com uma base s\u00f3lida&#8221;.<\/p>\n<p>Emir Sader, professor doutor da Universidade do Estado do Rio de Janeiro (Uerj), coordenador do Laborat\u00f3rio de Pol\u00edticas P\u00fablicas e secret\u00e1rio-geral do Conselho Latino-Americano de Ci\u00eancias Sociais (Clacso), destacou que a atual pol\u00edtica externa do Brasil significa uma reinser\u00e7?o do pa\u00eds do mundo e, pela primeira vez far\u00e1 a diferen\u00e7a na disputa eleitoral deste ano. Para o professor, o Brasil reagiu bem \u00e0 crise mundial devido \u00e0 diversifica\u00e7?o do com\u00e9rcio internacional, a intensifica\u00e7?o do com\u00e9rcio intrarregional (Venezuela, Argentina, Paraguai e Uruguai), al\u00e9m de um desenvolvimento do mercado interno de consumo popular. &#8220;Pol\u00edtica externa \u00e9 um motivo de orgulho hoje no Brasil&#8221;, concluiu.<\/p>\n<p>Ao final, abriu-se para um debate, muito produtivo e participativo, em que foram abordados temas como a conviv\u00eancia internacional, o d\u00e9ficit de especialistas na Am\u00e9rica Latina, a ditadura da m\u00eddia privada, o Ir? e o perfil dos pr\u00e9-candidatos a presid\u00eancia Dilma e Serra.<\/p>\n<p>O pr\u00f3ximo encontro do f\u00f3rum ser\u00e1 em Campo Grande, dia 5 de maio, \u00e0s 19h30, abordar\u00e1 o tema &#8220;Desenvolvimento econ\u00f4mico, pol\u00edtica financeira e trabalho no Brasil&#8221; com palestrante Alexandre Fortes, doutor em Hist\u00f3ria pela Unicamp, professor de Hist\u00f3ria Contempor\u00e2nea na Universidade Rural.<\/p>\n<\/div>\n","protected":false},"excerpt":{"rendered":"<p>Dando continuidade ao F\u00f3rum Am\u00e9rica, projeto que teve in\u00edcio em 2009 e j\u00e1 realizou quatro edi\u00e7?es, a Escola do Professor recebeu, no dia 26 de mar\u00e7o, no Sede do Sinpro-Rio, o primeiro encontro do semestre. Com o tema &#8220;Brasil: O pa\u00eds que temos e o que queremos&#8221;, os palestrantes Theot\u00f4nio dos Santos; Carlos Henrique Cardim; [&hellip;]<\/p>\n","protected":false},"author":1,"featured_media":0,"comment_status":"closed","ping_status":"open","sticky":false,"template":"","format":"standard","meta":{"footnotes":""},"categories":[1],"tags":[],"class_list":["post-20612","post","type-post","status-publish","format-standard","hentry","category-noticias"],"yoast_head":"<!-- This site is optimized with the Yoast SEO plugin v25.7 - https:\/\/yoast.com\/wordpress\/plugins\/seo\/ -->\n<title>F\u00f3rum Am\u00e9rica debate o Brasil no Mundo - Sinpro-Rio<\/title>\n<meta name=\"robots\" content=\"index, follow, max-snippet:-1, max-image-preview:large, max-video-preview:-1\" \/>\n<link rel=\"canonical\" href=\"https:\/\/www.sinpro-rio.org.br\/principal\/forum-america-debate-o-brasil-no-mundo\/\" \/>\n<meta property=\"og:locale\" content=\"pt_BR\" \/>\n<meta property=\"og:type\" content=\"article\" \/>\n<meta property=\"og:title\" content=\"F\u00f3rum Am\u00e9rica debate o Brasil no Mundo - Sinpro-Rio\" \/>\n<meta property=\"og:description\" content=\"Dando continuidade ao F\u00f3rum Am\u00e9rica, projeto que teve in\u00edcio em 2009 e j\u00e1 realizou quatro edi\u00e7?es, a Escola do Professor recebeu, no dia 26 de mar\u00e7o, no Sede do Sinpro-Rio, o primeiro encontro do semestre. Com o tema &#8220;Brasil: O pa\u00eds que temos e o que queremos&#8221;, os palestrantes Theot\u00f4nio dos Santos; Carlos Henrique Cardim; [&hellip;]\" \/>\n<meta property=\"og:url\" content=\"https:\/\/www.sinpro-rio.org.br\/principal\/forum-america-debate-o-brasil-no-mundo\/\" \/>\n<meta property=\"og:site_name\" content=\"Sinpro-Rio\" \/>\n<meta property=\"article:published_time\" content=\"2010-01-01T00:00:00+00:00\" \/>\n<meta name=\"author\" content=\"rafaelrjp\" \/>\n<meta name=\"twitter:card\" content=\"summary_large_image\" \/>\n<meta name=\"twitter:label1\" content=\"Escrito por\" \/>\n\t<meta name=\"twitter:data1\" content=\"rafaelrjp\" \/>\n\t<meta name=\"twitter:label2\" content=\"Est. tempo de leitura\" \/>\n\t<meta name=\"twitter:data2\" content=\"3 minutos\" \/>\n<script type=\"application\/ld+json\" class=\"yoast-schema-graph\">{\"@context\":\"https:\/\/schema.org\",\"@graph\":[{\"@type\":\"WebPage\",\"@id\":\"https:\/\/www.sinpro-rio.org.br\/principal\/forum-america-debate-o-brasil-no-mundo\/\",\"url\":\"https:\/\/www.sinpro-rio.org.br\/principal\/forum-america-debate-o-brasil-no-mundo\/\",\"name\":\"F\u00f3rum Am\u00e9rica debate o Brasil no Mundo - Sinpro-Rio\",\"isPartOf\":{\"@id\":\"https:\/\/www.sinpro-rio.org.br\/principal\/#website\"},\"datePublished\":\"2010-01-01T00:00:00+00:00\",\"author\":{\"@id\":\"https:\/\/www.sinpro-rio.org.br\/principal\/#\/schema\/person\/49feb585a2f57a31a6bd9f16f78e5be6\"},\"breadcrumb\":{\"@id\":\"https:\/\/www.sinpro-rio.org.br\/principal\/forum-america-debate-o-brasil-no-mundo\/#breadcrumb\"},\"inLanguage\":\"pt-BR\",\"potentialAction\":[{\"@type\":\"ReadAction\",\"target\":[\"https:\/\/www.sinpro-rio.org.br\/principal\/forum-america-debate-o-brasil-no-mundo\/\"]}]},{\"@type\":\"BreadcrumbList\",\"@id\":\"https:\/\/www.sinpro-rio.org.br\/principal\/forum-america-debate-o-brasil-no-mundo\/#breadcrumb\",\"itemListElement\":[{\"@type\":\"ListItem\",\"position\":1,\"name\":\"In\u00edcio\",\"item\":\"https:\/\/www.sinpro-rio.org.br\/principal\/\"},{\"@type\":\"ListItem\",\"position\":2,\"name\":\"F\u00f3rum Am\u00e9rica debate o Brasil no Mundo\"}]},{\"@type\":\"WebSite\",\"@id\":\"https:\/\/www.sinpro-rio.org.br\/principal\/#website\",\"url\":\"https:\/\/www.sinpro-rio.org.br\/principal\/\",\"name\":\"Sinpro-Rio\",\"description\":\"Sindicato dos Professores do Munic\u00edpio do Rio de Janeiro e Regi\u00e3o\",\"potentialAction\":[{\"@type\":\"SearchAction\",\"target\":{\"@type\":\"EntryPoint\",\"urlTemplate\":\"https:\/\/www.sinpro-rio.org.br\/principal\/?s={search_term_string}\"},\"query-input\":{\"@type\":\"PropertyValueSpecification\",\"valueRequired\":true,\"valueName\":\"search_term_string\"}}],\"inLanguage\":\"pt-BR\"},{\"@type\":\"Person\",\"@id\":\"https:\/\/www.sinpro-rio.org.br\/principal\/#\/schema\/person\/49feb585a2f57a31a6bd9f16f78e5be6\",\"name\":\"rafaelrjp\",\"image\":{\"@type\":\"ImageObject\",\"inLanguage\":\"pt-BR\",\"@id\":\"https:\/\/www.sinpro-rio.org.br\/principal\/#\/schema\/person\/image\/\",\"url\":\"https:\/\/secure.gravatar.com\/avatar\/489371a0ba4655c340b519882c68cf68?s=96&d=mm&r=g\",\"contentUrl\":\"https:\/\/secure.gravatar.com\/avatar\/489371a0ba4655c340b519882c68cf68?s=96&d=mm&r=g\",\"caption\":\"rafaelrjp\"},\"url\":\"https:\/\/www.sinpro-rio.org.br\/principal\/author\/rafaelrjp\/\"}]}<\/script>\n<!-- \/ Yoast SEO plugin. -->","yoast_head_json":{"title":"F\u00f3rum Am\u00e9rica debate o Brasil no Mundo - Sinpro-Rio","robots":{"index":"index","follow":"follow","max-snippet":"max-snippet:-1","max-image-preview":"max-image-preview:large","max-video-preview":"max-video-preview:-1"},"canonical":"https:\/\/www.sinpro-rio.org.br\/principal\/forum-america-debate-o-brasil-no-mundo\/","og_locale":"pt_BR","og_type":"article","og_title":"F\u00f3rum Am\u00e9rica debate o Brasil no Mundo - Sinpro-Rio","og_description":"Dando continuidade ao F\u00f3rum Am\u00e9rica, projeto que teve in\u00edcio em 2009 e j\u00e1 realizou quatro edi\u00e7?es, a Escola do Professor recebeu, no dia 26 de mar\u00e7o, no Sede do Sinpro-Rio, o primeiro encontro do semestre. Com o tema &#8220;Brasil: O pa\u00eds que temos e o que queremos&#8221;, os palestrantes Theot\u00f4nio dos Santos; Carlos Henrique Cardim; [&hellip;]","og_url":"https:\/\/www.sinpro-rio.org.br\/principal\/forum-america-debate-o-brasil-no-mundo\/","og_site_name":"Sinpro-Rio","article_published_time":"2010-01-01T00:00:00+00:00","author":"rafaelrjp","twitter_card":"summary_large_image","twitter_misc":{"Escrito por":"rafaelrjp","Est. tempo de leitura":"3 minutos"},"schema":{"@context":"https:\/\/schema.org","@graph":[{"@type":"WebPage","@id":"https:\/\/www.sinpro-rio.org.br\/principal\/forum-america-debate-o-brasil-no-mundo\/","url":"https:\/\/www.sinpro-rio.org.br\/principal\/forum-america-debate-o-brasil-no-mundo\/","name":"F\u00f3rum Am\u00e9rica debate o Brasil no Mundo - Sinpro-Rio","isPartOf":{"@id":"https:\/\/www.sinpro-rio.org.br\/principal\/#website"},"datePublished":"2010-01-01T00:00:00+00:00","author":{"@id":"https:\/\/www.sinpro-rio.org.br\/principal\/#\/schema\/person\/49feb585a2f57a31a6bd9f16f78e5be6"},"breadcrumb":{"@id":"https:\/\/www.sinpro-rio.org.br\/principal\/forum-america-debate-o-brasil-no-mundo\/#breadcrumb"},"inLanguage":"pt-BR","potentialAction":[{"@type":"ReadAction","target":["https:\/\/www.sinpro-rio.org.br\/principal\/forum-america-debate-o-brasil-no-mundo\/"]}]},{"@type":"BreadcrumbList","@id":"https:\/\/www.sinpro-rio.org.br\/principal\/forum-america-debate-o-brasil-no-mundo\/#breadcrumb","itemListElement":[{"@type":"ListItem","position":1,"name":"In\u00edcio","item":"https:\/\/www.sinpro-rio.org.br\/principal\/"},{"@type":"ListItem","position":2,"name":"F\u00f3rum Am\u00e9rica debate o Brasil no Mundo"}]},{"@type":"WebSite","@id":"https:\/\/www.sinpro-rio.org.br\/principal\/#website","url":"https:\/\/www.sinpro-rio.org.br\/principal\/","name":"Sinpro-Rio","description":"Sindicato dos Professores do Munic\u00edpio do Rio de Janeiro e Regi\u00e3o","potentialAction":[{"@type":"SearchAction","target":{"@type":"EntryPoint","urlTemplate":"https:\/\/www.sinpro-rio.org.br\/principal\/?s={search_term_string}"},"query-input":{"@type":"PropertyValueSpecification","valueRequired":true,"valueName":"search_term_string"}}],"inLanguage":"pt-BR"},{"@type":"Person","@id":"https:\/\/www.sinpro-rio.org.br\/principal\/#\/schema\/person\/49feb585a2f57a31a6bd9f16f78e5be6","name":"rafaelrjp","image":{"@type":"ImageObject","inLanguage":"pt-BR","@id":"https:\/\/www.sinpro-rio.org.br\/principal\/#\/schema\/person\/image\/","url":"https:\/\/secure.gravatar.com\/avatar\/489371a0ba4655c340b519882c68cf68?s=96&d=mm&r=g","contentUrl":"https:\/\/secure.gravatar.com\/avatar\/489371a0ba4655c340b519882c68cf68?s=96&d=mm&r=g","caption":"rafaelrjp"},"url":"https:\/\/www.sinpro-rio.org.br\/principal\/author\/rafaelrjp\/"}]}},"_links":{"self":[{"href":"https:\/\/www.sinpro-rio.org.br\/principal\/wp-json\/wp\/v2\/posts\/20612","targetHints":{"allow":["GET"]}}],"collection":[{"href":"https:\/\/www.sinpro-rio.org.br\/principal\/wp-json\/wp\/v2\/posts"}],"about":[{"href":"https:\/\/www.sinpro-rio.org.br\/principal\/wp-json\/wp\/v2\/types\/post"}],"author":[{"embeddable":true,"href":"https:\/\/www.sinpro-rio.org.br\/principal\/wp-json\/wp\/v2\/users\/1"}],"replies":[{"embeddable":true,"href":"https:\/\/www.sinpro-rio.org.br\/principal\/wp-json\/wp\/v2\/comments?post=20612"}],"version-history":[{"count":0,"href":"https:\/\/www.sinpro-rio.org.br\/principal\/wp-json\/wp\/v2\/posts\/20612\/revisions"}],"wp:attachment":[{"href":"https:\/\/www.sinpro-rio.org.br\/principal\/wp-json\/wp\/v2\/media?parent=20612"}],"wp:term":[{"taxonomy":"category","embeddable":true,"href":"https:\/\/www.sinpro-rio.org.br\/principal\/wp-json\/wp\/v2\/categories?post=20612"},{"taxonomy":"post_tag","embeddable":true,"href":"https:\/\/www.sinpro-rio.org.br\/principal\/wp-json\/wp\/v2\/tags?post=20612"}],"curies":[{"name":"wp","href":"https:\/\/api.w.org\/{rel}","templated":true}]}}