{"id":20591,"date":"2010-01-01T00:00:00","date_gmt":"2010-01-01T00:00:00","guid":{"rendered":""},"modified":"2023-07-07T14:40:25","modified_gmt":"2023-07-07T17:40:25","slug":"deputado-quer-informac-es-sobre-universidades-particulares-no-estado","status":"publish","type":"post","link":"https:\/\/www.sinpro-rio.org.br\/principal\/deputado-quer-informac-es-sobre-universidades-particulares-no-estado\/","title":{"rendered":"Deputado quer informa\u00e7?es sobre universidades particulares no Estado"},"content":{"rendered":"<div class=\"alvo1\">\n<p>O presidente da Comiss?o de Trabalho, Legisla\u00e7?o Social e Seguridade Social da Assembleia Legislativa do Rio (Alerj), deputado Paulo Ramos (PDT), enviar\u00e1 ao Minist\u00e9rio da Educa\u00e7?o (MEC) um of\u00edcio com questionamentos sobre o ensino superior privado no Estado do Rio de Janeiro. Dentre as den\u00fancias apresentadas por representantes de sindicatos de professores, em audi\u00eancia p\u00fablica realizada nesta segunda-feira (03\/05), est?o: atraso salarial, paralisa\u00e7?o no dep\u00f3sito do Fundo de Garantia por Tempo de Servi\u00e7o (FGTS), falta de plano de carreira para o corpo docente e avan\u00e7o no processo de mercantiliza\u00e7?o do ensino superior. &#8220;Acredito que estamos avan\u00e7ando na discuss?o do ensino superior privado. Mas \u00e9 preciso fazer algumas perguntas. \u00c9 poss\u00edvel preservar um setor importante da educa\u00e7?o submetido \u00e0 l\u00f3gica do mercado? O lucro e o resultado financeiro s?o mais importantes? Como fica a qualidade da educa\u00e7?o? E a forma\u00e7?o dos profissionais da educa\u00e7?o? Esses s?o os nossos desafios&#8221;, acredita o pedetista.<\/p>\n<p>Ramos anunciou ainda que a crise na educa\u00e7?o superior continuar\u00e1 sendo tema dos pr\u00f3ximos encontros da comiss?o: &#8220;por isso, com o tempo e com a realiza\u00e7?o desses encontros, vamos assumir uma compreens?o maior sobre o tema, como tamb\u00e9m descobrir qual \u00e9 o papel do MEC nesse assunto&#8221;. Os representantes do Sindicato dos Professores do Rio de Janeiro (Sinpro-RJ) quiseram saber do Minist\u00e9rio da Educa\u00e7?o sobre a falta de resposta em rela\u00e7?o a dois dossi\u00eas enviados pelo Sinpro apontando problemas espec\u00edficos nas faculdades Est\u00e1cio de S\u00e1 e UniverCidade. Al\u00e9m disso, externaram seu descontentamento com o rumo que as institui\u00e7?es de ensino privadas est?o tomando. &#8220;Na \u00faltima d\u00e9cada, elas v\u00eam se caracterizando pelo descumprimento de obriga\u00e7?es m\u00ednimas, como a educacional, com a inexist\u00eancia de conselhos universit\u00e1rios democr\u00e1ticos, e a trabalhista. Hoje, atrasos salariais e redu\u00e7?o de carga hor\u00e1ria s?o rotina&#8221;, comentou a diretora do sindicato, Magda Corr\u00eaa.<\/p>\n<p>O representante do Minist\u00e9rio da Educa\u00e7?o, professor Paulo C\u00e9sar Santana n?o soube responder os questionamentos feitos durante o encontro, mas garantiu que tanto o of\u00edcio enviado pela comiss?o como os documentos encaminhados pelo sindicato ser?o analisados e respondidos. &#8220;Somos uma representa\u00e7?o estadual do minist\u00e9rio e temos, portanto, as a\u00e7?es bastante limitadas. Agimos apenas como um bra\u00e7o do poder federal. Estamos recolhendo as reclama\u00e7?es e vamos repassar ao minist\u00e9rio, mas sabemos que o ministro (Fernando Haddad) vem atuando com a m?o pesada sobre estas irregularidades&#8221;, disse Santana. J\u00e1 o gestor respons\u00e1vel pela Universidade Est\u00e1cio de S\u00e1, Carlos Valvando, defendeu sua institui\u00e7?o e afirmou que a legisla\u00e7?o trabalhista sempre foi cumprida. &#8220;A situa\u00e7?o do professor \u00e9 diferente de um trabalhador comum. Temos quatro mil professores empregados na Est\u00e1cio, sendo que metade deles n?o \u00e9 exclusiva da universidade. V\u00e1rios desses professores n?o t\u00eam interesse em uma carga hor\u00e1ria completa, porque possuem outros empregos, seja em outras faculdades ou em empresas que n?o s?o de ensino&#8221;, explicou Valvando.<\/p>\n<p>O gestor deu ainda como exemplo a pequena procura de candidatos pelo curso de Fisioterapia para explicar a baixa carga hor\u00e1ria de alguns professores. &#8220;Em 2002, esse curso tinha 14.300 alunos e, em 2009, a procura n?o ultrapassou os 3.300 alunos&#8221;, concluiu. Tamb\u00e9m estiveram presentes alunos e professores da Universidade Igua\u00e7u (Unig) e membros da Sociedade Unificada de Ensino Superior e Cultura (Suesc).<\/p>\n<p>Estiveram presentes no evento os diretores do Sinpro-Rio Viviane Siqueira, Paulo Cesar Azevedo e \u00c1guida Cavalcanti, al\u00e9m da Coordenadora da Comiss?o de Educa\u00e7?o Superior, Magna Corr\u00eaa.<\/p>\n<p><a href=\"http:\/\/alerj.posterous.com\/deputado-paulo-ramos-fala-sobre-ensino-superi\" target=\"_blank\" rel=\"noopener\">Ou\u00e7a a entrevista do deputado Paulo Ramos (PDT)<\/a>.<\/p>\n<p>Fonte: Alerj     <\/p>\n<\/div>\n","protected":false},"excerpt":{"rendered":"<p>O presidente da Comiss?o de Trabalho, Legisla\u00e7?o Social e Seguridade Social da Assembleia Legislativa do Rio (Alerj), deputado Paulo Ramos (PDT), enviar\u00e1 ao Minist\u00e9rio da Educa\u00e7?o (MEC) um of\u00edcio com questionamentos sobre o ensino superior privado no Estado do Rio de Janeiro. Dentre as den\u00fancias apresentadas por representantes de sindicatos de professores, em audi\u00eancia p\u00fablica [&hellip;]<\/p>\n","protected":false},"author":1,"featured_media":0,"comment_status":"closed","ping_status":"open","sticky":false,"template":"","format":"standard","meta":{"footnotes":""},"categories":[1],"tags":[495],"class_list":["post-20591","post","type-post","status-publish","format-standard","hentry","category-noticias","tag-estacio"],"yoast_head":"<!-- This site is optimized with the Yoast SEO plugin v25.7 - https:\/\/yoast.com\/wordpress\/plugins\/seo\/ -->\n<title>Deputado quer informa\u00e7?es sobre universidades particulares no Estado - Sinpro-Rio<\/title>\n<meta name=\"robots\" content=\"index, follow, max-snippet:-1, max-image-preview:large, max-video-preview:-1\" \/>\n<link rel=\"canonical\" href=\"https:\/\/www.sinpro-rio.org.br\/principal\/deputado-quer-informac-es-sobre-universidades-particulares-no-estado\/\" \/>\n<meta property=\"og:locale\" content=\"pt_BR\" \/>\n<meta property=\"og:type\" content=\"article\" \/>\n<meta property=\"og:title\" content=\"Deputado quer informa\u00e7?es sobre universidades particulares no Estado - Sinpro-Rio\" \/>\n<meta property=\"og:description\" content=\"O presidente da Comiss?o de Trabalho, Legisla\u00e7?o Social e Seguridade Social da Assembleia Legislativa do Rio (Alerj), deputado Paulo Ramos (PDT), enviar\u00e1 ao Minist\u00e9rio da Educa\u00e7?o (MEC) um of\u00edcio com questionamentos sobre o ensino superior privado no Estado do Rio de Janeiro. Dentre as den\u00fancias apresentadas por representantes de sindicatos de professores, em audi\u00eancia p\u00fablica [&hellip;]\" \/>\n<meta property=\"og:url\" content=\"https:\/\/www.sinpro-rio.org.br\/principal\/deputado-quer-informac-es-sobre-universidades-particulares-no-estado\/\" \/>\n<meta property=\"og:site_name\" content=\"Sinpro-Rio\" \/>\n<meta property=\"article:published_time\" content=\"2010-01-01T00:00:00+00:00\" \/>\n<meta property=\"article:modified_time\" content=\"2023-07-07T17:40:25+00:00\" \/>\n<meta name=\"author\" content=\"rafaelrjp\" \/>\n<meta name=\"twitter:card\" content=\"summary_large_image\" \/>\n<meta name=\"twitter:label1\" content=\"Escrito por\" \/>\n\t<meta name=\"twitter:data1\" content=\"rafaelrjp\" \/>\n\t<meta name=\"twitter:label2\" content=\"Est. tempo de leitura\" \/>\n\t<meta name=\"twitter:data2\" content=\"3 minutos\" \/>\n<script type=\"application\/ld+json\" class=\"yoast-schema-graph\">{\"@context\":\"https:\/\/schema.org\",\"@graph\":[{\"@type\":\"WebPage\",\"@id\":\"https:\/\/www.sinpro-rio.org.br\/principal\/deputado-quer-informac-es-sobre-universidades-particulares-no-estado\/\",\"url\":\"https:\/\/www.sinpro-rio.org.br\/principal\/deputado-quer-informac-es-sobre-universidades-particulares-no-estado\/\",\"name\":\"Deputado quer informa\u00e7?es sobre universidades particulares no Estado - Sinpro-Rio\",\"isPartOf\":{\"@id\":\"https:\/\/www.sinpro-rio.org.br\/principal\/#website\"},\"datePublished\":\"2010-01-01T00:00:00+00:00\",\"dateModified\":\"2023-07-07T17:40:25+00:00\",\"author\":{\"@id\":\"https:\/\/www.sinpro-rio.org.br\/principal\/#\/schema\/person\/49feb585a2f57a31a6bd9f16f78e5be6\"},\"breadcrumb\":{\"@id\":\"https:\/\/www.sinpro-rio.org.br\/principal\/deputado-quer-informac-es-sobre-universidades-particulares-no-estado\/#breadcrumb\"},\"inLanguage\":\"pt-BR\",\"potentialAction\":[{\"@type\":\"ReadAction\",\"target\":[\"https:\/\/www.sinpro-rio.org.br\/principal\/deputado-quer-informac-es-sobre-universidades-particulares-no-estado\/\"]}]},{\"@type\":\"BreadcrumbList\",\"@id\":\"https:\/\/www.sinpro-rio.org.br\/principal\/deputado-quer-informac-es-sobre-universidades-particulares-no-estado\/#breadcrumb\",\"itemListElement\":[{\"@type\":\"ListItem\",\"position\":1,\"name\":\"In\u00edcio\",\"item\":\"https:\/\/www.sinpro-rio.org.br\/principal\/\"},{\"@type\":\"ListItem\",\"position\":2,\"name\":\"Deputado quer informa\u00e7?es sobre universidades particulares no Estado\"}]},{\"@type\":\"WebSite\",\"@id\":\"https:\/\/www.sinpro-rio.org.br\/principal\/#website\",\"url\":\"https:\/\/www.sinpro-rio.org.br\/principal\/\",\"name\":\"Sinpro-Rio\",\"description\":\"Sindicato dos Professores do Munic\u00edpio do Rio de Janeiro e Regi\u00e3o\",\"potentialAction\":[{\"@type\":\"SearchAction\",\"target\":{\"@type\":\"EntryPoint\",\"urlTemplate\":\"https:\/\/www.sinpro-rio.org.br\/principal\/?s={search_term_string}\"},\"query-input\":{\"@type\":\"PropertyValueSpecification\",\"valueRequired\":true,\"valueName\":\"search_term_string\"}}],\"inLanguage\":\"pt-BR\"},{\"@type\":\"Person\",\"@id\":\"https:\/\/www.sinpro-rio.org.br\/principal\/#\/schema\/person\/49feb585a2f57a31a6bd9f16f78e5be6\",\"name\":\"rafaelrjp\",\"image\":{\"@type\":\"ImageObject\",\"inLanguage\":\"pt-BR\",\"@id\":\"https:\/\/www.sinpro-rio.org.br\/principal\/#\/schema\/person\/image\/\",\"url\":\"https:\/\/secure.gravatar.com\/avatar\/489371a0ba4655c340b519882c68cf68?s=96&d=mm&r=g\",\"contentUrl\":\"https:\/\/secure.gravatar.com\/avatar\/489371a0ba4655c340b519882c68cf68?s=96&d=mm&r=g\",\"caption\":\"rafaelrjp\"},\"url\":\"https:\/\/www.sinpro-rio.org.br\/principal\/author\/rafaelrjp\/\"}]}<\/script>\n<!-- \/ Yoast SEO plugin. -->","yoast_head_json":{"title":"Deputado quer informa\u00e7?es sobre universidades particulares no Estado - Sinpro-Rio","robots":{"index":"index","follow":"follow","max-snippet":"max-snippet:-1","max-image-preview":"max-image-preview:large","max-video-preview":"max-video-preview:-1"},"canonical":"https:\/\/www.sinpro-rio.org.br\/principal\/deputado-quer-informac-es-sobre-universidades-particulares-no-estado\/","og_locale":"pt_BR","og_type":"article","og_title":"Deputado quer informa\u00e7?es sobre universidades particulares no Estado - Sinpro-Rio","og_description":"O presidente da Comiss?o de Trabalho, Legisla\u00e7?o Social e Seguridade Social da Assembleia Legislativa do Rio (Alerj), deputado Paulo Ramos (PDT), enviar\u00e1 ao Minist\u00e9rio da Educa\u00e7?o (MEC) um of\u00edcio com questionamentos sobre o ensino superior privado no Estado do Rio de Janeiro. Dentre as den\u00fancias apresentadas por representantes de sindicatos de professores, em audi\u00eancia p\u00fablica [&hellip;]","og_url":"https:\/\/www.sinpro-rio.org.br\/principal\/deputado-quer-informac-es-sobre-universidades-particulares-no-estado\/","og_site_name":"Sinpro-Rio","article_published_time":"2010-01-01T00:00:00+00:00","article_modified_time":"2023-07-07T17:40:25+00:00","author":"rafaelrjp","twitter_card":"summary_large_image","twitter_misc":{"Escrito por":"rafaelrjp","Est. tempo de leitura":"3 minutos"},"schema":{"@context":"https:\/\/schema.org","@graph":[{"@type":"WebPage","@id":"https:\/\/www.sinpro-rio.org.br\/principal\/deputado-quer-informac-es-sobre-universidades-particulares-no-estado\/","url":"https:\/\/www.sinpro-rio.org.br\/principal\/deputado-quer-informac-es-sobre-universidades-particulares-no-estado\/","name":"Deputado quer informa\u00e7?es sobre universidades particulares no Estado - Sinpro-Rio","isPartOf":{"@id":"https:\/\/www.sinpro-rio.org.br\/principal\/#website"},"datePublished":"2010-01-01T00:00:00+00:00","dateModified":"2023-07-07T17:40:25+00:00","author":{"@id":"https:\/\/www.sinpro-rio.org.br\/principal\/#\/schema\/person\/49feb585a2f57a31a6bd9f16f78e5be6"},"breadcrumb":{"@id":"https:\/\/www.sinpro-rio.org.br\/principal\/deputado-quer-informac-es-sobre-universidades-particulares-no-estado\/#breadcrumb"},"inLanguage":"pt-BR","potentialAction":[{"@type":"ReadAction","target":["https:\/\/www.sinpro-rio.org.br\/principal\/deputado-quer-informac-es-sobre-universidades-particulares-no-estado\/"]}]},{"@type":"BreadcrumbList","@id":"https:\/\/www.sinpro-rio.org.br\/principal\/deputado-quer-informac-es-sobre-universidades-particulares-no-estado\/#breadcrumb","itemListElement":[{"@type":"ListItem","position":1,"name":"In\u00edcio","item":"https:\/\/www.sinpro-rio.org.br\/principal\/"},{"@type":"ListItem","position":2,"name":"Deputado quer informa\u00e7?es sobre universidades particulares no Estado"}]},{"@type":"WebSite","@id":"https:\/\/www.sinpro-rio.org.br\/principal\/#website","url":"https:\/\/www.sinpro-rio.org.br\/principal\/","name":"Sinpro-Rio","description":"Sindicato dos Professores do Munic\u00edpio do Rio de Janeiro e Regi\u00e3o","potentialAction":[{"@type":"SearchAction","target":{"@type":"EntryPoint","urlTemplate":"https:\/\/www.sinpro-rio.org.br\/principal\/?s={search_term_string}"},"query-input":{"@type":"PropertyValueSpecification","valueRequired":true,"valueName":"search_term_string"}}],"inLanguage":"pt-BR"},{"@type":"Person","@id":"https:\/\/www.sinpro-rio.org.br\/principal\/#\/schema\/person\/49feb585a2f57a31a6bd9f16f78e5be6","name":"rafaelrjp","image":{"@type":"ImageObject","inLanguage":"pt-BR","@id":"https:\/\/www.sinpro-rio.org.br\/principal\/#\/schema\/person\/image\/","url":"https:\/\/secure.gravatar.com\/avatar\/489371a0ba4655c340b519882c68cf68?s=96&d=mm&r=g","contentUrl":"https:\/\/secure.gravatar.com\/avatar\/489371a0ba4655c340b519882c68cf68?s=96&d=mm&r=g","caption":"rafaelrjp"},"url":"https:\/\/www.sinpro-rio.org.br\/principal\/author\/rafaelrjp\/"}]}},"_links":{"self":[{"href":"https:\/\/www.sinpro-rio.org.br\/principal\/wp-json\/wp\/v2\/posts\/20591","targetHints":{"allow":["GET"]}}],"collection":[{"href":"https:\/\/www.sinpro-rio.org.br\/principal\/wp-json\/wp\/v2\/posts"}],"about":[{"href":"https:\/\/www.sinpro-rio.org.br\/principal\/wp-json\/wp\/v2\/types\/post"}],"author":[{"embeddable":true,"href":"https:\/\/www.sinpro-rio.org.br\/principal\/wp-json\/wp\/v2\/users\/1"}],"replies":[{"embeddable":true,"href":"https:\/\/www.sinpro-rio.org.br\/principal\/wp-json\/wp\/v2\/comments?post=20591"}],"version-history":[{"count":1,"href":"https:\/\/www.sinpro-rio.org.br\/principal\/wp-json\/wp\/v2\/posts\/20591\/revisions"}],"predecessor-version":[{"id":36105,"href":"https:\/\/www.sinpro-rio.org.br\/principal\/wp-json\/wp\/v2\/posts\/20591\/revisions\/36105"}],"wp:attachment":[{"href":"https:\/\/www.sinpro-rio.org.br\/principal\/wp-json\/wp\/v2\/media?parent=20591"}],"wp:term":[{"taxonomy":"category","embeddable":true,"href":"https:\/\/www.sinpro-rio.org.br\/principal\/wp-json\/wp\/v2\/categories?post=20591"},{"taxonomy":"post_tag","embeddable":true,"href":"https:\/\/www.sinpro-rio.org.br\/principal\/wp-json\/wp\/v2\/tags?post=20591"}],"curies":[{"name":"wp","href":"https:\/\/api.w.org\/{rel}","templated":true}]}}