{"id":20586,"date":"2010-01-01T00:00:00","date_gmt":"2010-01-01T00:00:00","guid":{"rendered":""},"modified":"-0001-11-30T00:00:00","modified_gmt":"-0001-11-30T03:00:00","slug":"policia-federal-podera-investigar-universidades-privadas-do-estado","status":"publish","type":"post","link":"https:\/\/www.sinpro-rio.org.br\/principal\/policia-federal-podera-investigar-universidades-privadas-do-estado\/","title":{"rendered":"Pol\u00edcia Federal poder\u00e1 investigar universidades privadas do estado"},"content":{"rendered":"<div class=\"alvo1\">\n<p>O presidente da Comiss?o de Trabalho, Legisla\u00e7?o Social e Seguridade Social da Assembleia Legislativa do Rio, deputado Paulo Ramos (PDT), ir\u00e1 enviar ao Minist\u00e9rio P\u00fablico Federal (MPF) e \u00e0 Pol\u00edcia Federal (PF) uma representa\u00e7?o para que seja aberta uma investiga\u00e7?o junto \u00e0s institui\u00e7?es de ensino superior privado que atuam no estado. No documento, Ramos denunciar\u00e1 as universidades pelo n?o recolhimento de encargos sociais e pela participa\u00e7?o de empresas financeiras em grupos mantenedores de centros de ensino superior particulares. &#8220;Estamos caminhando com o sindicato e temos recebido muitas den\u00fancias. Vamos solicitar \u00e0 Superintend\u00eancia Regional do Trabalho para que fa\u00e7a inspe\u00e7?es nas institui\u00e7?es que vamos relacionar. Hoje, elas t\u00eam acionistas com grande participa\u00e7?o que, simultaneamente, financiam bolsas de estudos para universit\u00e1rios. Cabe, na minha avalia\u00e7?o, uma investiga\u00e7?o rigorosa da PF nesses casos&#8221;, informou o parlamentar, durante audi\u00eancia p\u00fablica nesta segunda-feira (10\/05).<\/p>\n<p>A inten\u00e7?o de transferir a responsabilidade pela coordena\u00e7?o da Pol\u00edtica de Ensino Superior do Minist\u00e9rio da Educa\u00e7?o (MEC) para outros minist\u00e9rios tamb\u00e9m foi criticada durante o encontro. Segundo a assessora do Sindicato dos Professores do Munic\u00edpio do Rio e Regi?o (Sinpro-Rio), Aparecida Tiradentes, 90% das institui\u00e7?es de ensino superior s?o particulares e 75% dos universit\u00e1rios brasileiros est?o nas universidades privadas. &#8220;Tirar da esfera do MEC a fiscaliza\u00e7?o do ensino superior \u00e9 uma situa\u00e7?o extremamente grave. No \u00faltimo congresso das mantenedoras deste n\u00edvel de ensino, ficou deliberado que um dos pontos de reivindica\u00e7?o junto ao Congresso Nacional seria em favor da mudan\u00e7a da fun\u00e7?o regulamentadora e de coordena\u00e7?o da Pol\u00edtica de Ensino Superior privado do Pa\u00eds. A ideia seria transferir essa atribui\u00e7?o para outros minist\u00e9rios, como o do Desenvolvimento, Ind\u00fastria e Com\u00e9rcio Exterior. Essa posi\u00e7?o \u00e9 a da l\u00f3gica do ensino como mercadoria, o que nos preocupa muito&#8221;, disse Aparecida.<\/p>\n<p>Representante da Superintend\u00eancia Regional do Trabalho, Eliezer Ferreira dos Santos afirmou que os respons\u00e1veis por essas institui\u00e7?es sofrer?o as puni\u00e7?es cab\u00edveis caso fique comprovado que elas n?o est?o cumprindo a legisla\u00e7?o trabalhista. &#8220;A partir do momento que a institui\u00e7?o n?o deposita o direito do trabalhador, ela est\u00e1 cometendo uma irregularidade. O Minist\u00e9rio do Trabalho e Emprego, atrav\u00e9s de sua fiscaliza\u00e7?o, sempre que toma conhecimento de situa\u00e7?es como essa tem que agir. A empresa dever\u00e1 ser autuada e as provid\u00eancias ser?o tomadas&#8221;, comentou Santos.<\/p>\n<p>Estiveram presentes no evento os diretores do Sinpro-Rio Viviane Siqueira e Paulo Cesar Azevedo, al\u00e9m da Coordenadora da Comiss?o de Educa\u00e7?o Superior, Magna Corr\u00eaa, e o 2\u00ba vice, Ant\u00f4nio Rodrigues.<\/p>\n<p>Veja entrevistas da professora <a href=\"http:\/\/www.tvalerj.tv\/PlayMedia.do?mediaId=8141\" target=\"_blank\">Magna C\u00f4rrea<\/a> e dos professores <a href=\"http:\/\/www.tvalerj.tv\/PlayMedia.do?mediaId=6874\" target=\"_blank\">Wanderley Qu\u00eado e Paulo Cesar Ribeiro<\/a> na TV Alerj.<\/p>\n<p>Fonte: Alerj.     <\/p>\n<\/div>\n","protected":false},"excerpt":{"rendered":"<p>O presidente da Comiss?o de Trabalho, Legisla\u00e7?o Social e Seguridade Social da Assembleia Legislativa do Rio, deputado Paulo Ramos (PDT), ir\u00e1 enviar ao Minist\u00e9rio P\u00fablico Federal (MPF) e \u00e0 Pol\u00edcia Federal (PF) uma representa\u00e7?o para que seja aberta uma investiga\u00e7?o junto \u00e0s institui\u00e7?es de ensino superior privado que atuam no estado. No documento, Ramos denunciar\u00e1 [&hellip;]<\/p>\n","protected":false},"author":1,"featured_media":0,"comment_status":"closed","ping_status":"open","sticky":false,"template":"","format":"standard","meta":{"footnotes":""},"categories":[1],"tags":[],"class_list":["post-20586","post","type-post","status-publish","format-standard","hentry","category-noticias"],"yoast_head":"<!-- This site is optimized with the Yoast SEO plugin v25.7 - https:\/\/yoast.com\/wordpress\/plugins\/seo\/ -->\n<title>Pol\u00edcia Federal poder\u00e1 investigar universidades privadas do estado - Sinpro-Rio<\/title>\n<meta name=\"robots\" content=\"index, follow, max-snippet:-1, max-image-preview:large, max-video-preview:-1\" \/>\n<link rel=\"canonical\" href=\"https:\/\/www.sinpro-rio.org.br\/principal\/policia-federal-podera-investigar-universidades-privadas-do-estado\/\" \/>\n<meta property=\"og:locale\" content=\"pt_BR\" \/>\n<meta property=\"og:type\" content=\"article\" \/>\n<meta property=\"og:title\" content=\"Pol\u00edcia Federal poder\u00e1 investigar universidades privadas do estado - Sinpro-Rio\" \/>\n<meta property=\"og:description\" content=\"O presidente da Comiss?o de Trabalho, Legisla\u00e7?o Social e Seguridade Social da Assembleia Legislativa do Rio, deputado Paulo Ramos (PDT), ir\u00e1 enviar ao Minist\u00e9rio P\u00fablico Federal (MPF) e \u00e0 Pol\u00edcia Federal (PF) uma representa\u00e7?o para que seja aberta uma investiga\u00e7?o junto \u00e0s institui\u00e7?es de ensino superior privado que atuam no estado. No documento, Ramos denunciar\u00e1 [&hellip;]\" \/>\n<meta property=\"og:url\" content=\"https:\/\/www.sinpro-rio.org.br\/principal\/policia-federal-podera-investigar-universidades-privadas-do-estado\/\" \/>\n<meta property=\"og:site_name\" content=\"Sinpro-Rio\" \/>\n<meta property=\"article:published_time\" content=\"2010-01-01T00:00:00+00:00\" \/>\n<meta name=\"author\" content=\"rafaelrjp\" \/>\n<meta name=\"twitter:card\" content=\"summary_large_image\" \/>\n<meta name=\"twitter:label1\" content=\"Escrito por\" \/>\n\t<meta name=\"twitter:data1\" content=\"rafaelrjp\" \/>\n\t<meta name=\"twitter:label2\" content=\"Est. tempo de leitura\" \/>\n\t<meta name=\"twitter:data2\" content=\"2 minutos\" \/>\n<script type=\"application\/ld+json\" class=\"yoast-schema-graph\">{\"@context\":\"https:\/\/schema.org\",\"@graph\":[{\"@type\":\"WebPage\",\"@id\":\"https:\/\/www.sinpro-rio.org.br\/principal\/policia-federal-podera-investigar-universidades-privadas-do-estado\/\",\"url\":\"https:\/\/www.sinpro-rio.org.br\/principal\/policia-federal-podera-investigar-universidades-privadas-do-estado\/\",\"name\":\"Pol\u00edcia Federal poder\u00e1 investigar universidades privadas do estado - Sinpro-Rio\",\"isPartOf\":{\"@id\":\"https:\/\/www.sinpro-rio.org.br\/principal\/#website\"},\"datePublished\":\"2010-01-01T00:00:00+00:00\",\"author\":{\"@id\":\"https:\/\/www.sinpro-rio.org.br\/principal\/#\/schema\/person\/49feb585a2f57a31a6bd9f16f78e5be6\"},\"breadcrumb\":{\"@id\":\"https:\/\/www.sinpro-rio.org.br\/principal\/policia-federal-podera-investigar-universidades-privadas-do-estado\/#breadcrumb\"},\"inLanguage\":\"pt-BR\",\"potentialAction\":[{\"@type\":\"ReadAction\",\"target\":[\"https:\/\/www.sinpro-rio.org.br\/principal\/policia-federal-podera-investigar-universidades-privadas-do-estado\/\"]}]},{\"@type\":\"BreadcrumbList\",\"@id\":\"https:\/\/www.sinpro-rio.org.br\/principal\/policia-federal-podera-investigar-universidades-privadas-do-estado\/#breadcrumb\",\"itemListElement\":[{\"@type\":\"ListItem\",\"position\":1,\"name\":\"In\u00edcio\",\"item\":\"https:\/\/www.sinpro-rio.org.br\/principal\/\"},{\"@type\":\"ListItem\",\"position\":2,\"name\":\"Pol\u00edcia Federal poder\u00e1 investigar universidades privadas do estado\"}]},{\"@type\":\"WebSite\",\"@id\":\"https:\/\/www.sinpro-rio.org.br\/principal\/#website\",\"url\":\"https:\/\/www.sinpro-rio.org.br\/principal\/\",\"name\":\"Sinpro-Rio\",\"description\":\"Sindicato dos Professores do Munic\u00edpio do Rio de Janeiro e Regi\u00e3o\",\"potentialAction\":[{\"@type\":\"SearchAction\",\"target\":{\"@type\":\"EntryPoint\",\"urlTemplate\":\"https:\/\/www.sinpro-rio.org.br\/principal\/?s={search_term_string}\"},\"query-input\":{\"@type\":\"PropertyValueSpecification\",\"valueRequired\":true,\"valueName\":\"search_term_string\"}}],\"inLanguage\":\"pt-BR\"},{\"@type\":\"Person\",\"@id\":\"https:\/\/www.sinpro-rio.org.br\/principal\/#\/schema\/person\/49feb585a2f57a31a6bd9f16f78e5be6\",\"name\":\"rafaelrjp\",\"image\":{\"@type\":\"ImageObject\",\"inLanguage\":\"pt-BR\",\"@id\":\"https:\/\/www.sinpro-rio.org.br\/principal\/#\/schema\/person\/image\/\",\"url\":\"https:\/\/secure.gravatar.com\/avatar\/489371a0ba4655c340b519882c68cf68?s=96&d=mm&r=g\",\"contentUrl\":\"https:\/\/secure.gravatar.com\/avatar\/489371a0ba4655c340b519882c68cf68?s=96&d=mm&r=g\",\"caption\":\"rafaelrjp\"},\"url\":\"https:\/\/www.sinpro-rio.org.br\/principal\/author\/rafaelrjp\/\"}]}<\/script>\n<!-- \/ Yoast SEO plugin. -->","yoast_head_json":{"title":"Pol\u00edcia Federal poder\u00e1 investigar universidades privadas do estado - Sinpro-Rio","robots":{"index":"index","follow":"follow","max-snippet":"max-snippet:-1","max-image-preview":"max-image-preview:large","max-video-preview":"max-video-preview:-1"},"canonical":"https:\/\/www.sinpro-rio.org.br\/principal\/policia-federal-podera-investigar-universidades-privadas-do-estado\/","og_locale":"pt_BR","og_type":"article","og_title":"Pol\u00edcia Federal poder\u00e1 investigar universidades privadas do estado - Sinpro-Rio","og_description":"O presidente da Comiss?o de Trabalho, Legisla\u00e7?o Social e Seguridade Social da Assembleia Legislativa do Rio, deputado Paulo Ramos (PDT), ir\u00e1 enviar ao Minist\u00e9rio P\u00fablico Federal (MPF) e \u00e0 Pol\u00edcia Federal (PF) uma representa\u00e7?o para que seja aberta uma investiga\u00e7?o junto \u00e0s institui\u00e7?es de ensino superior privado que atuam no estado. No documento, Ramos denunciar\u00e1 [&hellip;]","og_url":"https:\/\/www.sinpro-rio.org.br\/principal\/policia-federal-podera-investigar-universidades-privadas-do-estado\/","og_site_name":"Sinpro-Rio","article_published_time":"2010-01-01T00:00:00+00:00","author":"rafaelrjp","twitter_card":"summary_large_image","twitter_misc":{"Escrito por":"rafaelrjp","Est. tempo de leitura":"2 minutos"},"schema":{"@context":"https:\/\/schema.org","@graph":[{"@type":"WebPage","@id":"https:\/\/www.sinpro-rio.org.br\/principal\/policia-federal-podera-investigar-universidades-privadas-do-estado\/","url":"https:\/\/www.sinpro-rio.org.br\/principal\/policia-federal-podera-investigar-universidades-privadas-do-estado\/","name":"Pol\u00edcia Federal poder\u00e1 investigar universidades privadas do estado - Sinpro-Rio","isPartOf":{"@id":"https:\/\/www.sinpro-rio.org.br\/principal\/#website"},"datePublished":"2010-01-01T00:00:00+00:00","author":{"@id":"https:\/\/www.sinpro-rio.org.br\/principal\/#\/schema\/person\/49feb585a2f57a31a6bd9f16f78e5be6"},"breadcrumb":{"@id":"https:\/\/www.sinpro-rio.org.br\/principal\/policia-federal-podera-investigar-universidades-privadas-do-estado\/#breadcrumb"},"inLanguage":"pt-BR","potentialAction":[{"@type":"ReadAction","target":["https:\/\/www.sinpro-rio.org.br\/principal\/policia-federal-podera-investigar-universidades-privadas-do-estado\/"]}]},{"@type":"BreadcrumbList","@id":"https:\/\/www.sinpro-rio.org.br\/principal\/policia-federal-podera-investigar-universidades-privadas-do-estado\/#breadcrumb","itemListElement":[{"@type":"ListItem","position":1,"name":"In\u00edcio","item":"https:\/\/www.sinpro-rio.org.br\/principal\/"},{"@type":"ListItem","position":2,"name":"Pol\u00edcia Federal poder\u00e1 investigar universidades privadas do estado"}]},{"@type":"WebSite","@id":"https:\/\/www.sinpro-rio.org.br\/principal\/#website","url":"https:\/\/www.sinpro-rio.org.br\/principal\/","name":"Sinpro-Rio","description":"Sindicato dos Professores do Munic\u00edpio do Rio de Janeiro e Regi\u00e3o","potentialAction":[{"@type":"SearchAction","target":{"@type":"EntryPoint","urlTemplate":"https:\/\/www.sinpro-rio.org.br\/principal\/?s={search_term_string}"},"query-input":{"@type":"PropertyValueSpecification","valueRequired":true,"valueName":"search_term_string"}}],"inLanguage":"pt-BR"},{"@type":"Person","@id":"https:\/\/www.sinpro-rio.org.br\/principal\/#\/schema\/person\/49feb585a2f57a31a6bd9f16f78e5be6","name":"rafaelrjp","image":{"@type":"ImageObject","inLanguage":"pt-BR","@id":"https:\/\/www.sinpro-rio.org.br\/principal\/#\/schema\/person\/image\/","url":"https:\/\/secure.gravatar.com\/avatar\/489371a0ba4655c340b519882c68cf68?s=96&d=mm&r=g","contentUrl":"https:\/\/secure.gravatar.com\/avatar\/489371a0ba4655c340b519882c68cf68?s=96&d=mm&r=g","caption":"rafaelrjp"},"url":"https:\/\/www.sinpro-rio.org.br\/principal\/author\/rafaelrjp\/"}]}},"_links":{"self":[{"href":"https:\/\/www.sinpro-rio.org.br\/principal\/wp-json\/wp\/v2\/posts\/20586","targetHints":{"allow":["GET"]}}],"collection":[{"href":"https:\/\/www.sinpro-rio.org.br\/principal\/wp-json\/wp\/v2\/posts"}],"about":[{"href":"https:\/\/www.sinpro-rio.org.br\/principal\/wp-json\/wp\/v2\/types\/post"}],"author":[{"embeddable":true,"href":"https:\/\/www.sinpro-rio.org.br\/principal\/wp-json\/wp\/v2\/users\/1"}],"replies":[{"embeddable":true,"href":"https:\/\/www.sinpro-rio.org.br\/principal\/wp-json\/wp\/v2\/comments?post=20586"}],"version-history":[{"count":0,"href":"https:\/\/www.sinpro-rio.org.br\/principal\/wp-json\/wp\/v2\/posts\/20586\/revisions"}],"wp:attachment":[{"href":"https:\/\/www.sinpro-rio.org.br\/principal\/wp-json\/wp\/v2\/media?parent=20586"}],"wp:term":[{"taxonomy":"category","embeddable":true,"href":"https:\/\/www.sinpro-rio.org.br\/principal\/wp-json\/wp\/v2\/categories?post=20586"},{"taxonomy":"post_tag","embeddable":true,"href":"https:\/\/www.sinpro-rio.org.br\/principal\/wp-json\/wp\/v2\/tags?post=20586"}],"curies":[{"name":"wp","href":"https:\/\/api.w.org\/{rel}","templated":true}]}}