{"id":20582,"date":"2010-01-01T00:00:00","date_gmt":"2010-01-01T00:00:00","guid":{"rendered":""},"modified":"-0001-11-30T00:00:00","modified_gmt":"-0001-11-30T03:00:00","slug":"escola-do-professor-completa-10-anos-e-promove-debate-sobre-quot-desafio-de-educar-quot","status":"publish","type":"post","link":"https:\/\/www.sinpro-rio.org.br\/principal\/escola-do-professor-completa-10-anos-e-promove-debate-sobre-quot-desafio-de-educar-quot\/","title":{"rendered":"Escola do Professor completa 10 anos e promove debate sobre &quot;Desafio de Educar&quot;"},"content":{"rendered":"<div class=\"alvo1\">\n<p>Nos dias 14 e 15 de maio foi realizado, no Col\u00e9gio Pedro II, unidade S?o Crist\u00f3v?o, o semin\u00e1rio &#8220;Desafio de Educar &#8211; lidando com os problemas na aprendizagem e no comportamento&#8221;, com o objetivo de refletir sobre os desafios postos \u00e0 pr\u00e1tica docente no contexto do trabalho inclusivo e de informar, te\u00f3rica e praticamente sobre dislexia, discalculia, transtorno do d\u00e9ficit de aten\u00e7?o com hiperatividade (TDAH), problemas sensoriais e motores, superdota\u00e7?o, varia\u00e7?es de humor e autismo.<\/p>\n<p>A diretora de Educa\u00e7?o e Cultura do Sinpro-Rio, Maria do C\u00e9u Carvalho, lembrou as in\u00fameras atividades desenvolvidas pela Escola do Professor, ao longo destes 10 anos, que abordaram os mais diversos temas como a &#8220;\u00c1frica&#8221;, os &#8220;20 Anos da Constitui\u00e7?o&#8221;, o &#8220;Futuro da doc\u00eancia&#8221;, a &#8220;Literatura infanto-juvenil&#8221;, o &#8220;Brasil no mundo&#8221;, os Trabalhadores na literatura&#8221;, &#8220;Oficina de indicadores sociais&#8221;, &#8220;A escola e a nova configura\u00e7?o familiar&#8221;, &#8220;Sa\u00fade do professor&#8221;, entre outros.<\/p>\n<p>Maria do C\u00e9u tamb\u00e9m destacou a import\u00e2ncia da inclus?o escolar nesta data comemorativa, como o semin\u00e1rio realizado em outubro de 2003 no MEC, que teve mais de 400 inscritos, que depois acabou rendendo edi\u00e7?es em Campo Grande, Barra, Madureira e Jacarepagu\u00e1, al\u00e9m da Revista Sinpro-Rio &#8220;Dificuldades de aprendizagem&#8221;, de maio de 2004, at\u00e9 hoje a mais acessada no portal do Sindicato.<\/p>\n<p>Encerrando, citou como o escritor mineiro Otto Lara Resende retratava a educadora Helena Antipoff, pioneira na educa\u00e7?o socioconstrutiva e uma das criadoras da Sociedade Pestalozzi: &#8220;Para fazer tudo que fez, tanto, esse tant?o, Dona Helena tinha de ser, uma personalidade diligente de a\u00e7?o. Ela se prop\u00f4s &#8220;agir pelo exemplo e melhorar a vida que nos rodeia&#8221;.&#8221;<\/p>\n<p>O presidente do Sinpro-Rio, Wanderley Qu\u00eado, destacou que os professores t\u00eam que refletir como lidam com os portadores de necessidades especiais no seu dia a dia; se da mesma maneira dentro e fora de sala de aula; ou se estavam ali somente para solucionar um &#8220;problema&#8221; que surgiu em sua turma.<\/p>\n<p>&#8211; A perspectiva da educa\u00e7?o inclusiva \u00e9 para ajudarmos a n\u00f3s mesmos. O dia em que percebermos que o mundo \u00e9 diferente, mesmo entre os ditos iguais, construiremos uma realidade muito melhor &#8211; concluiu.<\/p>\n<p>Nos dois dias de trabalhos foram realizadas tr\u00eas mesas de debates, num total de nove palestras que abordaram o trabalho da educa\u00e7?o inclusiva nas escolas.<\/p>\n<p>Na mesa 1, &#8220;Aprendizagem escolares e suas dificuldades&#8221;, foram abordados dislexia, por Renata Mousinho, doutora em Lingu\u00edstica, especialista em Educa\u00e7?o Especial Inclusiva e professora adjunta da UFRJ; discalculia pela professora Flavia Heloisa dos Santos, doutora da Universidade Estadual Paulista (Unesp) e p\u00f3s-graduada em Psicologia; e TDAH por Cristina Espanha, psicopedagoga cl\u00ednica e orientadora educacional do Col\u00e9gio Santo In\u00e1cio.<\/p>\n<p>A mesa 2, &#8220;Entendendo para melhor incluir: problemas sensoriais e motores&#8221;, discutiu as quest?es da audi\u00e7?o, com a psicopedagoga e doutora em Psicologia Social\/UFRJ, Aliny Lamoglia; da vis?o, com a terapeuta ocupacional e psicopedagoga\/Instituto Fernandes Figueira e Ibol\/Projeto Catarata, Ana Helena Schreiber; e da motricidade, com a terapeuta ocupacional e psicopedagoga, doutora em Educa\u00e7?o pela Uerj e professora adjunta da Faculdade de Medicina da UFRJ, Myriam Pelosi.<\/p>\n<p>&#8220;Quest?es de comportamento e desenvolvimento&#8221; norteou a mesa 3 com palestras sobre altas habilidades, com a psic\u00f3loga Crisitina Delou, doutora em Educa\u00e7?o, professora\/UFF e presidente do Conselho Brasileiro de Superdota\u00e7?o; sobre varia\u00e7?es de humor e explos?es no ambiente escolar, com Cibele Fernandes, psic\u00f3loga escolar, terapeuta de fam\u00edlia e neuropsic\u00f3loga; e sobre habilidade social (espectro aut\u00edstico), com Carla Gruber Gikovate, neurologista infantil, especialista em Educa\u00e7?o Especial Inclusiva e mestra em Psicologia.<\/p>\n<p>Tamb\u00e9m estiveram presentes ao semin\u00e1rio Vera Rodrigues, diretora geral do Col\u00e9gio Pedro II; Maria de F\u00e1tima Magalh?es de Lima, mestranda em Educa\u00e7?o\/PUC-Rio, diretora da Escola P\u00fablica Municipal Aracy Muniz Freire; Marcia Cavadas, doutora em Dist\u00farbios da Comunica\u00e7?o Humana e professora adjunta de Fonoaudiologia da Faculdade de Medicina da UFRJ, representante da Associa\u00e7?o Nacional de Dislexia (AND); Claudia Grabois, representante do Instituto Helena Antipoff da SME\/Rio; e Maria Aparecida Etelvina Ivas Lima, chefe da Se\u00e7?o de Educa\u00e7?o Especial do Col\u00e9gio Pedro II.<\/p>\n<p>Durante o evento foi lan\u00e7ada a nova edi\u00e7?o da Revista Sinpro-Rio, com o tema &#8220;Lidando com os problemas na aprendizagem e no comportamento&#8221;, com artigos dos palestrantes presentes ao semin\u00e1rio sobre o seu respectivo tema.<\/p>\n<\/div>\n","protected":false},"excerpt":{"rendered":"<p>Nos dias 14 e 15 de maio foi realizado, no Col\u00e9gio Pedro II, unidade S?o Crist\u00f3v?o, o semin\u00e1rio &#8220;Desafio de Educar &#8211; lidando com os problemas na aprendizagem e no comportamento&#8221;, com o objetivo de refletir sobre os desafios postos \u00e0 pr\u00e1tica docente no contexto do trabalho inclusivo e de informar, te\u00f3rica e praticamente sobre [&hellip;]<\/p>\n","protected":false},"author":1,"featured_media":0,"comment_status":"closed","ping_status":"open","sticky":false,"template":"","format":"standard","meta":{"footnotes":""},"categories":[1],"tags":[],"class_list":["post-20582","post","type-post","status-publish","format-standard","hentry","category-noticias"],"yoast_head":"<!-- This site is optimized with the Yoast SEO plugin v25.7 - https:\/\/yoast.com\/wordpress\/plugins\/seo\/ -->\n<title>Escola do Professor completa 10 anos e promove debate sobre &quot;Desafio de Educar&quot; - Sinpro-Rio<\/title>\n<meta name=\"robots\" content=\"index, follow, max-snippet:-1, max-image-preview:large, max-video-preview:-1\" \/>\n<link rel=\"canonical\" href=\"https:\/\/www.sinpro-rio.org.br\/principal\/escola-do-professor-completa-10-anos-e-promove-debate-sobre-quot-desafio-de-educar-quot\/\" \/>\n<meta property=\"og:locale\" content=\"pt_BR\" \/>\n<meta property=\"og:type\" content=\"article\" \/>\n<meta property=\"og:title\" content=\"Escola do Professor completa 10 anos e promove debate sobre &quot;Desafio de Educar&quot; - Sinpro-Rio\" \/>\n<meta property=\"og:description\" content=\"Nos dias 14 e 15 de maio foi realizado, no Col\u00e9gio Pedro II, unidade S?o Crist\u00f3v?o, o semin\u00e1rio &#8220;Desafio de Educar &#8211; lidando com os problemas na aprendizagem e no comportamento&#8221;, com o objetivo de refletir sobre os desafios postos \u00e0 pr\u00e1tica docente no contexto do trabalho inclusivo e de informar, te\u00f3rica e praticamente sobre [&hellip;]\" \/>\n<meta property=\"og:url\" content=\"https:\/\/www.sinpro-rio.org.br\/principal\/escola-do-professor-completa-10-anos-e-promove-debate-sobre-quot-desafio-de-educar-quot\/\" \/>\n<meta property=\"og:site_name\" content=\"Sinpro-Rio\" \/>\n<meta property=\"article:published_time\" content=\"2010-01-01T00:00:00+00:00\" \/>\n<meta name=\"author\" content=\"rafaelrjp\" \/>\n<meta name=\"twitter:card\" content=\"summary_large_image\" \/>\n<meta name=\"twitter:label1\" content=\"Escrito por\" \/>\n\t<meta name=\"twitter:data1\" content=\"rafaelrjp\" \/>\n\t<meta name=\"twitter:label2\" content=\"Est. tempo de leitura\" \/>\n\t<meta name=\"twitter:data2\" content=\"4 minutos\" \/>\n<script type=\"application\/ld+json\" class=\"yoast-schema-graph\">{\"@context\":\"https:\/\/schema.org\",\"@graph\":[{\"@type\":\"WebPage\",\"@id\":\"https:\/\/www.sinpro-rio.org.br\/principal\/escola-do-professor-completa-10-anos-e-promove-debate-sobre-quot-desafio-de-educar-quot\/\",\"url\":\"https:\/\/www.sinpro-rio.org.br\/principal\/escola-do-professor-completa-10-anos-e-promove-debate-sobre-quot-desafio-de-educar-quot\/\",\"name\":\"Escola do Professor completa 10 anos e promove debate sobre &quot;Desafio de Educar&quot; - Sinpro-Rio\",\"isPartOf\":{\"@id\":\"https:\/\/www.sinpro-rio.org.br\/principal\/#website\"},\"datePublished\":\"2010-01-01T00:00:00+00:00\",\"author\":{\"@id\":\"https:\/\/www.sinpro-rio.org.br\/principal\/#\/schema\/person\/49feb585a2f57a31a6bd9f16f78e5be6\"},\"breadcrumb\":{\"@id\":\"https:\/\/www.sinpro-rio.org.br\/principal\/escola-do-professor-completa-10-anos-e-promove-debate-sobre-quot-desafio-de-educar-quot\/#breadcrumb\"},\"inLanguage\":\"pt-BR\",\"potentialAction\":[{\"@type\":\"ReadAction\",\"target\":[\"https:\/\/www.sinpro-rio.org.br\/principal\/escola-do-professor-completa-10-anos-e-promove-debate-sobre-quot-desafio-de-educar-quot\/\"]}]},{\"@type\":\"BreadcrumbList\",\"@id\":\"https:\/\/www.sinpro-rio.org.br\/principal\/escola-do-professor-completa-10-anos-e-promove-debate-sobre-quot-desafio-de-educar-quot\/#breadcrumb\",\"itemListElement\":[{\"@type\":\"ListItem\",\"position\":1,\"name\":\"In\u00edcio\",\"item\":\"https:\/\/www.sinpro-rio.org.br\/principal\/\"},{\"@type\":\"ListItem\",\"position\":2,\"name\":\"Escola do Professor completa 10 anos e promove debate sobre &quot;Desafio de Educar&quot;\"}]},{\"@type\":\"WebSite\",\"@id\":\"https:\/\/www.sinpro-rio.org.br\/principal\/#website\",\"url\":\"https:\/\/www.sinpro-rio.org.br\/principal\/\",\"name\":\"Sinpro-Rio\",\"description\":\"Sindicato dos Professores do Munic\u00edpio do Rio de Janeiro e Regi\u00e3o\",\"potentialAction\":[{\"@type\":\"SearchAction\",\"target\":{\"@type\":\"EntryPoint\",\"urlTemplate\":\"https:\/\/www.sinpro-rio.org.br\/principal\/?s={search_term_string}\"},\"query-input\":{\"@type\":\"PropertyValueSpecification\",\"valueRequired\":true,\"valueName\":\"search_term_string\"}}],\"inLanguage\":\"pt-BR\"},{\"@type\":\"Person\",\"@id\":\"https:\/\/www.sinpro-rio.org.br\/principal\/#\/schema\/person\/49feb585a2f57a31a6bd9f16f78e5be6\",\"name\":\"rafaelrjp\",\"image\":{\"@type\":\"ImageObject\",\"inLanguage\":\"pt-BR\",\"@id\":\"https:\/\/www.sinpro-rio.org.br\/principal\/#\/schema\/person\/image\/\",\"url\":\"https:\/\/secure.gravatar.com\/avatar\/489371a0ba4655c340b519882c68cf68?s=96&d=mm&r=g\",\"contentUrl\":\"https:\/\/secure.gravatar.com\/avatar\/489371a0ba4655c340b519882c68cf68?s=96&d=mm&r=g\",\"caption\":\"rafaelrjp\"},\"url\":\"https:\/\/www.sinpro-rio.org.br\/principal\/author\/rafaelrjp\/\"}]}<\/script>\n<!-- \/ Yoast SEO plugin. -->","yoast_head_json":{"title":"Escola do Professor completa 10 anos e promove debate sobre &quot;Desafio de Educar&quot; - Sinpro-Rio","robots":{"index":"index","follow":"follow","max-snippet":"max-snippet:-1","max-image-preview":"max-image-preview:large","max-video-preview":"max-video-preview:-1"},"canonical":"https:\/\/www.sinpro-rio.org.br\/principal\/escola-do-professor-completa-10-anos-e-promove-debate-sobre-quot-desafio-de-educar-quot\/","og_locale":"pt_BR","og_type":"article","og_title":"Escola do Professor completa 10 anos e promove debate sobre &quot;Desafio de Educar&quot; - Sinpro-Rio","og_description":"Nos dias 14 e 15 de maio foi realizado, no Col\u00e9gio Pedro II, unidade S?o Crist\u00f3v?o, o semin\u00e1rio &#8220;Desafio de Educar &#8211; lidando com os problemas na aprendizagem e no comportamento&#8221;, com o objetivo de refletir sobre os desafios postos \u00e0 pr\u00e1tica docente no contexto do trabalho inclusivo e de informar, te\u00f3rica e praticamente sobre [&hellip;]","og_url":"https:\/\/www.sinpro-rio.org.br\/principal\/escola-do-professor-completa-10-anos-e-promove-debate-sobre-quot-desafio-de-educar-quot\/","og_site_name":"Sinpro-Rio","article_published_time":"2010-01-01T00:00:00+00:00","author":"rafaelrjp","twitter_card":"summary_large_image","twitter_misc":{"Escrito por":"rafaelrjp","Est. tempo de leitura":"4 minutos"},"schema":{"@context":"https:\/\/schema.org","@graph":[{"@type":"WebPage","@id":"https:\/\/www.sinpro-rio.org.br\/principal\/escola-do-professor-completa-10-anos-e-promove-debate-sobre-quot-desafio-de-educar-quot\/","url":"https:\/\/www.sinpro-rio.org.br\/principal\/escola-do-professor-completa-10-anos-e-promove-debate-sobre-quot-desafio-de-educar-quot\/","name":"Escola do Professor completa 10 anos e promove debate sobre &quot;Desafio de Educar&quot; - Sinpro-Rio","isPartOf":{"@id":"https:\/\/www.sinpro-rio.org.br\/principal\/#website"},"datePublished":"2010-01-01T00:00:00+00:00","author":{"@id":"https:\/\/www.sinpro-rio.org.br\/principal\/#\/schema\/person\/49feb585a2f57a31a6bd9f16f78e5be6"},"breadcrumb":{"@id":"https:\/\/www.sinpro-rio.org.br\/principal\/escola-do-professor-completa-10-anos-e-promove-debate-sobre-quot-desafio-de-educar-quot\/#breadcrumb"},"inLanguage":"pt-BR","potentialAction":[{"@type":"ReadAction","target":["https:\/\/www.sinpro-rio.org.br\/principal\/escola-do-professor-completa-10-anos-e-promove-debate-sobre-quot-desafio-de-educar-quot\/"]}]},{"@type":"BreadcrumbList","@id":"https:\/\/www.sinpro-rio.org.br\/principal\/escola-do-professor-completa-10-anos-e-promove-debate-sobre-quot-desafio-de-educar-quot\/#breadcrumb","itemListElement":[{"@type":"ListItem","position":1,"name":"In\u00edcio","item":"https:\/\/www.sinpro-rio.org.br\/principal\/"},{"@type":"ListItem","position":2,"name":"Escola do Professor completa 10 anos e promove debate sobre &quot;Desafio de Educar&quot;"}]},{"@type":"WebSite","@id":"https:\/\/www.sinpro-rio.org.br\/principal\/#website","url":"https:\/\/www.sinpro-rio.org.br\/principal\/","name":"Sinpro-Rio","description":"Sindicato dos Professores do Munic\u00edpio do Rio de Janeiro e Regi\u00e3o","potentialAction":[{"@type":"SearchAction","target":{"@type":"EntryPoint","urlTemplate":"https:\/\/www.sinpro-rio.org.br\/principal\/?s={search_term_string}"},"query-input":{"@type":"PropertyValueSpecification","valueRequired":true,"valueName":"search_term_string"}}],"inLanguage":"pt-BR"},{"@type":"Person","@id":"https:\/\/www.sinpro-rio.org.br\/principal\/#\/schema\/person\/49feb585a2f57a31a6bd9f16f78e5be6","name":"rafaelrjp","image":{"@type":"ImageObject","inLanguage":"pt-BR","@id":"https:\/\/www.sinpro-rio.org.br\/principal\/#\/schema\/person\/image\/","url":"https:\/\/secure.gravatar.com\/avatar\/489371a0ba4655c340b519882c68cf68?s=96&d=mm&r=g","contentUrl":"https:\/\/secure.gravatar.com\/avatar\/489371a0ba4655c340b519882c68cf68?s=96&d=mm&r=g","caption":"rafaelrjp"},"url":"https:\/\/www.sinpro-rio.org.br\/principal\/author\/rafaelrjp\/"}]}},"_links":{"self":[{"href":"https:\/\/www.sinpro-rio.org.br\/principal\/wp-json\/wp\/v2\/posts\/20582","targetHints":{"allow":["GET"]}}],"collection":[{"href":"https:\/\/www.sinpro-rio.org.br\/principal\/wp-json\/wp\/v2\/posts"}],"about":[{"href":"https:\/\/www.sinpro-rio.org.br\/principal\/wp-json\/wp\/v2\/types\/post"}],"author":[{"embeddable":true,"href":"https:\/\/www.sinpro-rio.org.br\/principal\/wp-json\/wp\/v2\/users\/1"}],"replies":[{"embeddable":true,"href":"https:\/\/www.sinpro-rio.org.br\/principal\/wp-json\/wp\/v2\/comments?post=20582"}],"version-history":[{"count":0,"href":"https:\/\/www.sinpro-rio.org.br\/principal\/wp-json\/wp\/v2\/posts\/20582\/revisions"}],"wp:attachment":[{"href":"https:\/\/www.sinpro-rio.org.br\/principal\/wp-json\/wp\/v2\/media?parent=20582"}],"wp:term":[{"taxonomy":"category","embeddable":true,"href":"https:\/\/www.sinpro-rio.org.br\/principal\/wp-json\/wp\/v2\/categories?post=20582"},{"taxonomy":"post_tag","embeddable":true,"href":"https:\/\/www.sinpro-rio.org.br\/principal\/wp-json\/wp\/v2\/tags?post=20582"}],"curies":[{"name":"wp","href":"https:\/\/api.w.org\/{rel}","templated":true}]}}