{"id":20577,"date":"2010-01-01T00:00:00","date_gmt":"2010-01-01T00:00:00","guid":{"rendered":""},"modified":"-0001-11-30T00:00:00","modified_gmt":"-0001-11-30T03:00:00","slug":"professores-as-da-ugf-eleic-o-da-associac-o-docente","status":"publish","type":"post","link":"https:\/\/www.sinpro-rio.org.br\/principal\/professores-as-da-ugf-eleic-o-da-associac-o-docente\/","title":{"rendered":"Professores(as) da UGF: Elei\u00e7?o da Associa\u00e7?o Docente"},"content":{"rendered":"<div class=\"alvo1\">\n<p>A cria\u00e7?o da Associa\u00e7?o de Docentes foi resultado de uma demanda hist\u00f3rica, com um programa que foi al\u00e9m da luta pelo cumprimento dos direitos dos professores por parte da Institui\u00e7?o.<\/p>\n<p>Nesse momento, principalmente em se considerando a situa\u00e7?o vivida pela Universidade Gama Filho (UGF), \u00e9 de fundamental import\u00e2ncia o processo de reorganiza\u00e7?o da Associa\u00e7?o Docente da Gama Filho (ADGF), com elei\u00e7?o imediata de uma nova diretoria.<\/p>\n<p>Portanto, todos os professores da UGF est?o sendo convocados a participarem do processo eleitoral que se inicia desde j\u00e1, alinhado ao trabalho que o Sinpro-Rio vem conduzindo frente \u00e0 Educa\u00e7?o Superior Privada.<\/p>\n<p>Professores(as), \u00e9 preciso refor\u00e7ar a luta para n?o perder este importante espa\u00e7o pol\u00edtico e democr\u00e1tico de negocia\u00e7?o e representa\u00e7?o dos professores na UGF.<\/p>\n<p><strong>Calend\u00e1rio proposto: <\/strong><br \/>\n\t\t\t\tCampanha Eleitoral &#8211; 25 e 26\/05 <br \/>\n\t\t\t\tElei\u00e7?o &#8211; 27 e 28\/05 &#8211; na sala dos professores da UGF (Piedade e Candel\u00e1ria) <br \/>\n\t\t\t\tPosse da Nova Diretoria &#8211; 31\/05, \u00e0s 17h, na unidade Piedade  <\/p>\n<p><strong>Integrantes da chapa:<\/strong> <br \/>\n\t\t\t\tPresidente &#8211; Prof. Cris\u00f3stomo Peixoto <br \/>\n\t\t\t\tVice Presidente &#8211; Prof. Luis Fernando Menezes Salgado <br \/>\n\t\t\t\tSecretaria e Tesouraria &#8211; Prof. Ronaldo Leme Louro    <\/p>\n<h4>ESBO\u00c7O DE PROGRAMA  <\/h4>\n<ul>\n<li>Desenvolver uma pol\u00edtica que contemple aspectos sociais em rela\u00e7?o aos que aqui trabalham, por exemplo, com a vincula\u00e7?o de plano de sa\u00fade\/odontol\u00f3gico;<\/li>\n<li>Integra\u00e7?o das decis?es inerentes aos professores a fim de facilitar a interlocu\u00e7?o com a Universidade; <\/li>\n<li>Buscar plano de a\u00e7?o imediato para regulariza\u00e7?o dos d\u00e9bitos com os professores;<\/li>\n<li>Reorganizar a Associa\u00e7?o.<\/li>\n<\/ul>\n<\/div>\n","protected":false},"excerpt":{"rendered":"<p>A cria\u00e7?o da Associa\u00e7?o de Docentes foi resultado de uma demanda hist\u00f3rica, com um programa que foi al\u00e9m da luta pelo cumprimento dos direitos dos professores por parte da Institui\u00e7?o. Nesse momento, principalmente em se considerando a situa\u00e7?o vivida pela Universidade Gama Filho (UGF), \u00e9 de fundamental import\u00e2ncia o processo de reorganiza\u00e7?o da Associa\u00e7?o Docente [&hellip;]<\/p>\n","protected":false},"author":1,"featured_media":0,"comment_status":"closed","ping_status":"open","sticky":false,"template":"","format":"standard","meta":{"footnotes":""},"categories":[1],"tags":[],"class_list":["post-20577","post","type-post","status-publish","format-standard","hentry","category-noticias"],"yoast_head":"<!-- This site is optimized with the Yoast SEO plugin v25.7 - https:\/\/yoast.com\/wordpress\/plugins\/seo\/ -->\n<title>Professores(as) da UGF: Elei\u00e7?o da Associa\u00e7?o Docente - Sinpro-Rio<\/title>\n<meta name=\"robots\" content=\"index, follow, max-snippet:-1, max-image-preview:large, max-video-preview:-1\" \/>\n<link rel=\"canonical\" href=\"https:\/\/www.sinpro-rio.org.br\/principal\/professores-as-da-ugf-eleic-o-da-associac-o-docente\/\" \/>\n<meta property=\"og:locale\" content=\"pt_BR\" \/>\n<meta property=\"og:type\" content=\"article\" \/>\n<meta property=\"og:title\" content=\"Professores(as) da UGF: Elei\u00e7?o da Associa\u00e7?o Docente - Sinpro-Rio\" \/>\n<meta property=\"og:description\" content=\"A cria\u00e7?o da Associa\u00e7?o de Docentes foi resultado de uma demanda hist\u00f3rica, com um programa que foi al\u00e9m da luta pelo cumprimento dos direitos dos professores por parte da Institui\u00e7?o. Nesse momento, principalmente em se considerando a situa\u00e7?o vivida pela Universidade Gama Filho (UGF), \u00e9 de fundamental import\u00e2ncia o processo de reorganiza\u00e7?o da Associa\u00e7?o Docente [&hellip;]\" \/>\n<meta property=\"og:url\" content=\"https:\/\/www.sinpro-rio.org.br\/principal\/professores-as-da-ugf-eleic-o-da-associac-o-docente\/\" \/>\n<meta property=\"og:site_name\" content=\"Sinpro-Rio\" \/>\n<meta property=\"article:published_time\" content=\"2010-01-01T00:00:00+00:00\" \/>\n<meta name=\"author\" content=\"rafaelrjp\" \/>\n<meta name=\"twitter:card\" content=\"summary_large_image\" \/>\n<meta name=\"twitter:label1\" content=\"Escrito por\" \/>\n\t<meta name=\"twitter:data1\" content=\"rafaelrjp\" \/>\n\t<meta name=\"twitter:label2\" content=\"Est. tempo de leitura\" \/>\n\t<meta name=\"twitter:data2\" content=\"1 minuto\" \/>\n<script type=\"application\/ld+json\" class=\"yoast-schema-graph\">{\"@context\":\"https:\/\/schema.org\",\"@graph\":[{\"@type\":\"WebPage\",\"@id\":\"https:\/\/www.sinpro-rio.org.br\/principal\/professores-as-da-ugf-eleic-o-da-associac-o-docente\/\",\"url\":\"https:\/\/www.sinpro-rio.org.br\/principal\/professores-as-da-ugf-eleic-o-da-associac-o-docente\/\",\"name\":\"Professores(as) da UGF: Elei\u00e7?o da Associa\u00e7?o Docente - Sinpro-Rio\",\"isPartOf\":{\"@id\":\"https:\/\/www.sinpro-rio.org.br\/principal\/#website\"},\"datePublished\":\"2010-01-01T00:00:00+00:00\",\"author\":{\"@id\":\"https:\/\/www.sinpro-rio.org.br\/principal\/#\/schema\/person\/49feb585a2f57a31a6bd9f16f78e5be6\"},\"breadcrumb\":{\"@id\":\"https:\/\/www.sinpro-rio.org.br\/principal\/professores-as-da-ugf-eleic-o-da-associac-o-docente\/#breadcrumb\"},\"inLanguage\":\"pt-BR\",\"potentialAction\":[{\"@type\":\"ReadAction\",\"target\":[\"https:\/\/www.sinpro-rio.org.br\/principal\/professores-as-da-ugf-eleic-o-da-associac-o-docente\/\"]}]},{\"@type\":\"BreadcrumbList\",\"@id\":\"https:\/\/www.sinpro-rio.org.br\/principal\/professores-as-da-ugf-eleic-o-da-associac-o-docente\/#breadcrumb\",\"itemListElement\":[{\"@type\":\"ListItem\",\"position\":1,\"name\":\"In\u00edcio\",\"item\":\"https:\/\/www.sinpro-rio.org.br\/principal\/\"},{\"@type\":\"ListItem\",\"position\":2,\"name\":\"Professores(as) da UGF: Elei\u00e7?o da Associa\u00e7?o Docente\"}]},{\"@type\":\"WebSite\",\"@id\":\"https:\/\/www.sinpro-rio.org.br\/principal\/#website\",\"url\":\"https:\/\/www.sinpro-rio.org.br\/principal\/\",\"name\":\"Sinpro-Rio\",\"description\":\"Sindicato dos Professores do Munic\u00edpio do Rio de Janeiro e Regi\u00e3o\",\"potentialAction\":[{\"@type\":\"SearchAction\",\"target\":{\"@type\":\"EntryPoint\",\"urlTemplate\":\"https:\/\/www.sinpro-rio.org.br\/principal\/?s={search_term_string}\"},\"query-input\":{\"@type\":\"PropertyValueSpecification\",\"valueRequired\":true,\"valueName\":\"search_term_string\"}}],\"inLanguage\":\"pt-BR\"},{\"@type\":\"Person\",\"@id\":\"https:\/\/www.sinpro-rio.org.br\/principal\/#\/schema\/person\/49feb585a2f57a31a6bd9f16f78e5be6\",\"name\":\"rafaelrjp\",\"image\":{\"@type\":\"ImageObject\",\"inLanguage\":\"pt-BR\",\"@id\":\"https:\/\/www.sinpro-rio.org.br\/principal\/#\/schema\/person\/image\/\",\"url\":\"https:\/\/secure.gravatar.com\/avatar\/489371a0ba4655c340b519882c68cf68?s=96&d=mm&r=g\",\"contentUrl\":\"https:\/\/secure.gravatar.com\/avatar\/489371a0ba4655c340b519882c68cf68?s=96&d=mm&r=g\",\"caption\":\"rafaelrjp\"},\"url\":\"https:\/\/www.sinpro-rio.org.br\/principal\/author\/rafaelrjp\/\"}]}<\/script>\n<!-- \/ Yoast SEO plugin. -->","yoast_head_json":{"title":"Professores(as) da UGF: Elei\u00e7?o da Associa\u00e7?o Docente - Sinpro-Rio","robots":{"index":"index","follow":"follow","max-snippet":"max-snippet:-1","max-image-preview":"max-image-preview:large","max-video-preview":"max-video-preview:-1"},"canonical":"https:\/\/www.sinpro-rio.org.br\/principal\/professores-as-da-ugf-eleic-o-da-associac-o-docente\/","og_locale":"pt_BR","og_type":"article","og_title":"Professores(as) da UGF: Elei\u00e7?o da Associa\u00e7?o Docente - Sinpro-Rio","og_description":"A cria\u00e7?o da Associa\u00e7?o de Docentes foi resultado de uma demanda hist\u00f3rica, com um programa que foi al\u00e9m da luta pelo cumprimento dos direitos dos professores por parte da Institui\u00e7?o. Nesse momento, principalmente em se considerando a situa\u00e7?o vivida pela Universidade Gama Filho (UGF), \u00e9 de fundamental import\u00e2ncia o processo de reorganiza\u00e7?o da Associa\u00e7?o Docente [&hellip;]","og_url":"https:\/\/www.sinpro-rio.org.br\/principal\/professores-as-da-ugf-eleic-o-da-associac-o-docente\/","og_site_name":"Sinpro-Rio","article_published_time":"2010-01-01T00:00:00+00:00","author":"rafaelrjp","twitter_card":"summary_large_image","twitter_misc":{"Escrito por":"rafaelrjp","Est. tempo de leitura":"1 minuto"},"schema":{"@context":"https:\/\/schema.org","@graph":[{"@type":"WebPage","@id":"https:\/\/www.sinpro-rio.org.br\/principal\/professores-as-da-ugf-eleic-o-da-associac-o-docente\/","url":"https:\/\/www.sinpro-rio.org.br\/principal\/professores-as-da-ugf-eleic-o-da-associac-o-docente\/","name":"Professores(as) da UGF: Elei\u00e7?o da Associa\u00e7?o Docente - Sinpro-Rio","isPartOf":{"@id":"https:\/\/www.sinpro-rio.org.br\/principal\/#website"},"datePublished":"2010-01-01T00:00:00+00:00","author":{"@id":"https:\/\/www.sinpro-rio.org.br\/principal\/#\/schema\/person\/49feb585a2f57a31a6bd9f16f78e5be6"},"breadcrumb":{"@id":"https:\/\/www.sinpro-rio.org.br\/principal\/professores-as-da-ugf-eleic-o-da-associac-o-docente\/#breadcrumb"},"inLanguage":"pt-BR","potentialAction":[{"@type":"ReadAction","target":["https:\/\/www.sinpro-rio.org.br\/principal\/professores-as-da-ugf-eleic-o-da-associac-o-docente\/"]}]},{"@type":"BreadcrumbList","@id":"https:\/\/www.sinpro-rio.org.br\/principal\/professores-as-da-ugf-eleic-o-da-associac-o-docente\/#breadcrumb","itemListElement":[{"@type":"ListItem","position":1,"name":"In\u00edcio","item":"https:\/\/www.sinpro-rio.org.br\/principal\/"},{"@type":"ListItem","position":2,"name":"Professores(as) da UGF: Elei\u00e7?o da Associa\u00e7?o Docente"}]},{"@type":"WebSite","@id":"https:\/\/www.sinpro-rio.org.br\/principal\/#website","url":"https:\/\/www.sinpro-rio.org.br\/principal\/","name":"Sinpro-Rio","description":"Sindicato dos Professores do Munic\u00edpio do Rio de Janeiro e Regi\u00e3o","potentialAction":[{"@type":"SearchAction","target":{"@type":"EntryPoint","urlTemplate":"https:\/\/www.sinpro-rio.org.br\/principal\/?s={search_term_string}"},"query-input":{"@type":"PropertyValueSpecification","valueRequired":true,"valueName":"search_term_string"}}],"inLanguage":"pt-BR"},{"@type":"Person","@id":"https:\/\/www.sinpro-rio.org.br\/principal\/#\/schema\/person\/49feb585a2f57a31a6bd9f16f78e5be6","name":"rafaelrjp","image":{"@type":"ImageObject","inLanguage":"pt-BR","@id":"https:\/\/www.sinpro-rio.org.br\/principal\/#\/schema\/person\/image\/","url":"https:\/\/secure.gravatar.com\/avatar\/489371a0ba4655c340b519882c68cf68?s=96&d=mm&r=g","contentUrl":"https:\/\/secure.gravatar.com\/avatar\/489371a0ba4655c340b519882c68cf68?s=96&d=mm&r=g","caption":"rafaelrjp"},"url":"https:\/\/www.sinpro-rio.org.br\/principal\/author\/rafaelrjp\/"}]}},"_links":{"self":[{"href":"https:\/\/www.sinpro-rio.org.br\/principal\/wp-json\/wp\/v2\/posts\/20577","targetHints":{"allow":["GET"]}}],"collection":[{"href":"https:\/\/www.sinpro-rio.org.br\/principal\/wp-json\/wp\/v2\/posts"}],"about":[{"href":"https:\/\/www.sinpro-rio.org.br\/principal\/wp-json\/wp\/v2\/types\/post"}],"author":[{"embeddable":true,"href":"https:\/\/www.sinpro-rio.org.br\/principal\/wp-json\/wp\/v2\/users\/1"}],"replies":[{"embeddable":true,"href":"https:\/\/www.sinpro-rio.org.br\/principal\/wp-json\/wp\/v2\/comments?post=20577"}],"version-history":[{"count":0,"href":"https:\/\/www.sinpro-rio.org.br\/principal\/wp-json\/wp\/v2\/posts\/20577\/revisions"}],"wp:attachment":[{"href":"https:\/\/www.sinpro-rio.org.br\/principal\/wp-json\/wp\/v2\/media?parent=20577"}],"wp:term":[{"taxonomy":"category","embeddable":true,"href":"https:\/\/www.sinpro-rio.org.br\/principal\/wp-json\/wp\/v2\/categories?post=20577"},{"taxonomy":"post_tag","embeddable":true,"href":"https:\/\/www.sinpro-rio.org.br\/principal\/wp-json\/wp\/v2\/tags?post=20577"}],"curies":[{"name":"wp","href":"https:\/\/api.w.org\/{rel}","templated":true}]}}