{"id":20573,"date":"2010-01-01T00:00:00","date_gmt":"2010-01-01T00:00:00","guid":{"rendered":""},"modified":"-0001-11-30T00:00:00","modified_gmt":"-0001-11-30T03:00:00","slug":"professor-oswaldo-munteal-revela-dados-sobre-presidente-jo-o-goulart","status":"publish","type":"post","link":"https:\/\/www.sinpro-rio.org.br\/principal\/professor-oswaldo-munteal-revela-dados-sobre-presidente-jo-o-goulart\/","title":{"rendered":"Professor Oswaldo Munteal revela dados sobre presidente Jo?o Goulart"},"content":{"rendered":"<div class=\"alvo1\">\n<p>O historiador Oswaldo Munteal, professor universit\u00e1rio da FACHA, Puc e Uerj, vai lan\u00e7ar, ainda este ano, o livro &#8220;Jo?o Goulart: A Opera\u00e7?o Escorpi?o e o Ant\u00eddoto da Hist\u00f3ria&#8221;. De acordo com as pesquisas do educador, o presidente fora assassinado por uma conspira\u00e7?o entre os militares brasileiros da \u00e9poca da Ditadura e for\u00e7as estrangeiras, que n?o queriam um modelo de governo popular no pa\u00eds.<\/p>\n<p><strong>Sinpro-Rio:<\/strong> O que foram as opera\u00e7?es Condor e Escorpi?o? Qual a rela\u00e7?o entre elas? <br \/>\n<strong>Oswaldo Munteal:<\/strong> A Opera\u00e7?o Condor ocorreu num contexto muito espec\u00edfico da Am\u00e9rica Latina, no qual transforma\u00e7?es importantes estavam acontecendo no continente. A regi?o passava por regimes populares e reformas estruturais nas d\u00e9cadas de 60 e 70. Esse fato desagradou essencialmente dois lados que se complementam: a esfera internacional, representada pelos interesses estadounidenses (que via na regi?o uma amea\u00e7a \u00e0 sua hegemonia e \u00e0 sua supremacia econ\u00f4mico-pol\u00edtica); e, por outro lado, as classes dominantes, que tornaram esses pa\u00edses dependentes do capitalismo perif\u00e9rico, subordinados a uma esfera de domina\u00e7?o quase colonial. <\/p>\n<p>A Opera\u00e7?o Condor, ent?o, objetivava o controle da regi?o, uma vigil\u00e2ncia extrema do comportamento dos seus dirigentes e apontou para a regi?o o seu servi\u00e7o de intelig\u00eancia (Central de Intelig\u00eancia Americana &#8211; CIA). O objetivo era a elimina\u00e7?o das principais lideran\u00e7as, desde Prats, no Chile, at\u00e9 a morte de Ernesto Che Guevara. <\/p>\n<p> Opera\u00e7?o Escorpi?o \u00e9 um complemento da Opera\u00e7?o Condor &#8211; assim como outras que foram engendradas em determinadas \u00e1reas. Ela teve como objetivo o cerco que foi claramente denunciado pelo agente M\u00e1rio Neira Barreiro, que est\u00e1 preso no pres\u00eddio de seguran\u00e7a m\u00e1xima em Charqueadas, no Rio Grande do Sul, por v\u00e1rios delitos. Ele foi um agente que controlou diuturnamente a vida do presidente Jo?o Goulart e mencionou a Opera\u00e7?o Escorpi?o, que objetivava a liquida\u00e7?o f\u00edsica do presidente. <\/p>\n<p>M\u00e1rio Barreiro, assim como documentos do Servi\u00e7o Nacional de Informa\u00e7?es (que foram recentemente desclassificados pelo Departamento de Estado Americano) e documentos do arquivo privado do presidente Jango (sob a guarda do Instituto Jo?o Goulart, em Bras\u00edlia) apontam para a exist\u00eancia de uma suposta opera\u00e7?o que tinha como objetivo o envenenamento do presidente.<\/p>\n<p><strong>Sinpro-Rio:<\/strong> Qual a posi\u00e7?o tomada pela fam\u00edlia de Jo?o Goulart? Por que o corpo n?o sofreu necr\u00f3psia? <br \/>\n<strong>Oswaldo Munteal:<\/strong> O Regime Militar fez um cerco brutal ap\u00f3s a morte e o enterro do presidente em seu funeral, impedindo a possibilidade de uma necr\u00f3psia do corpo. A fam\u00edlia foi constrangida, e \u00e9 importante respeitar os depoimentos dos filhos, da ex-primeira dama, dona Maria Tereza Goulart. Eles viveram no ex\u00edlio, foram amea\u00e7ados, sofreram atentados, tiveram a vida dura e dif\u00edcil. <\/p>\n<p>Goulart foi o estopim de uma crise que arrastou o Brasil afora, num dos movimentos de maior viol\u00eancia, numa postura de revanche contra aqueles que apoiavam a ascen\u00e7?o do povo brasileiro \u00e0 sua condi\u00e7?o decis\u00f3ria. A fam\u00edlia do presidente foi constrangida historicamente. Eu n?o falo em nome deles, acho que eles t\u00eam que se pronunciar. Eu, como historiador que os entrevistou, vi a luta da fam\u00edlia pela verdade na mem\u00f3ria do presidente Goulart. Devem ser respeitadas as suas opini?es, nas suas paix?es, nas suas emo\u00e7?es e nas suas certezas e convic\u00e7?es, porque essa \u00e9 a base n?o s\u00f3 do trabalho intelectual, mas tamb\u00e9m de toda a humanidade, \u00e9 o reconhecimento do outro, da auteridade.<\/p>\n<p><strong>Sinpro-Rio:<\/strong> Por que Jango foi t?o criticado? <br \/>\n<strong>Oswaldo Munteal:<\/strong> O presidente Goulart tinha um programa complexo que envolvia as Reformas Urbana, Agr\u00e1ria, Universit\u00e1ria, de Taxa\u00e7?o das Grandes Riquezas, Tribut\u00e1ria, Lei de Remessas de Lucros para o Exterior, e al\u00e9m do projeto de alfabetiza\u00e7?o do povo brasileiro. Jango contava com dois homens muito importantes: Paulo Freire &#8211; que tratava dos Ensinos Infantil e Fundamental &#8211; e Darcy Ribeiro, que se responsabilizou pela Reforma Universit\u00e1ria. Ele tamb\u00e9m tinha An\u00edsio Teixeira como base na educa\u00e7?o, no Ensino M\u00e9dio. <\/p>\n<p>Paulo Freire trazia o concreto, a realidade. &#8220;Educar \u00e9 viver&#8221;. Darcy, com uma capacidade de polemizar, defendia uma universidade aberta. An\u00edsio, o saber sistematizado, o conte\u00fado aliado \u00e0 forma\u00e7?o do cidad?o, sua obsess?o. Quadros de programas de Reformas de Base, al\u00e9m de Santiago Dantas, Evandro Lins e Silva compuseram um dos minist\u00e9rios mais competentes e sens\u00edveis ao povo brasileiro j\u00e1 vistos na hist\u00f3ria do pa\u00eds.<\/p>\n<p><strong>Sinpro-Rio:<\/strong> Qual a rela\u00e7?o de Jango com a esquerda brasileira? <br \/>\n<strong>Oswaldo Munteal:<\/strong> O presidente Goulart sempre teve uma posi\u00e7?o muito clara: ele nunca foi comunista, ele n?o era um radical. Ele era um homem que desejava reformas processuais e que teve na esquerda um dissabor muito grande, no qual parte da pr\u00f3pria esquerda comprou a vis?o castelista de que Jango era um homem fraco. Diziam que ele n?o resistiu, que ele n?o lutou, que era um presidente manipulado por Brizola, por Prestes e pelos sindicatos. Entretanto, Jango tinha uma passagem muito boa, ele conversava com todas as lideran\u00e7as, especialmente com Lu\u00eds Carlos Prestes, com o PCB, diversas agremia\u00e7?es e, sobretudo, com os sindicatos e com as centrais sindicais.<\/p>\n<p><strong>Sinpro-Rio:<\/strong> Desde quando o presidente sofria persegui\u00e7?es? <br \/>\n<strong>Oswaldo Munteal:<\/strong> Jango come\u00e7ou a ser perseguido desde que foi Ministro do Trabalho. Ele foi presidente nacional do PTB, deputado federal, foi vice de Juscelino. Assim, a persegui\u00e7?o sistem\u00e1tica come\u00e7a em agosto de 1954, com o suic\u00eddio do presidente Vargas, atrav\u00e9s da imprensa lacerdista. Toda a m\u00eddia era contra. <\/p>\n<p>O presidente pecou muitas vezes por ser democrata demais. Ele lembrava a velha teoria pol\u00edtica cl\u00e1ssica, rousseauniana. Ele n?o ofereceu nenhum tipo de obst\u00e1culo aos cr\u00edticos, pelo contr\u00e1rio. Ent?o, ele foi vigiado por for\u00e7as ligadas ao servi\u00e7o de informa\u00e7?o, por outras ligadas aos meios de comunica\u00e7?o e tamb\u00e9m por for\u00e7as internacionais, principalmente a norteamericana. Jango foi intransigente com a negocia\u00e7?o da d\u00edvida externa, ele n?o aceitava que o Brasil pagasse uma d\u00edvida que, primeiramente, j\u00e1 tinha sido paga, e tamb\u00e9m pelo fato de n?o se poder pagar mais do que se arrecadava. Ele afirmava que n?o se poderia sacrificar o povo brasileiro em nome de interesses internacionais.<\/p>\n<p><strong>Sinpro-Rio:<\/strong> Quais os principais advers\u00e1rios pol\u00edticos de Jango? <br \/>\n<strong>Oswaldo Munteal:<\/strong> O presidente Goulart teve advers\u00e1rios pol\u00edticos por todo lado. Eu costumo dizer que seus principais advers\u00e1rios foram os omissos. Lacerda foi expl\u00edcito; Juscelino, ap\u00f3s o golpe, foi amb\u00edguo, no m\u00ednimo; os militares diziam que Jo?o Goulart at\u00e9 que n?o era m\u00e1 pessoa, s\u00f3 n?o podia governar o Brasil, pois transformaria o pa\u00eds numa rep\u00fablica sindicalista; outros, diziam que era fraco, irrespons\u00e1vel, aventureiro. <\/p>\n<p>Jango reuniu todas as qualidades e defeitos que um homem pode reunir. Isso me faz duvidar de uma interpreta\u00e7?o s\u00e9ria. Ele reuniu, pelos seus inimigos, um elenco de posi\u00e7?es que s?o muito problem\u00e1ticas. Isso fez com que ele se tornasse um homem, de 54 a 64, controlado, perseguido, observado e, de 64 a 76, duramente vigiado no exterior, porque a perspectiva da volta de Jango fazia os militares tremerem. Ele n?o aceitava voltar sem as reformas.<\/p>\n<p><strong>Sinpro-Rio:<\/strong> Por que voc\u00ea escolheu Jo?o Goulart como principal personagem a ser investigado? H\u00e1 outros projetos? <br \/>\n<strong>Oswaldo Munteal:<\/strong> Desde jovem, pelos idos de 78, 79, eu acompanhei de perto a transi\u00e7?o para a anistia, a retomada da UNE, da UEE, e a figura de Jango sempre me intrigou, muito antes de eu fazer Hist\u00f3ria e me tornar professor. De dez anos para c\u00e1, me dediquei mais diretamente \u00e0 hist\u00f3ria contempor\u00e2nea. Em 25 anos de profiss?o, eu sempre pesquisei a hist\u00f3ria moderna, tanto na gradua\u00e7?o, mestrado e doutorado. Entretanto, tenho estudado principalmente, nos \u00faltimos anos, o Caso Jango, que ficou muito pouco abordado. <\/p>\n<p>Os estudos de Ren\u00e9 Dreifuss, os filmes de S\u00edlvio Tendler, sobretudo nos dois casos, foram essenciais. As obras de Ren\u00e9 &#8220;1964: A Conquista do Estado&#8221; e &#8220;O Jogo da Direita&#8221;, al\u00e9m de um outro livro &#8211; &#8220;A Internacional Capitalista&#8221; &#8211; foram importantes. O filme &#8220;Jango&#8221; foi essencial. Eles se complementam, s?o obras que nos inspiram. Eu acho que as outras obras n?o t\u00eam essa centralidade. N?o porque n?o sejam boas, mas estas tocam no cora\u00e7?o do problema, que dizem respeito \u00e0 conspira\u00e7?o, e isso na pol\u00edtica \u00e9 algo muito s\u00e9rio: o golpe, a conspira\u00e7?o, a vendetta, as falsas embaixadas, os falsos acordos, os olhares. Quem poderia supor que um homem como homens como Amaury Kruel, t?o ligado \u00e0 vida pessoal do presidente, seria o primeiro a tra\u00ed-lo? Jango jamais quis acreditar nisso. Ent?o, muitas vezes os inimigos est?o pr\u00f3ximos da gente. <\/p>\n<p>Agora, o Brasil vive um momento de abertura dos arquivos, de uma oxigena\u00e7?o maior. Eu intensifiquei os trabalhos, mas eles j\u00e1 vinham sendo feitos. Em 2006, publiquei &#8220;O Brasil de Jo?o Goulart&#8221; e publicarei, dentro de alguns meses, o livro &#8220;Jo?o Goulart: A Opera\u00e7?o Escorpi?o e o Ant\u00eddoto da Hist\u00f3ria&#8221;, para concluir esse ciclo de atividades sobre o per\u00edodo. <\/p>\n<p>Temos outros projetos, como um sobre a an\u00e1lise da Comiss?o Parlamentar de Inqu\u00e9rito (CPI). Estamos concluindo a pesquisa, vamos escrever um livro sobre isso &#8211; a CPI convocada pelo PTB em 63, que objetivava analisar o Ipes e o Ibad, e o papel dos organismos que poderiam apontar para o golpe que derrubaria o presidente.<\/p>\n<p><strong>Sinpro-Rio:<\/strong> Quais as principais contribui\u00e7?es que seu livro vai trazer para a sociedade? <br \/>\n<strong>Oswaldo Munteal:<\/strong> Essa \u00e9 uma pergunta muito importante, pois n?o h\u00e1 trabalho intelectual sem uma liga\u00e7?o com a sociedade brasileira. Se n?o tiver, n?o \u00e9 s\u00e9rio, pois n\u00f3s temos que ser intelectuais p\u00fablicos, n?o de gabinete, ou \u00e0 dist\u00e2ncia. Pesquisador \u00e9 o que pega a massa dos documentos, \u00e9 o que trabalha diretamente com as fontes. <\/p>\n<p>\u00c9 necess\u00e1ria a an\u00e1lise direta, com os arquivos. Nosso trabalho &#8211; creio &#8211; tem uma repercuss?o, pois n\u00f3s temos trabalhado, temos falado sobre isso para plateias muito jovens aqui e fora do Rio de Janeiro. Nossa equipe tem recebido diversos convites, s?o mais de 20 bolsistas &#8211; muitos na base do voluntariado, por acreditar na import\u00e2ncia do trabalho, de ter f\u00e9 nele, por acreditar que \u00e9 um problema que precisa ser explicado. O Brasil tem que entender as suas feridas, n?o h\u00e1 pa\u00eds que n?o olhe para dentro de si mesmo. O olhar para dentro de si \u00e9 um ato doloroso, pois a pessoa enxerga coisas que s?o inconfess\u00e1veis. <\/p>\n<p>O nosso trabalho n?o foi criado para suprir vaidades, desejos de grandeza ou del\u00edrios. N\u00f3s n?o admitimos amea\u00e7as. Eu gostaria de deixar isso registrado: estamos recebendo amea\u00e7as, ataques pessoais de baixo n\u00edvel. Eu quero dizer a essas pessoas que est?o aqui e no exterior que n\u00f3s n?o vamos parar de analisar, de levar esse processo at\u00e9 o fim. Inclusive, nossa pesquisa vai revelar dados novos sobre o pol\u00edgrafo, a partir de dados orais. N?o pensem que n\u00f3s paramos! H\u00e1 mais! Ent?o, esperem. \u00e0queles que nos criticam, eu digo: aguardem. Vamos publicar &#8220;Jo?o Goulart: a Opera\u00e7?o Escorpi?o e o Ant\u00eddoto da Hist\u00f3ria&#8221;. <\/p>\n<p>A nossa escrita vai ser acess\u00edvel. N\u00f3s exigimos respeito: \u00e0 fam\u00edlia Goulart, aos nossos alunos, ao povo brasileiro. Um bom conv\u00edvio acad\u00eamico requer respeito \u00e0s opini?es divergentes. A morte por envenenamento \u00e9 uma hip\u00f3tese. N\u00f3s n?o acreditamos somente do ponto de vista exclusivamente acad\u00eamico, mas sim pelo contexto em que vivia o presidente, pela hist\u00f3ria pol\u00edtica do continente, da regi?o e, sobretudo, pela nossa sensibilidade. O historiador precisa ter algo a mais. A erudi\u00e7?o \u00e9 importante, mas h\u00e1 mais do que isso, que \u00e9 a sensibilidade, que \u00e9 a an\u00e1lise do contexto, a perspectiva do contr\u00e1rio. Para n\u00f3s, isso \u00e9 de extrema relev\u00e2ncia. <\/p>\n<p>Assim, eu concluo o trabalho. Para mim, \u00e9 uma emo\u00e7?o muito grande estar falando para o Sindicato dos Professores, o qual eu perten\u00e7o, da minha categoria. Eu sou professor h\u00e1 25 anos e eu agrade\u00e7o, inclusive, ao direito de resposta. Eu me orgulho de estar falando n?o para um \u00f3rg?o que estabelece rela\u00e7?es obl\u00edquas, mas respondi perguntas que eu n?o sabia que seriam feitas. Eu gostaria que isso ficasse registrado: eu n?o fiz perguntas para mim mesmo, pois seria falar de mim para mim &#8211; e isso \u00e9 um del\u00edrio absolutista. <\/p>\n<p>Agrade\u00e7o imensamente e com grande emo\u00e7?o a possibilidade de falar com voc\u00eas. Esse trabalho vem das minhas v\u00edsceras, n?o s\u00f3 do meu c\u00e9rebro.     <\/p>\n<\/div>\n","protected":false},"excerpt":{"rendered":"<p>O historiador Oswaldo Munteal, professor universit\u00e1rio da FACHA, Puc e Uerj, vai lan\u00e7ar, ainda este ano, o livro &#8220;Jo?o Goulart: A Opera\u00e7?o Escorpi?o e o Ant\u00eddoto da Hist\u00f3ria&#8221;. De acordo com as pesquisas do educador, o presidente fora assassinado por uma conspira\u00e7?o entre os militares brasileiros da \u00e9poca da Ditadura e for\u00e7as estrangeiras, que n?o [&hellip;]<\/p>\n","protected":false},"author":1,"featured_media":0,"comment_status":"closed","ping_status":"open","sticky":false,"template":"","format":"standard","meta":{"footnotes":""},"categories":[1],"tags":[],"class_list":["post-20573","post","type-post","status-publish","format-standard","hentry","category-noticias"],"yoast_head":"<!-- This site is optimized with the Yoast SEO plugin v25.7 - https:\/\/yoast.com\/wordpress\/plugins\/seo\/ -->\n<title>Professor Oswaldo Munteal revela dados sobre presidente Jo?o Goulart - Sinpro-Rio<\/title>\n<meta name=\"robots\" content=\"index, follow, max-snippet:-1, max-image-preview:large, max-video-preview:-1\" \/>\n<link rel=\"canonical\" href=\"https:\/\/www.sinpro-rio.org.br\/principal\/professor-oswaldo-munteal-revela-dados-sobre-presidente-jo-o-goulart\/\" \/>\n<meta property=\"og:locale\" content=\"pt_BR\" \/>\n<meta property=\"og:type\" content=\"article\" \/>\n<meta property=\"og:title\" content=\"Professor Oswaldo Munteal revela dados sobre presidente Jo?o Goulart - Sinpro-Rio\" \/>\n<meta property=\"og:description\" content=\"O historiador Oswaldo Munteal, professor universit\u00e1rio da FACHA, Puc e Uerj, vai lan\u00e7ar, ainda este ano, o livro &#8220;Jo?o Goulart: A Opera\u00e7?o Escorpi?o e o Ant\u00eddoto da Hist\u00f3ria&#8221;. De acordo com as pesquisas do educador, o presidente fora assassinado por uma conspira\u00e7?o entre os militares brasileiros da \u00e9poca da Ditadura e for\u00e7as estrangeiras, que n?o [&hellip;]\" \/>\n<meta property=\"og:url\" content=\"https:\/\/www.sinpro-rio.org.br\/principal\/professor-oswaldo-munteal-revela-dados-sobre-presidente-jo-o-goulart\/\" \/>\n<meta property=\"og:site_name\" content=\"Sinpro-Rio\" \/>\n<meta property=\"article:published_time\" content=\"2010-01-01T00:00:00+00:00\" \/>\n<meta name=\"author\" content=\"rafaelrjp\" \/>\n<meta name=\"twitter:card\" content=\"summary_large_image\" \/>\n<meta name=\"twitter:label1\" content=\"Escrito por\" \/>\n\t<meta name=\"twitter:data1\" content=\"rafaelrjp\" \/>\n\t<meta name=\"twitter:label2\" content=\"Est. tempo de leitura\" \/>\n\t<meta name=\"twitter:data2\" content=\"11 minutos\" \/>\n<script type=\"application\/ld+json\" class=\"yoast-schema-graph\">{\"@context\":\"https:\/\/schema.org\",\"@graph\":[{\"@type\":\"WebPage\",\"@id\":\"https:\/\/www.sinpro-rio.org.br\/principal\/professor-oswaldo-munteal-revela-dados-sobre-presidente-jo-o-goulart\/\",\"url\":\"https:\/\/www.sinpro-rio.org.br\/principal\/professor-oswaldo-munteal-revela-dados-sobre-presidente-jo-o-goulart\/\",\"name\":\"Professor Oswaldo Munteal revela dados sobre presidente Jo?o Goulart - Sinpro-Rio\",\"isPartOf\":{\"@id\":\"https:\/\/www.sinpro-rio.org.br\/principal\/#website\"},\"datePublished\":\"2010-01-01T00:00:00+00:00\",\"author\":{\"@id\":\"https:\/\/www.sinpro-rio.org.br\/principal\/#\/schema\/person\/49feb585a2f57a31a6bd9f16f78e5be6\"},\"breadcrumb\":{\"@id\":\"https:\/\/www.sinpro-rio.org.br\/principal\/professor-oswaldo-munteal-revela-dados-sobre-presidente-jo-o-goulart\/#breadcrumb\"},\"inLanguage\":\"pt-BR\",\"potentialAction\":[{\"@type\":\"ReadAction\",\"target\":[\"https:\/\/www.sinpro-rio.org.br\/principal\/professor-oswaldo-munteal-revela-dados-sobre-presidente-jo-o-goulart\/\"]}]},{\"@type\":\"BreadcrumbList\",\"@id\":\"https:\/\/www.sinpro-rio.org.br\/principal\/professor-oswaldo-munteal-revela-dados-sobre-presidente-jo-o-goulart\/#breadcrumb\",\"itemListElement\":[{\"@type\":\"ListItem\",\"position\":1,\"name\":\"In\u00edcio\",\"item\":\"https:\/\/www.sinpro-rio.org.br\/principal\/\"},{\"@type\":\"ListItem\",\"position\":2,\"name\":\"Professor Oswaldo Munteal revela dados sobre presidente Jo?o Goulart\"}]},{\"@type\":\"WebSite\",\"@id\":\"https:\/\/www.sinpro-rio.org.br\/principal\/#website\",\"url\":\"https:\/\/www.sinpro-rio.org.br\/principal\/\",\"name\":\"Sinpro-Rio\",\"description\":\"Sindicato dos Professores do Munic\u00edpio do Rio de Janeiro e Regi\u00e3o\",\"potentialAction\":[{\"@type\":\"SearchAction\",\"target\":{\"@type\":\"EntryPoint\",\"urlTemplate\":\"https:\/\/www.sinpro-rio.org.br\/principal\/?s={search_term_string}\"},\"query-input\":{\"@type\":\"PropertyValueSpecification\",\"valueRequired\":true,\"valueName\":\"search_term_string\"}}],\"inLanguage\":\"pt-BR\"},{\"@type\":\"Person\",\"@id\":\"https:\/\/www.sinpro-rio.org.br\/principal\/#\/schema\/person\/49feb585a2f57a31a6bd9f16f78e5be6\",\"name\":\"rafaelrjp\",\"image\":{\"@type\":\"ImageObject\",\"inLanguage\":\"pt-BR\",\"@id\":\"https:\/\/www.sinpro-rio.org.br\/principal\/#\/schema\/person\/image\/\",\"url\":\"https:\/\/secure.gravatar.com\/avatar\/489371a0ba4655c340b519882c68cf68?s=96&d=mm&r=g\",\"contentUrl\":\"https:\/\/secure.gravatar.com\/avatar\/489371a0ba4655c340b519882c68cf68?s=96&d=mm&r=g\",\"caption\":\"rafaelrjp\"},\"url\":\"https:\/\/www.sinpro-rio.org.br\/principal\/author\/rafaelrjp\/\"}]}<\/script>\n<!-- \/ Yoast SEO plugin. -->","yoast_head_json":{"title":"Professor Oswaldo Munteal revela dados sobre presidente Jo?o Goulart - Sinpro-Rio","robots":{"index":"index","follow":"follow","max-snippet":"max-snippet:-1","max-image-preview":"max-image-preview:large","max-video-preview":"max-video-preview:-1"},"canonical":"https:\/\/www.sinpro-rio.org.br\/principal\/professor-oswaldo-munteal-revela-dados-sobre-presidente-jo-o-goulart\/","og_locale":"pt_BR","og_type":"article","og_title":"Professor Oswaldo Munteal revela dados sobre presidente Jo?o Goulart - Sinpro-Rio","og_description":"O historiador Oswaldo Munteal, professor universit\u00e1rio da FACHA, Puc e Uerj, vai lan\u00e7ar, ainda este ano, o livro &#8220;Jo?o Goulart: A Opera\u00e7?o Escorpi?o e o Ant\u00eddoto da Hist\u00f3ria&#8221;. De acordo com as pesquisas do educador, o presidente fora assassinado por uma conspira\u00e7?o entre os militares brasileiros da \u00e9poca da Ditadura e for\u00e7as estrangeiras, que n?o [&hellip;]","og_url":"https:\/\/www.sinpro-rio.org.br\/principal\/professor-oswaldo-munteal-revela-dados-sobre-presidente-jo-o-goulart\/","og_site_name":"Sinpro-Rio","article_published_time":"2010-01-01T00:00:00+00:00","author":"rafaelrjp","twitter_card":"summary_large_image","twitter_misc":{"Escrito por":"rafaelrjp","Est. tempo de leitura":"11 minutos"},"schema":{"@context":"https:\/\/schema.org","@graph":[{"@type":"WebPage","@id":"https:\/\/www.sinpro-rio.org.br\/principal\/professor-oswaldo-munteal-revela-dados-sobre-presidente-jo-o-goulart\/","url":"https:\/\/www.sinpro-rio.org.br\/principal\/professor-oswaldo-munteal-revela-dados-sobre-presidente-jo-o-goulart\/","name":"Professor Oswaldo Munteal revela dados sobre presidente Jo?o Goulart - Sinpro-Rio","isPartOf":{"@id":"https:\/\/www.sinpro-rio.org.br\/principal\/#website"},"datePublished":"2010-01-01T00:00:00+00:00","author":{"@id":"https:\/\/www.sinpro-rio.org.br\/principal\/#\/schema\/person\/49feb585a2f57a31a6bd9f16f78e5be6"},"breadcrumb":{"@id":"https:\/\/www.sinpro-rio.org.br\/principal\/professor-oswaldo-munteal-revela-dados-sobre-presidente-jo-o-goulart\/#breadcrumb"},"inLanguage":"pt-BR","potentialAction":[{"@type":"ReadAction","target":["https:\/\/www.sinpro-rio.org.br\/principal\/professor-oswaldo-munteal-revela-dados-sobre-presidente-jo-o-goulart\/"]}]},{"@type":"BreadcrumbList","@id":"https:\/\/www.sinpro-rio.org.br\/principal\/professor-oswaldo-munteal-revela-dados-sobre-presidente-jo-o-goulart\/#breadcrumb","itemListElement":[{"@type":"ListItem","position":1,"name":"In\u00edcio","item":"https:\/\/www.sinpro-rio.org.br\/principal\/"},{"@type":"ListItem","position":2,"name":"Professor Oswaldo Munteal revela dados sobre presidente Jo?o Goulart"}]},{"@type":"WebSite","@id":"https:\/\/www.sinpro-rio.org.br\/principal\/#website","url":"https:\/\/www.sinpro-rio.org.br\/principal\/","name":"Sinpro-Rio","description":"Sindicato dos Professores do Munic\u00edpio do Rio de Janeiro e Regi\u00e3o","potentialAction":[{"@type":"SearchAction","target":{"@type":"EntryPoint","urlTemplate":"https:\/\/www.sinpro-rio.org.br\/principal\/?s={search_term_string}"},"query-input":{"@type":"PropertyValueSpecification","valueRequired":true,"valueName":"search_term_string"}}],"inLanguage":"pt-BR"},{"@type":"Person","@id":"https:\/\/www.sinpro-rio.org.br\/principal\/#\/schema\/person\/49feb585a2f57a31a6bd9f16f78e5be6","name":"rafaelrjp","image":{"@type":"ImageObject","inLanguage":"pt-BR","@id":"https:\/\/www.sinpro-rio.org.br\/principal\/#\/schema\/person\/image\/","url":"https:\/\/secure.gravatar.com\/avatar\/489371a0ba4655c340b519882c68cf68?s=96&d=mm&r=g","contentUrl":"https:\/\/secure.gravatar.com\/avatar\/489371a0ba4655c340b519882c68cf68?s=96&d=mm&r=g","caption":"rafaelrjp"},"url":"https:\/\/www.sinpro-rio.org.br\/principal\/author\/rafaelrjp\/"}]}},"_links":{"self":[{"href":"https:\/\/www.sinpro-rio.org.br\/principal\/wp-json\/wp\/v2\/posts\/20573","targetHints":{"allow":["GET"]}}],"collection":[{"href":"https:\/\/www.sinpro-rio.org.br\/principal\/wp-json\/wp\/v2\/posts"}],"about":[{"href":"https:\/\/www.sinpro-rio.org.br\/principal\/wp-json\/wp\/v2\/types\/post"}],"author":[{"embeddable":true,"href":"https:\/\/www.sinpro-rio.org.br\/principal\/wp-json\/wp\/v2\/users\/1"}],"replies":[{"embeddable":true,"href":"https:\/\/www.sinpro-rio.org.br\/principal\/wp-json\/wp\/v2\/comments?post=20573"}],"version-history":[{"count":0,"href":"https:\/\/www.sinpro-rio.org.br\/principal\/wp-json\/wp\/v2\/posts\/20573\/revisions"}],"wp:attachment":[{"href":"https:\/\/www.sinpro-rio.org.br\/principal\/wp-json\/wp\/v2\/media?parent=20573"}],"wp:term":[{"taxonomy":"category","embeddable":true,"href":"https:\/\/www.sinpro-rio.org.br\/principal\/wp-json\/wp\/v2\/categories?post=20573"},{"taxonomy":"post_tag","embeddable":true,"href":"https:\/\/www.sinpro-rio.org.br\/principal\/wp-json\/wp\/v2\/tags?post=20573"}],"curies":[{"name":"wp","href":"https:\/\/api.w.org\/{rel}","templated":true}]}}