{"id":20570,"date":"2010-01-01T00:00:00","date_gmt":"2010-01-01T00:00:00","guid":{"rendered":""},"modified":"-0001-11-30T00:00:00","modified_gmt":"-0001-11-30T03:00:00","slug":"docentes-da-gama-filho-elegem-nova-diretoria-para-a-adgf","status":"publish","type":"post","link":"https:\/\/www.sinpro-rio.org.br\/principal\/docentes-da-gama-filho-elegem-nova-diretoria-para-a-adgf\/","title":{"rendered":"Docentes da Gama Filho elegem nova Diretoria para a ADGF"},"content":{"rendered":"<div class=\"alvo1\">\n<p>Reconstru\u00e7?o da ADGF: Organiza\u00e7?o e Trabalho<\/p>\n<p>Com a plataforma &#8220;Organiza\u00e7?o e trabalho&#8221;, os professores da UGF elegeram a nova diretoria da sua Associa\u00e7?o de Docentes, nos dias 30 e 31\/05, com abertura das urnas e posse no \u00faltimo dia do pleito eleitoral na sala DI no Campo Piedade.<\/p>\n<p>A diretoria eleita \u00e9 liderada pelo prof. Cris\u00f3stomo Peixoto como presidente, e pelos companheiros Luiz Fernando Menezes Salgado &#8211; acumulando a vice-presid\u00eancia e o departamento de comunica\u00e7?o. Ao prof. Ronaldo Leme Louro, coube-lhe, al\u00e9m das tarefas da tesouraria, o exerc\u00edcio concomitante das fun\u00e7?es de secretario.<\/p>\n<p>O resultado dessa articula\u00e7?o, que contou com contribui\u00e7?o pol\u00edtica e organizativa do Sinpro-Rio, \u00e9 fruto de um esfor\u00e7o coletivo no sentido da reestrutura\u00e7?o da ADFG, ap\u00f3s a demiss?o de sua ex-presidente, prof\u00ba. Monica Figueiredo.<\/p>\n<p>Os objetivos da nova Diretoria eleita \u00e9 a luta com \u00eanfase na quest?o salarial, sem perder de vista o investimento no resgate da parceria que est\u00e1 representa\u00e7?o pode significar para os professores da UGF, buscando consolidar a integra\u00e7?o das decis?es inerentes aos professores a fim de facilitar a interlocu\u00e7?o com a Universidade.<\/p>\n<p>Consideramos tal fato um grande passo na retomada do curso do di\u00e1logo com a mantenedora no que tange, principalmente, a representa\u00e7?o dos interesses dos de professores da Gama Filho, reafirmando a nossa parceria com a Associa\u00e7?o de Docentes, nesta caminhada como sempre o fez, principalmente, neste contexto em que o atraso salarial j\u00e1 beira a dois meses, al\u00e9m da aus\u00eancia de uma pol\u00edtica por parte da institui\u00e7?o de pagamento de sal\u00e1rios e cumprimento da Legisla\u00e7?o Trabalhista e Educacional.<\/p>\n<p>Em nome da garantia de um dialogo entre o Sindicato, os professores e a Universidade, estamos agendando audi\u00eancias com a Reitoria com vistas ao tratamento das quest?es que afligem docentes da universidade. O lema de agora \u00e9 Organiza\u00e7?o e trabalho, vamos \u00e0 luta!!!     <\/p>\n<\/div>\n","protected":false},"excerpt":{"rendered":"<p>Reconstru\u00e7?o da ADGF: Organiza\u00e7?o e Trabalho Com a plataforma &#8220;Organiza\u00e7?o e trabalho&#8221;, os professores da UGF elegeram a nova diretoria da sua Associa\u00e7?o de Docentes, nos dias 30 e 31\/05, com abertura das urnas e posse no \u00faltimo dia do pleito eleitoral na sala DI no Campo Piedade. A diretoria eleita \u00e9 liderada pelo prof. [&hellip;]<\/p>\n","protected":false},"author":1,"featured_media":0,"comment_status":"closed","ping_status":"open","sticky":false,"template":"","format":"standard","meta":{"footnotes":""},"categories":[1],"tags":[],"class_list":["post-20570","post","type-post","status-publish","format-standard","hentry","category-noticias"],"yoast_head":"<!-- This site is optimized with the Yoast SEO plugin v25.7 - https:\/\/yoast.com\/wordpress\/plugins\/seo\/ -->\n<title>Docentes da Gama Filho elegem nova Diretoria para a ADGF - Sinpro-Rio<\/title>\n<meta name=\"robots\" content=\"index, follow, max-snippet:-1, max-image-preview:large, max-video-preview:-1\" \/>\n<link rel=\"canonical\" href=\"https:\/\/www.sinpro-rio.org.br\/principal\/docentes-da-gama-filho-elegem-nova-diretoria-para-a-adgf\/\" \/>\n<meta property=\"og:locale\" content=\"pt_BR\" \/>\n<meta property=\"og:type\" content=\"article\" \/>\n<meta property=\"og:title\" content=\"Docentes da Gama Filho elegem nova Diretoria para a ADGF - Sinpro-Rio\" \/>\n<meta property=\"og:description\" content=\"Reconstru\u00e7?o da ADGF: Organiza\u00e7?o e Trabalho Com a plataforma &#8220;Organiza\u00e7?o e trabalho&#8221;, os professores da UGF elegeram a nova diretoria da sua Associa\u00e7?o de Docentes, nos dias 30 e 31\/05, com abertura das urnas e posse no \u00faltimo dia do pleito eleitoral na sala DI no Campo Piedade. A diretoria eleita \u00e9 liderada pelo prof. [&hellip;]\" \/>\n<meta property=\"og:url\" content=\"https:\/\/www.sinpro-rio.org.br\/principal\/docentes-da-gama-filho-elegem-nova-diretoria-para-a-adgf\/\" \/>\n<meta property=\"og:site_name\" content=\"Sinpro-Rio\" \/>\n<meta property=\"article:published_time\" content=\"2010-01-01T00:00:00+00:00\" \/>\n<meta name=\"author\" content=\"rafaelrjp\" \/>\n<meta name=\"twitter:card\" content=\"summary_large_image\" \/>\n<meta name=\"twitter:label1\" content=\"Escrito por\" \/>\n\t<meta name=\"twitter:data1\" content=\"rafaelrjp\" \/>\n\t<meta name=\"twitter:label2\" content=\"Est. tempo de leitura\" \/>\n\t<meta name=\"twitter:data2\" content=\"2 minutos\" \/>\n<script type=\"application\/ld+json\" class=\"yoast-schema-graph\">{\"@context\":\"https:\/\/schema.org\",\"@graph\":[{\"@type\":\"WebPage\",\"@id\":\"https:\/\/www.sinpro-rio.org.br\/principal\/docentes-da-gama-filho-elegem-nova-diretoria-para-a-adgf\/\",\"url\":\"https:\/\/www.sinpro-rio.org.br\/principal\/docentes-da-gama-filho-elegem-nova-diretoria-para-a-adgf\/\",\"name\":\"Docentes da Gama Filho elegem nova Diretoria para a ADGF - Sinpro-Rio\",\"isPartOf\":{\"@id\":\"https:\/\/www.sinpro-rio.org.br\/principal\/#website\"},\"datePublished\":\"2010-01-01T00:00:00+00:00\",\"author\":{\"@id\":\"https:\/\/www.sinpro-rio.org.br\/principal\/#\/schema\/person\/49feb585a2f57a31a6bd9f16f78e5be6\"},\"breadcrumb\":{\"@id\":\"https:\/\/www.sinpro-rio.org.br\/principal\/docentes-da-gama-filho-elegem-nova-diretoria-para-a-adgf\/#breadcrumb\"},\"inLanguage\":\"pt-BR\",\"potentialAction\":[{\"@type\":\"ReadAction\",\"target\":[\"https:\/\/www.sinpro-rio.org.br\/principal\/docentes-da-gama-filho-elegem-nova-diretoria-para-a-adgf\/\"]}]},{\"@type\":\"BreadcrumbList\",\"@id\":\"https:\/\/www.sinpro-rio.org.br\/principal\/docentes-da-gama-filho-elegem-nova-diretoria-para-a-adgf\/#breadcrumb\",\"itemListElement\":[{\"@type\":\"ListItem\",\"position\":1,\"name\":\"In\u00edcio\",\"item\":\"https:\/\/www.sinpro-rio.org.br\/principal\/\"},{\"@type\":\"ListItem\",\"position\":2,\"name\":\"Docentes da Gama Filho elegem nova Diretoria para a ADGF\"}]},{\"@type\":\"WebSite\",\"@id\":\"https:\/\/www.sinpro-rio.org.br\/principal\/#website\",\"url\":\"https:\/\/www.sinpro-rio.org.br\/principal\/\",\"name\":\"Sinpro-Rio\",\"description\":\"Sindicato dos Professores do Munic\u00edpio do Rio de Janeiro e Regi\u00e3o\",\"potentialAction\":[{\"@type\":\"SearchAction\",\"target\":{\"@type\":\"EntryPoint\",\"urlTemplate\":\"https:\/\/www.sinpro-rio.org.br\/principal\/?s={search_term_string}\"},\"query-input\":{\"@type\":\"PropertyValueSpecification\",\"valueRequired\":true,\"valueName\":\"search_term_string\"}}],\"inLanguage\":\"pt-BR\"},{\"@type\":\"Person\",\"@id\":\"https:\/\/www.sinpro-rio.org.br\/principal\/#\/schema\/person\/49feb585a2f57a31a6bd9f16f78e5be6\",\"name\":\"rafaelrjp\",\"image\":{\"@type\":\"ImageObject\",\"inLanguage\":\"pt-BR\",\"@id\":\"https:\/\/www.sinpro-rio.org.br\/principal\/#\/schema\/person\/image\/\",\"url\":\"https:\/\/secure.gravatar.com\/avatar\/489371a0ba4655c340b519882c68cf68?s=96&d=mm&r=g\",\"contentUrl\":\"https:\/\/secure.gravatar.com\/avatar\/489371a0ba4655c340b519882c68cf68?s=96&d=mm&r=g\",\"caption\":\"rafaelrjp\"},\"url\":\"https:\/\/www.sinpro-rio.org.br\/principal\/author\/rafaelrjp\/\"}]}<\/script>\n<!-- \/ Yoast SEO plugin. -->","yoast_head_json":{"title":"Docentes da Gama Filho elegem nova Diretoria para a ADGF - Sinpro-Rio","robots":{"index":"index","follow":"follow","max-snippet":"max-snippet:-1","max-image-preview":"max-image-preview:large","max-video-preview":"max-video-preview:-1"},"canonical":"https:\/\/www.sinpro-rio.org.br\/principal\/docentes-da-gama-filho-elegem-nova-diretoria-para-a-adgf\/","og_locale":"pt_BR","og_type":"article","og_title":"Docentes da Gama Filho elegem nova Diretoria para a ADGF - Sinpro-Rio","og_description":"Reconstru\u00e7?o da ADGF: Organiza\u00e7?o e Trabalho Com a plataforma &#8220;Organiza\u00e7?o e trabalho&#8221;, os professores da UGF elegeram a nova diretoria da sua Associa\u00e7?o de Docentes, nos dias 30 e 31\/05, com abertura das urnas e posse no \u00faltimo dia do pleito eleitoral na sala DI no Campo Piedade. A diretoria eleita \u00e9 liderada pelo prof. [&hellip;]","og_url":"https:\/\/www.sinpro-rio.org.br\/principal\/docentes-da-gama-filho-elegem-nova-diretoria-para-a-adgf\/","og_site_name":"Sinpro-Rio","article_published_time":"2010-01-01T00:00:00+00:00","author":"rafaelrjp","twitter_card":"summary_large_image","twitter_misc":{"Escrito por":"rafaelrjp","Est. tempo de leitura":"2 minutos"},"schema":{"@context":"https:\/\/schema.org","@graph":[{"@type":"WebPage","@id":"https:\/\/www.sinpro-rio.org.br\/principal\/docentes-da-gama-filho-elegem-nova-diretoria-para-a-adgf\/","url":"https:\/\/www.sinpro-rio.org.br\/principal\/docentes-da-gama-filho-elegem-nova-diretoria-para-a-adgf\/","name":"Docentes da Gama Filho elegem nova Diretoria para a ADGF - Sinpro-Rio","isPartOf":{"@id":"https:\/\/www.sinpro-rio.org.br\/principal\/#website"},"datePublished":"2010-01-01T00:00:00+00:00","author":{"@id":"https:\/\/www.sinpro-rio.org.br\/principal\/#\/schema\/person\/49feb585a2f57a31a6bd9f16f78e5be6"},"breadcrumb":{"@id":"https:\/\/www.sinpro-rio.org.br\/principal\/docentes-da-gama-filho-elegem-nova-diretoria-para-a-adgf\/#breadcrumb"},"inLanguage":"pt-BR","potentialAction":[{"@type":"ReadAction","target":["https:\/\/www.sinpro-rio.org.br\/principal\/docentes-da-gama-filho-elegem-nova-diretoria-para-a-adgf\/"]}]},{"@type":"BreadcrumbList","@id":"https:\/\/www.sinpro-rio.org.br\/principal\/docentes-da-gama-filho-elegem-nova-diretoria-para-a-adgf\/#breadcrumb","itemListElement":[{"@type":"ListItem","position":1,"name":"In\u00edcio","item":"https:\/\/www.sinpro-rio.org.br\/principal\/"},{"@type":"ListItem","position":2,"name":"Docentes da Gama Filho elegem nova Diretoria para a ADGF"}]},{"@type":"WebSite","@id":"https:\/\/www.sinpro-rio.org.br\/principal\/#website","url":"https:\/\/www.sinpro-rio.org.br\/principal\/","name":"Sinpro-Rio","description":"Sindicato dos Professores do Munic\u00edpio do Rio de Janeiro e Regi\u00e3o","potentialAction":[{"@type":"SearchAction","target":{"@type":"EntryPoint","urlTemplate":"https:\/\/www.sinpro-rio.org.br\/principal\/?s={search_term_string}"},"query-input":{"@type":"PropertyValueSpecification","valueRequired":true,"valueName":"search_term_string"}}],"inLanguage":"pt-BR"},{"@type":"Person","@id":"https:\/\/www.sinpro-rio.org.br\/principal\/#\/schema\/person\/49feb585a2f57a31a6bd9f16f78e5be6","name":"rafaelrjp","image":{"@type":"ImageObject","inLanguage":"pt-BR","@id":"https:\/\/www.sinpro-rio.org.br\/principal\/#\/schema\/person\/image\/","url":"https:\/\/secure.gravatar.com\/avatar\/489371a0ba4655c340b519882c68cf68?s=96&d=mm&r=g","contentUrl":"https:\/\/secure.gravatar.com\/avatar\/489371a0ba4655c340b519882c68cf68?s=96&d=mm&r=g","caption":"rafaelrjp"},"url":"https:\/\/www.sinpro-rio.org.br\/principal\/author\/rafaelrjp\/"}]}},"_links":{"self":[{"href":"https:\/\/www.sinpro-rio.org.br\/principal\/wp-json\/wp\/v2\/posts\/20570","targetHints":{"allow":["GET"]}}],"collection":[{"href":"https:\/\/www.sinpro-rio.org.br\/principal\/wp-json\/wp\/v2\/posts"}],"about":[{"href":"https:\/\/www.sinpro-rio.org.br\/principal\/wp-json\/wp\/v2\/types\/post"}],"author":[{"embeddable":true,"href":"https:\/\/www.sinpro-rio.org.br\/principal\/wp-json\/wp\/v2\/users\/1"}],"replies":[{"embeddable":true,"href":"https:\/\/www.sinpro-rio.org.br\/principal\/wp-json\/wp\/v2\/comments?post=20570"}],"version-history":[{"count":0,"href":"https:\/\/www.sinpro-rio.org.br\/principal\/wp-json\/wp\/v2\/posts\/20570\/revisions"}],"wp:attachment":[{"href":"https:\/\/www.sinpro-rio.org.br\/principal\/wp-json\/wp\/v2\/media?parent=20570"}],"wp:term":[{"taxonomy":"category","embeddable":true,"href":"https:\/\/www.sinpro-rio.org.br\/principal\/wp-json\/wp\/v2\/categories?post=20570"},{"taxonomy":"post_tag","embeddable":true,"href":"https:\/\/www.sinpro-rio.org.br\/principal\/wp-json\/wp\/v2\/tags?post=20570"}],"curies":[{"name":"wp","href":"https:\/\/api.w.org\/{rel}","templated":true}]}}