{"id":20557,"date":"2010-01-01T00:00:00","date_gmt":"2010-01-01T00:00:00","guid":{"rendered":""},"modified":"-0001-11-30T00:00:00","modified_gmt":"-0001-11-30T03:00:00","slug":"morre-o-escritor-jose-saramago","status":"publish","type":"post","link":"https:\/\/www.sinpro-rio.org.br\/principal\/morre-o-escritor-jose-saramago\/","title":{"rendered":"Morre o escritor Jos\u00e9 Saramago"},"content":{"rendered":"<div class=\"alvo1\">\n<p>O escritor portugu\u00eas Jos\u00e9 Saramago, de 87 anos, faleceu no dia 18 de junho, em Lanzarote, nas Ilhas Can\u00e1rias, onde vivia. De acordo com nota emitida em sua p\u00e1gina oficial na internet &#8211; <a href=\"http:\/\/www.josesaramago.org\" target=\"_blank\">josesaramago.org<\/a> -, sua morte foi &#8220;consequ\u00eancia de uma m\u00faltipla falha org\u00e2nica, ap\u00f3s uma prolongada doen\u00e7a&#8221;.  <\/p>\n<p>Considerado o respons\u00e1vel pelo reconhecimento internacional da literatura em prosa em l\u00edngua portuguesa, ele recebeu o Pr\u00eamio Nobel de Literatura em 1998. Entre seus livros mais conhecidos est?o &#8220;O evangelho segundo Jesus Cristo&#8221;, &#8220;A balsa de pedra&#8221;, &#8220;A viagem do elefante&#8221; e &#8220;Ensaio sobre a cegueira&#8221;, adaptado para o cinema pelo diretor brasileiro Fernando Meirelles. Seu \u00faltimo romance editado foi &#8220;Caim&#8221;, publicado no ano passado.  <\/p>\n<p>Saramago nasceu em 16 novembro de 1922 na aldeia Azinhaga, no Ribatejo, concelho de Goleg?. Conhecido pelo seu ate\u00edsmo e iberismo, era membro do Partido Comunista Portugu\u00eas e foi diretor do jornal Di\u00e1rio de Not\u00edcias. Juntamente com Luiz Francisco Rebello, Armindo Magalh?es, Manuel da Fonseca e Urbano Tavares Rodrigues foi, em 1992, um dos fundadores da Frente Nacional para a Defesa da Cultura (FNDC).     <\/p>\n<\/div>\n","protected":false},"excerpt":{"rendered":"<p>O escritor portugu\u00eas Jos\u00e9 Saramago, de 87 anos, faleceu no dia 18 de junho, em Lanzarote, nas Ilhas Can\u00e1rias, onde vivia. De acordo com nota emitida em sua p\u00e1gina oficial na internet &#8211; josesaramago.org -, sua morte foi &#8220;consequ\u00eancia de uma m\u00faltipla falha org\u00e2nica, ap\u00f3s uma prolongada doen\u00e7a&#8221;. Considerado o respons\u00e1vel pelo reconhecimento internacional da [&hellip;]<\/p>\n","protected":false},"author":1,"featured_media":0,"comment_status":"closed","ping_status":"open","sticky":false,"template":"","format":"standard","meta":{"footnotes":""},"categories":[1],"tags":[],"class_list":["post-20557","post","type-post","status-publish","format-standard","hentry","category-noticias"],"yoast_head":"<!-- This site is optimized with the Yoast SEO plugin v25.7 - https:\/\/yoast.com\/wordpress\/plugins\/seo\/ -->\n<title>Morre o escritor Jos\u00e9 Saramago - Sinpro-Rio<\/title>\n<meta name=\"robots\" content=\"index, follow, max-snippet:-1, max-image-preview:large, max-video-preview:-1\" \/>\n<link rel=\"canonical\" href=\"https:\/\/www.sinpro-rio.org.br\/principal\/morre-o-escritor-jose-saramago\/\" \/>\n<meta property=\"og:locale\" content=\"pt_BR\" \/>\n<meta property=\"og:type\" content=\"article\" \/>\n<meta property=\"og:title\" content=\"Morre o escritor Jos\u00e9 Saramago - Sinpro-Rio\" \/>\n<meta property=\"og:description\" content=\"O escritor portugu\u00eas Jos\u00e9 Saramago, de 87 anos, faleceu no dia 18 de junho, em Lanzarote, nas Ilhas Can\u00e1rias, onde vivia. De acordo com nota emitida em sua p\u00e1gina oficial na internet &#8211; josesaramago.org -, sua morte foi &#8220;consequ\u00eancia de uma m\u00faltipla falha org\u00e2nica, ap\u00f3s uma prolongada doen\u00e7a&#8221;. Considerado o respons\u00e1vel pelo reconhecimento internacional da [&hellip;]\" \/>\n<meta property=\"og:url\" content=\"https:\/\/www.sinpro-rio.org.br\/principal\/morre-o-escritor-jose-saramago\/\" \/>\n<meta property=\"og:site_name\" content=\"Sinpro-Rio\" \/>\n<meta property=\"article:published_time\" content=\"2010-01-01T00:00:00+00:00\" \/>\n<meta name=\"author\" content=\"rafaelrjp\" \/>\n<meta name=\"twitter:card\" content=\"summary_large_image\" \/>\n<meta name=\"twitter:label1\" content=\"Escrito por\" \/>\n\t<meta name=\"twitter:data1\" content=\"rafaelrjp\" \/>\n\t<meta name=\"twitter:label2\" content=\"Est. tempo de leitura\" \/>\n\t<meta name=\"twitter:data2\" content=\"1 minuto\" \/>\n<script type=\"application\/ld+json\" class=\"yoast-schema-graph\">{\"@context\":\"https:\/\/schema.org\",\"@graph\":[{\"@type\":\"WebPage\",\"@id\":\"https:\/\/www.sinpro-rio.org.br\/principal\/morre-o-escritor-jose-saramago\/\",\"url\":\"https:\/\/www.sinpro-rio.org.br\/principal\/morre-o-escritor-jose-saramago\/\",\"name\":\"Morre o escritor Jos\u00e9 Saramago - Sinpro-Rio\",\"isPartOf\":{\"@id\":\"https:\/\/www.sinpro-rio.org.br\/principal\/#website\"},\"datePublished\":\"2010-01-01T00:00:00+00:00\",\"author\":{\"@id\":\"https:\/\/www.sinpro-rio.org.br\/principal\/#\/schema\/person\/49feb585a2f57a31a6bd9f16f78e5be6\"},\"breadcrumb\":{\"@id\":\"https:\/\/www.sinpro-rio.org.br\/principal\/morre-o-escritor-jose-saramago\/#breadcrumb\"},\"inLanguage\":\"pt-BR\",\"potentialAction\":[{\"@type\":\"ReadAction\",\"target\":[\"https:\/\/www.sinpro-rio.org.br\/principal\/morre-o-escritor-jose-saramago\/\"]}]},{\"@type\":\"BreadcrumbList\",\"@id\":\"https:\/\/www.sinpro-rio.org.br\/principal\/morre-o-escritor-jose-saramago\/#breadcrumb\",\"itemListElement\":[{\"@type\":\"ListItem\",\"position\":1,\"name\":\"In\u00edcio\",\"item\":\"https:\/\/www.sinpro-rio.org.br\/principal\/\"},{\"@type\":\"ListItem\",\"position\":2,\"name\":\"Morre o escritor Jos\u00e9 Saramago\"}]},{\"@type\":\"WebSite\",\"@id\":\"https:\/\/www.sinpro-rio.org.br\/principal\/#website\",\"url\":\"https:\/\/www.sinpro-rio.org.br\/principal\/\",\"name\":\"Sinpro-Rio\",\"description\":\"Sindicato dos Professores do Munic\u00edpio do Rio de Janeiro e Regi\u00e3o\",\"potentialAction\":[{\"@type\":\"SearchAction\",\"target\":{\"@type\":\"EntryPoint\",\"urlTemplate\":\"https:\/\/www.sinpro-rio.org.br\/principal\/?s={search_term_string}\"},\"query-input\":{\"@type\":\"PropertyValueSpecification\",\"valueRequired\":true,\"valueName\":\"search_term_string\"}}],\"inLanguage\":\"pt-BR\"},{\"@type\":\"Person\",\"@id\":\"https:\/\/www.sinpro-rio.org.br\/principal\/#\/schema\/person\/49feb585a2f57a31a6bd9f16f78e5be6\",\"name\":\"rafaelrjp\",\"image\":{\"@type\":\"ImageObject\",\"inLanguage\":\"pt-BR\",\"@id\":\"https:\/\/www.sinpro-rio.org.br\/principal\/#\/schema\/person\/image\/\",\"url\":\"https:\/\/secure.gravatar.com\/avatar\/489371a0ba4655c340b519882c68cf68?s=96&d=mm&r=g\",\"contentUrl\":\"https:\/\/secure.gravatar.com\/avatar\/489371a0ba4655c340b519882c68cf68?s=96&d=mm&r=g\",\"caption\":\"rafaelrjp\"},\"url\":\"https:\/\/www.sinpro-rio.org.br\/principal\/author\/rafaelrjp\/\"}]}<\/script>\n<!-- \/ Yoast SEO plugin. -->","yoast_head_json":{"title":"Morre o escritor Jos\u00e9 Saramago - Sinpro-Rio","robots":{"index":"index","follow":"follow","max-snippet":"max-snippet:-1","max-image-preview":"max-image-preview:large","max-video-preview":"max-video-preview:-1"},"canonical":"https:\/\/www.sinpro-rio.org.br\/principal\/morre-o-escritor-jose-saramago\/","og_locale":"pt_BR","og_type":"article","og_title":"Morre o escritor Jos\u00e9 Saramago - Sinpro-Rio","og_description":"O escritor portugu\u00eas Jos\u00e9 Saramago, de 87 anos, faleceu no dia 18 de junho, em Lanzarote, nas Ilhas Can\u00e1rias, onde vivia. De acordo com nota emitida em sua p\u00e1gina oficial na internet &#8211; josesaramago.org -, sua morte foi &#8220;consequ\u00eancia de uma m\u00faltipla falha org\u00e2nica, ap\u00f3s uma prolongada doen\u00e7a&#8221;. Considerado o respons\u00e1vel pelo reconhecimento internacional da [&hellip;]","og_url":"https:\/\/www.sinpro-rio.org.br\/principal\/morre-o-escritor-jose-saramago\/","og_site_name":"Sinpro-Rio","article_published_time":"2010-01-01T00:00:00+00:00","author":"rafaelrjp","twitter_card":"summary_large_image","twitter_misc":{"Escrito por":"rafaelrjp","Est. tempo de leitura":"1 minuto"},"schema":{"@context":"https:\/\/schema.org","@graph":[{"@type":"WebPage","@id":"https:\/\/www.sinpro-rio.org.br\/principal\/morre-o-escritor-jose-saramago\/","url":"https:\/\/www.sinpro-rio.org.br\/principal\/morre-o-escritor-jose-saramago\/","name":"Morre o escritor Jos\u00e9 Saramago - Sinpro-Rio","isPartOf":{"@id":"https:\/\/www.sinpro-rio.org.br\/principal\/#website"},"datePublished":"2010-01-01T00:00:00+00:00","author":{"@id":"https:\/\/www.sinpro-rio.org.br\/principal\/#\/schema\/person\/49feb585a2f57a31a6bd9f16f78e5be6"},"breadcrumb":{"@id":"https:\/\/www.sinpro-rio.org.br\/principal\/morre-o-escritor-jose-saramago\/#breadcrumb"},"inLanguage":"pt-BR","potentialAction":[{"@type":"ReadAction","target":["https:\/\/www.sinpro-rio.org.br\/principal\/morre-o-escritor-jose-saramago\/"]}]},{"@type":"BreadcrumbList","@id":"https:\/\/www.sinpro-rio.org.br\/principal\/morre-o-escritor-jose-saramago\/#breadcrumb","itemListElement":[{"@type":"ListItem","position":1,"name":"In\u00edcio","item":"https:\/\/www.sinpro-rio.org.br\/principal\/"},{"@type":"ListItem","position":2,"name":"Morre o escritor Jos\u00e9 Saramago"}]},{"@type":"WebSite","@id":"https:\/\/www.sinpro-rio.org.br\/principal\/#website","url":"https:\/\/www.sinpro-rio.org.br\/principal\/","name":"Sinpro-Rio","description":"Sindicato dos Professores do Munic\u00edpio do Rio de Janeiro e Regi\u00e3o","potentialAction":[{"@type":"SearchAction","target":{"@type":"EntryPoint","urlTemplate":"https:\/\/www.sinpro-rio.org.br\/principal\/?s={search_term_string}"},"query-input":{"@type":"PropertyValueSpecification","valueRequired":true,"valueName":"search_term_string"}}],"inLanguage":"pt-BR"},{"@type":"Person","@id":"https:\/\/www.sinpro-rio.org.br\/principal\/#\/schema\/person\/49feb585a2f57a31a6bd9f16f78e5be6","name":"rafaelrjp","image":{"@type":"ImageObject","inLanguage":"pt-BR","@id":"https:\/\/www.sinpro-rio.org.br\/principal\/#\/schema\/person\/image\/","url":"https:\/\/secure.gravatar.com\/avatar\/489371a0ba4655c340b519882c68cf68?s=96&d=mm&r=g","contentUrl":"https:\/\/secure.gravatar.com\/avatar\/489371a0ba4655c340b519882c68cf68?s=96&d=mm&r=g","caption":"rafaelrjp"},"url":"https:\/\/www.sinpro-rio.org.br\/principal\/author\/rafaelrjp\/"}]}},"_links":{"self":[{"href":"https:\/\/www.sinpro-rio.org.br\/principal\/wp-json\/wp\/v2\/posts\/20557","targetHints":{"allow":["GET"]}}],"collection":[{"href":"https:\/\/www.sinpro-rio.org.br\/principal\/wp-json\/wp\/v2\/posts"}],"about":[{"href":"https:\/\/www.sinpro-rio.org.br\/principal\/wp-json\/wp\/v2\/types\/post"}],"author":[{"embeddable":true,"href":"https:\/\/www.sinpro-rio.org.br\/principal\/wp-json\/wp\/v2\/users\/1"}],"replies":[{"embeddable":true,"href":"https:\/\/www.sinpro-rio.org.br\/principal\/wp-json\/wp\/v2\/comments?post=20557"}],"version-history":[{"count":0,"href":"https:\/\/www.sinpro-rio.org.br\/principal\/wp-json\/wp\/v2\/posts\/20557\/revisions"}],"wp:attachment":[{"href":"https:\/\/www.sinpro-rio.org.br\/principal\/wp-json\/wp\/v2\/media?parent=20557"}],"wp:term":[{"taxonomy":"category","embeddable":true,"href":"https:\/\/www.sinpro-rio.org.br\/principal\/wp-json\/wp\/v2\/categories?post=20557"},{"taxonomy":"post_tag","embeddable":true,"href":"https:\/\/www.sinpro-rio.org.br\/principal\/wp-json\/wp\/v2\/tags?post=20557"}],"curies":[{"name":"wp","href":"https:\/\/api.w.org\/{rel}","templated":true}]}}