{"id":20554,"date":"2010-01-01T00:00:00","date_gmt":"2010-01-01T00:00:00","guid":{"rendered":""},"modified":"-0001-11-30T00:00:00","modified_gmt":"-0001-11-30T03:00:00","slug":"decimo-forum-da-educac-o-superior-conta-com-representantes-de-conselhos-regionais","status":"publish","type":"post","link":"https:\/\/www.sinpro-rio.org.br\/principal\/decimo-forum-da-educac-o-superior-conta-com-representantes-de-conselhos-regionais\/","title":{"rendered":"D\u00e9cimo F\u00f3rum da Educa\u00e7?o Superior conta com representantes de Conselhos Regionais"},"content":{"rendered":"<div class=\"alvo1\">\n<p>Na \u00faltima sexta-feira, dia 25 de junho, aconteceu a 10\u00ba edi\u00e7?o do F\u00f3rum Permanente da Educa\u00e7?o Superior, que tem por objetivo pensar temas relacionados ao Ensino Superior privado no pa\u00eds.<\/p>\n<p>Abrindo o evento, o presidente do Sinpro-Rio, professor Wanderley Qu\u00eado, destacou que a autonomia democr\u00e1tica das universidades n?o pode servir de desculpa para que as entidades que gerem a Educa\u00e7?o Superior privada fa\u00e7am o que quiserem. Nesse sentido, o F\u00f3rum deveria ser reflexivo e propositivo em rela\u00e7?o a estas e outras quest?es.<\/p>\n<p>&#8220;Devemos discutir os temas ligados ao Ensino Superior e as reflex?es tem que servir para apontar caminhos. O f\u00f3rum n?o foi pensado para discutir quest?es meramente salariais&#8221;, destacou.<\/p>\n<p>Tal iniciativa se faz necess\u00e1ria, segundo o professor, porque os interesses internacionais j\u00e1 cooptam diversos pensadores para embasarem suas atividades na Educa\u00e7?o privada.<\/p>\n<p>&#8220;E os professores devem entender a posi\u00e7?o da categoria dentro desse contexto. \u00c9 um equ\u00edvoco pensar que a defesa dessa institui\u00e7?o \u00e9 a defesa dos professores&#8221;, comentou.<\/p>\n<p>A diretora Ana L\u00facia Guimar?es apresentou as contribui\u00e7?es da Confer\u00eancia Nacional de Educa\u00e7?o (Conae) e do XIV Conselho Sindical (Consind) da Confedera\u00e7?o Nacional dos Trabalhadores em Estabelecimentos de Ensino (Contee) para a Educa\u00e7?o Superior. &#8220;A luta contra a mercantiliza\u00e7?o da Educa\u00e7?o \u00e9 tradicional na Contee, \u00e9 bandeira de luta. J\u00e1 no Consind foi bastante discutida a concep\u00e7?o de na\u00e7?o que desejamos ter&#8221;, destacou a professora. A diretora Magna Corr\u00eaa, por sua vez, falou sobre o processo de mercantiliza\u00e7?o da Educa\u00e7?o e repassou todo o processo que, em sua vis?o, teve grande impulso na d\u00e9cada de 1990.<\/p>\n<p>&#8220;Esse foi o momento mais c\u00e9lebre do problema. Vivemos rodeados por um mercado financeiro que vive de plantar factoides&#8221;, avaliou a professora. Ao fim da reuni?o, o diretor Paulo Cesar Azevedo Ribeiro, ap\u00f3s levantar propostas para o pr\u00f3ximo F\u00f3rum, recordou a situa\u00e7?o falimentar dos Centros Universit\u00e1rios.<\/p>\n<p>Duas representantes de conselhos regionais &#8211; de Fonoaudiologia e de Contabilidade &#8211; Cl\u00e1udia Gra\u00e7a e S\u00f4nia Barbosa, respectivamente, estiveram presentes ao F\u00f3rum. Ambas defenderam uma a\u00e7?o conjunta das institui\u00e7?es em defesa da Educa\u00e7?o de qualidade.<\/p>\n<\/div>\n","protected":false},"excerpt":{"rendered":"<p>Na \u00faltima sexta-feira, dia 25 de junho, aconteceu a 10\u00ba edi\u00e7?o do F\u00f3rum Permanente da Educa\u00e7?o Superior, que tem por objetivo pensar temas relacionados ao Ensino Superior privado no pa\u00eds. Abrindo o evento, o presidente do Sinpro-Rio, professor Wanderley Qu\u00eado, destacou que a autonomia democr\u00e1tica das universidades n?o pode servir de desculpa para que as [&hellip;]<\/p>\n","protected":false},"author":1,"featured_media":0,"comment_status":"closed","ping_status":"open","sticky":false,"template":"","format":"standard","meta":{"footnotes":""},"categories":[1],"tags":[],"class_list":["post-20554","post","type-post","status-publish","format-standard","hentry","category-noticias"],"yoast_head":"<!-- This site is optimized with the Yoast SEO plugin v25.7 - https:\/\/yoast.com\/wordpress\/plugins\/seo\/ -->\n<title>D\u00e9cimo F\u00f3rum da Educa\u00e7?o Superior conta com representantes de Conselhos Regionais - Sinpro-Rio<\/title>\n<meta name=\"robots\" content=\"index, follow, max-snippet:-1, max-image-preview:large, max-video-preview:-1\" \/>\n<link rel=\"canonical\" href=\"https:\/\/www.sinpro-rio.org.br\/principal\/decimo-forum-da-educac-o-superior-conta-com-representantes-de-conselhos-regionais\/\" \/>\n<meta property=\"og:locale\" content=\"pt_BR\" \/>\n<meta property=\"og:type\" content=\"article\" \/>\n<meta property=\"og:title\" content=\"D\u00e9cimo F\u00f3rum da Educa\u00e7?o Superior conta com representantes de Conselhos Regionais - Sinpro-Rio\" \/>\n<meta property=\"og:description\" content=\"Na \u00faltima sexta-feira, dia 25 de junho, aconteceu a 10\u00ba edi\u00e7?o do F\u00f3rum Permanente da Educa\u00e7?o Superior, que tem por objetivo pensar temas relacionados ao Ensino Superior privado no pa\u00eds. Abrindo o evento, o presidente do Sinpro-Rio, professor Wanderley Qu\u00eado, destacou que a autonomia democr\u00e1tica das universidades n?o pode servir de desculpa para que as [&hellip;]\" \/>\n<meta property=\"og:url\" content=\"https:\/\/www.sinpro-rio.org.br\/principal\/decimo-forum-da-educac-o-superior-conta-com-representantes-de-conselhos-regionais\/\" \/>\n<meta property=\"og:site_name\" content=\"Sinpro-Rio\" \/>\n<meta property=\"article:published_time\" content=\"2010-01-01T00:00:00+00:00\" \/>\n<meta name=\"author\" content=\"rafaelrjp\" \/>\n<meta name=\"twitter:card\" content=\"summary_large_image\" \/>\n<meta name=\"twitter:label1\" content=\"Escrito por\" \/>\n\t<meta name=\"twitter:data1\" content=\"rafaelrjp\" \/>\n\t<meta name=\"twitter:label2\" content=\"Est. tempo de leitura\" \/>\n\t<meta name=\"twitter:data2\" content=\"2 minutos\" \/>\n<script type=\"application\/ld+json\" class=\"yoast-schema-graph\">{\"@context\":\"https:\/\/schema.org\",\"@graph\":[{\"@type\":\"WebPage\",\"@id\":\"https:\/\/www.sinpro-rio.org.br\/principal\/decimo-forum-da-educac-o-superior-conta-com-representantes-de-conselhos-regionais\/\",\"url\":\"https:\/\/www.sinpro-rio.org.br\/principal\/decimo-forum-da-educac-o-superior-conta-com-representantes-de-conselhos-regionais\/\",\"name\":\"D\u00e9cimo F\u00f3rum da Educa\u00e7?o Superior conta com representantes de Conselhos Regionais - Sinpro-Rio\",\"isPartOf\":{\"@id\":\"https:\/\/www.sinpro-rio.org.br\/principal\/#website\"},\"datePublished\":\"2010-01-01T00:00:00+00:00\",\"author\":{\"@id\":\"https:\/\/www.sinpro-rio.org.br\/principal\/#\/schema\/person\/49feb585a2f57a31a6bd9f16f78e5be6\"},\"breadcrumb\":{\"@id\":\"https:\/\/www.sinpro-rio.org.br\/principal\/decimo-forum-da-educac-o-superior-conta-com-representantes-de-conselhos-regionais\/#breadcrumb\"},\"inLanguage\":\"pt-BR\",\"potentialAction\":[{\"@type\":\"ReadAction\",\"target\":[\"https:\/\/www.sinpro-rio.org.br\/principal\/decimo-forum-da-educac-o-superior-conta-com-representantes-de-conselhos-regionais\/\"]}]},{\"@type\":\"BreadcrumbList\",\"@id\":\"https:\/\/www.sinpro-rio.org.br\/principal\/decimo-forum-da-educac-o-superior-conta-com-representantes-de-conselhos-regionais\/#breadcrumb\",\"itemListElement\":[{\"@type\":\"ListItem\",\"position\":1,\"name\":\"In\u00edcio\",\"item\":\"https:\/\/www.sinpro-rio.org.br\/principal\/\"},{\"@type\":\"ListItem\",\"position\":2,\"name\":\"D\u00e9cimo F\u00f3rum da Educa\u00e7?o Superior conta com representantes de Conselhos Regionais\"}]},{\"@type\":\"WebSite\",\"@id\":\"https:\/\/www.sinpro-rio.org.br\/principal\/#website\",\"url\":\"https:\/\/www.sinpro-rio.org.br\/principal\/\",\"name\":\"Sinpro-Rio\",\"description\":\"Sindicato dos Professores do Munic\u00edpio do Rio de Janeiro e Regi\u00e3o\",\"potentialAction\":[{\"@type\":\"SearchAction\",\"target\":{\"@type\":\"EntryPoint\",\"urlTemplate\":\"https:\/\/www.sinpro-rio.org.br\/principal\/?s={search_term_string}\"},\"query-input\":{\"@type\":\"PropertyValueSpecification\",\"valueRequired\":true,\"valueName\":\"search_term_string\"}}],\"inLanguage\":\"pt-BR\"},{\"@type\":\"Person\",\"@id\":\"https:\/\/www.sinpro-rio.org.br\/principal\/#\/schema\/person\/49feb585a2f57a31a6bd9f16f78e5be6\",\"name\":\"rafaelrjp\",\"image\":{\"@type\":\"ImageObject\",\"inLanguage\":\"pt-BR\",\"@id\":\"https:\/\/www.sinpro-rio.org.br\/principal\/#\/schema\/person\/image\/\",\"url\":\"https:\/\/secure.gravatar.com\/avatar\/489371a0ba4655c340b519882c68cf68?s=96&d=mm&r=g\",\"contentUrl\":\"https:\/\/secure.gravatar.com\/avatar\/489371a0ba4655c340b519882c68cf68?s=96&d=mm&r=g\",\"caption\":\"rafaelrjp\"},\"url\":\"https:\/\/www.sinpro-rio.org.br\/principal\/author\/rafaelrjp\/\"}]}<\/script>\n<!-- \/ Yoast SEO plugin. -->","yoast_head_json":{"title":"D\u00e9cimo F\u00f3rum da Educa\u00e7?o Superior conta com representantes de Conselhos Regionais - Sinpro-Rio","robots":{"index":"index","follow":"follow","max-snippet":"max-snippet:-1","max-image-preview":"max-image-preview:large","max-video-preview":"max-video-preview:-1"},"canonical":"https:\/\/www.sinpro-rio.org.br\/principal\/decimo-forum-da-educac-o-superior-conta-com-representantes-de-conselhos-regionais\/","og_locale":"pt_BR","og_type":"article","og_title":"D\u00e9cimo F\u00f3rum da Educa\u00e7?o Superior conta com representantes de Conselhos Regionais - Sinpro-Rio","og_description":"Na \u00faltima sexta-feira, dia 25 de junho, aconteceu a 10\u00ba edi\u00e7?o do F\u00f3rum Permanente da Educa\u00e7?o Superior, que tem por objetivo pensar temas relacionados ao Ensino Superior privado no pa\u00eds. Abrindo o evento, o presidente do Sinpro-Rio, professor Wanderley Qu\u00eado, destacou que a autonomia democr\u00e1tica das universidades n?o pode servir de desculpa para que as [&hellip;]","og_url":"https:\/\/www.sinpro-rio.org.br\/principal\/decimo-forum-da-educac-o-superior-conta-com-representantes-de-conselhos-regionais\/","og_site_name":"Sinpro-Rio","article_published_time":"2010-01-01T00:00:00+00:00","author":"rafaelrjp","twitter_card":"summary_large_image","twitter_misc":{"Escrito por":"rafaelrjp","Est. tempo de leitura":"2 minutos"},"schema":{"@context":"https:\/\/schema.org","@graph":[{"@type":"WebPage","@id":"https:\/\/www.sinpro-rio.org.br\/principal\/decimo-forum-da-educac-o-superior-conta-com-representantes-de-conselhos-regionais\/","url":"https:\/\/www.sinpro-rio.org.br\/principal\/decimo-forum-da-educac-o-superior-conta-com-representantes-de-conselhos-regionais\/","name":"D\u00e9cimo F\u00f3rum da Educa\u00e7?o Superior conta com representantes de Conselhos Regionais - Sinpro-Rio","isPartOf":{"@id":"https:\/\/www.sinpro-rio.org.br\/principal\/#website"},"datePublished":"2010-01-01T00:00:00+00:00","author":{"@id":"https:\/\/www.sinpro-rio.org.br\/principal\/#\/schema\/person\/49feb585a2f57a31a6bd9f16f78e5be6"},"breadcrumb":{"@id":"https:\/\/www.sinpro-rio.org.br\/principal\/decimo-forum-da-educac-o-superior-conta-com-representantes-de-conselhos-regionais\/#breadcrumb"},"inLanguage":"pt-BR","potentialAction":[{"@type":"ReadAction","target":["https:\/\/www.sinpro-rio.org.br\/principal\/decimo-forum-da-educac-o-superior-conta-com-representantes-de-conselhos-regionais\/"]}]},{"@type":"BreadcrumbList","@id":"https:\/\/www.sinpro-rio.org.br\/principal\/decimo-forum-da-educac-o-superior-conta-com-representantes-de-conselhos-regionais\/#breadcrumb","itemListElement":[{"@type":"ListItem","position":1,"name":"In\u00edcio","item":"https:\/\/www.sinpro-rio.org.br\/principal\/"},{"@type":"ListItem","position":2,"name":"D\u00e9cimo F\u00f3rum da Educa\u00e7?o Superior conta com representantes de Conselhos Regionais"}]},{"@type":"WebSite","@id":"https:\/\/www.sinpro-rio.org.br\/principal\/#website","url":"https:\/\/www.sinpro-rio.org.br\/principal\/","name":"Sinpro-Rio","description":"Sindicato dos Professores do Munic\u00edpio do Rio de Janeiro e Regi\u00e3o","potentialAction":[{"@type":"SearchAction","target":{"@type":"EntryPoint","urlTemplate":"https:\/\/www.sinpro-rio.org.br\/principal\/?s={search_term_string}"},"query-input":{"@type":"PropertyValueSpecification","valueRequired":true,"valueName":"search_term_string"}}],"inLanguage":"pt-BR"},{"@type":"Person","@id":"https:\/\/www.sinpro-rio.org.br\/principal\/#\/schema\/person\/49feb585a2f57a31a6bd9f16f78e5be6","name":"rafaelrjp","image":{"@type":"ImageObject","inLanguage":"pt-BR","@id":"https:\/\/www.sinpro-rio.org.br\/principal\/#\/schema\/person\/image\/","url":"https:\/\/secure.gravatar.com\/avatar\/489371a0ba4655c340b519882c68cf68?s=96&d=mm&r=g","contentUrl":"https:\/\/secure.gravatar.com\/avatar\/489371a0ba4655c340b519882c68cf68?s=96&d=mm&r=g","caption":"rafaelrjp"},"url":"https:\/\/www.sinpro-rio.org.br\/principal\/author\/rafaelrjp\/"}]}},"_links":{"self":[{"href":"https:\/\/www.sinpro-rio.org.br\/principal\/wp-json\/wp\/v2\/posts\/20554","targetHints":{"allow":["GET"]}}],"collection":[{"href":"https:\/\/www.sinpro-rio.org.br\/principal\/wp-json\/wp\/v2\/posts"}],"about":[{"href":"https:\/\/www.sinpro-rio.org.br\/principal\/wp-json\/wp\/v2\/types\/post"}],"author":[{"embeddable":true,"href":"https:\/\/www.sinpro-rio.org.br\/principal\/wp-json\/wp\/v2\/users\/1"}],"replies":[{"embeddable":true,"href":"https:\/\/www.sinpro-rio.org.br\/principal\/wp-json\/wp\/v2\/comments?post=20554"}],"version-history":[{"count":0,"href":"https:\/\/www.sinpro-rio.org.br\/principal\/wp-json\/wp\/v2\/posts\/20554\/revisions"}],"wp:attachment":[{"href":"https:\/\/www.sinpro-rio.org.br\/principal\/wp-json\/wp\/v2\/media?parent=20554"}],"wp:term":[{"taxonomy":"category","embeddable":true,"href":"https:\/\/www.sinpro-rio.org.br\/principal\/wp-json\/wp\/v2\/categories?post=20554"},{"taxonomy":"post_tag","embeddable":true,"href":"https:\/\/www.sinpro-rio.org.br\/principal\/wp-json\/wp\/v2\/tags?post=20554"}],"curies":[{"name":"wp","href":"https:\/\/api.w.org\/{rel}","templated":true}]}}