{"id":20548,"date":"2010-01-01T00:00:00","date_gmt":"2010-01-01T00:00:00","guid":{"rendered":""},"modified":"-0001-11-30T00:00:00","modified_gmt":"-0001-11-30T03:00:00","slug":"trabalhadores-entregam-plataforma-ao-governador-sergio-cabral","status":"publish","type":"post","link":"https:\/\/www.sinpro-rio.org.br\/principal\/trabalhadores-entregam-plataforma-ao-governador-sergio-cabral\/","title":{"rendered":"Trabalhadores entregam plataforma ao governador S\u00e9rgio Cabral"},"content":{"rendered":"<div class=\"alvo1\">\n<p>No dia 15 de julho, a Central \u00danica dos Trabalhadores (CUT) entregou ao governador S\u00e9rgio Cabral, a Plataforma da Classe Trabalhadora para diversos temas importantes, entre eles, educa\u00e7?o. Tr\u00eas diretores do Sinpro-Rio estiveram presentes ao evento: Glorya Ramos, que tamb\u00e9m faz parte da diretoria executiva da CUT-RJ, Elson Sim?es e Oswaldo Teles.<\/p>\n<p>O documento tamb\u00e9m foi entregue a outros pol\u00edticos como Carlos Minc, Lindberg Farias e Gilberto Palmares. Segundo Glorya, o momento foi importante para conhecer a prioridade que os candidatos dar?o \u00e0 educa\u00e7?o. &#8220;Queremos saber qual o real comprometimento deles com educa\u00e7?o, j\u00e1 que entre as propostas est\u00e1 a regulamenta\u00e7?o do ensino privado&#8221;, indagou.<\/p>\n<p>Para ela, o projeto da classe trabalhadora \u00e9 importante para o Estado brasileiro. &#8220;O presidente nacional da CUT veio para apresentar a plataforma e arrancar o compromisso do governador com a classe&#8221;, contou.<\/p>\n<p>A CUT, \u00e0 qual o Sinpro-Rio \u00e9 filiado, incluiu entre as propostas temas ligados ao meio educacional. &#8220;Entre as que afetam diretamente o ensino est\u00e1 a regulamenta\u00e7?o do setor privado. A educa\u00e7?o privada \u00e9 uma concess?o do poder p\u00fablico. Ela n?o \u00e9 exclusiva de um dono, deve obedecer a uma regulamenta\u00e7?o que, no Estado e no Munic\u00edpio do Rio, n?o existem. Ali\u00e1s, poucos estados t\u00eam a escola particular formando uma rede regulamentada&#8221;, comentou ela, acrescentando que as f\u00e9rias em janeiro para a rede privada foram vetadas pelo prefeito e o governador do Rio. &#8220;Enquanto sindicato cutista, queremos colaborar para que arranquem esse compromisso, que \u00e9 uma quest?o da sa\u00fade do trabalhador. O que significa vetar essa reivindica\u00e7?o dessa causa t?o justa dos trabalhadores?&#8221;, questiona a sindicalista.<\/p>\n<p>O ex-ministro e atual deputado estadual Carlos Minc ressaltou a import\u00e2ncia do evento sindical. &#8220;O movimento sindical avan\u00e7ou muito no Brasil. Est\u00e1 al\u00e9m do muro da f\u00e1brica, tem pensado e debatido sobre educa\u00e7?o, saneamento, transportes. Isso representa um grande amadurecimento. E, quando entrega essas propostas aos candidatos, isso \u00e9 muito positivo&#8221;, salientou.<\/p>\n<p>J\u00e1 o deputado estadual Gilberto Palmares pontuou que trata-se do melhor momento para se discutir e apresentar ideias. &#8220;\u00c9 bastante oportuno fazer isso no momento eleitoral. Os v\u00e1rios segmentos, inclusive o patronato, costumam elaborar proposi\u00e7?es e cobrar dos candidatos um posicionamento. Os sindicatos devem fazer o mesmo&#8221;, sugeriu o parlamentar, que acrescentou pensar que a CUT acerta quando elabora um plano e procura as candidaturas, especialmente as que afirmam estar identificadas com os trabalhadores.<\/p>\n<p>Participaram da mesa do evento, al\u00e9m do governador S\u00e9rgio Cabral, do ex-prefeito de Nova Igua\u00e7u Lindberg Farias, do ex-ministro Carlos Minc e do deputado Gilberto Palmares; o presidente nacional da CUT, Arthur Henrique; o presidente do Sindicato dos Banc\u00e1rios, Almir Aguiar; o presidente da CUT-RJ, Darby Igayara; e a vice-presidente da CUT-RJ, Neuza Luiza Pinto.<\/p>\n<\/div>\n","protected":false},"excerpt":{"rendered":"<p>No dia 15 de julho, a Central \u00danica dos Trabalhadores (CUT) entregou ao governador S\u00e9rgio Cabral, a Plataforma da Classe Trabalhadora para diversos temas importantes, entre eles, educa\u00e7?o. Tr\u00eas diretores do Sinpro-Rio estiveram presentes ao evento: Glorya Ramos, que tamb\u00e9m faz parte da diretoria executiva da CUT-RJ, Elson Sim?es e Oswaldo Teles. O documento tamb\u00e9m [&hellip;]<\/p>\n","protected":false},"author":1,"featured_media":0,"comment_status":"closed","ping_status":"open","sticky":false,"template":"","format":"standard","meta":{"footnotes":""},"categories":[1],"tags":[],"class_list":["post-20548","post","type-post","status-publish","format-standard","hentry","category-noticias"],"yoast_head":"<!-- This site is optimized with the Yoast SEO plugin v25.7 - https:\/\/yoast.com\/wordpress\/plugins\/seo\/ -->\n<title>Trabalhadores entregam plataforma ao governador S\u00e9rgio Cabral - Sinpro-Rio<\/title>\n<meta name=\"robots\" content=\"index, follow, max-snippet:-1, max-image-preview:large, max-video-preview:-1\" \/>\n<link rel=\"canonical\" href=\"https:\/\/www.sinpro-rio.org.br\/principal\/trabalhadores-entregam-plataforma-ao-governador-sergio-cabral\/\" \/>\n<meta property=\"og:locale\" content=\"pt_BR\" \/>\n<meta property=\"og:type\" content=\"article\" \/>\n<meta property=\"og:title\" content=\"Trabalhadores entregam plataforma ao governador S\u00e9rgio Cabral - Sinpro-Rio\" \/>\n<meta property=\"og:description\" content=\"No dia 15 de julho, a Central \u00danica dos Trabalhadores (CUT) entregou ao governador S\u00e9rgio Cabral, a Plataforma da Classe Trabalhadora para diversos temas importantes, entre eles, educa\u00e7?o. Tr\u00eas diretores do Sinpro-Rio estiveram presentes ao evento: Glorya Ramos, que tamb\u00e9m faz parte da diretoria executiva da CUT-RJ, Elson Sim?es e Oswaldo Teles. O documento tamb\u00e9m [&hellip;]\" \/>\n<meta property=\"og:url\" content=\"https:\/\/www.sinpro-rio.org.br\/principal\/trabalhadores-entregam-plataforma-ao-governador-sergio-cabral\/\" \/>\n<meta property=\"og:site_name\" content=\"Sinpro-Rio\" \/>\n<meta property=\"article:published_time\" content=\"2010-01-01T00:00:00+00:00\" \/>\n<meta name=\"author\" content=\"rafaelrjp\" \/>\n<meta name=\"twitter:card\" content=\"summary_large_image\" \/>\n<meta name=\"twitter:label1\" content=\"Escrito por\" \/>\n\t<meta name=\"twitter:data1\" content=\"rafaelrjp\" \/>\n\t<meta name=\"twitter:label2\" content=\"Est. tempo de leitura\" \/>\n\t<meta name=\"twitter:data2\" content=\"2 minutos\" \/>\n<script type=\"application\/ld+json\" class=\"yoast-schema-graph\">{\"@context\":\"https:\/\/schema.org\",\"@graph\":[{\"@type\":\"WebPage\",\"@id\":\"https:\/\/www.sinpro-rio.org.br\/principal\/trabalhadores-entregam-plataforma-ao-governador-sergio-cabral\/\",\"url\":\"https:\/\/www.sinpro-rio.org.br\/principal\/trabalhadores-entregam-plataforma-ao-governador-sergio-cabral\/\",\"name\":\"Trabalhadores entregam plataforma ao governador S\u00e9rgio Cabral - Sinpro-Rio\",\"isPartOf\":{\"@id\":\"https:\/\/www.sinpro-rio.org.br\/principal\/#website\"},\"datePublished\":\"2010-01-01T00:00:00+00:00\",\"author\":{\"@id\":\"https:\/\/www.sinpro-rio.org.br\/principal\/#\/schema\/person\/49feb585a2f57a31a6bd9f16f78e5be6\"},\"breadcrumb\":{\"@id\":\"https:\/\/www.sinpro-rio.org.br\/principal\/trabalhadores-entregam-plataforma-ao-governador-sergio-cabral\/#breadcrumb\"},\"inLanguage\":\"pt-BR\",\"potentialAction\":[{\"@type\":\"ReadAction\",\"target\":[\"https:\/\/www.sinpro-rio.org.br\/principal\/trabalhadores-entregam-plataforma-ao-governador-sergio-cabral\/\"]}]},{\"@type\":\"BreadcrumbList\",\"@id\":\"https:\/\/www.sinpro-rio.org.br\/principal\/trabalhadores-entregam-plataforma-ao-governador-sergio-cabral\/#breadcrumb\",\"itemListElement\":[{\"@type\":\"ListItem\",\"position\":1,\"name\":\"In\u00edcio\",\"item\":\"https:\/\/www.sinpro-rio.org.br\/principal\/\"},{\"@type\":\"ListItem\",\"position\":2,\"name\":\"Trabalhadores entregam plataforma ao governador S\u00e9rgio Cabral\"}]},{\"@type\":\"WebSite\",\"@id\":\"https:\/\/www.sinpro-rio.org.br\/principal\/#website\",\"url\":\"https:\/\/www.sinpro-rio.org.br\/principal\/\",\"name\":\"Sinpro-Rio\",\"description\":\"Sindicato dos Professores do Munic\u00edpio do Rio de Janeiro e Regi\u00e3o\",\"potentialAction\":[{\"@type\":\"SearchAction\",\"target\":{\"@type\":\"EntryPoint\",\"urlTemplate\":\"https:\/\/www.sinpro-rio.org.br\/principal\/?s={search_term_string}\"},\"query-input\":{\"@type\":\"PropertyValueSpecification\",\"valueRequired\":true,\"valueName\":\"search_term_string\"}}],\"inLanguage\":\"pt-BR\"},{\"@type\":\"Person\",\"@id\":\"https:\/\/www.sinpro-rio.org.br\/principal\/#\/schema\/person\/49feb585a2f57a31a6bd9f16f78e5be6\",\"name\":\"rafaelrjp\",\"image\":{\"@type\":\"ImageObject\",\"inLanguage\":\"pt-BR\",\"@id\":\"https:\/\/www.sinpro-rio.org.br\/principal\/#\/schema\/person\/image\/\",\"url\":\"https:\/\/secure.gravatar.com\/avatar\/489371a0ba4655c340b519882c68cf68?s=96&d=mm&r=g\",\"contentUrl\":\"https:\/\/secure.gravatar.com\/avatar\/489371a0ba4655c340b519882c68cf68?s=96&d=mm&r=g\",\"caption\":\"rafaelrjp\"},\"url\":\"https:\/\/www.sinpro-rio.org.br\/principal\/author\/rafaelrjp\/\"}]}<\/script>\n<!-- \/ Yoast SEO plugin. -->","yoast_head_json":{"title":"Trabalhadores entregam plataforma ao governador S\u00e9rgio Cabral - Sinpro-Rio","robots":{"index":"index","follow":"follow","max-snippet":"max-snippet:-1","max-image-preview":"max-image-preview:large","max-video-preview":"max-video-preview:-1"},"canonical":"https:\/\/www.sinpro-rio.org.br\/principal\/trabalhadores-entregam-plataforma-ao-governador-sergio-cabral\/","og_locale":"pt_BR","og_type":"article","og_title":"Trabalhadores entregam plataforma ao governador S\u00e9rgio Cabral - Sinpro-Rio","og_description":"No dia 15 de julho, a Central \u00danica dos Trabalhadores (CUT) entregou ao governador S\u00e9rgio Cabral, a Plataforma da Classe Trabalhadora para diversos temas importantes, entre eles, educa\u00e7?o. Tr\u00eas diretores do Sinpro-Rio estiveram presentes ao evento: Glorya Ramos, que tamb\u00e9m faz parte da diretoria executiva da CUT-RJ, Elson Sim?es e Oswaldo Teles. O documento tamb\u00e9m [&hellip;]","og_url":"https:\/\/www.sinpro-rio.org.br\/principal\/trabalhadores-entregam-plataforma-ao-governador-sergio-cabral\/","og_site_name":"Sinpro-Rio","article_published_time":"2010-01-01T00:00:00+00:00","author":"rafaelrjp","twitter_card":"summary_large_image","twitter_misc":{"Escrito por":"rafaelrjp","Est. tempo de leitura":"2 minutos"},"schema":{"@context":"https:\/\/schema.org","@graph":[{"@type":"WebPage","@id":"https:\/\/www.sinpro-rio.org.br\/principal\/trabalhadores-entregam-plataforma-ao-governador-sergio-cabral\/","url":"https:\/\/www.sinpro-rio.org.br\/principal\/trabalhadores-entregam-plataforma-ao-governador-sergio-cabral\/","name":"Trabalhadores entregam plataforma ao governador S\u00e9rgio Cabral - Sinpro-Rio","isPartOf":{"@id":"https:\/\/www.sinpro-rio.org.br\/principal\/#website"},"datePublished":"2010-01-01T00:00:00+00:00","author":{"@id":"https:\/\/www.sinpro-rio.org.br\/principal\/#\/schema\/person\/49feb585a2f57a31a6bd9f16f78e5be6"},"breadcrumb":{"@id":"https:\/\/www.sinpro-rio.org.br\/principal\/trabalhadores-entregam-plataforma-ao-governador-sergio-cabral\/#breadcrumb"},"inLanguage":"pt-BR","potentialAction":[{"@type":"ReadAction","target":["https:\/\/www.sinpro-rio.org.br\/principal\/trabalhadores-entregam-plataforma-ao-governador-sergio-cabral\/"]}]},{"@type":"BreadcrumbList","@id":"https:\/\/www.sinpro-rio.org.br\/principal\/trabalhadores-entregam-plataforma-ao-governador-sergio-cabral\/#breadcrumb","itemListElement":[{"@type":"ListItem","position":1,"name":"In\u00edcio","item":"https:\/\/www.sinpro-rio.org.br\/principal\/"},{"@type":"ListItem","position":2,"name":"Trabalhadores entregam plataforma ao governador S\u00e9rgio Cabral"}]},{"@type":"WebSite","@id":"https:\/\/www.sinpro-rio.org.br\/principal\/#website","url":"https:\/\/www.sinpro-rio.org.br\/principal\/","name":"Sinpro-Rio","description":"Sindicato dos Professores do Munic\u00edpio do Rio de Janeiro e Regi\u00e3o","potentialAction":[{"@type":"SearchAction","target":{"@type":"EntryPoint","urlTemplate":"https:\/\/www.sinpro-rio.org.br\/principal\/?s={search_term_string}"},"query-input":{"@type":"PropertyValueSpecification","valueRequired":true,"valueName":"search_term_string"}}],"inLanguage":"pt-BR"},{"@type":"Person","@id":"https:\/\/www.sinpro-rio.org.br\/principal\/#\/schema\/person\/49feb585a2f57a31a6bd9f16f78e5be6","name":"rafaelrjp","image":{"@type":"ImageObject","inLanguage":"pt-BR","@id":"https:\/\/www.sinpro-rio.org.br\/principal\/#\/schema\/person\/image\/","url":"https:\/\/secure.gravatar.com\/avatar\/489371a0ba4655c340b519882c68cf68?s=96&d=mm&r=g","contentUrl":"https:\/\/secure.gravatar.com\/avatar\/489371a0ba4655c340b519882c68cf68?s=96&d=mm&r=g","caption":"rafaelrjp"},"url":"https:\/\/www.sinpro-rio.org.br\/principal\/author\/rafaelrjp\/"}]}},"_links":{"self":[{"href":"https:\/\/www.sinpro-rio.org.br\/principal\/wp-json\/wp\/v2\/posts\/20548","targetHints":{"allow":["GET"]}}],"collection":[{"href":"https:\/\/www.sinpro-rio.org.br\/principal\/wp-json\/wp\/v2\/posts"}],"about":[{"href":"https:\/\/www.sinpro-rio.org.br\/principal\/wp-json\/wp\/v2\/types\/post"}],"author":[{"embeddable":true,"href":"https:\/\/www.sinpro-rio.org.br\/principal\/wp-json\/wp\/v2\/users\/1"}],"replies":[{"embeddable":true,"href":"https:\/\/www.sinpro-rio.org.br\/principal\/wp-json\/wp\/v2\/comments?post=20548"}],"version-history":[{"count":0,"href":"https:\/\/www.sinpro-rio.org.br\/principal\/wp-json\/wp\/v2\/posts\/20548\/revisions"}],"wp:attachment":[{"href":"https:\/\/www.sinpro-rio.org.br\/principal\/wp-json\/wp\/v2\/media?parent=20548"}],"wp:term":[{"taxonomy":"category","embeddable":true,"href":"https:\/\/www.sinpro-rio.org.br\/principal\/wp-json\/wp\/v2\/categories?post=20548"},{"taxonomy":"post_tag","embeddable":true,"href":"https:\/\/www.sinpro-rio.org.br\/principal\/wp-json\/wp\/v2\/tags?post=20548"}],"curies":[{"name":"wp","href":"https:\/\/api.w.org\/{rel}","templated":true}]}}