{"id":20537,"date":"2010-01-01T00:00:00","date_gmt":"2010-01-01T00:00:00","guid":{"rendered":""},"modified":"-0001-11-30T00:00:00","modified_gmt":"-0001-11-30T03:00:00","slug":"lei-quot-maria-da-penha-quot-completa-quatro-anos","status":"publish","type":"post","link":"https:\/\/www.sinpro-rio.org.br\/principal\/lei-quot-maria-da-penha-quot-completa-quatro-anos\/","title":{"rendered":"Lei &quot;Maria da Penha&quot; completa quatro anos"},"content":{"rendered":"<div class=\"alvo1\">\n<p>No \u00faltimo dia 7 de agosto, a Lei n\u00ba 11.340\/2006, conhecida como &#8220;Lei Maria da Penha&#8221;, completou quatro anos e seus efeitos j\u00e1 se fazem sentir tanto pela condena\u00e7?o daqueles que praticam viol\u00eancia contra a mulher como na contribui\u00e7?o para mudan\u00e7a de percep\u00e7?o da sociedade sobre o assunto.<\/p>\n<p>S\u00f3 no munic\u00edpio do Rio de Janeiro, segundo dados divulgados recentemente, os tr\u00eas Juizados da Viol\u00eancia Dom\u00e9stica e Familiar contra a Mulher abrem, em m\u00e9dia, um novo processo por hora. Desde a cria\u00e7?o dessas varas especiais nos anos 2007 e 2008, foram iniciadas quase 67 mil a\u00e7?es, das quais aproximadamente 23.700 j\u00e1 tiveram senten\u00e7a definida. Mais de 43 mil, no entanto, ainda aguardam julgamentos.<\/p>\n<p>Considerada como um avan\u00e7o na garantia dos direitos dessa parcela da popula\u00e7?o, a &#8220;Lei Maria da Penha&#8221; criou mecanismos para coibir e prevenir a viol\u00eancia dom\u00e9stica e familiar contra a mulher. Independente de classe, ra\u00e7a, etnia, orienta\u00e7?o sexual, renda, cultura, n\u00edvel educacional, idade e religi?o, ficou garantido \u00e0s mulheres que todas gozam dos direitos fundamentais inerentes \u00e0 pessoa humana, sendo-lhes asseguradas ainda as oportunidades e facilidades para viver sem viol\u00eancia, preservar sua sa\u00fade f\u00edsica e mental e seu aperfei\u00e7oamento moral, intelectual e social. A lei tamb\u00e9m resguarda as condi\u00e7?es para o exerc\u00edcio efetivo dos direitos \u00e0 vida, \u00e0 seguran\u00e7a, \u00e0 sa\u00fade, \u00e0 alimenta\u00e7?o, \u00e0 educa\u00e7?o, \u00e0 cultura, \u00e0 moradia, ao acesso \u00e0 justi\u00e7a, ao esporte, ao lazer, ao trabalho, \u00e0 cidadania, \u00e0 liberdade, \u00e0 dignidade, ao respeito e \u00e0 conviv\u00eancia familiar e comunit\u00e1ria.<\/p>\n<p>Por representar uma categoria com grande concentra\u00e7?o de mulheres, o Sinpro-Rio fez uma cartilha contendo a lei, que voc\u00ea pode <a href=\"http:\/\/www.saudedoprofessor.com.br\/m_penha\/Arquivos\/cartilha.pdf\" target=\"_blank\">consultar aqui<\/a>. <\/p>\n<\/div>\n","protected":false},"excerpt":{"rendered":"<p>No \u00faltimo dia 7 de agosto, a Lei n\u00ba 11.340\/2006, conhecida como &#8220;Lei Maria da Penha&#8221;, completou quatro anos e seus efeitos j\u00e1 se fazem sentir tanto pela condena\u00e7?o daqueles que praticam viol\u00eancia contra a mulher como na contribui\u00e7?o para mudan\u00e7a de percep\u00e7?o da sociedade sobre o assunto. S\u00f3 no munic\u00edpio do Rio de Janeiro, [&hellip;]<\/p>\n","protected":false},"author":1,"featured_media":0,"comment_status":"closed","ping_status":"open","sticky":false,"template":"","format":"standard","meta":{"footnotes":""},"categories":[1],"tags":[],"class_list":["post-20537","post","type-post","status-publish","format-standard","hentry","category-noticias"],"yoast_head":"<!-- This site is optimized with the Yoast SEO plugin v25.7 - https:\/\/yoast.com\/wordpress\/plugins\/seo\/ -->\n<title>Lei &quot;Maria da Penha&quot; completa quatro anos - Sinpro-Rio<\/title>\n<meta name=\"robots\" content=\"index, follow, max-snippet:-1, max-image-preview:large, max-video-preview:-1\" \/>\n<link rel=\"canonical\" href=\"https:\/\/www.sinpro-rio.org.br\/principal\/lei-quot-maria-da-penha-quot-completa-quatro-anos\/\" \/>\n<meta property=\"og:locale\" content=\"pt_BR\" \/>\n<meta property=\"og:type\" content=\"article\" \/>\n<meta property=\"og:title\" content=\"Lei &quot;Maria da Penha&quot; completa quatro anos - Sinpro-Rio\" \/>\n<meta property=\"og:description\" content=\"No \u00faltimo dia 7 de agosto, a Lei n\u00ba 11.340\/2006, conhecida como &#8220;Lei Maria da Penha&#8221;, completou quatro anos e seus efeitos j\u00e1 se fazem sentir tanto pela condena\u00e7?o daqueles que praticam viol\u00eancia contra a mulher como na contribui\u00e7?o para mudan\u00e7a de percep\u00e7?o da sociedade sobre o assunto. S\u00f3 no munic\u00edpio do Rio de Janeiro, [&hellip;]\" \/>\n<meta property=\"og:url\" content=\"https:\/\/www.sinpro-rio.org.br\/principal\/lei-quot-maria-da-penha-quot-completa-quatro-anos\/\" \/>\n<meta property=\"og:site_name\" content=\"Sinpro-Rio\" \/>\n<meta property=\"article:published_time\" content=\"2010-01-01T00:00:00+00:00\" \/>\n<meta name=\"author\" content=\"rafaelrjp\" \/>\n<meta name=\"twitter:card\" content=\"summary_large_image\" \/>\n<meta name=\"twitter:label1\" content=\"Escrito por\" \/>\n\t<meta name=\"twitter:data1\" content=\"rafaelrjp\" \/>\n\t<meta name=\"twitter:label2\" content=\"Est. tempo de leitura\" \/>\n\t<meta name=\"twitter:data2\" content=\"1 minuto\" \/>\n<script type=\"application\/ld+json\" class=\"yoast-schema-graph\">{\"@context\":\"https:\/\/schema.org\",\"@graph\":[{\"@type\":\"WebPage\",\"@id\":\"https:\/\/www.sinpro-rio.org.br\/principal\/lei-quot-maria-da-penha-quot-completa-quatro-anos\/\",\"url\":\"https:\/\/www.sinpro-rio.org.br\/principal\/lei-quot-maria-da-penha-quot-completa-quatro-anos\/\",\"name\":\"Lei &quot;Maria da Penha&quot; completa quatro anos - Sinpro-Rio\",\"isPartOf\":{\"@id\":\"https:\/\/www.sinpro-rio.org.br\/principal\/#website\"},\"datePublished\":\"2010-01-01T00:00:00+00:00\",\"author\":{\"@id\":\"https:\/\/www.sinpro-rio.org.br\/principal\/#\/schema\/person\/49feb585a2f57a31a6bd9f16f78e5be6\"},\"breadcrumb\":{\"@id\":\"https:\/\/www.sinpro-rio.org.br\/principal\/lei-quot-maria-da-penha-quot-completa-quatro-anos\/#breadcrumb\"},\"inLanguage\":\"pt-BR\",\"potentialAction\":[{\"@type\":\"ReadAction\",\"target\":[\"https:\/\/www.sinpro-rio.org.br\/principal\/lei-quot-maria-da-penha-quot-completa-quatro-anos\/\"]}]},{\"@type\":\"BreadcrumbList\",\"@id\":\"https:\/\/www.sinpro-rio.org.br\/principal\/lei-quot-maria-da-penha-quot-completa-quatro-anos\/#breadcrumb\",\"itemListElement\":[{\"@type\":\"ListItem\",\"position\":1,\"name\":\"In\u00edcio\",\"item\":\"https:\/\/www.sinpro-rio.org.br\/principal\/\"},{\"@type\":\"ListItem\",\"position\":2,\"name\":\"Lei &quot;Maria da Penha&quot; completa quatro anos\"}]},{\"@type\":\"WebSite\",\"@id\":\"https:\/\/www.sinpro-rio.org.br\/principal\/#website\",\"url\":\"https:\/\/www.sinpro-rio.org.br\/principal\/\",\"name\":\"Sinpro-Rio\",\"description\":\"Sindicato dos Professores do Munic\u00edpio do Rio de Janeiro e Regi\u00e3o\",\"potentialAction\":[{\"@type\":\"SearchAction\",\"target\":{\"@type\":\"EntryPoint\",\"urlTemplate\":\"https:\/\/www.sinpro-rio.org.br\/principal\/?s={search_term_string}\"},\"query-input\":{\"@type\":\"PropertyValueSpecification\",\"valueRequired\":true,\"valueName\":\"search_term_string\"}}],\"inLanguage\":\"pt-BR\"},{\"@type\":\"Person\",\"@id\":\"https:\/\/www.sinpro-rio.org.br\/principal\/#\/schema\/person\/49feb585a2f57a31a6bd9f16f78e5be6\",\"name\":\"rafaelrjp\",\"image\":{\"@type\":\"ImageObject\",\"inLanguage\":\"pt-BR\",\"@id\":\"https:\/\/www.sinpro-rio.org.br\/principal\/#\/schema\/person\/image\/\",\"url\":\"https:\/\/secure.gravatar.com\/avatar\/489371a0ba4655c340b519882c68cf68?s=96&d=mm&r=g\",\"contentUrl\":\"https:\/\/secure.gravatar.com\/avatar\/489371a0ba4655c340b519882c68cf68?s=96&d=mm&r=g\",\"caption\":\"rafaelrjp\"},\"url\":\"https:\/\/www.sinpro-rio.org.br\/principal\/author\/rafaelrjp\/\"}]}<\/script>\n<!-- \/ Yoast SEO plugin. -->","yoast_head_json":{"title":"Lei &quot;Maria da Penha&quot; completa quatro anos - Sinpro-Rio","robots":{"index":"index","follow":"follow","max-snippet":"max-snippet:-1","max-image-preview":"max-image-preview:large","max-video-preview":"max-video-preview:-1"},"canonical":"https:\/\/www.sinpro-rio.org.br\/principal\/lei-quot-maria-da-penha-quot-completa-quatro-anos\/","og_locale":"pt_BR","og_type":"article","og_title":"Lei &quot;Maria da Penha&quot; completa quatro anos - Sinpro-Rio","og_description":"No \u00faltimo dia 7 de agosto, a Lei n\u00ba 11.340\/2006, conhecida como &#8220;Lei Maria da Penha&#8221;, completou quatro anos e seus efeitos j\u00e1 se fazem sentir tanto pela condena\u00e7?o daqueles que praticam viol\u00eancia contra a mulher como na contribui\u00e7?o para mudan\u00e7a de percep\u00e7?o da sociedade sobre o assunto. S\u00f3 no munic\u00edpio do Rio de Janeiro, [&hellip;]","og_url":"https:\/\/www.sinpro-rio.org.br\/principal\/lei-quot-maria-da-penha-quot-completa-quatro-anos\/","og_site_name":"Sinpro-Rio","article_published_time":"2010-01-01T00:00:00+00:00","author":"rafaelrjp","twitter_card":"summary_large_image","twitter_misc":{"Escrito por":"rafaelrjp","Est. tempo de leitura":"1 minuto"},"schema":{"@context":"https:\/\/schema.org","@graph":[{"@type":"WebPage","@id":"https:\/\/www.sinpro-rio.org.br\/principal\/lei-quot-maria-da-penha-quot-completa-quatro-anos\/","url":"https:\/\/www.sinpro-rio.org.br\/principal\/lei-quot-maria-da-penha-quot-completa-quatro-anos\/","name":"Lei &quot;Maria da Penha&quot; completa quatro anos - Sinpro-Rio","isPartOf":{"@id":"https:\/\/www.sinpro-rio.org.br\/principal\/#website"},"datePublished":"2010-01-01T00:00:00+00:00","author":{"@id":"https:\/\/www.sinpro-rio.org.br\/principal\/#\/schema\/person\/49feb585a2f57a31a6bd9f16f78e5be6"},"breadcrumb":{"@id":"https:\/\/www.sinpro-rio.org.br\/principal\/lei-quot-maria-da-penha-quot-completa-quatro-anos\/#breadcrumb"},"inLanguage":"pt-BR","potentialAction":[{"@type":"ReadAction","target":["https:\/\/www.sinpro-rio.org.br\/principal\/lei-quot-maria-da-penha-quot-completa-quatro-anos\/"]}]},{"@type":"BreadcrumbList","@id":"https:\/\/www.sinpro-rio.org.br\/principal\/lei-quot-maria-da-penha-quot-completa-quatro-anos\/#breadcrumb","itemListElement":[{"@type":"ListItem","position":1,"name":"In\u00edcio","item":"https:\/\/www.sinpro-rio.org.br\/principal\/"},{"@type":"ListItem","position":2,"name":"Lei &quot;Maria da Penha&quot; completa quatro anos"}]},{"@type":"WebSite","@id":"https:\/\/www.sinpro-rio.org.br\/principal\/#website","url":"https:\/\/www.sinpro-rio.org.br\/principal\/","name":"Sinpro-Rio","description":"Sindicato dos Professores do Munic\u00edpio do Rio de Janeiro e Regi\u00e3o","potentialAction":[{"@type":"SearchAction","target":{"@type":"EntryPoint","urlTemplate":"https:\/\/www.sinpro-rio.org.br\/principal\/?s={search_term_string}"},"query-input":{"@type":"PropertyValueSpecification","valueRequired":true,"valueName":"search_term_string"}}],"inLanguage":"pt-BR"},{"@type":"Person","@id":"https:\/\/www.sinpro-rio.org.br\/principal\/#\/schema\/person\/49feb585a2f57a31a6bd9f16f78e5be6","name":"rafaelrjp","image":{"@type":"ImageObject","inLanguage":"pt-BR","@id":"https:\/\/www.sinpro-rio.org.br\/principal\/#\/schema\/person\/image\/","url":"https:\/\/secure.gravatar.com\/avatar\/489371a0ba4655c340b519882c68cf68?s=96&d=mm&r=g","contentUrl":"https:\/\/secure.gravatar.com\/avatar\/489371a0ba4655c340b519882c68cf68?s=96&d=mm&r=g","caption":"rafaelrjp"},"url":"https:\/\/www.sinpro-rio.org.br\/principal\/author\/rafaelrjp\/"}]}},"_links":{"self":[{"href":"https:\/\/www.sinpro-rio.org.br\/principal\/wp-json\/wp\/v2\/posts\/20537","targetHints":{"allow":["GET"]}}],"collection":[{"href":"https:\/\/www.sinpro-rio.org.br\/principal\/wp-json\/wp\/v2\/posts"}],"about":[{"href":"https:\/\/www.sinpro-rio.org.br\/principal\/wp-json\/wp\/v2\/types\/post"}],"author":[{"embeddable":true,"href":"https:\/\/www.sinpro-rio.org.br\/principal\/wp-json\/wp\/v2\/users\/1"}],"replies":[{"embeddable":true,"href":"https:\/\/www.sinpro-rio.org.br\/principal\/wp-json\/wp\/v2\/comments?post=20537"}],"version-history":[{"count":0,"href":"https:\/\/www.sinpro-rio.org.br\/principal\/wp-json\/wp\/v2\/posts\/20537\/revisions"}],"wp:attachment":[{"href":"https:\/\/www.sinpro-rio.org.br\/principal\/wp-json\/wp\/v2\/media?parent=20537"}],"wp:term":[{"taxonomy":"category","embeddable":true,"href":"https:\/\/www.sinpro-rio.org.br\/principal\/wp-json\/wp\/v2\/categories?post=20537"},{"taxonomy":"post_tag","embeddable":true,"href":"https:\/\/www.sinpro-rio.org.br\/principal\/wp-json\/wp\/v2\/tags?post=20537"}],"curies":[{"name":"wp","href":"https:\/\/api.w.org\/{rel}","templated":true}]}}