{"id":20535,"date":"2010-01-01T00:00:00","date_gmt":"2010-01-01T00:00:00","guid":{"rendered":""},"modified":"-0001-11-30T00:00:00","modified_gmt":"-0001-11-30T03:00:00","slug":"atenc-o-professores-do-centro-universitario-da-cidade","status":"publish","type":"post","link":"https:\/\/www.sinpro-rio.org.br\/principal\/atenc-o-professores-do-centro-universitario-da-cidade\/","title":{"rendered":"Aten\u00e7?o, professores do Centro Universit\u00e1rio da Cidade!"},"content":{"rendered":"<div class=\"alvo1\">\n<p>Atendendo \u00e0s delibera\u00e7?es da assembleia dos professores do Centro Universit\u00e1rio da Cidade, realizada em 22 de junho, o Sinpro-Rio convoca os professores dessa institui\u00e7?o para uma nova assembleia no pr\u00f3ximo dia 21 de agosto, s\u00e1bado, \u00e0s 10h, em nossa sede, para a organiza\u00e7?o do movimento docente neste segundo semestre.<\/p>\n<p>O Sinpro-Rio enviou of\u00edcio ao Centro Universit\u00e1rio da Cidade contendo as reivindica\u00e7?es da categoria, entre elas a regulariza\u00e7?o do pagamento dos sal\u00e1rios e demais obriga\u00e7?es trabalhistas em atraso (FGTS, 13\u00b0, f\u00e9rias e contribui\u00e7?es previdenci\u00e1rias). Por\u00e9m, at\u00e9 o presente momento n?o houve qualquer manifesta\u00e7?o desta IES.<\/p>\n<p>Professores, compare\u00e7am \u00e0 assembleia, dia 21 de agosto,\u00e0s 10h. Venham decidir os rumos do movimento!<\/p>\n<p><strong>Assembleia:<\/strong> Rua Pedro Lessa, 35, 2\u00ba andar, Centro, Rio de Janeiro.     <\/p>\n<\/div>\n","protected":false},"excerpt":{"rendered":"<p>Atendendo \u00e0s delibera\u00e7?es da assembleia dos professores do Centro Universit\u00e1rio da Cidade, realizada em 22 de junho, o Sinpro-Rio convoca os professores dessa institui\u00e7?o para uma nova assembleia no pr\u00f3ximo dia 21 de agosto, s\u00e1bado, \u00e0s 10h, em nossa sede, para a organiza\u00e7?o do movimento docente neste segundo semestre. O Sinpro-Rio enviou of\u00edcio ao Centro [&hellip;]<\/p>\n","protected":false},"author":1,"featured_media":0,"comment_status":"closed","ping_status":"open","sticky":false,"template":"","format":"standard","meta":{"footnotes":""},"categories":[1],"tags":[],"class_list":["post-20535","post","type-post","status-publish","format-standard","hentry","category-noticias"],"yoast_head":"<!-- This site is optimized with the Yoast SEO plugin v25.7 - https:\/\/yoast.com\/wordpress\/plugins\/seo\/ -->\n<title>Aten\u00e7?o, professores do Centro Universit\u00e1rio da Cidade! - Sinpro-Rio<\/title>\n<meta name=\"robots\" content=\"index, follow, max-snippet:-1, max-image-preview:large, max-video-preview:-1\" \/>\n<link rel=\"canonical\" href=\"https:\/\/www.sinpro-rio.org.br\/principal\/atenc-o-professores-do-centro-universitario-da-cidade\/\" \/>\n<meta property=\"og:locale\" content=\"pt_BR\" \/>\n<meta property=\"og:type\" content=\"article\" \/>\n<meta property=\"og:title\" content=\"Aten\u00e7?o, professores do Centro Universit\u00e1rio da Cidade! - Sinpro-Rio\" \/>\n<meta property=\"og:description\" content=\"Atendendo \u00e0s delibera\u00e7?es da assembleia dos professores do Centro Universit\u00e1rio da Cidade, realizada em 22 de junho, o Sinpro-Rio convoca os professores dessa institui\u00e7?o para uma nova assembleia no pr\u00f3ximo dia 21 de agosto, s\u00e1bado, \u00e0s 10h, em nossa sede, para a organiza\u00e7?o do movimento docente neste segundo semestre. O Sinpro-Rio enviou of\u00edcio ao Centro [&hellip;]\" \/>\n<meta property=\"og:url\" content=\"https:\/\/www.sinpro-rio.org.br\/principal\/atenc-o-professores-do-centro-universitario-da-cidade\/\" \/>\n<meta property=\"og:site_name\" content=\"Sinpro-Rio\" \/>\n<meta property=\"article:published_time\" content=\"2010-01-01T00:00:00+00:00\" \/>\n<meta name=\"author\" content=\"rafaelrjp\" \/>\n<meta name=\"twitter:card\" content=\"summary_large_image\" \/>\n<meta name=\"twitter:label1\" content=\"Escrito por\" \/>\n\t<meta name=\"twitter:data1\" content=\"rafaelrjp\" \/>\n\t<meta name=\"twitter:label2\" content=\"Est. tempo de leitura\" \/>\n\t<meta name=\"twitter:data2\" content=\"1 minuto\" \/>\n<script type=\"application\/ld+json\" class=\"yoast-schema-graph\">{\"@context\":\"https:\/\/schema.org\",\"@graph\":[{\"@type\":\"WebPage\",\"@id\":\"https:\/\/www.sinpro-rio.org.br\/principal\/atenc-o-professores-do-centro-universitario-da-cidade\/\",\"url\":\"https:\/\/www.sinpro-rio.org.br\/principal\/atenc-o-professores-do-centro-universitario-da-cidade\/\",\"name\":\"Aten\u00e7?o, professores do Centro Universit\u00e1rio da Cidade! - Sinpro-Rio\",\"isPartOf\":{\"@id\":\"https:\/\/www.sinpro-rio.org.br\/principal\/#website\"},\"datePublished\":\"2010-01-01T00:00:00+00:00\",\"author\":{\"@id\":\"https:\/\/www.sinpro-rio.org.br\/principal\/#\/schema\/person\/49feb585a2f57a31a6bd9f16f78e5be6\"},\"breadcrumb\":{\"@id\":\"https:\/\/www.sinpro-rio.org.br\/principal\/atenc-o-professores-do-centro-universitario-da-cidade\/#breadcrumb\"},\"inLanguage\":\"pt-BR\",\"potentialAction\":[{\"@type\":\"ReadAction\",\"target\":[\"https:\/\/www.sinpro-rio.org.br\/principal\/atenc-o-professores-do-centro-universitario-da-cidade\/\"]}]},{\"@type\":\"BreadcrumbList\",\"@id\":\"https:\/\/www.sinpro-rio.org.br\/principal\/atenc-o-professores-do-centro-universitario-da-cidade\/#breadcrumb\",\"itemListElement\":[{\"@type\":\"ListItem\",\"position\":1,\"name\":\"In\u00edcio\",\"item\":\"https:\/\/www.sinpro-rio.org.br\/principal\/\"},{\"@type\":\"ListItem\",\"position\":2,\"name\":\"Aten\u00e7?o, professores do Centro Universit\u00e1rio da Cidade!\"}]},{\"@type\":\"WebSite\",\"@id\":\"https:\/\/www.sinpro-rio.org.br\/principal\/#website\",\"url\":\"https:\/\/www.sinpro-rio.org.br\/principal\/\",\"name\":\"Sinpro-Rio\",\"description\":\"Sindicato dos Professores do Munic\u00edpio do Rio de Janeiro e Regi\u00e3o\",\"potentialAction\":[{\"@type\":\"SearchAction\",\"target\":{\"@type\":\"EntryPoint\",\"urlTemplate\":\"https:\/\/www.sinpro-rio.org.br\/principal\/?s={search_term_string}\"},\"query-input\":{\"@type\":\"PropertyValueSpecification\",\"valueRequired\":true,\"valueName\":\"search_term_string\"}}],\"inLanguage\":\"pt-BR\"},{\"@type\":\"Person\",\"@id\":\"https:\/\/www.sinpro-rio.org.br\/principal\/#\/schema\/person\/49feb585a2f57a31a6bd9f16f78e5be6\",\"name\":\"rafaelrjp\",\"image\":{\"@type\":\"ImageObject\",\"inLanguage\":\"pt-BR\",\"@id\":\"https:\/\/www.sinpro-rio.org.br\/principal\/#\/schema\/person\/image\/\",\"url\":\"https:\/\/secure.gravatar.com\/avatar\/489371a0ba4655c340b519882c68cf68?s=96&d=mm&r=g\",\"contentUrl\":\"https:\/\/secure.gravatar.com\/avatar\/489371a0ba4655c340b519882c68cf68?s=96&d=mm&r=g\",\"caption\":\"rafaelrjp\"},\"url\":\"https:\/\/www.sinpro-rio.org.br\/principal\/author\/rafaelrjp\/\"}]}<\/script>\n<!-- \/ Yoast SEO plugin. -->","yoast_head_json":{"title":"Aten\u00e7?o, professores do Centro Universit\u00e1rio da Cidade! - Sinpro-Rio","robots":{"index":"index","follow":"follow","max-snippet":"max-snippet:-1","max-image-preview":"max-image-preview:large","max-video-preview":"max-video-preview:-1"},"canonical":"https:\/\/www.sinpro-rio.org.br\/principal\/atenc-o-professores-do-centro-universitario-da-cidade\/","og_locale":"pt_BR","og_type":"article","og_title":"Aten\u00e7?o, professores do Centro Universit\u00e1rio da Cidade! - Sinpro-Rio","og_description":"Atendendo \u00e0s delibera\u00e7?es da assembleia dos professores do Centro Universit\u00e1rio da Cidade, realizada em 22 de junho, o Sinpro-Rio convoca os professores dessa institui\u00e7?o para uma nova assembleia no pr\u00f3ximo dia 21 de agosto, s\u00e1bado, \u00e0s 10h, em nossa sede, para a organiza\u00e7?o do movimento docente neste segundo semestre. O Sinpro-Rio enviou of\u00edcio ao Centro [&hellip;]","og_url":"https:\/\/www.sinpro-rio.org.br\/principal\/atenc-o-professores-do-centro-universitario-da-cidade\/","og_site_name":"Sinpro-Rio","article_published_time":"2010-01-01T00:00:00+00:00","author":"rafaelrjp","twitter_card":"summary_large_image","twitter_misc":{"Escrito por":"rafaelrjp","Est. tempo de leitura":"1 minuto"},"schema":{"@context":"https:\/\/schema.org","@graph":[{"@type":"WebPage","@id":"https:\/\/www.sinpro-rio.org.br\/principal\/atenc-o-professores-do-centro-universitario-da-cidade\/","url":"https:\/\/www.sinpro-rio.org.br\/principal\/atenc-o-professores-do-centro-universitario-da-cidade\/","name":"Aten\u00e7?o, professores do Centro Universit\u00e1rio da Cidade! - Sinpro-Rio","isPartOf":{"@id":"https:\/\/www.sinpro-rio.org.br\/principal\/#website"},"datePublished":"2010-01-01T00:00:00+00:00","author":{"@id":"https:\/\/www.sinpro-rio.org.br\/principal\/#\/schema\/person\/49feb585a2f57a31a6bd9f16f78e5be6"},"breadcrumb":{"@id":"https:\/\/www.sinpro-rio.org.br\/principal\/atenc-o-professores-do-centro-universitario-da-cidade\/#breadcrumb"},"inLanguage":"pt-BR","potentialAction":[{"@type":"ReadAction","target":["https:\/\/www.sinpro-rio.org.br\/principal\/atenc-o-professores-do-centro-universitario-da-cidade\/"]}]},{"@type":"BreadcrumbList","@id":"https:\/\/www.sinpro-rio.org.br\/principal\/atenc-o-professores-do-centro-universitario-da-cidade\/#breadcrumb","itemListElement":[{"@type":"ListItem","position":1,"name":"In\u00edcio","item":"https:\/\/www.sinpro-rio.org.br\/principal\/"},{"@type":"ListItem","position":2,"name":"Aten\u00e7?o, professores do Centro Universit\u00e1rio da Cidade!"}]},{"@type":"WebSite","@id":"https:\/\/www.sinpro-rio.org.br\/principal\/#website","url":"https:\/\/www.sinpro-rio.org.br\/principal\/","name":"Sinpro-Rio","description":"Sindicato dos Professores do Munic\u00edpio do Rio de Janeiro e Regi\u00e3o","potentialAction":[{"@type":"SearchAction","target":{"@type":"EntryPoint","urlTemplate":"https:\/\/www.sinpro-rio.org.br\/principal\/?s={search_term_string}"},"query-input":{"@type":"PropertyValueSpecification","valueRequired":true,"valueName":"search_term_string"}}],"inLanguage":"pt-BR"},{"@type":"Person","@id":"https:\/\/www.sinpro-rio.org.br\/principal\/#\/schema\/person\/49feb585a2f57a31a6bd9f16f78e5be6","name":"rafaelrjp","image":{"@type":"ImageObject","inLanguage":"pt-BR","@id":"https:\/\/www.sinpro-rio.org.br\/principal\/#\/schema\/person\/image\/","url":"https:\/\/secure.gravatar.com\/avatar\/489371a0ba4655c340b519882c68cf68?s=96&d=mm&r=g","contentUrl":"https:\/\/secure.gravatar.com\/avatar\/489371a0ba4655c340b519882c68cf68?s=96&d=mm&r=g","caption":"rafaelrjp"},"url":"https:\/\/www.sinpro-rio.org.br\/principal\/author\/rafaelrjp\/"}]}},"_links":{"self":[{"href":"https:\/\/www.sinpro-rio.org.br\/principal\/wp-json\/wp\/v2\/posts\/20535","targetHints":{"allow":["GET"]}}],"collection":[{"href":"https:\/\/www.sinpro-rio.org.br\/principal\/wp-json\/wp\/v2\/posts"}],"about":[{"href":"https:\/\/www.sinpro-rio.org.br\/principal\/wp-json\/wp\/v2\/types\/post"}],"author":[{"embeddable":true,"href":"https:\/\/www.sinpro-rio.org.br\/principal\/wp-json\/wp\/v2\/users\/1"}],"replies":[{"embeddable":true,"href":"https:\/\/www.sinpro-rio.org.br\/principal\/wp-json\/wp\/v2\/comments?post=20535"}],"version-history":[{"count":0,"href":"https:\/\/www.sinpro-rio.org.br\/principal\/wp-json\/wp\/v2\/posts\/20535\/revisions"}],"wp:attachment":[{"href":"https:\/\/www.sinpro-rio.org.br\/principal\/wp-json\/wp\/v2\/media?parent=20535"}],"wp:term":[{"taxonomy":"category","embeddable":true,"href":"https:\/\/www.sinpro-rio.org.br\/principal\/wp-json\/wp\/v2\/categories?post=20535"},{"taxonomy":"post_tag","embeddable":true,"href":"https:\/\/www.sinpro-rio.org.br\/principal\/wp-json\/wp\/v2\/tags?post=20535"}],"curies":[{"name":"wp","href":"https:\/\/api.w.org\/{rel}","templated":true}]}}