{"id":20530,"date":"2010-01-01T00:00:00","date_gmt":"2010-01-01T00:00:00","guid":{"rendered":""},"modified":"-0001-11-30T00:00:00","modified_gmt":"-0001-11-30T03:00:00","slug":"sinpro-rio-realiza-ato-publico-na-porta-do-centro-universitario-celso-lisboa","status":"publish","type":"post","link":"https:\/\/www.sinpro-rio.org.br\/principal\/sinpro-rio-realiza-ato-publico-na-porta-do-centro-universitario-celso-lisboa\/","title":{"rendered":"Sinpro-Rio realiza ato p\u00fablico na porta do Centro Universit\u00e1rio Celso Lisboa"},"content":{"rendered":"<div class=\"alvo1\">\n<p>Com o objetivo de denunciar \u00e0 sociedade como um todo e \u00e0 comunidade acad\u00eamica a demiss?o de 52 professores, sem qualquer pagamento dos respectivos direitos trabalhistas, o Sinpro-Rio realizou, no dia 26 de agosto, um ato p\u00fablico em frente ao Centro Universit\u00e1rio Celso Lisboa.<\/p>\n<p>Durante a manifesta\u00e7?o, que contou com representantes do Diret\u00f3rio Acad\u00eamico (D.A.) da institui\u00e7?o, do Diret\u00f3rio Central dos Estudantes (DCE) e da Uni?o Estadual dos Estudantes (UEE), os diretores receberam diversas den\u00fancias sobre a falta de docentes em determinadas disciplinas, a diminui\u00e7?o das bolsas de 70% para 50% e de 50% para 20% (ocasionando muitos desligamentos dos estudantes contemplados), professores sendo substitu\u00eddos por ex-alunos, sem experi\u00eancia em sala de aula, entre outros.<\/p>\n<p>Na ocasi?o, a institui\u00e7?o distribuiu aos alunos e aos professores uma resposta \u00e0 nota do Sinpro-Rio &#8211; publicada na Folha Dirigida no dia 24\/08 (leia aqui) &#8211; em que afirma que as den\u00fancias do Sindicato s?o &#8220;cal\u00fanias que visam a confundir e tumultuar a comunidade acad\u00eamica&#8221;, defendendo-se dizendo que as demiss?es foram feitas dentro da lei, visando a revisar o quadro docente e melhorar o ensino adotando como crit\u00e9rios &#8220;desempenho acad\u00eamico, segundo avalia\u00e7?o institucional feita pelos pr\u00f3prios estudantes, e ader\u00eancia curricular \u00e0s disciplinas ministradas&#8221;.<\/p>\n<p>A diretoria do Sindicato reafirma sua posi\u00e7?o de n?o realizar acordo de parcelamento de verbas rescis\u00f3rias, uma vez que este procedimento n?o encontra amparo legal e informa aos professores que est\u00e1 analisando as medidas jur\u00eddicas a serem tomadas para coibir esta atitude por parte da Celso Lisboa. O Sindicato tamb\u00e9m orienta os docentes a n?o realizarem qualquer tipo de acordo extrajudicial com a institui\u00e7?o de ensino.<\/p>\n<\/div>\n","protected":false},"excerpt":{"rendered":"<p>Com o objetivo de denunciar \u00e0 sociedade como um todo e \u00e0 comunidade acad\u00eamica a demiss?o de 52 professores, sem qualquer pagamento dos respectivos direitos trabalhistas, o Sinpro-Rio realizou, no dia 26 de agosto, um ato p\u00fablico em frente ao Centro Universit\u00e1rio Celso Lisboa. Durante a manifesta\u00e7?o, que contou com representantes do Diret\u00f3rio Acad\u00eamico (D.A.) [&hellip;]<\/p>\n","protected":false},"author":1,"featured_media":0,"comment_status":"closed","ping_status":"open","sticky":false,"template":"","format":"standard","meta":{"footnotes":""},"categories":[1],"tags":[],"class_list":["post-20530","post","type-post","status-publish","format-standard","hentry","category-noticias"],"yoast_head":"<!-- This site is optimized with the Yoast SEO plugin v25.7 - https:\/\/yoast.com\/wordpress\/plugins\/seo\/ -->\n<title>Sinpro-Rio realiza ato p\u00fablico na porta do Centro Universit\u00e1rio Celso Lisboa - Sinpro-Rio<\/title>\n<meta name=\"robots\" content=\"index, follow, max-snippet:-1, max-image-preview:large, max-video-preview:-1\" \/>\n<link rel=\"canonical\" href=\"https:\/\/www.sinpro-rio.org.br\/principal\/sinpro-rio-realiza-ato-publico-na-porta-do-centro-universitario-celso-lisboa\/\" \/>\n<meta property=\"og:locale\" content=\"pt_BR\" \/>\n<meta property=\"og:type\" content=\"article\" \/>\n<meta property=\"og:title\" content=\"Sinpro-Rio realiza ato p\u00fablico na porta do Centro Universit\u00e1rio Celso Lisboa - Sinpro-Rio\" \/>\n<meta property=\"og:description\" content=\"Com o objetivo de denunciar \u00e0 sociedade como um todo e \u00e0 comunidade acad\u00eamica a demiss?o de 52 professores, sem qualquer pagamento dos respectivos direitos trabalhistas, o Sinpro-Rio realizou, no dia 26 de agosto, um ato p\u00fablico em frente ao Centro Universit\u00e1rio Celso Lisboa. Durante a manifesta\u00e7?o, que contou com representantes do Diret\u00f3rio Acad\u00eamico (D.A.) [&hellip;]\" \/>\n<meta property=\"og:url\" content=\"https:\/\/www.sinpro-rio.org.br\/principal\/sinpro-rio-realiza-ato-publico-na-porta-do-centro-universitario-celso-lisboa\/\" \/>\n<meta property=\"og:site_name\" content=\"Sinpro-Rio\" \/>\n<meta property=\"article:published_time\" content=\"2010-01-01T00:00:00+00:00\" \/>\n<meta name=\"author\" content=\"rafaelrjp\" \/>\n<meta name=\"twitter:card\" content=\"summary_large_image\" \/>\n<meta name=\"twitter:label1\" content=\"Escrito por\" \/>\n\t<meta name=\"twitter:data1\" content=\"rafaelrjp\" \/>\n\t<meta name=\"twitter:label2\" content=\"Est. tempo de leitura\" \/>\n\t<meta name=\"twitter:data2\" content=\"1 minuto\" \/>\n<script type=\"application\/ld+json\" class=\"yoast-schema-graph\">{\"@context\":\"https:\/\/schema.org\",\"@graph\":[{\"@type\":\"WebPage\",\"@id\":\"https:\/\/www.sinpro-rio.org.br\/principal\/sinpro-rio-realiza-ato-publico-na-porta-do-centro-universitario-celso-lisboa\/\",\"url\":\"https:\/\/www.sinpro-rio.org.br\/principal\/sinpro-rio-realiza-ato-publico-na-porta-do-centro-universitario-celso-lisboa\/\",\"name\":\"Sinpro-Rio realiza ato p\u00fablico na porta do Centro Universit\u00e1rio Celso Lisboa - Sinpro-Rio\",\"isPartOf\":{\"@id\":\"https:\/\/www.sinpro-rio.org.br\/principal\/#website\"},\"datePublished\":\"2010-01-01T00:00:00+00:00\",\"author\":{\"@id\":\"https:\/\/www.sinpro-rio.org.br\/principal\/#\/schema\/person\/49feb585a2f57a31a6bd9f16f78e5be6\"},\"breadcrumb\":{\"@id\":\"https:\/\/www.sinpro-rio.org.br\/principal\/sinpro-rio-realiza-ato-publico-na-porta-do-centro-universitario-celso-lisboa\/#breadcrumb\"},\"inLanguage\":\"pt-BR\",\"potentialAction\":[{\"@type\":\"ReadAction\",\"target\":[\"https:\/\/www.sinpro-rio.org.br\/principal\/sinpro-rio-realiza-ato-publico-na-porta-do-centro-universitario-celso-lisboa\/\"]}]},{\"@type\":\"BreadcrumbList\",\"@id\":\"https:\/\/www.sinpro-rio.org.br\/principal\/sinpro-rio-realiza-ato-publico-na-porta-do-centro-universitario-celso-lisboa\/#breadcrumb\",\"itemListElement\":[{\"@type\":\"ListItem\",\"position\":1,\"name\":\"In\u00edcio\",\"item\":\"https:\/\/www.sinpro-rio.org.br\/principal\/\"},{\"@type\":\"ListItem\",\"position\":2,\"name\":\"Sinpro-Rio realiza ato p\u00fablico na porta do Centro Universit\u00e1rio Celso Lisboa\"}]},{\"@type\":\"WebSite\",\"@id\":\"https:\/\/www.sinpro-rio.org.br\/principal\/#website\",\"url\":\"https:\/\/www.sinpro-rio.org.br\/principal\/\",\"name\":\"Sinpro-Rio\",\"description\":\"Sindicato dos Professores do Munic\u00edpio do Rio de Janeiro e Regi\u00e3o\",\"potentialAction\":[{\"@type\":\"SearchAction\",\"target\":{\"@type\":\"EntryPoint\",\"urlTemplate\":\"https:\/\/www.sinpro-rio.org.br\/principal\/?s={search_term_string}\"},\"query-input\":{\"@type\":\"PropertyValueSpecification\",\"valueRequired\":true,\"valueName\":\"search_term_string\"}}],\"inLanguage\":\"pt-BR\"},{\"@type\":\"Person\",\"@id\":\"https:\/\/www.sinpro-rio.org.br\/principal\/#\/schema\/person\/49feb585a2f57a31a6bd9f16f78e5be6\",\"name\":\"rafaelrjp\",\"image\":{\"@type\":\"ImageObject\",\"inLanguage\":\"pt-BR\",\"@id\":\"https:\/\/www.sinpro-rio.org.br\/principal\/#\/schema\/person\/image\/\",\"url\":\"https:\/\/secure.gravatar.com\/avatar\/489371a0ba4655c340b519882c68cf68?s=96&d=mm&r=g\",\"contentUrl\":\"https:\/\/secure.gravatar.com\/avatar\/489371a0ba4655c340b519882c68cf68?s=96&d=mm&r=g\",\"caption\":\"rafaelrjp\"},\"url\":\"https:\/\/www.sinpro-rio.org.br\/principal\/author\/rafaelrjp\/\"}]}<\/script>\n<!-- \/ Yoast SEO plugin. -->","yoast_head_json":{"title":"Sinpro-Rio realiza ato p\u00fablico na porta do Centro Universit\u00e1rio Celso Lisboa - Sinpro-Rio","robots":{"index":"index","follow":"follow","max-snippet":"max-snippet:-1","max-image-preview":"max-image-preview:large","max-video-preview":"max-video-preview:-1"},"canonical":"https:\/\/www.sinpro-rio.org.br\/principal\/sinpro-rio-realiza-ato-publico-na-porta-do-centro-universitario-celso-lisboa\/","og_locale":"pt_BR","og_type":"article","og_title":"Sinpro-Rio realiza ato p\u00fablico na porta do Centro Universit\u00e1rio Celso Lisboa - Sinpro-Rio","og_description":"Com o objetivo de denunciar \u00e0 sociedade como um todo e \u00e0 comunidade acad\u00eamica a demiss?o de 52 professores, sem qualquer pagamento dos respectivos direitos trabalhistas, o Sinpro-Rio realizou, no dia 26 de agosto, um ato p\u00fablico em frente ao Centro Universit\u00e1rio Celso Lisboa. Durante a manifesta\u00e7?o, que contou com representantes do Diret\u00f3rio Acad\u00eamico (D.A.) [&hellip;]","og_url":"https:\/\/www.sinpro-rio.org.br\/principal\/sinpro-rio-realiza-ato-publico-na-porta-do-centro-universitario-celso-lisboa\/","og_site_name":"Sinpro-Rio","article_published_time":"2010-01-01T00:00:00+00:00","author":"rafaelrjp","twitter_card":"summary_large_image","twitter_misc":{"Escrito por":"rafaelrjp","Est. tempo de leitura":"1 minuto"},"schema":{"@context":"https:\/\/schema.org","@graph":[{"@type":"WebPage","@id":"https:\/\/www.sinpro-rio.org.br\/principal\/sinpro-rio-realiza-ato-publico-na-porta-do-centro-universitario-celso-lisboa\/","url":"https:\/\/www.sinpro-rio.org.br\/principal\/sinpro-rio-realiza-ato-publico-na-porta-do-centro-universitario-celso-lisboa\/","name":"Sinpro-Rio realiza ato p\u00fablico na porta do Centro Universit\u00e1rio Celso Lisboa - Sinpro-Rio","isPartOf":{"@id":"https:\/\/www.sinpro-rio.org.br\/principal\/#website"},"datePublished":"2010-01-01T00:00:00+00:00","author":{"@id":"https:\/\/www.sinpro-rio.org.br\/principal\/#\/schema\/person\/49feb585a2f57a31a6bd9f16f78e5be6"},"breadcrumb":{"@id":"https:\/\/www.sinpro-rio.org.br\/principal\/sinpro-rio-realiza-ato-publico-na-porta-do-centro-universitario-celso-lisboa\/#breadcrumb"},"inLanguage":"pt-BR","potentialAction":[{"@type":"ReadAction","target":["https:\/\/www.sinpro-rio.org.br\/principal\/sinpro-rio-realiza-ato-publico-na-porta-do-centro-universitario-celso-lisboa\/"]}]},{"@type":"BreadcrumbList","@id":"https:\/\/www.sinpro-rio.org.br\/principal\/sinpro-rio-realiza-ato-publico-na-porta-do-centro-universitario-celso-lisboa\/#breadcrumb","itemListElement":[{"@type":"ListItem","position":1,"name":"In\u00edcio","item":"https:\/\/www.sinpro-rio.org.br\/principal\/"},{"@type":"ListItem","position":2,"name":"Sinpro-Rio realiza ato p\u00fablico na porta do Centro Universit\u00e1rio Celso Lisboa"}]},{"@type":"WebSite","@id":"https:\/\/www.sinpro-rio.org.br\/principal\/#website","url":"https:\/\/www.sinpro-rio.org.br\/principal\/","name":"Sinpro-Rio","description":"Sindicato dos Professores do Munic\u00edpio do Rio de Janeiro e Regi\u00e3o","potentialAction":[{"@type":"SearchAction","target":{"@type":"EntryPoint","urlTemplate":"https:\/\/www.sinpro-rio.org.br\/principal\/?s={search_term_string}"},"query-input":{"@type":"PropertyValueSpecification","valueRequired":true,"valueName":"search_term_string"}}],"inLanguage":"pt-BR"},{"@type":"Person","@id":"https:\/\/www.sinpro-rio.org.br\/principal\/#\/schema\/person\/49feb585a2f57a31a6bd9f16f78e5be6","name":"rafaelrjp","image":{"@type":"ImageObject","inLanguage":"pt-BR","@id":"https:\/\/www.sinpro-rio.org.br\/principal\/#\/schema\/person\/image\/","url":"https:\/\/secure.gravatar.com\/avatar\/489371a0ba4655c340b519882c68cf68?s=96&d=mm&r=g","contentUrl":"https:\/\/secure.gravatar.com\/avatar\/489371a0ba4655c340b519882c68cf68?s=96&d=mm&r=g","caption":"rafaelrjp"},"url":"https:\/\/www.sinpro-rio.org.br\/principal\/author\/rafaelrjp\/"}]}},"_links":{"self":[{"href":"https:\/\/www.sinpro-rio.org.br\/principal\/wp-json\/wp\/v2\/posts\/20530","targetHints":{"allow":["GET"]}}],"collection":[{"href":"https:\/\/www.sinpro-rio.org.br\/principal\/wp-json\/wp\/v2\/posts"}],"about":[{"href":"https:\/\/www.sinpro-rio.org.br\/principal\/wp-json\/wp\/v2\/types\/post"}],"author":[{"embeddable":true,"href":"https:\/\/www.sinpro-rio.org.br\/principal\/wp-json\/wp\/v2\/users\/1"}],"replies":[{"embeddable":true,"href":"https:\/\/www.sinpro-rio.org.br\/principal\/wp-json\/wp\/v2\/comments?post=20530"}],"version-history":[{"count":0,"href":"https:\/\/www.sinpro-rio.org.br\/principal\/wp-json\/wp\/v2\/posts\/20530\/revisions"}],"wp:attachment":[{"href":"https:\/\/www.sinpro-rio.org.br\/principal\/wp-json\/wp\/v2\/media?parent=20530"}],"wp:term":[{"taxonomy":"category","embeddable":true,"href":"https:\/\/www.sinpro-rio.org.br\/principal\/wp-json\/wp\/v2\/categories?post=20530"},{"taxonomy":"post_tag","embeddable":true,"href":"https:\/\/www.sinpro-rio.org.br\/principal\/wp-json\/wp\/v2\/tags?post=20530"}],"curies":[{"name":"wp","href":"https:\/\/api.w.org\/{rel}","templated":true}]}}