{"id":20508,"date":"2010-01-01T00:00:00","date_gmt":"2010-01-01T00:00:00","guid":{"rendered":""},"modified":"-0001-11-30T00:00:00","modified_gmt":"-0001-11-30T03:00:00","slug":"forum-permanente-da-educac-o-infantil-05-10","status":"publish","type":"post","link":"https:\/\/www.sinpro-rio.org.br\/principal\/forum-permanente-da-educac-o-infantil-05-10\/","title":{"rendered":"F\u00f3rum Permanente da Educa\u00e7?o Infantil &#8211; 05\/10"},"content":{"rendered":"<div class=\"alvo1\">\n<p>No dia 05 de outubro, o Sinpro-Rio sediar\u00e1 mais edi\u00e7?o do F\u00f3rum Permanente da Educa\u00e7?o Infantil, \u00e0s 14h, no audit\u00f3rio da sede do Sindicato, que fica na Rua Pedro Lessa, 35 &#8211; 2\u00baandar, no Centro.<\/p>\n<p>Lembrando que o f\u00f3rum \u00e9 o produto de uma articula\u00e7?o de educadores e entidades p\u00fablicas e n?o-governamentais interessados em discutir, fortalecer e propor caminhos para a educa\u00e7?o infantil no Estado; aberto \u00e0 participa\u00e7?o \u00e0 interlocu\u00e7?o, \u00e0 socializa\u00e7?o de informa\u00e7?es e \u00e0 atua\u00e7?o voltada para uma educa\u00e7?o comprometida com os direitos das crian\u00e7as de 0 a 6 anos. No m\u00eas das crian\u00e7as ser?o abordados os temas: &#8220;Inf\u00e2ncia, Direitos e Educa\u00e7?o Infantil&#8221; &#8211; Condi\u00e7?es de atendimento em Educa\u00e7?o Infantil na perspectiva dos Direitos Humanos e Educa\u00e7?o Infantil: direitos no cotidiano.<\/p>\n<p>Est?o confirmadas as presen\u00e7as de Carlos Nicodemos (Membro da Comiss?o de Dirietos Humanos da OAB-RJ), Lea Tiriba (Dra. Em Educa\u00e7?o Infantil\/Prof\u00ba Unirio) e Maria Luzinete Martins (Coordenadora Pedag\u00f3gica do CEIC Estrelinha Azul\/ Conselheira do CMDCA &#8211; S?o Gon\u00e7alo)     <\/p>\n<\/div>\n","protected":false},"excerpt":{"rendered":"<p>No dia 05 de outubro, o Sinpro-Rio sediar\u00e1 mais edi\u00e7?o do F\u00f3rum Permanente da Educa\u00e7?o Infantil, \u00e0s 14h, no audit\u00f3rio da sede do Sindicato, que fica na Rua Pedro Lessa, 35 &#8211; 2\u00baandar, no Centro. Lembrando que o f\u00f3rum \u00e9 o produto de uma articula\u00e7?o de educadores e entidades p\u00fablicas e n?o-governamentais interessados em discutir, [&hellip;]<\/p>\n","protected":false},"author":1,"featured_media":0,"comment_status":"closed","ping_status":"open","sticky":false,"template":"","format":"standard","meta":{"footnotes":""},"categories":[1],"tags":[],"class_list":["post-20508","post","type-post","status-publish","format-standard","hentry","category-noticias"],"yoast_head":"<!-- This site is optimized with the Yoast SEO plugin v25.7 - https:\/\/yoast.com\/wordpress\/plugins\/seo\/ -->\n<title>F\u00f3rum Permanente da Educa\u00e7?o Infantil - 05\/10 - Sinpro-Rio<\/title>\n<meta name=\"robots\" content=\"index, follow, max-snippet:-1, max-image-preview:large, max-video-preview:-1\" \/>\n<link rel=\"canonical\" href=\"https:\/\/www.sinpro-rio.org.br\/principal\/forum-permanente-da-educac-o-infantil-05-10\/\" \/>\n<meta property=\"og:locale\" content=\"pt_BR\" \/>\n<meta property=\"og:type\" content=\"article\" \/>\n<meta property=\"og:title\" content=\"F\u00f3rum Permanente da Educa\u00e7?o Infantil - 05\/10 - Sinpro-Rio\" \/>\n<meta property=\"og:description\" content=\"No dia 05 de outubro, o Sinpro-Rio sediar\u00e1 mais edi\u00e7?o do F\u00f3rum Permanente da Educa\u00e7?o Infantil, \u00e0s 14h, no audit\u00f3rio da sede do Sindicato, que fica na Rua Pedro Lessa, 35 &#8211; 2\u00baandar, no Centro. Lembrando que o f\u00f3rum \u00e9 o produto de uma articula\u00e7?o de educadores e entidades p\u00fablicas e n?o-governamentais interessados em discutir, [&hellip;]\" \/>\n<meta property=\"og:url\" content=\"https:\/\/www.sinpro-rio.org.br\/principal\/forum-permanente-da-educac-o-infantil-05-10\/\" \/>\n<meta property=\"og:site_name\" content=\"Sinpro-Rio\" \/>\n<meta property=\"article:published_time\" content=\"2010-01-01T00:00:00+00:00\" \/>\n<meta name=\"author\" content=\"rafaelrjp\" \/>\n<meta name=\"twitter:card\" content=\"summary_large_image\" \/>\n<meta name=\"twitter:label1\" content=\"Escrito por\" \/>\n\t<meta name=\"twitter:data1\" content=\"rafaelrjp\" \/>\n\t<meta name=\"twitter:label2\" content=\"Est. tempo de leitura\" \/>\n\t<meta name=\"twitter:data2\" content=\"1 minuto\" \/>\n<script type=\"application\/ld+json\" class=\"yoast-schema-graph\">{\"@context\":\"https:\/\/schema.org\",\"@graph\":[{\"@type\":\"WebPage\",\"@id\":\"https:\/\/www.sinpro-rio.org.br\/principal\/forum-permanente-da-educac-o-infantil-05-10\/\",\"url\":\"https:\/\/www.sinpro-rio.org.br\/principal\/forum-permanente-da-educac-o-infantil-05-10\/\",\"name\":\"F\u00f3rum Permanente da Educa\u00e7?o Infantil - 05\/10 - Sinpro-Rio\",\"isPartOf\":{\"@id\":\"https:\/\/www.sinpro-rio.org.br\/principal\/#website\"},\"datePublished\":\"2010-01-01T00:00:00+00:00\",\"author\":{\"@id\":\"https:\/\/www.sinpro-rio.org.br\/principal\/#\/schema\/person\/49feb585a2f57a31a6bd9f16f78e5be6\"},\"breadcrumb\":{\"@id\":\"https:\/\/www.sinpro-rio.org.br\/principal\/forum-permanente-da-educac-o-infantil-05-10\/#breadcrumb\"},\"inLanguage\":\"pt-BR\",\"potentialAction\":[{\"@type\":\"ReadAction\",\"target\":[\"https:\/\/www.sinpro-rio.org.br\/principal\/forum-permanente-da-educac-o-infantil-05-10\/\"]}]},{\"@type\":\"BreadcrumbList\",\"@id\":\"https:\/\/www.sinpro-rio.org.br\/principal\/forum-permanente-da-educac-o-infantil-05-10\/#breadcrumb\",\"itemListElement\":[{\"@type\":\"ListItem\",\"position\":1,\"name\":\"In\u00edcio\",\"item\":\"https:\/\/www.sinpro-rio.org.br\/principal\/\"},{\"@type\":\"ListItem\",\"position\":2,\"name\":\"F\u00f3rum Permanente da Educa\u00e7?o Infantil &#8211; 05\/10\"}]},{\"@type\":\"WebSite\",\"@id\":\"https:\/\/www.sinpro-rio.org.br\/principal\/#website\",\"url\":\"https:\/\/www.sinpro-rio.org.br\/principal\/\",\"name\":\"Sinpro-Rio\",\"description\":\"Sindicato dos Professores do Munic\u00edpio do Rio de Janeiro e Regi\u00e3o\",\"potentialAction\":[{\"@type\":\"SearchAction\",\"target\":{\"@type\":\"EntryPoint\",\"urlTemplate\":\"https:\/\/www.sinpro-rio.org.br\/principal\/?s={search_term_string}\"},\"query-input\":{\"@type\":\"PropertyValueSpecification\",\"valueRequired\":true,\"valueName\":\"search_term_string\"}}],\"inLanguage\":\"pt-BR\"},{\"@type\":\"Person\",\"@id\":\"https:\/\/www.sinpro-rio.org.br\/principal\/#\/schema\/person\/49feb585a2f57a31a6bd9f16f78e5be6\",\"name\":\"rafaelrjp\",\"image\":{\"@type\":\"ImageObject\",\"inLanguage\":\"pt-BR\",\"@id\":\"https:\/\/www.sinpro-rio.org.br\/principal\/#\/schema\/person\/image\/\",\"url\":\"https:\/\/secure.gravatar.com\/avatar\/489371a0ba4655c340b519882c68cf68?s=96&d=mm&r=g\",\"contentUrl\":\"https:\/\/secure.gravatar.com\/avatar\/489371a0ba4655c340b519882c68cf68?s=96&d=mm&r=g\",\"caption\":\"rafaelrjp\"},\"url\":\"https:\/\/www.sinpro-rio.org.br\/principal\/author\/rafaelrjp\/\"}]}<\/script>\n<!-- \/ Yoast SEO plugin. -->","yoast_head_json":{"title":"F\u00f3rum Permanente da Educa\u00e7?o Infantil - 05\/10 - Sinpro-Rio","robots":{"index":"index","follow":"follow","max-snippet":"max-snippet:-1","max-image-preview":"max-image-preview:large","max-video-preview":"max-video-preview:-1"},"canonical":"https:\/\/www.sinpro-rio.org.br\/principal\/forum-permanente-da-educac-o-infantil-05-10\/","og_locale":"pt_BR","og_type":"article","og_title":"F\u00f3rum Permanente da Educa\u00e7?o Infantil - 05\/10 - Sinpro-Rio","og_description":"No dia 05 de outubro, o Sinpro-Rio sediar\u00e1 mais edi\u00e7?o do F\u00f3rum Permanente da Educa\u00e7?o Infantil, \u00e0s 14h, no audit\u00f3rio da sede do Sindicato, que fica na Rua Pedro Lessa, 35 &#8211; 2\u00baandar, no Centro. Lembrando que o f\u00f3rum \u00e9 o produto de uma articula\u00e7?o de educadores e entidades p\u00fablicas e n?o-governamentais interessados em discutir, [&hellip;]","og_url":"https:\/\/www.sinpro-rio.org.br\/principal\/forum-permanente-da-educac-o-infantil-05-10\/","og_site_name":"Sinpro-Rio","article_published_time":"2010-01-01T00:00:00+00:00","author":"rafaelrjp","twitter_card":"summary_large_image","twitter_misc":{"Escrito por":"rafaelrjp","Est. tempo de leitura":"1 minuto"},"schema":{"@context":"https:\/\/schema.org","@graph":[{"@type":"WebPage","@id":"https:\/\/www.sinpro-rio.org.br\/principal\/forum-permanente-da-educac-o-infantil-05-10\/","url":"https:\/\/www.sinpro-rio.org.br\/principal\/forum-permanente-da-educac-o-infantil-05-10\/","name":"F\u00f3rum Permanente da Educa\u00e7?o Infantil - 05\/10 - Sinpro-Rio","isPartOf":{"@id":"https:\/\/www.sinpro-rio.org.br\/principal\/#website"},"datePublished":"2010-01-01T00:00:00+00:00","author":{"@id":"https:\/\/www.sinpro-rio.org.br\/principal\/#\/schema\/person\/49feb585a2f57a31a6bd9f16f78e5be6"},"breadcrumb":{"@id":"https:\/\/www.sinpro-rio.org.br\/principal\/forum-permanente-da-educac-o-infantil-05-10\/#breadcrumb"},"inLanguage":"pt-BR","potentialAction":[{"@type":"ReadAction","target":["https:\/\/www.sinpro-rio.org.br\/principal\/forum-permanente-da-educac-o-infantil-05-10\/"]}]},{"@type":"BreadcrumbList","@id":"https:\/\/www.sinpro-rio.org.br\/principal\/forum-permanente-da-educac-o-infantil-05-10\/#breadcrumb","itemListElement":[{"@type":"ListItem","position":1,"name":"In\u00edcio","item":"https:\/\/www.sinpro-rio.org.br\/principal\/"},{"@type":"ListItem","position":2,"name":"F\u00f3rum Permanente da Educa\u00e7?o Infantil &#8211; 05\/10"}]},{"@type":"WebSite","@id":"https:\/\/www.sinpro-rio.org.br\/principal\/#website","url":"https:\/\/www.sinpro-rio.org.br\/principal\/","name":"Sinpro-Rio","description":"Sindicato dos Professores do Munic\u00edpio do Rio de Janeiro e Regi\u00e3o","potentialAction":[{"@type":"SearchAction","target":{"@type":"EntryPoint","urlTemplate":"https:\/\/www.sinpro-rio.org.br\/principal\/?s={search_term_string}"},"query-input":{"@type":"PropertyValueSpecification","valueRequired":true,"valueName":"search_term_string"}}],"inLanguage":"pt-BR"},{"@type":"Person","@id":"https:\/\/www.sinpro-rio.org.br\/principal\/#\/schema\/person\/49feb585a2f57a31a6bd9f16f78e5be6","name":"rafaelrjp","image":{"@type":"ImageObject","inLanguage":"pt-BR","@id":"https:\/\/www.sinpro-rio.org.br\/principal\/#\/schema\/person\/image\/","url":"https:\/\/secure.gravatar.com\/avatar\/489371a0ba4655c340b519882c68cf68?s=96&d=mm&r=g","contentUrl":"https:\/\/secure.gravatar.com\/avatar\/489371a0ba4655c340b519882c68cf68?s=96&d=mm&r=g","caption":"rafaelrjp"},"url":"https:\/\/www.sinpro-rio.org.br\/principal\/author\/rafaelrjp\/"}]}},"_links":{"self":[{"href":"https:\/\/www.sinpro-rio.org.br\/principal\/wp-json\/wp\/v2\/posts\/20508","targetHints":{"allow":["GET"]}}],"collection":[{"href":"https:\/\/www.sinpro-rio.org.br\/principal\/wp-json\/wp\/v2\/posts"}],"about":[{"href":"https:\/\/www.sinpro-rio.org.br\/principal\/wp-json\/wp\/v2\/types\/post"}],"author":[{"embeddable":true,"href":"https:\/\/www.sinpro-rio.org.br\/principal\/wp-json\/wp\/v2\/users\/1"}],"replies":[{"embeddable":true,"href":"https:\/\/www.sinpro-rio.org.br\/principal\/wp-json\/wp\/v2\/comments?post=20508"}],"version-history":[{"count":0,"href":"https:\/\/www.sinpro-rio.org.br\/principal\/wp-json\/wp\/v2\/posts\/20508\/revisions"}],"wp:attachment":[{"href":"https:\/\/www.sinpro-rio.org.br\/principal\/wp-json\/wp\/v2\/media?parent=20508"}],"wp:term":[{"taxonomy":"category","embeddable":true,"href":"https:\/\/www.sinpro-rio.org.br\/principal\/wp-json\/wp\/v2\/categories?post=20508"},{"taxonomy":"post_tag","embeddable":true,"href":"https:\/\/www.sinpro-rio.org.br\/principal\/wp-json\/wp\/v2\/tags?post=20508"}],"curies":[{"name":"wp","href":"https:\/\/api.w.org\/{rel}","templated":true}]}}