{"id":20491,"date":"2010-01-01T00:00:00","date_gmt":"2010-01-01T00:00:00","guid":{"rendered":""},"modified":"-0001-11-30T00:00:00","modified_gmt":"-0001-11-30T03:00:00","slug":"sinpro-rio-solicita-antecipac-o-das-negociac-es-coletivas-2011","status":"publish","type":"post","link":"https:\/\/www.sinpro-rio.org.br\/principal\/sinpro-rio-solicita-antecipac-o-das-negociac-es-coletivas-2011\/","title":{"rendered":"Sinpro-Rio solicita antecipa\u00e7\u00e3o das Negocia\u00e7\u00f5es Coletivas 2011"},"content":{"rendered":"<div class=\"alvo1\">\n<p>O Sinpro-Rio solicitou ao sindicato patronal (Sinepe-Rio) a antecipa\u00e7\u00e3o das negocia\u00e7\u00f5es coletivas 2011. A iniciativa foi motivada pela necessidade de sintonizar as nossas reivindica\u00e7\u00f5es, principalmente as salariais, com o per\u00edodo de confec\u00e7\u00e3o das planilhas das escolas, entre outubro e novembro. Esta medida est\u00e1 em conson\u00e2ncia com a orienta\u00e7\u00e3o da Confedera\u00e7\u00e3o Nacional dos Trabalhadores em Estabelecimentos de Ensino (Contee), para todos os Sinpros do Brasil filiados \u00e0 entidade em seu \u00faltimo Semin\u00e1rio de Campanha Salarial, em junho, em S\u00e3o Paulo.<\/p>\n<p>A proposta do Sinpro-Rio \u00e9 alinhar as negocia\u00e7\u00f5es coletivas da categoria com a \u00e9poca de planejamento das escolas, qualificando e otimizando as parit\u00e1rias. &#8220;Observamos que, com a estabilidade econ\u00f4mica, vivida pelo pa\u00eds nos \u00faltimos anos, as escolas passaram a fazer suas planilhas de custos antecipadamente, em outubro, para o ano seguinte. Este \u00e9, portanto, o momento para fazermos as negocia\u00e7\u00f5es&#8221;, afirmou o diretor do Departamento Jur\u00eddico, professor M\u00e1rcio Fialho. A data-base da categoria \u00e9 1\u00ba de abril.<\/p>\n<p>Fazem parte da pauta preliminar de negocia\u00e7\u00f5es:<\/p>\n<p>&#8211; Reajuste salarial com base no \u00cdndice Nacional de Pre\u00e7o ao Consumidor (INPC) completo, acrescido de ganho real;<\/p>\n<p>&#8211; Aumento diferenciado para os pisos salariais em todos os n\u00edveis;<\/p>\n<p>&#8211; Calend\u00e1rio-base escolar 2011;<\/p>\n<p>&#8211; Manuten\u00e7\u00e3o das cl\u00e1usulas sociais pr\u00e9-existentes;<\/p>\n<p>&#8211; Cl\u00e1usulas sobre Condi\u00e7\u00f5es de Trabalho e Sa\u00fade do Professor.<\/p>\n<p>Seguindo este calend\u00e1rio antecipado, em novembro, os professores definir\u00e3o, nas assembleias convocadas pelo Sinpro-Rio, a pauta completa de reivindica\u00e7\u00f5es de 2011 e decidir\u00e3o sobre seus reajustes para o pr\u00f3ximo ano.\n<\/p>\n<\/p>\n<\/p>\n<\/p>\n<\/p>\n<\/div>\n","protected":false},"excerpt":{"rendered":"<p>O Sinpro-Rio solicitou ao sindicato patronal (Sinepe-Rio) a antecipa\u00e7\u00e3o das negocia\u00e7\u00f5es coletivas 2011. A iniciativa foi motivada pela necessidade de sintonizar as nossas reivindica\u00e7\u00f5es, principalmente as salariais, com o per\u00edodo de confec\u00e7\u00e3o das planilhas das escolas, entre outubro e novembro. Esta medida est\u00e1 em conson\u00e2ncia com a orienta\u00e7\u00e3o da Confedera\u00e7\u00e3o Nacional dos Trabalhadores em Estabelecimentos [&hellip;]<\/p>\n","protected":false},"author":1,"featured_media":0,"comment_status":"closed","ping_status":"open","sticky":false,"template":"","format":"standard","meta":{"footnotes":""},"categories":[1],"tags":[],"class_list":["post-20491","post","type-post","status-publish","format-standard","hentry","category-noticias"],"yoast_head":"<!-- This site is optimized with the Yoast SEO plugin v25.7 - https:\/\/yoast.com\/wordpress\/plugins\/seo\/ -->\n<title>Sinpro-Rio solicita antecipa\u00e7\u00e3o das Negocia\u00e7\u00f5es Coletivas 2011 - Sinpro-Rio<\/title>\n<meta name=\"robots\" content=\"index, follow, max-snippet:-1, max-image-preview:large, max-video-preview:-1\" \/>\n<link rel=\"canonical\" href=\"https:\/\/www.sinpro-rio.org.br\/principal\/sinpro-rio-solicita-antecipac-o-das-negociac-es-coletivas-2011\/\" \/>\n<meta property=\"og:locale\" content=\"pt_BR\" \/>\n<meta property=\"og:type\" content=\"article\" \/>\n<meta property=\"og:title\" content=\"Sinpro-Rio solicita antecipa\u00e7\u00e3o das Negocia\u00e7\u00f5es Coletivas 2011 - Sinpro-Rio\" \/>\n<meta property=\"og:description\" content=\"O Sinpro-Rio solicitou ao sindicato patronal (Sinepe-Rio) a antecipa\u00e7\u00e3o das negocia\u00e7\u00f5es coletivas 2011. A iniciativa foi motivada pela necessidade de sintonizar as nossas reivindica\u00e7\u00f5es, principalmente as salariais, com o per\u00edodo de confec\u00e7\u00e3o das planilhas das escolas, entre outubro e novembro. Esta medida est\u00e1 em conson\u00e2ncia com a orienta\u00e7\u00e3o da Confedera\u00e7\u00e3o Nacional dos Trabalhadores em Estabelecimentos [&hellip;]\" \/>\n<meta property=\"og:url\" content=\"https:\/\/www.sinpro-rio.org.br\/principal\/sinpro-rio-solicita-antecipac-o-das-negociac-es-coletivas-2011\/\" \/>\n<meta property=\"og:site_name\" content=\"Sinpro-Rio\" \/>\n<meta property=\"article:published_time\" content=\"2010-01-01T00:00:00+00:00\" \/>\n<meta name=\"author\" content=\"rafaelrjp\" \/>\n<meta name=\"twitter:card\" content=\"summary_large_image\" \/>\n<meta name=\"twitter:label1\" content=\"Escrito por\" \/>\n\t<meta name=\"twitter:data1\" content=\"rafaelrjp\" \/>\n\t<meta name=\"twitter:label2\" content=\"Est. tempo de leitura\" \/>\n\t<meta name=\"twitter:data2\" content=\"1 minuto\" \/>\n<script type=\"application\/ld+json\" class=\"yoast-schema-graph\">{\"@context\":\"https:\/\/schema.org\",\"@graph\":[{\"@type\":\"WebPage\",\"@id\":\"https:\/\/www.sinpro-rio.org.br\/principal\/sinpro-rio-solicita-antecipac-o-das-negociac-es-coletivas-2011\/\",\"url\":\"https:\/\/www.sinpro-rio.org.br\/principal\/sinpro-rio-solicita-antecipac-o-das-negociac-es-coletivas-2011\/\",\"name\":\"Sinpro-Rio solicita antecipa\u00e7\u00e3o das Negocia\u00e7\u00f5es Coletivas 2011 - Sinpro-Rio\",\"isPartOf\":{\"@id\":\"https:\/\/www.sinpro-rio.org.br\/principal\/#website\"},\"datePublished\":\"2010-01-01T00:00:00+00:00\",\"author\":{\"@id\":\"https:\/\/www.sinpro-rio.org.br\/principal\/#\/schema\/person\/49feb585a2f57a31a6bd9f16f78e5be6\"},\"breadcrumb\":{\"@id\":\"https:\/\/www.sinpro-rio.org.br\/principal\/sinpro-rio-solicita-antecipac-o-das-negociac-es-coletivas-2011\/#breadcrumb\"},\"inLanguage\":\"pt-BR\",\"potentialAction\":[{\"@type\":\"ReadAction\",\"target\":[\"https:\/\/www.sinpro-rio.org.br\/principal\/sinpro-rio-solicita-antecipac-o-das-negociac-es-coletivas-2011\/\"]}]},{\"@type\":\"BreadcrumbList\",\"@id\":\"https:\/\/www.sinpro-rio.org.br\/principal\/sinpro-rio-solicita-antecipac-o-das-negociac-es-coletivas-2011\/#breadcrumb\",\"itemListElement\":[{\"@type\":\"ListItem\",\"position\":1,\"name\":\"In\u00edcio\",\"item\":\"https:\/\/www.sinpro-rio.org.br\/principal\/\"},{\"@type\":\"ListItem\",\"position\":2,\"name\":\"Sinpro-Rio solicita antecipa\u00e7\u00e3o das Negocia\u00e7\u00f5es Coletivas 2011\"}]},{\"@type\":\"WebSite\",\"@id\":\"https:\/\/www.sinpro-rio.org.br\/principal\/#website\",\"url\":\"https:\/\/www.sinpro-rio.org.br\/principal\/\",\"name\":\"Sinpro-Rio\",\"description\":\"Sindicato dos Professores do Munic\u00edpio do Rio de Janeiro e Regi\u00e3o\",\"potentialAction\":[{\"@type\":\"SearchAction\",\"target\":{\"@type\":\"EntryPoint\",\"urlTemplate\":\"https:\/\/www.sinpro-rio.org.br\/principal\/?s={search_term_string}\"},\"query-input\":{\"@type\":\"PropertyValueSpecification\",\"valueRequired\":true,\"valueName\":\"search_term_string\"}}],\"inLanguage\":\"pt-BR\"},{\"@type\":\"Person\",\"@id\":\"https:\/\/www.sinpro-rio.org.br\/principal\/#\/schema\/person\/49feb585a2f57a31a6bd9f16f78e5be6\",\"name\":\"rafaelrjp\",\"image\":{\"@type\":\"ImageObject\",\"inLanguage\":\"pt-BR\",\"@id\":\"https:\/\/www.sinpro-rio.org.br\/principal\/#\/schema\/person\/image\/\",\"url\":\"https:\/\/secure.gravatar.com\/avatar\/489371a0ba4655c340b519882c68cf68?s=96&d=mm&r=g\",\"contentUrl\":\"https:\/\/secure.gravatar.com\/avatar\/489371a0ba4655c340b519882c68cf68?s=96&d=mm&r=g\",\"caption\":\"rafaelrjp\"},\"url\":\"https:\/\/www.sinpro-rio.org.br\/principal\/author\/rafaelrjp\/\"}]}<\/script>\n<!-- \/ Yoast SEO plugin. -->","yoast_head_json":{"title":"Sinpro-Rio solicita antecipa\u00e7\u00e3o das Negocia\u00e7\u00f5es Coletivas 2011 - Sinpro-Rio","robots":{"index":"index","follow":"follow","max-snippet":"max-snippet:-1","max-image-preview":"max-image-preview:large","max-video-preview":"max-video-preview:-1"},"canonical":"https:\/\/www.sinpro-rio.org.br\/principal\/sinpro-rio-solicita-antecipac-o-das-negociac-es-coletivas-2011\/","og_locale":"pt_BR","og_type":"article","og_title":"Sinpro-Rio solicita antecipa\u00e7\u00e3o das Negocia\u00e7\u00f5es Coletivas 2011 - Sinpro-Rio","og_description":"O Sinpro-Rio solicitou ao sindicato patronal (Sinepe-Rio) a antecipa\u00e7\u00e3o das negocia\u00e7\u00f5es coletivas 2011. A iniciativa foi motivada pela necessidade de sintonizar as nossas reivindica\u00e7\u00f5es, principalmente as salariais, com o per\u00edodo de confec\u00e7\u00e3o das planilhas das escolas, entre outubro e novembro. Esta medida est\u00e1 em conson\u00e2ncia com a orienta\u00e7\u00e3o da Confedera\u00e7\u00e3o Nacional dos Trabalhadores em Estabelecimentos [&hellip;]","og_url":"https:\/\/www.sinpro-rio.org.br\/principal\/sinpro-rio-solicita-antecipac-o-das-negociac-es-coletivas-2011\/","og_site_name":"Sinpro-Rio","article_published_time":"2010-01-01T00:00:00+00:00","author":"rafaelrjp","twitter_card":"summary_large_image","twitter_misc":{"Escrito por":"rafaelrjp","Est. tempo de leitura":"1 minuto"},"schema":{"@context":"https:\/\/schema.org","@graph":[{"@type":"WebPage","@id":"https:\/\/www.sinpro-rio.org.br\/principal\/sinpro-rio-solicita-antecipac-o-das-negociac-es-coletivas-2011\/","url":"https:\/\/www.sinpro-rio.org.br\/principal\/sinpro-rio-solicita-antecipac-o-das-negociac-es-coletivas-2011\/","name":"Sinpro-Rio solicita antecipa\u00e7\u00e3o das Negocia\u00e7\u00f5es Coletivas 2011 - Sinpro-Rio","isPartOf":{"@id":"https:\/\/www.sinpro-rio.org.br\/principal\/#website"},"datePublished":"2010-01-01T00:00:00+00:00","author":{"@id":"https:\/\/www.sinpro-rio.org.br\/principal\/#\/schema\/person\/49feb585a2f57a31a6bd9f16f78e5be6"},"breadcrumb":{"@id":"https:\/\/www.sinpro-rio.org.br\/principal\/sinpro-rio-solicita-antecipac-o-das-negociac-es-coletivas-2011\/#breadcrumb"},"inLanguage":"pt-BR","potentialAction":[{"@type":"ReadAction","target":["https:\/\/www.sinpro-rio.org.br\/principal\/sinpro-rio-solicita-antecipac-o-das-negociac-es-coletivas-2011\/"]}]},{"@type":"BreadcrumbList","@id":"https:\/\/www.sinpro-rio.org.br\/principal\/sinpro-rio-solicita-antecipac-o-das-negociac-es-coletivas-2011\/#breadcrumb","itemListElement":[{"@type":"ListItem","position":1,"name":"In\u00edcio","item":"https:\/\/www.sinpro-rio.org.br\/principal\/"},{"@type":"ListItem","position":2,"name":"Sinpro-Rio solicita antecipa\u00e7\u00e3o das Negocia\u00e7\u00f5es Coletivas 2011"}]},{"@type":"WebSite","@id":"https:\/\/www.sinpro-rio.org.br\/principal\/#website","url":"https:\/\/www.sinpro-rio.org.br\/principal\/","name":"Sinpro-Rio","description":"Sindicato dos Professores do Munic\u00edpio do Rio de Janeiro e Regi\u00e3o","potentialAction":[{"@type":"SearchAction","target":{"@type":"EntryPoint","urlTemplate":"https:\/\/www.sinpro-rio.org.br\/principal\/?s={search_term_string}"},"query-input":{"@type":"PropertyValueSpecification","valueRequired":true,"valueName":"search_term_string"}}],"inLanguage":"pt-BR"},{"@type":"Person","@id":"https:\/\/www.sinpro-rio.org.br\/principal\/#\/schema\/person\/49feb585a2f57a31a6bd9f16f78e5be6","name":"rafaelrjp","image":{"@type":"ImageObject","inLanguage":"pt-BR","@id":"https:\/\/www.sinpro-rio.org.br\/principal\/#\/schema\/person\/image\/","url":"https:\/\/secure.gravatar.com\/avatar\/489371a0ba4655c340b519882c68cf68?s=96&d=mm&r=g","contentUrl":"https:\/\/secure.gravatar.com\/avatar\/489371a0ba4655c340b519882c68cf68?s=96&d=mm&r=g","caption":"rafaelrjp"},"url":"https:\/\/www.sinpro-rio.org.br\/principal\/author\/rafaelrjp\/"}]}},"_links":{"self":[{"href":"https:\/\/www.sinpro-rio.org.br\/principal\/wp-json\/wp\/v2\/posts\/20491","targetHints":{"allow":["GET"]}}],"collection":[{"href":"https:\/\/www.sinpro-rio.org.br\/principal\/wp-json\/wp\/v2\/posts"}],"about":[{"href":"https:\/\/www.sinpro-rio.org.br\/principal\/wp-json\/wp\/v2\/types\/post"}],"author":[{"embeddable":true,"href":"https:\/\/www.sinpro-rio.org.br\/principal\/wp-json\/wp\/v2\/users\/1"}],"replies":[{"embeddable":true,"href":"https:\/\/www.sinpro-rio.org.br\/principal\/wp-json\/wp\/v2\/comments?post=20491"}],"version-history":[{"count":0,"href":"https:\/\/www.sinpro-rio.org.br\/principal\/wp-json\/wp\/v2\/posts\/20491\/revisions"}],"wp:attachment":[{"href":"https:\/\/www.sinpro-rio.org.br\/principal\/wp-json\/wp\/v2\/media?parent=20491"}],"wp:term":[{"taxonomy":"category","embeddable":true,"href":"https:\/\/www.sinpro-rio.org.br\/principal\/wp-json\/wp\/v2\/categories?post=20491"},{"taxonomy":"post_tag","embeddable":true,"href":"https:\/\/www.sinpro-rio.org.br\/principal\/wp-json\/wp\/v2\/tags?post=20491"}],"curies":[{"name":"wp","href":"https:\/\/api.w.org\/{rel}","templated":true}]}}