{"id":20489,"date":"2010-01-01T00:00:00","date_gmt":"2010-01-01T00:00:00","guid":{"rendered":""},"modified":"-0001-11-30T00:00:00","modified_gmt":"-0001-11-30T03:00:00","slug":"presidente-do-sinpro-rio-ingressa-na-galeria-dos-grandes-educadores","status":"publish","type":"post","link":"https:\/\/www.sinpro-rio.org.br\/principal\/presidente-do-sinpro-rio-ingressa-na-galeria-dos-grandes-educadores\/","title":{"rendered":"Presidente do Sinpro-Rio ingressa na Galeria dos Grandes Educadores"},"content":{"rendered":"<div class=\"alvo1\">\n<p>O presidente do Sinpro-Rio, professor Wanderley Qu\u00eado, recebeu novamente o pr\u00eamio Personalidade Educacional promovido pela parceria entre a Associa\u00e7\u00e3o Brasileira de Educa\u00e7\u00e3o (ABE), Associa\u00e7\u00e3o Brasileira de Imprensa (ABI) e o jornal Folha Dirigida. Por ser sua terceira elei\u00e7\u00e3o (as anteriores ocorreram em 2008 e 2009), ele passa a integrar, em 2011, a Galeria dos Grandes Educadores.<\/p>\n<p>Tamb\u00e9m foram eleitas outras 10 personalidades, entre elas o reitor da Pontif\u00edcia Universidade Cat\u00f3lica do Rio de Janeiro (PUC-Rio), padre Josaf\u00e1 Carlos de Siqueira, e a professora da Faculdade de Educa\u00e7\u00e3o da Universidade do Estado do Rio de Janeiro (Uerj), Bertha do Valle. A vota\u00e7\u00e3o, secreta e direta, foi realizada por um col\u00e9gio eleitoral formado por cerca de seis mil representantes das \u00e1reas de educa\u00e7\u00e3o e cultura.<\/p>\n<p>Wanderley recebeu o pr\u00eamio das m\u00e3os do rec\u00e9m-eleito deputado federal Alessandro Molon (PT-RJ), em um evento social do Jockey Club, no centro do Rio, no dia 21 de outubro. \u201cToda vez que se homenageia algu\u00e9m, cumpre-se uma dupla fun\u00e7\u00e3o. De um lado, incentiva os que est\u00e3o sendo premiados para que continuem seu trabalho; e de outro, estimula quem ainda n\u00e3o foi reconhecido, para que n\u00e3o desista diante das adversidades, sobretudo em um meio t\u00e3o dif\u00edcil \u2013 mas tamb\u00e9m t\u00e3o bonito &#8211; quanto a Educa\u00e7\u00e3o\u201d, avaliou o deputado. Para Wanderley, a premia\u00e7\u00e3o foi conferida mais para sua vida p\u00fablica que particular. \u201cMinha indica\u00e7\u00e3o se deve ao discurso de uma diretoria compromissada com essa luta pelas condi\u00e7\u00f5es pelas condi\u00e7\u00f5es de trabalho, de sa\u00fade e pela valoriza\u00e7\u00e3o salarial e profissional do professor. O Sindicato e toda a categoria abra\u00e7am esta proposta; por isso temos nosso trabalho reconhecido. Em nome desta campanha, fico honrado e agrade\u00e7o o respeito e o retorno da comunidade educacional do Rio\u201d, declarou.<\/p>\n<p>Para ver fotos do Pr\u00eamio Personalidade Educacional, clique <a href=\"http:\/\/www.sinprorio.pro.br\/site_antigo\/atualidades\/fotos-2010-out-21-personalidade.php\" target=\"_blank\">aqui<\/a><\/p>\n<\/p>\n<\/p>\n<\/div>\n","protected":false},"excerpt":{"rendered":"<p>O presidente do Sinpro-Rio, professor Wanderley Qu\u00eado, recebeu novamente o pr\u00eamio Personalidade Educacional promovido pela parceria entre a Associa\u00e7\u00e3o Brasileira de Educa\u00e7\u00e3o (ABE), Associa\u00e7\u00e3o Brasileira de Imprensa (ABI) e o jornal Folha Dirigida. Por ser sua terceira elei\u00e7\u00e3o (as anteriores ocorreram em 2008 e 2009), ele passa a integrar, em 2011, a Galeria dos Grandes [&hellip;]<\/p>\n","protected":false},"author":1,"featured_media":0,"comment_status":"closed","ping_status":"open","sticky":false,"template":"","format":"standard","meta":{"footnotes":""},"categories":[1],"tags":[],"class_list":["post-20489","post","type-post","status-publish","format-standard","hentry","category-noticias"],"yoast_head":"<!-- This site is optimized with the Yoast SEO plugin v25.7 - https:\/\/yoast.com\/wordpress\/plugins\/seo\/ -->\n<title>Presidente do Sinpro-Rio ingressa na Galeria dos Grandes Educadores - Sinpro-Rio<\/title>\n<meta name=\"robots\" content=\"index, follow, max-snippet:-1, max-image-preview:large, max-video-preview:-1\" \/>\n<link rel=\"canonical\" href=\"https:\/\/www.sinpro-rio.org.br\/principal\/presidente-do-sinpro-rio-ingressa-na-galeria-dos-grandes-educadores\/\" \/>\n<meta property=\"og:locale\" content=\"pt_BR\" \/>\n<meta property=\"og:type\" content=\"article\" \/>\n<meta property=\"og:title\" content=\"Presidente do Sinpro-Rio ingressa na Galeria dos Grandes Educadores - Sinpro-Rio\" \/>\n<meta property=\"og:description\" content=\"O presidente do Sinpro-Rio, professor Wanderley Qu\u00eado, recebeu novamente o pr\u00eamio Personalidade Educacional promovido pela parceria entre a Associa\u00e7\u00e3o Brasileira de Educa\u00e7\u00e3o (ABE), Associa\u00e7\u00e3o Brasileira de Imprensa (ABI) e o jornal Folha Dirigida. Por ser sua terceira elei\u00e7\u00e3o (as anteriores ocorreram em 2008 e 2009), ele passa a integrar, em 2011, a Galeria dos Grandes [&hellip;]\" \/>\n<meta property=\"og:url\" content=\"https:\/\/www.sinpro-rio.org.br\/principal\/presidente-do-sinpro-rio-ingressa-na-galeria-dos-grandes-educadores\/\" \/>\n<meta property=\"og:site_name\" content=\"Sinpro-Rio\" \/>\n<meta property=\"article:published_time\" content=\"2010-01-01T00:00:00+00:00\" \/>\n<meta name=\"author\" content=\"rafaelrjp\" \/>\n<meta name=\"twitter:card\" content=\"summary_large_image\" \/>\n<meta name=\"twitter:label1\" content=\"Escrito por\" \/>\n\t<meta name=\"twitter:data1\" content=\"rafaelrjp\" \/>\n\t<meta name=\"twitter:label2\" content=\"Est. tempo de leitura\" \/>\n\t<meta name=\"twitter:data2\" content=\"2 minutos\" \/>\n<script type=\"application\/ld+json\" class=\"yoast-schema-graph\">{\"@context\":\"https:\/\/schema.org\",\"@graph\":[{\"@type\":\"WebPage\",\"@id\":\"https:\/\/www.sinpro-rio.org.br\/principal\/presidente-do-sinpro-rio-ingressa-na-galeria-dos-grandes-educadores\/\",\"url\":\"https:\/\/www.sinpro-rio.org.br\/principal\/presidente-do-sinpro-rio-ingressa-na-galeria-dos-grandes-educadores\/\",\"name\":\"Presidente do Sinpro-Rio ingressa na Galeria dos Grandes Educadores - Sinpro-Rio\",\"isPartOf\":{\"@id\":\"https:\/\/www.sinpro-rio.org.br\/principal\/#website\"},\"datePublished\":\"2010-01-01T00:00:00+00:00\",\"author\":{\"@id\":\"https:\/\/www.sinpro-rio.org.br\/principal\/#\/schema\/person\/49feb585a2f57a31a6bd9f16f78e5be6\"},\"breadcrumb\":{\"@id\":\"https:\/\/www.sinpro-rio.org.br\/principal\/presidente-do-sinpro-rio-ingressa-na-galeria-dos-grandes-educadores\/#breadcrumb\"},\"inLanguage\":\"pt-BR\",\"potentialAction\":[{\"@type\":\"ReadAction\",\"target\":[\"https:\/\/www.sinpro-rio.org.br\/principal\/presidente-do-sinpro-rio-ingressa-na-galeria-dos-grandes-educadores\/\"]}]},{\"@type\":\"BreadcrumbList\",\"@id\":\"https:\/\/www.sinpro-rio.org.br\/principal\/presidente-do-sinpro-rio-ingressa-na-galeria-dos-grandes-educadores\/#breadcrumb\",\"itemListElement\":[{\"@type\":\"ListItem\",\"position\":1,\"name\":\"In\u00edcio\",\"item\":\"https:\/\/www.sinpro-rio.org.br\/principal\/\"},{\"@type\":\"ListItem\",\"position\":2,\"name\":\"Presidente do Sinpro-Rio ingressa na Galeria dos Grandes Educadores\"}]},{\"@type\":\"WebSite\",\"@id\":\"https:\/\/www.sinpro-rio.org.br\/principal\/#website\",\"url\":\"https:\/\/www.sinpro-rio.org.br\/principal\/\",\"name\":\"Sinpro-Rio\",\"description\":\"Sindicato dos Professores do Munic\u00edpio do Rio de Janeiro e Regi\u00e3o\",\"potentialAction\":[{\"@type\":\"SearchAction\",\"target\":{\"@type\":\"EntryPoint\",\"urlTemplate\":\"https:\/\/www.sinpro-rio.org.br\/principal\/?s={search_term_string}\"},\"query-input\":{\"@type\":\"PropertyValueSpecification\",\"valueRequired\":true,\"valueName\":\"search_term_string\"}}],\"inLanguage\":\"pt-BR\"},{\"@type\":\"Person\",\"@id\":\"https:\/\/www.sinpro-rio.org.br\/principal\/#\/schema\/person\/49feb585a2f57a31a6bd9f16f78e5be6\",\"name\":\"rafaelrjp\",\"image\":{\"@type\":\"ImageObject\",\"inLanguage\":\"pt-BR\",\"@id\":\"https:\/\/www.sinpro-rio.org.br\/principal\/#\/schema\/person\/image\/\",\"url\":\"https:\/\/secure.gravatar.com\/avatar\/489371a0ba4655c340b519882c68cf68?s=96&d=mm&r=g\",\"contentUrl\":\"https:\/\/secure.gravatar.com\/avatar\/489371a0ba4655c340b519882c68cf68?s=96&d=mm&r=g\",\"caption\":\"rafaelrjp\"},\"url\":\"https:\/\/www.sinpro-rio.org.br\/principal\/author\/rafaelrjp\/\"}]}<\/script>\n<!-- \/ Yoast SEO plugin. -->","yoast_head_json":{"title":"Presidente do Sinpro-Rio ingressa na Galeria dos Grandes Educadores - Sinpro-Rio","robots":{"index":"index","follow":"follow","max-snippet":"max-snippet:-1","max-image-preview":"max-image-preview:large","max-video-preview":"max-video-preview:-1"},"canonical":"https:\/\/www.sinpro-rio.org.br\/principal\/presidente-do-sinpro-rio-ingressa-na-galeria-dos-grandes-educadores\/","og_locale":"pt_BR","og_type":"article","og_title":"Presidente do Sinpro-Rio ingressa na Galeria dos Grandes Educadores - Sinpro-Rio","og_description":"O presidente do Sinpro-Rio, professor Wanderley Qu\u00eado, recebeu novamente o pr\u00eamio Personalidade Educacional promovido pela parceria entre a Associa\u00e7\u00e3o Brasileira de Educa\u00e7\u00e3o (ABE), Associa\u00e7\u00e3o Brasileira de Imprensa (ABI) e o jornal Folha Dirigida. Por ser sua terceira elei\u00e7\u00e3o (as anteriores ocorreram em 2008 e 2009), ele passa a integrar, em 2011, a Galeria dos Grandes [&hellip;]","og_url":"https:\/\/www.sinpro-rio.org.br\/principal\/presidente-do-sinpro-rio-ingressa-na-galeria-dos-grandes-educadores\/","og_site_name":"Sinpro-Rio","article_published_time":"2010-01-01T00:00:00+00:00","author":"rafaelrjp","twitter_card":"summary_large_image","twitter_misc":{"Escrito por":"rafaelrjp","Est. tempo de leitura":"2 minutos"},"schema":{"@context":"https:\/\/schema.org","@graph":[{"@type":"WebPage","@id":"https:\/\/www.sinpro-rio.org.br\/principal\/presidente-do-sinpro-rio-ingressa-na-galeria-dos-grandes-educadores\/","url":"https:\/\/www.sinpro-rio.org.br\/principal\/presidente-do-sinpro-rio-ingressa-na-galeria-dos-grandes-educadores\/","name":"Presidente do Sinpro-Rio ingressa na Galeria dos Grandes Educadores - Sinpro-Rio","isPartOf":{"@id":"https:\/\/www.sinpro-rio.org.br\/principal\/#website"},"datePublished":"2010-01-01T00:00:00+00:00","author":{"@id":"https:\/\/www.sinpro-rio.org.br\/principal\/#\/schema\/person\/49feb585a2f57a31a6bd9f16f78e5be6"},"breadcrumb":{"@id":"https:\/\/www.sinpro-rio.org.br\/principal\/presidente-do-sinpro-rio-ingressa-na-galeria-dos-grandes-educadores\/#breadcrumb"},"inLanguage":"pt-BR","potentialAction":[{"@type":"ReadAction","target":["https:\/\/www.sinpro-rio.org.br\/principal\/presidente-do-sinpro-rio-ingressa-na-galeria-dos-grandes-educadores\/"]}]},{"@type":"BreadcrumbList","@id":"https:\/\/www.sinpro-rio.org.br\/principal\/presidente-do-sinpro-rio-ingressa-na-galeria-dos-grandes-educadores\/#breadcrumb","itemListElement":[{"@type":"ListItem","position":1,"name":"In\u00edcio","item":"https:\/\/www.sinpro-rio.org.br\/principal\/"},{"@type":"ListItem","position":2,"name":"Presidente do Sinpro-Rio ingressa na Galeria dos Grandes Educadores"}]},{"@type":"WebSite","@id":"https:\/\/www.sinpro-rio.org.br\/principal\/#website","url":"https:\/\/www.sinpro-rio.org.br\/principal\/","name":"Sinpro-Rio","description":"Sindicato dos Professores do Munic\u00edpio do Rio de Janeiro e Regi\u00e3o","potentialAction":[{"@type":"SearchAction","target":{"@type":"EntryPoint","urlTemplate":"https:\/\/www.sinpro-rio.org.br\/principal\/?s={search_term_string}"},"query-input":{"@type":"PropertyValueSpecification","valueRequired":true,"valueName":"search_term_string"}}],"inLanguage":"pt-BR"},{"@type":"Person","@id":"https:\/\/www.sinpro-rio.org.br\/principal\/#\/schema\/person\/49feb585a2f57a31a6bd9f16f78e5be6","name":"rafaelrjp","image":{"@type":"ImageObject","inLanguage":"pt-BR","@id":"https:\/\/www.sinpro-rio.org.br\/principal\/#\/schema\/person\/image\/","url":"https:\/\/secure.gravatar.com\/avatar\/489371a0ba4655c340b519882c68cf68?s=96&d=mm&r=g","contentUrl":"https:\/\/secure.gravatar.com\/avatar\/489371a0ba4655c340b519882c68cf68?s=96&d=mm&r=g","caption":"rafaelrjp"},"url":"https:\/\/www.sinpro-rio.org.br\/principal\/author\/rafaelrjp\/"}]}},"_links":{"self":[{"href":"https:\/\/www.sinpro-rio.org.br\/principal\/wp-json\/wp\/v2\/posts\/20489","targetHints":{"allow":["GET"]}}],"collection":[{"href":"https:\/\/www.sinpro-rio.org.br\/principal\/wp-json\/wp\/v2\/posts"}],"about":[{"href":"https:\/\/www.sinpro-rio.org.br\/principal\/wp-json\/wp\/v2\/types\/post"}],"author":[{"embeddable":true,"href":"https:\/\/www.sinpro-rio.org.br\/principal\/wp-json\/wp\/v2\/users\/1"}],"replies":[{"embeddable":true,"href":"https:\/\/www.sinpro-rio.org.br\/principal\/wp-json\/wp\/v2\/comments?post=20489"}],"version-history":[{"count":0,"href":"https:\/\/www.sinpro-rio.org.br\/principal\/wp-json\/wp\/v2\/posts\/20489\/revisions"}],"wp:attachment":[{"href":"https:\/\/www.sinpro-rio.org.br\/principal\/wp-json\/wp\/v2\/media?parent=20489"}],"wp:term":[{"taxonomy":"category","embeddable":true,"href":"https:\/\/www.sinpro-rio.org.br\/principal\/wp-json\/wp\/v2\/categories?post=20489"},{"taxonomy":"post_tag","embeddable":true,"href":"https:\/\/www.sinpro-rio.org.br\/principal\/wp-json\/wp\/v2\/tags?post=20489"}],"curies":[{"name":"wp","href":"https:\/\/api.w.org\/{rel}","templated":true}]}}