{"id":20475,"date":"2010-01-01T00:00:00","date_gmt":"2010-01-01T00:00:00","guid":{"rendered":""},"modified":"-0001-11-30T00:00:00","modified_gmt":"-0001-11-30T03:00:00","slug":"ato-na-cut-dia-13-de-dezembro-as-18h30-na-abi","status":"publish","type":"post","link":"https:\/\/www.sinpro-rio.org.br\/principal\/ato-na-cut-dia-13-de-dezembro-as-18h30-na-abi\/","title":{"rendered":"Ato na CUT dia 13 de dezembro, \u00e0s 18h30, na ABI"},"content":{"rendered":"<div class=\"alvo1\">\n<p>Homenagear as pessoas e institui\u00e7\u00f5es que combateram a ditadura militar e contribu\u00edram para a conquista das liberdades democr\u00e1ticas vigentes hoje. Com este objetivo, a Central \u00danica dos Trabalhadores (CUT) promover\u00e1 um grande ato nacional no dia 13 de dezembro, \u00e0s 18h30, na Associa\u00e7\u00e3o Brasileira de Imprensa (ABI). E a data n\u00e3o poderia ser mais emblem\u00e1tica: nesse dia, completam-se 42 anos do famoso Ato Institucional n\u00ba 5 (AI-5).<\/p>\n<p>A decis\u00e3o desta homenagem \u00e9 uma resposta vigorosa &#8211; segundo documento assinado pelos presidentes da CUT nacional e Rio de Janeiro, Artur Henrique da Silva Santos e Darby Lemos Igayara, respectivamente &#8211; \u201c\u00e0 onda de ataques da m\u00eddia e de setores conservadores da sociedade contra a gera\u00e7\u00e3o generosa de brasileiros e brasileiras que, com coragem e abnega\u00e7\u00e3o, resistiu \u00e0 ditadura, muitas vezes com o sacrif\u00edcio da pr\u00f3pria vida\u201d.<\/p>\n<p>Ainda de acordo com a Central, o desagravo \u00e0 presidente eleita Dilma Rousseff e a todos os que enfrentaram algum arb\u00edtrio \u00e9 uma forma de honrar a hist\u00f3ria de lutas do povo brasileiro, para o qual a CUT se orgulha de ter contribu\u00eddo. \u201cSignifica tamb\u00e9m reafirmar o compromisso irrevog\u00e1vel da CUT com os valores democr\u00e1ticos e com a constru\u00e7\u00e3o de uma sociedade mais justa e igualit\u00e1ria\u201d, afirmam Darby e Artur Henrique no documento.<\/p>\n<p>Durante o evento, ser\u00e1 lan\u00e7ado o pr\u00eamio \u201cCUT \u2013 Democracia e Liberdade Sempre\u201d. A partir deste ano, em cada 13 de dezembro, a CUT entregar\u00e1 um pr\u00eamio para destacar personalidades e entidades com papel significativo na luta contra a opress\u00e3o e em defesa da democracia.\n<\/p>\n<\/p>\n<\/p>\n<\/div>\n","protected":false},"excerpt":{"rendered":"<p>Homenagear as pessoas e institui\u00e7\u00f5es que combateram a ditadura militar e contribu\u00edram para a conquista das liberdades democr\u00e1ticas vigentes hoje. Com este objetivo, a Central \u00danica dos Trabalhadores (CUT) promover\u00e1 um grande ato nacional no dia 13 de dezembro, \u00e0s 18h30, na Associa\u00e7\u00e3o Brasileira de Imprensa (ABI). E a data n\u00e3o poderia ser mais emblem\u00e1tica: [&hellip;]<\/p>\n","protected":false},"author":1,"featured_media":0,"comment_status":"closed","ping_status":"open","sticky":false,"template":"","format":"standard","meta":{"footnotes":""},"categories":[1],"tags":[],"class_list":["post-20475","post","type-post","status-publish","format-standard","hentry","category-noticias"],"yoast_head":"<!-- This site is optimized with the Yoast SEO plugin v25.7 - https:\/\/yoast.com\/wordpress\/plugins\/seo\/ -->\n<title>Ato na CUT dia 13 de dezembro, \u00e0s 18h30, na ABI - Sinpro-Rio<\/title>\n<meta name=\"robots\" content=\"index, follow, max-snippet:-1, max-image-preview:large, max-video-preview:-1\" \/>\n<link rel=\"canonical\" href=\"https:\/\/www.sinpro-rio.org.br\/principal\/ato-na-cut-dia-13-de-dezembro-as-18h30-na-abi\/\" \/>\n<meta property=\"og:locale\" content=\"pt_BR\" \/>\n<meta property=\"og:type\" content=\"article\" \/>\n<meta property=\"og:title\" content=\"Ato na CUT dia 13 de dezembro, \u00e0s 18h30, na ABI - Sinpro-Rio\" \/>\n<meta property=\"og:description\" content=\"Homenagear as pessoas e institui\u00e7\u00f5es que combateram a ditadura militar e contribu\u00edram para a conquista das liberdades democr\u00e1ticas vigentes hoje. Com este objetivo, a Central \u00danica dos Trabalhadores (CUT) promover\u00e1 um grande ato nacional no dia 13 de dezembro, \u00e0s 18h30, na Associa\u00e7\u00e3o Brasileira de Imprensa (ABI). E a data n\u00e3o poderia ser mais emblem\u00e1tica: [&hellip;]\" \/>\n<meta property=\"og:url\" content=\"https:\/\/www.sinpro-rio.org.br\/principal\/ato-na-cut-dia-13-de-dezembro-as-18h30-na-abi\/\" \/>\n<meta property=\"og:site_name\" content=\"Sinpro-Rio\" \/>\n<meta property=\"article:published_time\" content=\"2010-01-01T00:00:00+00:00\" \/>\n<meta name=\"author\" content=\"rafaelrjp\" \/>\n<meta name=\"twitter:card\" content=\"summary_large_image\" \/>\n<meta name=\"twitter:label1\" content=\"Escrito por\" \/>\n\t<meta name=\"twitter:data1\" content=\"rafaelrjp\" \/>\n\t<meta name=\"twitter:label2\" content=\"Est. tempo de leitura\" \/>\n\t<meta name=\"twitter:data2\" content=\"1 minuto\" \/>\n<script type=\"application\/ld+json\" class=\"yoast-schema-graph\">{\"@context\":\"https:\/\/schema.org\",\"@graph\":[{\"@type\":\"WebPage\",\"@id\":\"https:\/\/www.sinpro-rio.org.br\/principal\/ato-na-cut-dia-13-de-dezembro-as-18h30-na-abi\/\",\"url\":\"https:\/\/www.sinpro-rio.org.br\/principal\/ato-na-cut-dia-13-de-dezembro-as-18h30-na-abi\/\",\"name\":\"Ato na CUT dia 13 de dezembro, \u00e0s 18h30, na ABI - Sinpro-Rio\",\"isPartOf\":{\"@id\":\"https:\/\/www.sinpro-rio.org.br\/principal\/#website\"},\"datePublished\":\"2010-01-01T00:00:00+00:00\",\"author\":{\"@id\":\"https:\/\/www.sinpro-rio.org.br\/principal\/#\/schema\/person\/49feb585a2f57a31a6bd9f16f78e5be6\"},\"breadcrumb\":{\"@id\":\"https:\/\/www.sinpro-rio.org.br\/principal\/ato-na-cut-dia-13-de-dezembro-as-18h30-na-abi\/#breadcrumb\"},\"inLanguage\":\"pt-BR\",\"potentialAction\":[{\"@type\":\"ReadAction\",\"target\":[\"https:\/\/www.sinpro-rio.org.br\/principal\/ato-na-cut-dia-13-de-dezembro-as-18h30-na-abi\/\"]}]},{\"@type\":\"BreadcrumbList\",\"@id\":\"https:\/\/www.sinpro-rio.org.br\/principal\/ato-na-cut-dia-13-de-dezembro-as-18h30-na-abi\/#breadcrumb\",\"itemListElement\":[{\"@type\":\"ListItem\",\"position\":1,\"name\":\"In\u00edcio\",\"item\":\"https:\/\/www.sinpro-rio.org.br\/principal\/\"},{\"@type\":\"ListItem\",\"position\":2,\"name\":\"Ato na CUT dia 13 de dezembro, \u00e0s 18h30, na ABI\"}]},{\"@type\":\"WebSite\",\"@id\":\"https:\/\/www.sinpro-rio.org.br\/principal\/#website\",\"url\":\"https:\/\/www.sinpro-rio.org.br\/principal\/\",\"name\":\"Sinpro-Rio\",\"description\":\"Sindicato dos Professores do Munic\u00edpio do Rio de Janeiro e Regi\u00e3o\",\"potentialAction\":[{\"@type\":\"SearchAction\",\"target\":{\"@type\":\"EntryPoint\",\"urlTemplate\":\"https:\/\/www.sinpro-rio.org.br\/principal\/?s={search_term_string}\"},\"query-input\":{\"@type\":\"PropertyValueSpecification\",\"valueRequired\":true,\"valueName\":\"search_term_string\"}}],\"inLanguage\":\"pt-BR\"},{\"@type\":\"Person\",\"@id\":\"https:\/\/www.sinpro-rio.org.br\/principal\/#\/schema\/person\/49feb585a2f57a31a6bd9f16f78e5be6\",\"name\":\"rafaelrjp\",\"image\":{\"@type\":\"ImageObject\",\"inLanguage\":\"pt-BR\",\"@id\":\"https:\/\/www.sinpro-rio.org.br\/principal\/#\/schema\/person\/image\/\",\"url\":\"https:\/\/secure.gravatar.com\/avatar\/489371a0ba4655c340b519882c68cf68?s=96&d=mm&r=g\",\"contentUrl\":\"https:\/\/secure.gravatar.com\/avatar\/489371a0ba4655c340b519882c68cf68?s=96&d=mm&r=g\",\"caption\":\"rafaelrjp\"},\"url\":\"https:\/\/www.sinpro-rio.org.br\/principal\/author\/rafaelrjp\/\"}]}<\/script>\n<!-- \/ Yoast SEO plugin. -->","yoast_head_json":{"title":"Ato na CUT dia 13 de dezembro, \u00e0s 18h30, na ABI - Sinpro-Rio","robots":{"index":"index","follow":"follow","max-snippet":"max-snippet:-1","max-image-preview":"max-image-preview:large","max-video-preview":"max-video-preview:-1"},"canonical":"https:\/\/www.sinpro-rio.org.br\/principal\/ato-na-cut-dia-13-de-dezembro-as-18h30-na-abi\/","og_locale":"pt_BR","og_type":"article","og_title":"Ato na CUT dia 13 de dezembro, \u00e0s 18h30, na ABI - Sinpro-Rio","og_description":"Homenagear as pessoas e institui\u00e7\u00f5es que combateram a ditadura militar e contribu\u00edram para a conquista das liberdades democr\u00e1ticas vigentes hoje. Com este objetivo, a Central \u00danica dos Trabalhadores (CUT) promover\u00e1 um grande ato nacional no dia 13 de dezembro, \u00e0s 18h30, na Associa\u00e7\u00e3o Brasileira de Imprensa (ABI). E a data n\u00e3o poderia ser mais emblem\u00e1tica: [&hellip;]","og_url":"https:\/\/www.sinpro-rio.org.br\/principal\/ato-na-cut-dia-13-de-dezembro-as-18h30-na-abi\/","og_site_name":"Sinpro-Rio","article_published_time":"2010-01-01T00:00:00+00:00","author":"rafaelrjp","twitter_card":"summary_large_image","twitter_misc":{"Escrito por":"rafaelrjp","Est. tempo de leitura":"1 minuto"},"schema":{"@context":"https:\/\/schema.org","@graph":[{"@type":"WebPage","@id":"https:\/\/www.sinpro-rio.org.br\/principal\/ato-na-cut-dia-13-de-dezembro-as-18h30-na-abi\/","url":"https:\/\/www.sinpro-rio.org.br\/principal\/ato-na-cut-dia-13-de-dezembro-as-18h30-na-abi\/","name":"Ato na CUT dia 13 de dezembro, \u00e0s 18h30, na ABI - Sinpro-Rio","isPartOf":{"@id":"https:\/\/www.sinpro-rio.org.br\/principal\/#website"},"datePublished":"2010-01-01T00:00:00+00:00","author":{"@id":"https:\/\/www.sinpro-rio.org.br\/principal\/#\/schema\/person\/49feb585a2f57a31a6bd9f16f78e5be6"},"breadcrumb":{"@id":"https:\/\/www.sinpro-rio.org.br\/principal\/ato-na-cut-dia-13-de-dezembro-as-18h30-na-abi\/#breadcrumb"},"inLanguage":"pt-BR","potentialAction":[{"@type":"ReadAction","target":["https:\/\/www.sinpro-rio.org.br\/principal\/ato-na-cut-dia-13-de-dezembro-as-18h30-na-abi\/"]}]},{"@type":"BreadcrumbList","@id":"https:\/\/www.sinpro-rio.org.br\/principal\/ato-na-cut-dia-13-de-dezembro-as-18h30-na-abi\/#breadcrumb","itemListElement":[{"@type":"ListItem","position":1,"name":"In\u00edcio","item":"https:\/\/www.sinpro-rio.org.br\/principal\/"},{"@type":"ListItem","position":2,"name":"Ato na CUT dia 13 de dezembro, \u00e0s 18h30, na ABI"}]},{"@type":"WebSite","@id":"https:\/\/www.sinpro-rio.org.br\/principal\/#website","url":"https:\/\/www.sinpro-rio.org.br\/principal\/","name":"Sinpro-Rio","description":"Sindicato dos Professores do Munic\u00edpio do Rio de Janeiro e Regi\u00e3o","potentialAction":[{"@type":"SearchAction","target":{"@type":"EntryPoint","urlTemplate":"https:\/\/www.sinpro-rio.org.br\/principal\/?s={search_term_string}"},"query-input":{"@type":"PropertyValueSpecification","valueRequired":true,"valueName":"search_term_string"}}],"inLanguage":"pt-BR"},{"@type":"Person","@id":"https:\/\/www.sinpro-rio.org.br\/principal\/#\/schema\/person\/49feb585a2f57a31a6bd9f16f78e5be6","name":"rafaelrjp","image":{"@type":"ImageObject","inLanguage":"pt-BR","@id":"https:\/\/www.sinpro-rio.org.br\/principal\/#\/schema\/person\/image\/","url":"https:\/\/secure.gravatar.com\/avatar\/489371a0ba4655c340b519882c68cf68?s=96&d=mm&r=g","contentUrl":"https:\/\/secure.gravatar.com\/avatar\/489371a0ba4655c340b519882c68cf68?s=96&d=mm&r=g","caption":"rafaelrjp"},"url":"https:\/\/www.sinpro-rio.org.br\/principal\/author\/rafaelrjp\/"}]}},"_links":{"self":[{"href":"https:\/\/www.sinpro-rio.org.br\/principal\/wp-json\/wp\/v2\/posts\/20475","targetHints":{"allow":["GET"]}}],"collection":[{"href":"https:\/\/www.sinpro-rio.org.br\/principal\/wp-json\/wp\/v2\/posts"}],"about":[{"href":"https:\/\/www.sinpro-rio.org.br\/principal\/wp-json\/wp\/v2\/types\/post"}],"author":[{"embeddable":true,"href":"https:\/\/www.sinpro-rio.org.br\/principal\/wp-json\/wp\/v2\/users\/1"}],"replies":[{"embeddable":true,"href":"https:\/\/www.sinpro-rio.org.br\/principal\/wp-json\/wp\/v2\/comments?post=20475"}],"version-history":[{"count":0,"href":"https:\/\/www.sinpro-rio.org.br\/principal\/wp-json\/wp\/v2\/posts\/20475\/revisions"}],"wp:attachment":[{"href":"https:\/\/www.sinpro-rio.org.br\/principal\/wp-json\/wp\/v2\/media?parent=20475"}],"wp:term":[{"taxonomy":"category","embeddable":true,"href":"https:\/\/www.sinpro-rio.org.br\/principal\/wp-json\/wp\/v2\/categories?post=20475"},{"taxonomy":"post_tag","embeddable":true,"href":"https:\/\/www.sinpro-rio.org.br\/principal\/wp-json\/wp\/v2\/tags?post=20475"}],"curies":[{"name":"wp","href":"https:\/\/api.w.org\/{rel}","templated":true}]}}