{"id":20465,"date":"2010-01-01T00:00:00","date_gmt":"2010-01-01T00:00:00","guid":{"rendered":""},"modified":"-0001-11-30T00:00:00","modified_gmt":"-0001-11-30T03:00:00","slug":"democratizac-o-do-saber","status":"publish","type":"post","link":"https:\/\/www.sinpro-rio.org.br\/principal\/democratizac-o-do-saber\/","title":{"rendered":"Democratiza\u00e7\u00e3o do Saber"},"content":{"rendered":"<div class=\"alvo1\">\n<p>REGISTRO DE QUALIDADE DE TRABALHO PARA TRABALHADORES NA HIST\u00d3RIA DO BRASIL, DE NOSSAS VIDAS E DESTE SINDICATO<\/p>\n<p>Ao longo do ano de 2010, frequentamos o curso \u201cTRABALHO E TRABALHADORES NA HIST\u00d3RIA DO BRASIL\u201d, promovido por este Sindicato. Eram grandes as nossas expectativas em rela\u00e7\u00e3o ao curso e, para alegria de todos, n\u00e3o s\u00f3 fomos plenamente atendidos como ficamos surpreendidos com a qualidade de seu conte\u00fado, do corpo docente e do \u201cnovo\u201d revisitando o \u201cvelho\u201d. N\u00e3o seria poss\u00edvel passar por tamanha experi\u00eancia sem parabenizar esta entidade e, em especial, a Escola do Professor. N\u00f3s, profissionais de Hist\u00f3ria, de Geografia e at\u00e9 mesmo de Comunica\u00e7\u00e3o, sa\u00edmos desta experi\u00eancia n\u00e3o s\u00f3 agradecidos, mas com cidadania elevada por conhecer aspectos de nossa hist\u00f3ria \u2013 a hist\u00f3ria de nosso Pa\u00eds, e poder multiplicar verdades at\u00e9 ent\u00e3o desconhecidas n\u00e3o s\u00f3 para a sala de aula, mas para o nosso cotidiano e de nossos pares. A parceria entre o Sinpro-Rio e a Universidade Rural foi determinante para todo este sucesso.<\/p>\n<p>Baseado no \u00eaxito desta parceria \u00e9 que desejamos nos incorporar a mesma. Atrav\u00e9s do tr\u00e2nsito da informa\u00e7\u00e3o vindo diretamente dos pesquisadores aos professores do ensino b\u00e1sico, multiplicadores, fez deste modelo in\u00e9dito uma viv\u00eancia muita proveitosa. \u00c9 o que podemos chamar da verdadeira socializa\u00e7\u00e3o da produ\u00e7\u00e3o acad\u00eamica. Para esta parceira, a qual j\u00e1 nos inclu\u00edmos, \u00e9 que solicitamos a continuidade e amplia\u00e7\u00e3o do projeto. N\u00e3o podemos fingir que nada aconteceu e muito menos n\u00e3o lutar para que mais aconte\u00e7a. Clamamos por mais, em forma de strictu, lato-sensu, mestrado profissional. O empenho e a somat\u00f3rio de for\u00e7as v\u00e3o definir o melhor produto, com estes maravilhosos mestres que tanto nos ensinaram: Alexandre, Alvaro, Dezemone, Jos\u00e9 Roberto, Paulo Fontes e at\u00e9 mesmo os internacionais Alex e John.<\/p>\n<p>O Conte\u00fado inovador de \u201cTRABALHO E TRABALHADORES NA HIST\u00d3RIA DO BRASIL\u201d deixa 2010 realmente dez. Queremos participar da continuidade do projeto j\u00e1 em 2011. Urge a qualidade e a verdade no ensino para nossos jovens. Mas, antes de tudo desejamos a extens\u00e3o deste e de outros projetos, de forma mais contundente e atraente, a todos, sejam professores ou n\u00e3o. Este projeto \u00e9 uma ferramenta de transforma\u00e7\u00e3o e esta entidade \u00e9 fundamental como ve\u00edculo neste processo.<\/p>\n<p>Esperamos ansiosamente retorno positivo de nossas solicita\u00e7\u00f5es e desejamos sucesso ao Sinpro-Rio.<\/p>\n<p>Atenciosamente,<br \/>\n<br \/>Alunos do Curso \u201cTRABALHO E TRABALHADORES NA HIST\u00d3RIA DO BRASIL\u201d<br \/>\n<br \/>Adriana Ribeiro de Figueiredo<br \/>\n<br \/>Ariete da Rocha Duarte<br \/>\n<br \/>Claudia Santiago Vieira Giannotti<br \/>\n<br \/>Ivan Luiz de Andrade<br \/>\n<br \/>Julio Cesar de Freixo Lobo<br \/>\n<br \/>L\u00e9a Celina Marins de Mendon\u00e7a<br \/>\n<br \/>Marco Antonio Rubin<br \/>\n<br \/>Maria Helena de Matos Rolins<br \/>\n<br \/>Mirlen de Carvalho Moura<br \/>\n<br \/>Valdeir da Costa Lobo<br \/>\n<br \/>Vanio Marcos Lenzi<br \/>\n<br \/>Wilza Carla da Penha dos Santos\n<\/p>\n<\/p>\n<\/p>\n<\/p>\n<\/div>\n","protected":false},"excerpt":{"rendered":"<p>REGISTRO DE QUALIDADE DE TRABALHO PARA TRABALHADORES NA HIST\u00d3RIA DO BRASIL, DE NOSSAS VIDAS E DESTE SINDICATO Ao longo do ano de 2010, frequentamos o curso \u201cTRABALHO E TRABALHADORES NA HIST\u00d3RIA DO BRASIL\u201d, promovido por este Sindicato. Eram grandes as nossas expectativas em rela\u00e7\u00e3o ao curso e, para alegria de todos, n\u00e3o s\u00f3 fomos plenamente [&hellip;]<\/p>\n","protected":false},"author":1,"featured_media":0,"comment_status":"closed","ping_status":"open","sticky":false,"template":"","format":"standard","meta":{"footnotes":""},"categories":[1],"tags":[],"class_list":["post-20465","post","type-post","status-publish","format-standard","hentry","category-noticias"],"yoast_head":"<!-- This site is optimized with the Yoast SEO plugin v25.7 - https:\/\/yoast.com\/wordpress\/plugins\/seo\/ -->\n<title>Democratiza\u00e7\u00e3o do Saber  - Sinpro-Rio<\/title>\n<meta name=\"robots\" content=\"index, follow, max-snippet:-1, max-image-preview:large, max-video-preview:-1\" \/>\n<link rel=\"canonical\" href=\"https:\/\/www.sinpro-rio.org.br\/principal\/democratizac-o-do-saber\/\" \/>\n<meta property=\"og:locale\" content=\"pt_BR\" \/>\n<meta property=\"og:type\" content=\"article\" \/>\n<meta property=\"og:title\" content=\"Democratiza\u00e7\u00e3o do Saber  - Sinpro-Rio\" \/>\n<meta property=\"og:description\" content=\"REGISTRO DE QUALIDADE DE TRABALHO PARA TRABALHADORES NA HIST\u00d3RIA DO BRASIL, DE NOSSAS VIDAS E DESTE SINDICATO Ao longo do ano de 2010, frequentamos o curso \u201cTRABALHO E TRABALHADORES NA HIST\u00d3RIA DO BRASIL\u201d, promovido por este Sindicato. Eram grandes as nossas expectativas em rela\u00e7\u00e3o ao curso e, para alegria de todos, n\u00e3o s\u00f3 fomos plenamente [&hellip;]\" \/>\n<meta property=\"og:url\" content=\"https:\/\/www.sinpro-rio.org.br\/principal\/democratizac-o-do-saber\/\" \/>\n<meta property=\"og:site_name\" content=\"Sinpro-Rio\" \/>\n<meta property=\"article:published_time\" content=\"2010-01-01T00:00:00+00:00\" \/>\n<meta name=\"author\" content=\"rafaelrjp\" \/>\n<meta name=\"twitter:card\" content=\"summary_large_image\" \/>\n<meta name=\"twitter:label1\" content=\"Escrito por\" \/>\n\t<meta name=\"twitter:data1\" content=\"rafaelrjp\" \/>\n\t<meta name=\"twitter:label2\" content=\"Est. tempo de leitura\" \/>\n\t<meta name=\"twitter:data2\" content=\"2 minutos\" \/>\n<script type=\"application\/ld+json\" class=\"yoast-schema-graph\">{\"@context\":\"https:\/\/schema.org\",\"@graph\":[{\"@type\":\"WebPage\",\"@id\":\"https:\/\/www.sinpro-rio.org.br\/principal\/democratizac-o-do-saber\/\",\"url\":\"https:\/\/www.sinpro-rio.org.br\/principal\/democratizac-o-do-saber\/\",\"name\":\"Democratiza\u00e7\u00e3o do Saber - Sinpro-Rio\",\"isPartOf\":{\"@id\":\"https:\/\/www.sinpro-rio.org.br\/principal\/#website\"},\"datePublished\":\"2010-01-01T00:00:00+00:00\",\"author\":{\"@id\":\"https:\/\/www.sinpro-rio.org.br\/principal\/#\/schema\/person\/49feb585a2f57a31a6bd9f16f78e5be6\"},\"breadcrumb\":{\"@id\":\"https:\/\/www.sinpro-rio.org.br\/principal\/democratizac-o-do-saber\/#breadcrumb\"},\"inLanguage\":\"pt-BR\",\"potentialAction\":[{\"@type\":\"ReadAction\",\"target\":[\"https:\/\/www.sinpro-rio.org.br\/principal\/democratizac-o-do-saber\/\"]}]},{\"@type\":\"BreadcrumbList\",\"@id\":\"https:\/\/www.sinpro-rio.org.br\/principal\/democratizac-o-do-saber\/#breadcrumb\",\"itemListElement\":[{\"@type\":\"ListItem\",\"position\":1,\"name\":\"In\u00edcio\",\"item\":\"https:\/\/www.sinpro-rio.org.br\/principal\/\"},{\"@type\":\"ListItem\",\"position\":2,\"name\":\"Democratiza\u00e7\u00e3o do Saber\"}]},{\"@type\":\"WebSite\",\"@id\":\"https:\/\/www.sinpro-rio.org.br\/principal\/#website\",\"url\":\"https:\/\/www.sinpro-rio.org.br\/principal\/\",\"name\":\"Sinpro-Rio\",\"description\":\"Sindicato dos Professores do Munic\u00edpio do Rio de Janeiro e Regi\u00e3o\",\"potentialAction\":[{\"@type\":\"SearchAction\",\"target\":{\"@type\":\"EntryPoint\",\"urlTemplate\":\"https:\/\/www.sinpro-rio.org.br\/principal\/?s={search_term_string}\"},\"query-input\":{\"@type\":\"PropertyValueSpecification\",\"valueRequired\":true,\"valueName\":\"search_term_string\"}}],\"inLanguage\":\"pt-BR\"},{\"@type\":\"Person\",\"@id\":\"https:\/\/www.sinpro-rio.org.br\/principal\/#\/schema\/person\/49feb585a2f57a31a6bd9f16f78e5be6\",\"name\":\"rafaelrjp\",\"image\":{\"@type\":\"ImageObject\",\"inLanguage\":\"pt-BR\",\"@id\":\"https:\/\/www.sinpro-rio.org.br\/principal\/#\/schema\/person\/image\/\",\"url\":\"https:\/\/secure.gravatar.com\/avatar\/489371a0ba4655c340b519882c68cf68?s=96&d=mm&r=g\",\"contentUrl\":\"https:\/\/secure.gravatar.com\/avatar\/489371a0ba4655c340b519882c68cf68?s=96&d=mm&r=g\",\"caption\":\"rafaelrjp\"},\"url\":\"https:\/\/www.sinpro-rio.org.br\/principal\/author\/rafaelrjp\/\"}]}<\/script>\n<!-- \/ Yoast SEO plugin. -->","yoast_head_json":{"title":"Democratiza\u00e7\u00e3o do Saber  - Sinpro-Rio","robots":{"index":"index","follow":"follow","max-snippet":"max-snippet:-1","max-image-preview":"max-image-preview:large","max-video-preview":"max-video-preview:-1"},"canonical":"https:\/\/www.sinpro-rio.org.br\/principal\/democratizac-o-do-saber\/","og_locale":"pt_BR","og_type":"article","og_title":"Democratiza\u00e7\u00e3o do Saber  - Sinpro-Rio","og_description":"REGISTRO DE QUALIDADE DE TRABALHO PARA TRABALHADORES NA HIST\u00d3RIA DO BRASIL, DE NOSSAS VIDAS E DESTE SINDICATO Ao longo do ano de 2010, frequentamos o curso \u201cTRABALHO E TRABALHADORES NA HIST\u00d3RIA DO BRASIL\u201d, promovido por este Sindicato. Eram grandes as nossas expectativas em rela\u00e7\u00e3o ao curso e, para alegria de todos, n\u00e3o s\u00f3 fomos plenamente [&hellip;]","og_url":"https:\/\/www.sinpro-rio.org.br\/principal\/democratizac-o-do-saber\/","og_site_name":"Sinpro-Rio","article_published_time":"2010-01-01T00:00:00+00:00","author":"rafaelrjp","twitter_card":"summary_large_image","twitter_misc":{"Escrito por":"rafaelrjp","Est. tempo de leitura":"2 minutos"},"schema":{"@context":"https:\/\/schema.org","@graph":[{"@type":"WebPage","@id":"https:\/\/www.sinpro-rio.org.br\/principal\/democratizac-o-do-saber\/","url":"https:\/\/www.sinpro-rio.org.br\/principal\/democratizac-o-do-saber\/","name":"Democratiza\u00e7\u00e3o do Saber - Sinpro-Rio","isPartOf":{"@id":"https:\/\/www.sinpro-rio.org.br\/principal\/#website"},"datePublished":"2010-01-01T00:00:00+00:00","author":{"@id":"https:\/\/www.sinpro-rio.org.br\/principal\/#\/schema\/person\/49feb585a2f57a31a6bd9f16f78e5be6"},"breadcrumb":{"@id":"https:\/\/www.sinpro-rio.org.br\/principal\/democratizac-o-do-saber\/#breadcrumb"},"inLanguage":"pt-BR","potentialAction":[{"@type":"ReadAction","target":["https:\/\/www.sinpro-rio.org.br\/principal\/democratizac-o-do-saber\/"]}]},{"@type":"BreadcrumbList","@id":"https:\/\/www.sinpro-rio.org.br\/principal\/democratizac-o-do-saber\/#breadcrumb","itemListElement":[{"@type":"ListItem","position":1,"name":"In\u00edcio","item":"https:\/\/www.sinpro-rio.org.br\/principal\/"},{"@type":"ListItem","position":2,"name":"Democratiza\u00e7\u00e3o do Saber"}]},{"@type":"WebSite","@id":"https:\/\/www.sinpro-rio.org.br\/principal\/#website","url":"https:\/\/www.sinpro-rio.org.br\/principal\/","name":"Sinpro-Rio","description":"Sindicato dos Professores do Munic\u00edpio do Rio de Janeiro e Regi\u00e3o","potentialAction":[{"@type":"SearchAction","target":{"@type":"EntryPoint","urlTemplate":"https:\/\/www.sinpro-rio.org.br\/principal\/?s={search_term_string}"},"query-input":{"@type":"PropertyValueSpecification","valueRequired":true,"valueName":"search_term_string"}}],"inLanguage":"pt-BR"},{"@type":"Person","@id":"https:\/\/www.sinpro-rio.org.br\/principal\/#\/schema\/person\/49feb585a2f57a31a6bd9f16f78e5be6","name":"rafaelrjp","image":{"@type":"ImageObject","inLanguage":"pt-BR","@id":"https:\/\/www.sinpro-rio.org.br\/principal\/#\/schema\/person\/image\/","url":"https:\/\/secure.gravatar.com\/avatar\/489371a0ba4655c340b519882c68cf68?s=96&d=mm&r=g","contentUrl":"https:\/\/secure.gravatar.com\/avatar\/489371a0ba4655c340b519882c68cf68?s=96&d=mm&r=g","caption":"rafaelrjp"},"url":"https:\/\/www.sinpro-rio.org.br\/principal\/author\/rafaelrjp\/"}]}},"_links":{"self":[{"href":"https:\/\/www.sinpro-rio.org.br\/principal\/wp-json\/wp\/v2\/posts\/20465","targetHints":{"allow":["GET"]}}],"collection":[{"href":"https:\/\/www.sinpro-rio.org.br\/principal\/wp-json\/wp\/v2\/posts"}],"about":[{"href":"https:\/\/www.sinpro-rio.org.br\/principal\/wp-json\/wp\/v2\/types\/post"}],"author":[{"embeddable":true,"href":"https:\/\/www.sinpro-rio.org.br\/principal\/wp-json\/wp\/v2\/users\/1"}],"replies":[{"embeddable":true,"href":"https:\/\/www.sinpro-rio.org.br\/principal\/wp-json\/wp\/v2\/comments?post=20465"}],"version-history":[{"count":0,"href":"https:\/\/www.sinpro-rio.org.br\/principal\/wp-json\/wp\/v2\/posts\/20465\/revisions"}],"wp:attachment":[{"href":"https:\/\/www.sinpro-rio.org.br\/principal\/wp-json\/wp\/v2\/media?parent=20465"}],"wp:term":[{"taxonomy":"category","embeddable":true,"href":"https:\/\/www.sinpro-rio.org.br\/principal\/wp-json\/wp\/v2\/categories?post=20465"},{"taxonomy":"post_tag","embeddable":true,"href":"https:\/\/www.sinpro-rio.org.br\/principal\/wp-json\/wp\/v2\/tags?post=20465"}],"curies":[{"name":"wp","href":"https:\/\/api.w.org\/{rel}","templated":true}]}}