{"id":20426,"date":"2011-12-02T00:00:00","date_gmt":"2011-12-02T00:00:00","guid":{"rendered":""},"modified":"-0001-11-30T00:00:00","modified_gmt":"-0001-11-30T03:00:00","slug":"seminario-debate-o-ensino-medio","status":"publish","type":"post","link":"https:\/\/www.sinpro-rio.org.br\/principal\/seminario-debate-o-ensino-medio\/","title":{"rendered":"Semin\u00e1rio debate o Ensino M\u00e9dio"},"content":{"rendered":"\n<p>\n <em><br \/>\n  02\/12\/2011<br \/>\n <\/em>\n<\/p>\n<p class=\"imgleft pic\">\n <img decoding=\"async\" align=\"right\" alt=\"foto\" src=\"http:\/\/www.sinprorio.pro.br\/site_antigo\/imagens\/noticia\/2011\/ensinomedio.jpg\" width=\"300\"\/><\/p>\n<p>\n  No dia 26 de novembro, o Sinpro-Rio, atrav\u00e9s da Escola do Professor, realizou a segunda edi\u00e7\u00e3o do Semin\u00e1rio \u201cEnsino M\u00e9dio em debate\u201d, dessa fez tendo como temas \u201cAs Diretrizes Curriculares Nacionais para o Ensino M\u00e9dio e sua rela\u00e7\u00e3o com a Educa\u00e7\u00e3o Profissional T\u00e9cnica de N\u00edvel M\u00e9dio\u201d e \u201cA Educa\u00e7\u00e3o profissional e tecnol\u00f3gica, caminho para constru\u00e7\u00e3o da cidadania\u201d.<\/p>\n<p>\n   A fil\u00f3sofa Maria Ciavatta, doutora em Educa\u00e7\u00e3o pela PUC-RIO, professora associada ao programa de p\u00f3s-gradua\u00e7\u00e3o em Educa\u00e7\u00e3o (mestrado e doutorado)\/UFF e professora visitante na Faculdade de Servi\u00e7o Social da UERJ, destacou o descompasso entre a Educa\u00e7\u00e3o B\u00e1sica e a forma\u00e7\u00e3o profissional; criticou o sistema S por receber verba do governo e, ainda assim, cobrar mensalidades e revelou que as turmas do Programa Nacional de Integra\u00e7\u00e3o da Educa\u00e7\u00e3o Profissional com a Educa\u00e7\u00e3o B\u00e1sica na Modalidade de Educa\u00e7\u00e3o Jovens e Adultos (Proeja), apesar de serem uma pol\u00edtica compensat\u00f3ria, t\u00eam menor evas\u00e3o e melhor resultado integrado.<\/p>\n<p>\n    Luiz Edmundo Vargas de Aguiar, membro da Diretoria da Escola Nacional de Forma\u00e7\u00e3o em Educa\u00e7\u00e3o Profissional, Cient\u00edfica e Tecnol\u00f3gica da SETEC\/MEC, ex-reitor do IFRJ, pr\u00f3-reitor de extens\u00e3o do Instituto Federal de Educa\u00e7\u00e3o, Ci\u00eancia e Tecnologia\/IFRJ, doutor em Ci\u00eancias e mestre em Biologia Molecular; abordou o Programa Nacional de Acesso ao Ensino T\u00e9cnico e Emprego (Pronatec) e destacou a evolu\u00e7\u00e3o do ensino profissionalizante no Brasil que, no governo Lula,  passou de 144 para 354 unidades. \u201cCoube ao destino que a grande guinada na educa\u00e7\u00e3o do Brasil fosse feita por um oper\u00e1rio semi-analfabeto\u201d, avaliou.<\/p>\n<p>\n     Ap\u00f3s as falas dos palestrantes, abriu-se para o debate em que foram abordadas quest\u00f5es como o Pronatec, as Escolas F\u00e1brica, a Associa\u00e7\u00e3o Nacional de P\u00f3s-Gradua\u00e7\u00e3o e Pesquisa em Educa\u00e7\u00e3o (Anped) e a chamada \u201cexporta\u00e7\u00e3o de c\u00e9rebros\u201d, brasileiros que realizam pesquisas fora do pa\u00eds.<\/p>\n<p>\n      Confira<br \/>\n      <a class=\"submenu\" href=\"http:\/\/www.sinprorio.pro.br\/site_antigo\/atualidades\/fotos-2011-nov-26-ensino-medio.php\" target=\"_blank\"><br \/>\n       aqui<br \/>\n      <\/a><br \/>\n      as fotos do evento.\n     <\/p>\n<\/p>\n<\/p>\n<\/p>\n<p>\n No dia 26 de novembro, o Sinpro-Rio, atrav\u00e9s da Escola do Professor, realizou a segunda edi\u00e7\u00e3o do Semin\u00e1rio \u201cEnsino M\u00e9dio em debate\u201d, dessa fez tendo como temas \u201cAs Diretrizes Curriculares Nacionais para o Ensino M\u00e9dio e sua rela\u00e7\u00e3o com a Educa\u00e7\u00e3o Profissional T\u00e9cnica de N\u00edvel M\u00e9dio\u201d e \u201cA Educa\u00e7\u00e3o profissional e tecnol\u00f3gica, caminho para constru\u00e7\u00e3o da cidadania\u201d.<\/p>\n<p>\n  A fil\u00f3sofa Maria Ciavatta, doutora em Educa\u00e7\u00e3o pela PUC-RIO, professora associada ao programa de p\u00f3s-gradua\u00e7\u00e3o em Educa\u00e7\u00e3o (mestrado e doutorado)\/UFF e professora visitante na Faculdade de Servi\u00e7o Social da UERJ, destacou o descompasso entre a Educa\u00e7\u00e3o B\u00e1sica e a forma\u00e7\u00e3o profissional; criticou o sistema S por receber verba do governo e, ainda assim, cobrar mensalidades e revelou que as turmas do Programa Nacional de Integra\u00e7\u00e3o da Educa\u00e7\u00e3o Profissional com a Educa\u00e7\u00e3o B\u00e1sica na Modalidade de Educa\u00e7\u00e3o Jovens e Adultos (Proeja), apesar de serem uma pol\u00edtica compensat\u00f3ria, t\u00eam menor evas\u00e3o e melhor resultado integrado.<\/p>\n<p>\n   Luiz Edmundo Vargas de Aguiar, membro da Diretoria da Escola Nacional de Forma\u00e7\u00e3o em Educa\u00e7\u00e3o Profissional, Cient\u00edfica e Tecnol\u00f3gica da SETEC\/MEC, ex-reitor do IFRJ, pr\u00f3-reitor de extens\u00e3o do Instituto Federal de Educa\u00e7\u00e3o, Ci\u00eancia e Tecnologia\/IFRJ, doutor em Ci\u00eancias e mestre em Biologia Molecular; abordou o Programa Nacional de Acesso ao Ensino T\u00e9cnico e Emprego (Pronatec) e destacou a evolu\u00e7\u00e3o do ensino profissionalizante no Brasil que, no governo Lula,  passou de 144 para 354 unidades. \u201cCoube ao destino que a grande guinada na educa\u00e7\u00e3o do Brasil fosse feita por um oper\u00e1rio semi-analfabeto\u201d, avaliou.<\/p>\n<p>\n    Ap\u00f3s as falas dos palestrantes, abriu-se para o debate em que foram abordadas quest\u00f5es como o Pronatec, as Escolas F\u00e1brica, a Associa\u00e7\u00e3o Nacional de P\u00f3s-Gradua\u00e7\u00e3o e Pesquisa em Educa\u00e7\u00e3o (Anped) e a chamada \u201cexporta\u00e7\u00e3o de c\u00e9rebros\u201d, brasileiros que realizam pesquisas fora do pa\u00eds.<\/p>\n<p>\n     Confira<br \/>\n     <a class=\"submenu\" href=\"http:\/\/www.sinprorio.pro.br\/site_antigo\/atualidades\/fotos-2011-nov-26-ensino-medio.php\" target=\"_blank\"><br \/>\n      aqui<br \/>\n     <\/a><br \/>\n     as fotos do evento.\n    <\/p>\n<\/p>\n<\/p>\n<p>\n A fil\u00f3sofa Maria Ciavatta, doutora em Educa\u00e7\u00e3o pela PUC-RIO, professora associada ao programa de p\u00f3s-gradua\u00e7\u00e3o em Educa\u00e7\u00e3o (mestrado e doutorado)\/UFF e professora visitante na Faculdade de Servi\u00e7o Social da UERJ, destacou o descompasso entre a Educa\u00e7\u00e3o B\u00e1sica e a forma\u00e7\u00e3o profissional; criticou o sistema S por receber verba do governo e, ainda assim, cobrar mensalidades e revelou que as turmas do Programa Nacional de Integra\u00e7\u00e3o da Educa\u00e7\u00e3o Profissional com a Educa\u00e7\u00e3o B\u00e1sica na Modalidade de Educa\u00e7\u00e3o Jovens e Adultos (Proeja), apesar de serem uma pol\u00edtica compensat\u00f3ria, t\u00eam menor evas\u00e3o e melhor resultado integrado.<\/p>\n<p>\n  Luiz Edmundo Vargas de Aguiar, membro da Diretoria da Escola Nacional de Forma\u00e7\u00e3o em Educa\u00e7\u00e3o Profissional, Cient\u00edfica e Tecnol\u00f3gica da SETEC\/MEC, ex-reitor do IFRJ, pr\u00f3-reitor de extens\u00e3o do Instituto Federal de Educa\u00e7\u00e3o, Ci\u00eancia e Tecnologia\/IFRJ, doutor em Ci\u00eancias e mestre em Biologia Molecular; abordou o Programa Nacional de Acesso ao Ensino T\u00e9cnico e Emprego (Pronatec) e destacou a evolu\u00e7\u00e3o do ensino profissionalizante no Brasil que, no governo Lula,  passou de 144 para 354 unidades. \u201cCoube ao destino que a grande guinada na educa\u00e7\u00e3o do Brasil fosse feita por um oper\u00e1rio semi-analfabeto\u201d, avaliou.<\/p>\n<p>\n   Ap\u00f3s as falas dos palestrantes, abriu-se para o debate em que foram abordadas quest\u00f5es como o Pronatec, as Escolas F\u00e1brica, a Associa\u00e7\u00e3o Nacional de P\u00f3s-Gradua\u00e7\u00e3o e Pesquisa em Educa\u00e7\u00e3o (Anped) e a chamada \u201cexporta\u00e7\u00e3o de c\u00e9rebros\u201d, brasileiros que realizam pesquisas fora do pa\u00eds.<\/p>\n<p>\n    Confira<br \/>\n    <a class=\"submenu\" href=\"http:\/\/www.sinprorio.pro.br\/site_antigo\/atualidades\/fotos-2011-nov-26-ensino-medio.php\" target=\"_blank\"><br \/>\n     aqui<br \/>\n    <\/a><br \/>\n    as fotos do evento.\n   <\/p>\n<\/p>\n<\/p>\n<p>\n Luiz Edmundo Vargas de Aguiar, membro da Diretoria da Escola Nacional de Forma\u00e7\u00e3o em Educa\u00e7\u00e3o Profissional, Cient\u00edfica e Tecnol\u00f3gica da SETEC\/MEC, ex-reitor do IFRJ, pr\u00f3-reitor de extens\u00e3o do Instituto Federal de Educa\u00e7\u00e3o, Ci\u00eancia e Tecnologia\/IFRJ, doutor em Ci\u00eancias e mestre em Biologia Molecular; abordou o Programa Nacional de Acesso ao Ensino T\u00e9cnico e Emprego (Pronatec) e destacou a evolu\u00e7\u00e3o do ensino profissionalizante no Brasil que, no governo Lula,  passou de 144 para 354 unidades. \u201cCoube ao destino que a grande guinada na educa\u00e7\u00e3o do Brasil fosse feita por um oper\u00e1rio semi-analfabeto\u201d, avaliou.<\/p>\n<p>\n  Ap\u00f3s as falas dos palestrantes, abriu-se para o debate em que foram abordadas quest\u00f5es como o Pronatec, as Escolas F\u00e1brica, a Associa\u00e7\u00e3o Nacional de P\u00f3s-Gradua\u00e7\u00e3o e Pesquisa em Educa\u00e7\u00e3o (Anped) e a chamada \u201cexporta\u00e7\u00e3o de c\u00e9rebros\u201d, brasileiros que realizam pesquisas fora do pa\u00eds.<\/p>\n<p>\n   Confira<br \/>\n   <a class=\"submenu\" href=\"http:\/\/www.sinprorio.pro.br\/site_antigo\/atualidades\/fotos-2011-nov-26-ensino-medio.php\" target=\"_blank\"><br \/>\n    aqui<br \/>\n   <\/a><br \/>\n   as fotos do evento.\n  <\/p>\n<\/p>\n<p>\n Ap\u00f3s as falas dos palestrantes, abriu-se para o debate em que foram abordadas quest\u00f5es como o Pronatec, as Escolas F\u00e1brica, a Associa\u00e7\u00e3o Nacional de P\u00f3s-Gradua\u00e7\u00e3o e Pesquisa em Educa\u00e7\u00e3o (Anped) e a chamada \u201cexporta\u00e7\u00e3o de c\u00e9rebros\u201d, brasileiros que realizam pesquisas fora do pa\u00eds.<\/p>\n<p>\n  Confira<br \/>\n  <a class=\"submenu\" href=\"http:\/\/www.sinprorio.pro.br\/site_antigo\/atualidades\/fotos-2011-nov-26-ensino-medio.php\" target=\"_blank\"><br \/>\n   aqui<br \/>\n  <\/a><br \/>\n  as fotos do evento.\n <\/p>\n<\/p>\n<p>\n Confira<br \/>\n <a class=\"submenu\" href=\"http:\/\/www.sinprorio.pro.br\/site_antigo\/atualidades\/fotos-2011-nov-26-ensino-medio.php\" target=\"_blank\"><br \/>\n  aqui<br \/>\n <\/a><br \/>\n as fotos do evento.<\/p>\n","protected":false},"excerpt":{"rendered":"<p>02\/12\/2011 No dia 26 de novembro, o Sinpro-Rio, atrav\u00e9s da Escola do Professor, realizou a segunda edi\u00e7\u00e3o do Semin\u00e1rio \u201cEnsino M\u00e9dio em debate\u201d, dessa fez tendo como temas \u201cAs Diretrizes Curriculares Nacionais para o Ensino M\u00e9dio e sua rela\u00e7\u00e3o com a Educa\u00e7\u00e3o Profissional T\u00e9cnica de N\u00edvel M\u00e9dio\u201d e \u201cA Educa\u00e7\u00e3o profissional e tecnol\u00f3gica, caminho para [&hellip;]<\/p>\n","protected":false},"author":1,"featured_media":0,"comment_status":"closed","ping_status":"open","sticky":false,"template":"","format":"standard","meta":{"footnotes":""},"categories":[1],"tags":[],"class_list":["post-20426","post","type-post","status-publish","format-standard","hentry","category-noticias"],"yoast_head":"<!-- This site is optimized with the Yoast SEO plugin v25.7 - https:\/\/yoast.com\/wordpress\/plugins\/seo\/ -->\n<title>Semin\u00e1rio debate o Ensino M\u00e9dio - Sinpro-Rio<\/title>\n<meta name=\"robots\" content=\"index, follow, max-snippet:-1, max-image-preview:large, max-video-preview:-1\" \/>\n<link rel=\"canonical\" href=\"https:\/\/www.sinpro-rio.org.br\/principal\/seminario-debate-o-ensino-medio\/\" \/>\n<meta property=\"og:locale\" content=\"pt_BR\" \/>\n<meta property=\"og:type\" content=\"article\" \/>\n<meta property=\"og:title\" content=\"Semin\u00e1rio debate o Ensino M\u00e9dio - Sinpro-Rio\" \/>\n<meta property=\"og:description\" content=\"02\/12\/2011 No dia 26 de novembro, o Sinpro-Rio, atrav\u00e9s da Escola do Professor, realizou a segunda edi\u00e7\u00e3o do Semin\u00e1rio \u201cEnsino M\u00e9dio em debate\u201d, dessa fez tendo como temas \u201cAs Diretrizes Curriculares Nacionais para o Ensino M\u00e9dio e sua rela\u00e7\u00e3o com a Educa\u00e7\u00e3o Profissional T\u00e9cnica de N\u00edvel M\u00e9dio\u201d e \u201cA Educa\u00e7\u00e3o profissional e tecnol\u00f3gica, caminho para [&hellip;]\" \/>\n<meta property=\"og:url\" content=\"https:\/\/www.sinpro-rio.org.br\/principal\/seminario-debate-o-ensino-medio\/\" \/>\n<meta property=\"og:site_name\" content=\"Sinpro-Rio\" \/>\n<meta property=\"article:published_time\" content=\"2011-12-02T00:00:00+00:00\" \/>\n<meta property=\"og:image\" content=\"http:\/\/www.sinprorio.pro.br\/site_antigo\/imagens\/noticia\/2011\/ensinomedio.jpg\" \/>\n<meta name=\"author\" content=\"rafaelrjp\" \/>\n<meta name=\"twitter:card\" content=\"summary_large_image\" \/>\n<meta name=\"twitter:label1\" content=\"Escrito por\" \/>\n\t<meta name=\"twitter:data1\" content=\"rafaelrjp\" \/>\n\t<meta name=\"twitter:label2\" content=\"Est. tempo de leitura\" \/>\n\t<meta name=\"twitter:data2\" content=\"6 minutos\" \/>\n<script type=\"application\/ld+json\" class=\"yoast-schema-graph\">{\"@context\":\"https:\/\/schema.org\",\"@graph\":[{\"@type\":\"WebPage\",\"@id\":\"https:\/\/www.sinpro-rio.org.br\/principal\/seminario-debate-o-ensino-medio\/\",\"url\":\"https:\/\/www.sinpro-rio.org.br\/principal\/seminario-debate-o-ensino-medio\/\",\"name\":\"Semin\u00e1rio debate o Ensino M\u00e9dio - Sinpro-Rio\",\"isPartOf\":{\"@id\":\"https:\/\/www.sinpro-rio.org.br\/principal\/#website\"},\"primaryImageOfPage\":{\"@id\":\"https:\/\/www.sinpro-rio.org.br\/principal\/seminario-debate-o-ensino-medio\/#primaryimage\"},\"image\":{\"@id\":\"https:\/\/www.sinpro-rio.org.br\/principal\/seminario-debate-o-ensino-medio\/#primaryimage\"},\"thumbnailUrl\":\"http:\/\/www.sinprorio.pro.br\/site_antigo\/imagens\/noticia\/2011\/ensinomedio.jpg\",\"datePublished\":\"2011-12-02T00:00:00+00:00\",\"author\":{\"@id\":\"https:\/\/www.sinpro-rio.org.br\/principal\/#\/schema\/person\/49feb585a2f57a31a6bd9f16f78e5be6\"},\"breadcrumb\":{\"@id\":\"https:\/\/www.sinpro-rio.org.br\/principal\/seminario-debate-o-ensino-medio\/#breadcrumb\"},\"inLanguage\":\"pt-BR\",\"potentialAction\":[{\"@type\":\"ReadAction\",\"target\":[\"https:\/\/www.sinpro-rio.org.br\/principal\/seminario-debate-o-ensino-medio\/\"]}]},{\"@type\":\"ImageObject\",\"inLanguage\":\"pt-BR\",\"@id\":\"https:\/\/www.sinpro-rio.org.br\/principal\/seminario-debate-o-ensino-medio\/#primaryimage\",\"url\":\"http:\/\/www.sinprorio.pro.br\/site_antigo\/imagens\/noticia\/2011\/ensinomedio.jpg\",\"contentUrl\":\"http:\/\/www.sinprorio.pro.br\/site_antigo\/imagens\/noticia\/2011\/ensinomedio.jpg\"},{\"@type\":\"BreadcrumbList\",\"@id\":\"https:\/\/www.sinpro-rio.org.br\/principal\/seminario-debate-o-ensino-medio\/#breadcrumb\",\"itemListElement\":[{\"@type\":\"ListItem\",\"position\":1,\"name\":\"In\u00edcio\",\"item\":\"https:\/\/www.sinpro-rio.org.br\/principal\/\"},{\"@type\":\"ListItem\",\"position\":2,\"name\":\"Semin\u00e1rio debate o Ensino M\u00e9dio\"}]},{\"@type\":\"WebSite\",\"@id\":\"https:\/\/www.sinpro-rio.org.br\/principal\/#website\",\"url\":\"https:\/\/www.sinpro-rio.org.br\/principal\/\",\"name\":\"Sinpro-Rio\",\"description\":\"Sindicato dos Professores do Munic\u00edpio do Rio de Janeiro e Regi\u00e3o\",\"potentialAction\":[{\"@type\":\"SearchAction\",\"target\":{\"@type\":\"EntryPoint\",\"urlTemplate\":\"https:\/\/www.sinpro-rio.org.br\/principal\/?s={search_term_string}\"},\"query-input\":{\"@type\":\"PropertyValueSpecification\",\"valueRequired\":true,\"valueName\":\"search_term_string\"}}],\"inLanguage\":\"pt-BR\"},{\"@type\":\"Person\",\"@id\":\"https:\/\/www.sinpro-rio.org.br\/principal\/#\/schema\/person\/49feb585a2f57a31a6bd9f16f78e5be6\",\"name\":\"rafaelrjp\",\"image\":{\"@type\":\"ImageObject\",\"inLanguage\":\"pt-BR\",\"@id\":\"https:\/\/www.sinpro-rio.org.br\/principal\/#\/schema\/person\/image\/\",\"url\":\"https:\/\/secure.gravatar.com\/avatar\/489371a0ba4655c340b519882c68cf68?s=96&d=mm&r=g\",\"contentUrl\":\"https:\/\/secure.gravatar.com\/avatar\/489371a0ba4655c340b519882c68cf68?s=96&d=mm&r=g\",\"caption\":\"rafaelrjp\"},\"url\":\"https:\/\/www.sinpro-rio.org.br\/principal\/author\/rafaelrjp\/\"}]}<\/script>\n<!-- \/ Yoast SEO plugin. -->","yoast_head_json":{"title":"Semin\u00e1rio debate o Ensino M\u00e9dio - Sinpro-Rio","robots":{"index":"index","follow":"follow","max-snippet":"max-snippet:-1","max-image-preview":"max-image-preview:large","max-video-preview":"max-video-preview:-1"},"canonical":"https:\/\/www.sinpro-rio.org.br\/principal\/seminario-debate-o-ensino-medio\/","og_locale":"pt_BR","og_type":"article","og_title":"Semin\u00e1rio debate o Ensino M\u00e9dio - Sinpro-Rio","og_description":"02\/12\/2011 No dia 26 de novembro, o Sinpro-Rio, atrav\u00e9s da Escola do Professor, realizou a segunda edi\u00e7\u00e3o do Semin\u00e1rio \u201cEnsino M\u00e9dio em debate\u201d, dessa fez tendo como temas \u201cAs Diretrizes Curriculares Nacionais para o Ensino M\u00e9dio e sua rela\u00e7\u00e3o com a Educa\u00e7\u00e3o Profissional T\u00e9cnica de N\u00edvel M\u00e9dio\u201d e \u201cA Educa\u00e7\u00e3o profissional e tecnol\u00f3gica, caminho para [&hellip;]","og_url":"https:\/\/www.sinpro-rio.org.br\/principal\/seminario-debate-o-ensino-medio\/","og_site_name":"Sinpro-Rio","article_published_time":"2011-12-02T00:00:00+00:00","og_image":[{"url":"http:\/\/www.sinprorio.pro.br\/site_antigo\/imagens\/noticia\/2011\/ensinomedio.jpg","type":"","width":"","height":""}],"author":"rafaelrjp","twitter_card":"summary_large_image","twitter_misc":{"Escrito por":"rafaelrjp","Est. tempo de leitura":"6 minutos"},"schema":{"@context":"https:\/\/schema.org","@graph":[{"@type":"WebPage","@id":"https:\/\/www.sinpro-rio.org.br\/principal\/seminario-debate-o-ensino-medio\/","url":"https:\/\/www.sinpro-rio.org.br\/principal\/seminario-debate-o-ensino-medio\/","name":"Semin\u00e1rio debate o Ensino M\u00e9dio - Sinpro-Rio","isPartOf":{"@id":"https:\/\/www.sinpro-rio.org.br\/principal\/#website"},"primaryImageOfPage":{"@id":"https:\/\/www.sinpro-rio.org.br\/principal\/seminario-debate-o-ensino-medio\/#primaryimage"},"image":{"@id":"https:\/\/www.sinpro-rio.org.br\/principal\/seminario-debate-o-ensino-medio\/#primaryimage"},"thumbnailUrl":"http:\/\/www.sinprorio.pro.br\/site_antigo\/imagens\/noticia\/2011\/ensinomedio.jpg","datePublished":"2011-12-02T00:00:00+00:00","author":{"@id":"https:\/\/www.sinpro-rio.org.br\/principal\/#\/schema\/person\/49feb585a2f57a31a6bd9f16f78e5be6"},"breadcrumb":{"@id":"https:\/\/www.sinpro-rio.org.br\/principal\/seminario-debate-o-ensino-medio\/#breadcrumb"},"inLanguage":"pt-BR","potentialAction":[{"@type":"ReadAction","target":["https:\/\/www.sinpro-rio.org.br\/principal\/seminario-debate-o-ensino-medio\/"]}]},{"@type":"ImageObject","inLanguage":"pt-BR","@id":"https:\/\/www.sinpro-rio.org.br\/principal\/seminario-debate-o-ensino-medio\/#primaryimage","url":"http:\/\/www.sinprorio.pro.br\/site_antigo\/imagens\/noticia\/2011\/ensinomedio.jpg","contentUrl":"http:\/\/www.sinprorio.pro.br\/site_antigo\/imagens\/noticia\/2011\/ensinomedio.jpg"},{"@type":"BreadcrumbList","@id":"https:\/\/www.sinpro-rio.org.br\/principal\/seminario-debate-o-ensino-medio\/#breadcrumb","itemListElement":[{"@type":"ListItem","position":1,"name":"In\u00edcio","item":"https:\/\/www.sinpro-rio.org.br\/principal\/"},{"@type":"ListItem","position":2,"name":"Semin\u00e1rio debate o Ensino M\u00e9dio"}]},{"@type":"WebSite","@id":"https:\/\/www.sinpro-rio.org.br\/principal\/#website","url":"https:\/\/www.sinpro-rio.org.br\/principal\/","name":"Sinpro-Rio","description":"Sindicato dos Professores do Munic\u00edpio do Rio de Janeiro e Regi\u00e3o","potentialAction":[{"@type":"SearchAction","target":{"@type":"EntryPoint","urlTemplate":"https:\/\/www.sinpro-rio.org.br\/principal\/?s={search_term_string}"},"query-input":{"@type":"PropertyValueSpecification","valueRequired":true,"valueName":"search_term_string"}}],"inLanguage":"pt-BR"},{"@type":"Person","@id":"https:\/\/www.sinpro-rio.org.br\/principal\/#\/schema\/person\/49feb585a2f57a31a6bd9f16f78e5be6","name":"rafaelrjp","image":{"@type":"ImageObject","inLanguage":"pt-BR","@id":"https:\/\/www.sinpro-rio.org.br\/principal\/#\/schema\/person\/image\/","url":"https:\/\/secure.gravatar.com\/avatar\/489371a0ba4655c340b519882c68cf68?s=96&d=mm&r=g","contentUrl":"https:\/\/secure.gravatar.com\/avatar\/489371a0ba4655c340b519882c68cf68?s=96&d=mm&r=g","caption":"rafaelrjp"},"url":"https:\/\/www.sinpro-rio.org.br\/principal\/author\/rafaelrjp\/"}]}},"_links":{"self":[{"href":"https:\/\/www.sinpro-rio.org.br\/principal\/wp-json\/wp\/v2\/posts\/20426","targetHints":{"allow":["GET"]}}],"collection":[{"href":"https:\/\/www.sinpro-rio.org.br\/principal\/wp-json\/wp\/v2\/posts"}],"about":[{"href":"https:\/\/www.sinpro-rio.org.br\/principal\/wp-json\/wp\/v2\/types\/post"}],"author":[{"embeddable":true,"href":"https:\/\/www.sinpro-rio.org.br\/principal\/wp-json\/wp\/v2\/users\/1"}],"replies":[{"embeddable":true,"href":"https:\/\/www.sinpro-rio.org.br\/principal\/wp-json\/wp\/v2\/comments?post=20426"}],"version-history":[{"count":0,"href":"https:\/\/www.sinpro-rio.org.br\/principal\/wp-json\/wp\/v2\/posts\/20426\/revisions"}],"wp:attachment":[{"href":"https:\/\/www.sinpro-rio.org.br\/principal\/wp-json\/wp\/v2\/media?parent=20426"}],"wp:term":[{"taxonomy":"category","embeddable":true,"href":"https:\/\/www.sinpro-rio.org.br\/principal\/wp-json\/wp\/v2\/categories?post=20426"},{"taxonomy":"post_tag","embeddable":true,"href":"https:\/\/www.sinpro-rio.org.br\/principal\/wp-json\/wp\/v2\/tags?post=20426"}],"curies":[{"name":"wp","href":"https:\/\/api.w.org\/{rel}","templated":true}]}}