{"id":20423,"date":"2011-12-07T00:00:00","date_gmt":"2011-12-07T00:00:00","guid":{"rendered":""},"modified":"-0001-11-30T00:00:00","modified_gmt":"-0001-11-30T03:00:00","slug":"forum-permanente-da-educac-o-infantil-ocorreu-nesta-terca-feira-06-12","status":"publish","type":"post","link":"https:\/\/www.sinpro-rio.org.br\/principal\/forum-permanente-da-educac-o-infantil-ocorreu-nesta-terca-feira-06-12\/","title":{"rendered":"F\u00f3rum Permanente da Educa\u00e7\u00e3o Infantil ocorreu nesta ter\u00e7a-feira, 06\/12"},"content":{"rendered":"\n<p>\n <em><br \/>\n  07\/12\/2011<br \/>\n <\/em>\n<\/p>\n<p>\n Na \u00faltima ter\u00e7a-feira, 06\/12, o<br \/>\n <b><br \/>\n  Sinpro-Rio<br \/>\n <\/b><br \/>\n sediou mais uma edi\u00e7\u00e3o do F\u00f3rum Permanente da Educa\u00e7\u00e3o Infantil. Estiveram em pauta: XXVII Encontro Nacional do Mieib: Retorno do que foi realizado. &#8211; Discuss\u00e3o sobre a avalia\u00e7\u00e3o do desenvolvimento Infantil por meio do ASQ3: debate, fortalecimento e posicionamento. &#8211; Proposta de Regionaliza\u00e7\u00e3o do FPEI-RJ. O F\u00f3rum, que teve a media\u00e7\u00e3o de Deise Nunes, ocorreu no audit\u00f3rio do<br \/>\n <b><br \/>\n  Sinpro-Rio<br \/>\n <\/b><br \/>\n e contou com a presen\u00e7a de muitos professores.<\/p>\n<p>\n  O pr\u00f3ximo F\u00f3rum Permanente da Educa\u00e7\u00e3o Infantil ser\u00e1 dia 06 de Mar\u00e7o de 2012.<\/p>\n<p>\n   Confira<br \/>\n   <a class=\"submenu\" href=\"http:\/\/www.sinprorio.pro.br\/site_antigo\/atualidades\/fotos-2011-dez-06-forum-infantil.php\" target=\"_blank\"><br \/>\n    aqui<br \/>\n   <\/a><br \/>\n   as fotos do evento.\n  <\/p>\n<\/p>\n<p>\n O pr\u00f3ximo F\u00f3rum Permanente da Educa\u00e7\u00e3o Infantil ser\u00e1 dia 06 de Mar\u00e7o de 2012.<\/p>\n<p>\n  Confira<br \/>\n  <a class=\"submenu\" href=\"http:\/\/www.sinprorio.pro.br\/site_antigo\/atualidades\/fotos-2011-dez-06-forum-infantil.php\" target=\"_blank\"><br \/>\n   aqui<br \/>\n  <\/a><br \/>\n  as fotos do evento.\n <\/p>\n<\/p>\n<p>\n Confira<br \/>\n <a class=\"submenu\" href=\"http:\/\/www.sinprorio.pro.br\/site_antigo\/atualidades\/fotos-2011-dez-06-forum-infantil.php\" target=\"_blank\"><br \/>\n  aqui<br \/>\n <\/a><br \/>\n as fotos do evento.<\/p>\n","protected":false},"excerpt":{"rendered":"<p>07\/12\/2011 Na \u00faltima ter\u00e7a-feira, 06\/12, o Sinpro-Rio sediou mais uma edi\u00e7\u00e3o do F\u00f3rum Permanente da Educa\u00e7\u00e3o Infantil. Estiveram em pauta: XXVII Encontro Nacional do Mieib: Retorno do que foi realizado. &#8211; Discuss\u00e3o sobre a avalia\u00e7\u00e3o do desenvolvimento Infantil por meio do ASQ3: debate, fortalecimento e posicionamento. &#8211; Proposta de Regionaliza\u00e7\u00e3o do FPEI-RJ. O F\u00f3rum, que [&hellip;]<\/p>\n","protected":false},"author":1,"featured_media":0,"comment_status":"closed","ping_status":"open","sticky":false,"template":"","format":"standard","meta":{"footnotes":""},"categories":[1],"tags":[],"class_list":["post-20423","post","type-post","status-publish","format-standard","hentry","category-noticias"],"yoast_head":"<!-- This site is optimized with the Yoast SEO plugin v25.7 - https:\/\/yoast.com\/wordpress\/plugins\/seo\/ -->\n<title>F\u00f3rum Permanente da Educa\u00e7\u00e3o Infantil ocorreu nesta ter\u00e7a-feira, 06\/12 - Sinpro-Rio<\/title>\n<meta name=\"robots\" content=\"index, follow, max-snippet:-1, max-image-preview:large, max-video-preview:-1\" \/>\n<link rel=\"canonical\" href=\"https:\/\/www.sinpro-rio.org.br\/principal\/forum-permanente-da-educac-o-infantil-ocorreu-nesta-terca-feira-06-12\/\" \/>\n<meta property=\"og:locale\" content=\"pt_BR\" \/>\n<meta property=\"og:type\" content=\"article\" \/>\n<meta property=\"og:title\" content=\"F\u00f3rum Permanente da Educa\u00e7\u00e3o Infantil ocorreu nesta ter\u00e7a-feira, 06\/12 - Sinpro-Rio\" \/>\n<meta property=\"og:description\" content=\"07\/12\/2011 Na \u00faltima ter\u00e7a-feira, 06\/12, o Sinpro-Rio sediou mais uma edi\u00e7\u00e3o do F\u00f3rum Permanente da Educa\u00e7\u00e3o Infantil. Estiveram em pauta: XXVII Encontro Nacional do Mieib: Retorno do que foi realizado. &#8211; Discuss\u00e3o sobre a avalia\u00e7\u00e3o do desenvolvimento Infantil por meio do ASQ3: debate, fortalecimento e posicionamento. &#8211; Proposta de Regionaliza\u00e7\u00e3o do FPEI-RJ. O F\u00f3rum, que [&hellip;]\" \/>\n<meta property=\"og:url\" content=\"https:\/\/www.sinpro-rio.org.br\/principal\/forum-permanente-da-educac-o-infantil-ocorreu-nesta-terca-feira-06-12\/\" \/>\n<meta property=\"og:site_name\" content=\"Sinpro-Rio\" \/>\n<meta property=\"article:published_time\" content=\"2011-12-07T00:00:00+00:00\" \/>\n<meta name=\"author\" content=\"rafaelrjp\" \/>\n<meta name=\"twitter:card\" content=\"summary_large_image\" \/>\n<meta name=\"twitter:label1\" content=\"Escrito por\" \/>\n\t<meta name=\"twitter:data1\" content=\"rafaelrjp\" \/>\n\t<meta name=\"twitter:label2\" content=\"Est. tempo de leitura\" \/>\n\t<meta name=\"twitter:data2\" content=\"1 minuto\" \/>\n<script type=\"application\/ld+json\" class=\"yoast-schema-graph\">{\"@context\":\"https:\/\/schema.org\",\"@graph\":[{\"@type\":\"WebPage\",\"@id\":\"https:\/\/www.sinpro-rio.org.br\/principal\/forum-permanente-da-educac-o-infantil-ocorreu-nesta-terca-feira-06-12\/\",\"url\":\"https:\/\/www.sinpro-rio.org.br\/principal\/forum-permanente-da-educac-o-infantil-ocorreu-nesta-terca-feira-06-12\/\",\"name\":\"F\u00f3rum Permanente da Educa\u00e7\u00e3o Infantil ocorreu nesta ter\u00e7a-feira, 06\/12 - Sinpro-Rio\",\"isPartOf\":{\"@id\":\"https:\/\/www.sinpro-rio.org.br\/principal\/#website\"},\"datePublished\":\"2011-12-07T00:00:00+00:00\",\"author\":{\"@id\":\"https:\/\/www.sinpro-rio.org.br\/principal\/#\/schema\/person\/49feb585a2f57a31a6bd9f16f78e5be6\"},\"breadcrumb\":{\"@id\":\"https:\/\/www.sinpro-rio.org.br\/principal\/forum-permanente-da-educac-o-infantil-ocorreu-nesta-terca-feira-06-12\/#breadcrumb\"},\"inLanguage\":\"pt-BR\",\"potentialAction\":[{\"@type\":\"ReadAction\",\"target\":[\"https:\/\/www.sinpro-rio.org.br\/principal\/forum-permanente-da-educac-o-infantil-ocorreu-nesta-terca-feira-06-12\/\"]}]},{\"@type\":\"BreadcrumbList\",\"@id\":\"https:\/\/www.sinpro-rio.org.br\/principal\/forum-permanente-da-educac-o-infantil-ocorreu-nesta-terca-feira-06-12\/#breadcrumb\",\"itemListElement\":[{\"@type\":\"ListItem\",\"position\":1,\"name\":\"In\u00edcio\",\"item\":\"https:\/\/www.sinpro-rio.org.br\/principal\/\"},{\"@type\":\"ListItem\",\"position\":2,\"name\":\"F\u00f3rum Permanente da Educa\u00e7\u00e3o Infantil ocorreu nesta ter\u00e7a-feira, 06\/12\"}]},{\"@type\":\"WebSite\",\"@id\":\"https:\/\/www.sinpro-rio.org.br\/principal\/#website\",\"url\":\"https:\/\/www.sinpro-rio.org.br\/principal\/\",\"name\":\"Sinpro-Rio\",\"description\":\"Sindicato dos Professores do Munic\u00edpio do Rio de Janeiro e Regi\u00e3o\",\"potentialAction\":[{\"@type\":\"SearchAction\",\"target\":{\"@type\":\"EntryPoint\",\"urlTemplate\":\"https:\/\/www.sinpro-rio.org.br\/principal\/?s={search_term_string}\"},\"query-input\":{\"@type\":\"PropertyValueSpecification\",\"valueRequired\":true,\"valueName\":\"search_term_string\"}}],\"inLanguage\":\"pt-BR\"},{\"@type\":\"Person\",\"@id\":\"https:\/\/www.sinpro-rio.org.br\/principal\/#\/schema\/person\/49feb585a2f57a31a6bd9f16f78e5be6\",\"name\":\"rafaelrjp\",\"image\":{\"@type\":\"ImageObject\",\"inLanguage\":\"pt-BR\",\"@id\":\"https:\/\/www.sinpro-rio.org.br\/principal\/#\/schema\/person\/image\/\",\"url\":\"https:\/\/secure.gravatar.com\/avatar\/489371a0ba4655c340b519882c68cf68?s=96&d=mm&r=g\",\"contentUrl\":\"https:\/\/secure.gravatar.com\/avatar\/489371a0ba4655c340b519882c68cf68?s=96&d=mm&r=g\",\"caption\":\"rafaelrjp\"},\"url\":\"https:\/\/www.sinpro-rio.org.br\/principal\/author\/rafaelrjp\/\"}]}<\/script>\n<!-- \/ Yoast SEO plugin. -->","yoast_head_json":{"title":"F\u00f3rum Permanente da Educa\u00e7\u00e3o Infantil ocorreu nesta ter\u00e7a-feira, 06\/12 - Sinpro-Rio","robots":{"index":"index","follow":"follow","max-snippet":"max-snippet:-1","max-image-preview":"max-image-preview:large","max-video-preview":"max-video-preview:-1"},"canonical":"https:\/\/www.sinpro-rio.org.br\/principal\/forum-permanente-da-educac-o-infantil-ocorreu-nesta-terca-feira-06-12\/","og_locale":"pt_BR","og_type":"article","og_title":"F\u00f3rum Permanente da Educa\u00e7\u00e3o Infantil ocorreu nesta ter\u00e7a-feira, 06\/12 - Sinpro-Rio","og_description":"07\/12\/2011 Na \u00faltima ter\u00e7a-feira, 06\/12, o Sinpro-Rio sediou mais uma edi\u00e7\u00e3o do F\u00f3rum Permanente da Educa\u00e7\u00e3o Infantil. Estiveram em pauta: XXVII Encontro Nacional do Mieib: Retorno do que foi realizado. &#8211; Discuss\u00e3o sobre a avalia\u00e7\u00e3o do desenvolvimento Infantil por meio do ASQ3: debate, fortalecimento e posicionamento. &#8211; Proposta de Regionaliza\u00e7\u00e3o do FPEI-RJ. O F\u00f3rum, que [&hellip;]","og_url":"https:\/\/www.sinpro-rio.org.br\/principal\/forum-permanente-da-educac-o-infantil-ocorreu-nesta-terca-feira-06-12\/","og_site_name":"Sinpro-Rio","article_published_time":"2011-12-07T00:00:00+00:00","author":"rafaelrjp","twitter_card":"summary_large_image","twitter_misc":{"Escrito por":"rafaelrjp","Est. tempo de leitura":"1 minuto"},"schema":{"@context":"https:\/\/schema.org","@graph":[{"@type":"WebPage","@id":"https:\/\/www.sinpro-rio.org.br\/principal\/forum-permanente-da-educac-o-infantil-ocorreu-nesta-terca-feira-06-12\/","url":"https:\/\/www.sinpro-rio.org.br\/principal\/forum-permanente-da-educac-o-infantil-ocorreu-nesta-terca-feira-06-12\/","name":"F\u00f3rum Permanente da Educa\u00e7\u00e3o Infantil ocorreu nesta ter\u00e7a-feira, 06\/12 - Sinpro-Rio","isPartOf":{"@id":"https:\/\/www.sinpro-rio.org.br\/principal\/#website"},"datePublished":"2011-12-07T00:00:00+00:00","author":{"@id":"https:\/\/www.sinpro-rio.org.br\/principal\/#\/schema\/person\/49feb585a2f57a31a6bd9f16f78e5be6"},"breadcrumb":{"@id":"https:\/\/www.sinpro-rio.org.br\/principal\/forum-permanente-da-educac-o-infantil-ocorreu-nesta-terca-feira-06-12\/#breadcrumb"},"inLanguage":"pt-BR","potentialAction":[{"@type":"ReadAction","target":["https:\/\/www.sinpro-rio.org.br\/principal\/forum-permanente-da-educac-o-infantil-ocorreu-nesta-terca-feira-06-12\/"]}]},{"@type":"BreadcrumbList","@id":"https:\/\/www.sinpro-rio.org.br\/principal\/forum-permanente-da-educac-o-infantil-ocorreu-nesta-terca-feira-06-12\/#breadcrumb","itemListElement":[{"@type":"ListItem","position":1,"name":"In\u00edcio","item":"https:\/\/www.sinpro-rio.org.br\/principal\/"},{"@type":"ListItem","position":2,"name":"F\u00f3rum Permanente da Educa\u00e7\u00e3o Infantil ocorreu nesta ter\u00e7a-feira, 06\/12"}]},{"@type":"WebSite","@id":"https:\/\/www.sinpro-rio.org.br\/principal\/#website","url":"https:\/\/www.sinpro-rio.org.br\/principal\/","name":"Sinpro-Rio","description":"Sindicato dos Professores do Munic\u00edpio do Rio de Janeiro e Regi\u00e3o","potentialAction":[{"@type":"SearchAction","target":{"@type":"EntryPoint","urlTemplate":"https:\/\/www.sinpro-rio.org.br\/principal\/?s={search_term_string}"},"query-input":{"@type":"PropertyValueSpecification","valueRequired":true,"valueName":"search_term_string"}}],"inLanguage":"pt-BR"},{"@type":"Person","@id":"https:\/\/www.sinpro-rio.org.br\/principal\/#\/schema\/person\/49feb585a2f57a31a6bd9f16f78e5be6","name":"rafaelrjp","image":{"@type":"ImageObject","inLanguage":"pt-BR","@id":"https:\/\/www.sinpro-rio.org.br\/principal\/#\/schema\/person\/image\/","url":"https:\/\/secure.gravatar.com\/avatar\/489371a0ba4655c340b519882c68cf68?s=96&d=mm&r=g","contentUrl":"https:\/\/secure.gravatar.com\/avatar\/489371a0ba4655c340b519882c68cf68?s=96&d=mm&r=g","caption":"rafaelrjp"},"url":"https:\/\/www.sinpro-rio.org.br\/principal\/author\/rafaelrjp\/"}]}},"_links":{"self":[{"href":"https:\/\/www.sinpro-rio.org.br\/principal\/wp-json\/wp\/v2\/posts\/20423","targetHints":{"allow":["GET"]}}],"collection":[{"href":"https:\/\/www.sinpro-rio.org.br\/principal\/wp-json\/wp\/v2\/posts"}],"about":[{"href":"https:\/\/www.sinpro-rio.org.br\/principal\/wp-json\/wp\/v2\/types\/post"}],"author":[{"embeddable":true,"href":"https:\/\/www.sinpro-rio.org.br\/principal\/wp-json\/wp\/v2\/users\/1"}],"replies":[{"embeddable":true,"href":"https:\/\/www.sinpro-rio.org.br\/principal\/wp-json\/wp\/v2\/comments?post=20423"}],"version-history":[{"count":0,"href":"https:\/\/www.sinpro-rio.org.br\/principal\/wp-json\/wp\/v2\/posts\/20423\/revisions"}],"wp:attachment":[{"href":"https:\/\/www.sinpro-rio.org.br\/principal\/wp-json\/wp\/v2\/media?parent=20423"}],"wp:term":[{"taxonomy":"category","embeddable":true,"href":"https:\/\/www.sinpro-rio.org.br\/principal\/wp-json\/wp\/v2\/categories?post=20423"},{"taxonomy":"post_tag","embeddable":true,"href":"https:\/\/www.sinpro-rio.org.br\/principal\/wp-json\/wp\/v2\/tags?post=20423"}],"curies":[{"name":"wp","href":"https:\/\/api.w.org\/{rel}","templated":true}]}}