{"id":20415,"date":"2011-12-13T00:00:00","date_gmt":"2011-12-13T00:00:00","guid":{"rendered":""},"modified":"-0001-11-30T00:00:00","modified_gmt":"-0001-11-30T03:00:00","slug":"professores-da-ucb-e-colegio-paulo-gissoni","status":"publish","type":"post","link":"https:\/\/www.sinpro-rio.org.br\/principal\/professores-da-ucb-e-colegio-paulo-gissoni\/","title":{"rendered":"Professores da UCB e Col\u00e9gio Paulo Gissoni"},"content":{"rendered":"\n<p>\n <em><br \/>\n  15\/12\/2011<br \/>\n <\/em>\n<\/p>\n<p>\n O Sinpro-Rio entra  na justi\u00e7a!<\/p>\n<p>\n  Ap\u00f3s v\u00e1rias negocia\u00e7\u00f5es com a dire\u00e7\u00e3o da UCB e do Col\u00e9gio Paulo Gissoni objetivando regularizar a situa\u00e7\u00e3o trabalhista na empresa, n\u00e3o restou outra alternativa ao<br \/>\n  <b><br \/>\n   Sinpro-Rio<br \/>\n  <\/b><br \/>\n  sen\u00e3o ajuizar uma a\u00e7\u00e3o na Justi\u00e7a do Trabalho relativa ao 13\u00ba sal\u00e1rio, aos sal\u00e1rios<br \/>\n  <b><br \/>\n   atrasados<br \/>\n  <\/b><br \/>\n  , al\u00e9m da exig\u00eancia do 5\u00ba dia \u00fatil de cada m\u00eas como prazo para o dep\u00f3sito do sal\u00e1rio e condena\u00e7\u00e3o ao pagamento de dano moral.<\/p>\n<p>\n   Professores, o<br \/>\n   <b><br \/>\n    Sinpro-Rio<br \/>\n   <\/b><br \/>\n   entende, no entanto, que n\u00e3o devemos nos iludir, pois o caminho da justi\u00e7a n\u00e3o encerra a luta. \u00c9 mais um passo no enfrentamento contra o patr\u00e3o. N\u00e3o podemos nos acomodar e abandonar a mobiliza\u00e7\u00e3o pol\u00edtica na UCB e no Col\u00e9gio Paulo Gissoni. O respeito aos professores n\u00e3o \u00e9 negoci\u00e1vel. Por isso, temos de nos preparar para o retorno \u00e0s aulas, em fins de fevereiro de 2012, conscientes de nossa responsabilidade pol\u00edtica e trabalhando pela mobiliza\u00e7\u00e3o de todos. A luta continua!<\/p>\n<p>\n    Professor(a) da UCB, para mais informa\u00e7\u00f5es, acompanhe as not\u00edcias em nosso portal: www.sinpro-rio.org.br\n   <\/p>\n<\/p>\n<\/p>\n<p>\n Ap\u00f3s v\u00e1rias negocia\u00e7\u00f5es com a dire\u00e7\u00e3o da UCB e do Col\u00e9gio Paulo Gissoni objetivando regularizar a situa\u00e7\u00e3o trabalhista na empresa, n\u00e3o restou outra alternativa ao<br \/>\n <b><br \/>\n  Sinpro-Rio<br \/>\n <\/b><br \/>\n sen\u00e3o ajuizar uma a\u00e7\u00e3o na Justi\u00e7a do Trabalho relativa ao 13\u00ba sal\u00e1rio, aos sal\u00e1rios<br \/>\n <b><br \/>\n  atrasados<br \/>\n <\/b><br \/>\n , al\u00e9m da exig\u00eancia do 5\u00ba dia \u00fatil de cada m\u00eas como prazo para o dep\u00f3sito do sal\u00e1rio e condena\u00e7\u00e3o ao pagamento de dano moral.<\/p>\n<p>\n  Professores, o<br \/>\n  <b><br \/>\n   Sinpro-Rio<br \/>\n  <\/b><br \/>\n  entende, no entanto, que n\u00e3o devemos nos iludir, pois o caminho da justi\u00e7a n\u00e3o encerra a luta. \u00c9 mais um passo no enfrentamento contra o patr\u00e3o. N\u00e3o podemos nos acomodar e abandonar a mobiliza\u00e7\u00e3o pol\u00edtica na UCB e no Col\u00e9gio Paulo Gissoni. O respeito aos professores n\u00e3o \u00e9 negoci\u00e1vel. Por isso, temos de nos preparar para o retorno \u00e0s aulas, em fins de fevereiro de 2012, conscientes de nossa responsabilidade pol\u00edtica e trabalhando pela mobiliza\u00e7\u00e3o de todos. A luta continua!<\/p>\n<p>\n   Professor(a) da UCB, para mais informa\u00e7\u00f5es, acompanhe as not\u00edcias em nosso portal: www.sinpro-rio.org.br\n  <\/p>\n<\/p>\n<p>\n Professores, o<br \/>\n <b><br \/>\n  Sinpro-Rio<br \/>\n <\/b><br \/>\n entende, no entanto, que n\u00e3o devemos nos iludir, pois o caminho da justi\u00e7a n\u00e3o encerra a luta. \u00c9 mais um passo no enfrentamento contra o patr\u00e3o. N\u00e3o podemos nos acomodar e abandonar a mobiliza\u00e7\u00e3o pol\u00edtica na UCB e no Col\u00e9gio Paulo Gissoni. O respeito aos professores n\u00e3o \u00e9 negoci\u00e1vel. Por isso, temos de nos preparar para o retorno \u00e0s aulas, em fins de fevereiro de 2012, conscientes de nossa responsabilidade pol\u00edtica e trabalhando pela mobiliza\u00e7\u00e3o de todos. A luta continua!<\/p>\n<p>\n  Professor(a) da UCB, para mais informa\u00e7\u00f5es, acompanhe as not\u00edcias em nosso portal: www.sinpro-rio.org.br\n <\/p>\n<\/p>\n<p>\n Professor(a) da UCB, para mais informa\u00e7\u00f5es, acompanhe as not\u00edcias em nosso portal: www.sinpro-rio.org.br<\/p>\n","protected":false},"excerpt":{"rendered":"<p>15\/12\/2011 O Sinpro-Rio entra na justi\u00e7a! Ap\u00f3s v\u00e1rias negocia\u00e7\u00f5es com a dire\u00e7\u00e3o da UCB e do Col\u00e9gio Paulo Gissoni objetivando regularizar a situa\u00e7\u00e3o trabalhista na empresa, n\u00e3o restou outra alternativa ao Sinpro-Rio sen\u00e3o ajuizar uma a\u00e7\u00e3o na Justi\u00e7a do Trabalho relativa ao 13\u00ba sal\u00e1rio, aos sal\u00e1rios atrasados , al\u00e9m da exig\u00eancia do 5\u00ba dia \u00fatil [&hellip;]<\/p>\n","protected":false},"author":1,"featured_media":0,"comment_status":"closed","ping_status":"open","sticky":false,"template":"","format":"standard","meta":{"footnotes":""},"categories":[1],"tags":[],"class_list":["post-20415","post","type-post","status-publish","format-standard","hentry","category-noticias"],"yoast_head":"<!-- This site is optimized with the Yoast SEO plugin v25.7 - https:\/\/yoast.com\/wordpress\/plugins\/seo\/ -->\n<title>Professores da UCB e Col\u00e9gio Paulo Gissoni - Sinpro-Rio<\/title>\n<meta name=\"robots\" content=\"index, follow, max-snippet:-1, max-image-preview:large, max-video-preview:-1\" \/>\n<link rel=\"canonical\" href=\"https:\/\/www.sinpro-rio.org.br\/principal\/professores-da-ucb-e-colegio-paulo-gissoni\/\" \/>\n<meta property=\"og:locale\" content=\"pt_BR\" \/>\n<meta property=\"og:type\" content=\"article\" \/>\n<meta property=\"og:title\" content=\"Professores da UCB e Col\u00e9gio Paulo Gissoni - Sinpro-Rio\" \/>\n<meta property=\"og:description\" content=\"15\/12\/2011 O Sinpro-Rio entra na justi\u00e7a! Ap\u00f3s v\u00e1rias negocia\u00e7\u00f5es com a dire\u00e7\u00e3o da UCB e do Col\u00e9gio Paulo Gissoni objetivando regularizar a situa\u00e7\u00e3o trabalhista na empresa, n\u00e3o restou outra alternativa ao Sinpro-Rio sen\u00e3o ajuizar uma a\u00e7\u00e3o na Justi\u00e7a do Trabalho relativa ao 13\u00ba sal\u00e1rio, aos sal\u00e1rios atrasados , al\u00e9m da exig\u00eancia do 5\u00ba dia \u00fatil [&hellip;]\" \/>\n<meta property=\"og:url\" content=\"https:\/\/www.sinpro-rio.org.br\/principal\/professores-da-ucb-e-colegio-paulo-gissoni\/\" \/>\n<meta property=\"og:site_name\" content=\"Sinpro-Rio\" \/>\n<meta property=\"article:published_time\" content=\"2011-12-13T00:00:00+00:00\" \/>\n<meta name=\"author\" content=\"rafaelrjp\" \/>\n<meta name=\"twitter:card\" content=\"summary_large_image\" \/>\n<meta name=\"twitter:label1\" content=\"Escrito por\" \/>\n\t<meta name=\"twitter:data1\" content=\"rafaelrjp\" \/>\n\t<meta name=\"twitter:label2\" content=\"Est. tempo de leitura\" \/>\n\t<meta name=\"twitter:data2\" content=\"3 minutos\" \/>\n<script type=\"application\/ld+json\" class=\"yoast-schema-graph\">{\"@context\":\"https:\/\/schema.org\",\"@graph\":[{\"@type\":\"WebPage\",\"@id\":\"https:\/\/www.sinpro-rio.org.br\/principal\/professores-da-ucb-e-colegio-paulo-gissoni\/\",\"url\":\"https:\/\/www.sinpro-rio.org.br\/principal\/professores-da-ucb-e-colegio-paulo-gissoni\/\",\"name\":\"Professores da UCB e Col\u00e9gio Paulo Gissoni - Sinpro-Rio\",\"isPartOf\":{\"@id\":\"https:\/\/www.sinpro-rio.org.br\/principal\/#website\"},\"datePublished\":\"2011-12-13T00:00:00+00:00\",\"author\":{\"@id\":\"https:\/\/www.sinpro-rio.org.br\/principal\/#\/schema\/person\/49feb585a2f57a31a6bd9f16f78e5be6\"},\"breadcrumb\":{\"@id\":\"https:\/\/www.sinpro-rio.org.br\/principal\/professores-da-ucb-e-colegio-paulo-gissoni\/#breadcrumb\"},\"inLanguage\":\"pt-BR\",\"potentialAction\":[{\"@type\":\"ReadAction\",\"target\":[\"https:\/\/www.sinpro-rio.org.br\/principal\/professores-da-ucb-e-colegio-paulo-gissoni\/\"]}]},{\"@type\":\"BreadcrumbList\",\"@id\":\"https:\/\/www.sinpro-rio.org.br\/principal\/professores-da-ucb-e-colegio-paulo-gissoni\/#breadcrumb\",\"itemListElement\":[{\"@type\":\"ListItem\",\"position\":1,\"name\":\"In\u00edcio\",\"item\":\"https:\/\/www.sinpro-rio.org.br\/principal\/\"},{\"@type\":\"ListItem\",\"position\":2,\"name\":\"Professores da UCB e Col\u00e9gio Paulo Gissoni\"}]},{\"@type\":\"WebSite\",\"@id\":\"https:\/\/www.sinpro-rio.org.br\/principal\/#website\",\"url\":\"https:\/\/www.sinpro-rio.org.br\/principal\/\",\"name\":\"Sinpro-Rio\",\"description\":\"Sindicato dos Professores do Munic\u00edpio do Rio de Janeiro e Regi\u00e3o\",\"potentialAction\":[{\"@type\":\"SearchAction\",\"target\":{\"@type\":\"EntryPoint\",\"urlTemplate\":\"https:\/\/www.sinpro-rio.org.br\/principal\/?s={search_term_string}\"},\"query-input\":{\"@type\":\"PropertyValueSpecification\",\"valueRequired\":true,\"valueName\":\"search_term_string\"}}],\"inLanguage\":\"pt-BR\"},{\"@type\":\"Person\",\"@id\":\"https:\/\/www.sinpro-rio.org.br\/principal\/#\/schema\/person\/49feb585a2f57a31a6bd9f16f78e5be6\",\"name\":\"rafaelrjp\",\"image\":{\"@type\":\"ImageObject\",\"inLanguage\":\"pt-BR\",\"@id\":\"https:\/\/www.sinpro-rio.org.br\/principal\/#\/schema\/person\/image\/\",\"url\":\"https:\/\/secure.gravatar.com\/avatar\/489371a0ba4655c340b519882c68cf68?s=96&d=mm&r=g\",\"contentUrl\":\"https:\/\/secure.gravatar.com\/avatar\/489371a0ba4655c340b519882c68cf68?s=96&d=mm&r=g\",\"caption\":\"rafaelrjp\"},\"url\":\"https:\/\/www.sinpro-rio.org.br\/principal\/author\/rafaelrjp\/\"}]}<\/script>\n<!-- \/ Yoast SEO plugin. -->","yoast_head_json":{"title":"Professores da UCB e Col\u00e9gio Paulo Gissoni - Sinpro-Rio","robots":{"index":"index","follow":"follow","max-snippet":"max-snippet:-1","max-image-preview":"max-image-preview:large","max-video-preview":"max-video-preview:-1"},"canonical":"https:\/\/www.sinpro-rio.org.br\/principal\/professores-da-ucb-e-colegio-paulo-gissoni\/","og_locale":"pt_BR","og_type":"article","og_title":"Professores da UCB e Col\u00e9gio Paulo Gissoni - Sinpro-Rio","og_description":"15\/12\/2011 O Sinpro-Rio entra na justi\u00e7a! Ap\u00f3s v\u00e1rias negocia\u00e7\u00f5es com a dire\u00e7\u00e3o da UCB e do Col\u00e9gio Paulo Gissoni objetivando regularizar a situa\u00e7\u00e3o trabalhista na empresa, n\u00e3o restou outra alternativa ao Sinpro-Rio sen\u00e3o ajuizar uma a\u00e7\u00e3o na Justi\u00e7a do Trabalho relativa ao 13\u00ba sal\u00e1rio, aos sal\u00e1rios atrasados , al\u00e9m da exig\u00eancia do 5\u00ba dia \u00fatil [&hellip;]","og_url":"https:\/\/www.sinpro-rio.org.br\/principal\/professores-da-ucb-e-colegio-paulo-gissoni\/","og_site_name":"Sinpro-Rio","article_published_time":"2011-12-13T00:00:00+00:00","author":"rafaelrjp","twitter_card":"summary_large_image","twitter_misc":{"Escrito por":"rafaelrjp","Est. tempo de leitura":"3 minutos"},"schema":{"@context":"https:\/\/schema.org","@graph":[{"@type":"WebPage","@id":"https:\/\/www.sinpro-rio.org.br\/principal\/professores-da-ucb-e-colegio-paulo-gissoni\/","url":"https:\/\/www.sinpro-rio.org.br\/principal\/professores-da-ucb-e-colegio-paulo-gissoni\/","name":"Professores da UCB e Col\u00e9gio Paulo Gissoni - Sinpro-Rio","isPartOf":{"@id":"https:\/\/www.sinpro-rio.org.br\/principal\/#website"},"datePublished":"2011-12-13T00:00:00+00:00","author":{"@id":"https:\/\/www.sinpro-rio.org.br\/principal\/#\/schema\/person\/49feb585a2f57a31a6bd9f16f78e5be6"},"breadcrumb":{"@id":"https:\/\/www.sinpro-rio.org.br\/principal\/professores-da-ucb-e-colegio-paulo-gissoni\/#breadcrumb"},"inLanguage":"pt-BR","potentialAction":[{"@type":"ReadAction","target":["https:\/\/www.sinpro-rio.org.br\/principal\/professores-da-ucb-e-colegio-paulo-gissoni\/"]}]},{"@type":"BreadcrumbList","@id":"https:\/\/www.sinpro-rio.org.br\/principal\/professores-da-ucb-e-colegio-paulo-gissoni\/#breadcrumb","itemListElement":[{"@type":"ListItem","position":1,"name":"In\u00edcio","item":"https:\/\/www.sinpro-rio.org.br\/principal\/"},{"@type":"ListItem","position":2,"name":"Professores da UCB e Col\u00e9gio Paulo Gissoni"}]},{"@type":"WebSite","@id":"https:\/\/www.sinpro-rio.org.br\/principal\/#website","url":"https:\/\/www.sinpro-rio.org.br\/principal\/","name":"Sinpro-Rio","description":"Sindicato dos Professores do Munic\u00edpio do Rio de Janeiro e Regi\u00e3o","potentialAction":[{"@type":"SearchAction","target":{"@type":"EntryPoint","urlTemplate":"https:\/\/www.sinpro-rio.org.br\/principal\/?s={search_term_string}"},"query-input":{"@type":"PropertyValueSpecification","valueRequired":true,"valueName":"search_term_string"}}],"inLanguage":"pt-BR"},{"@type":"Person","@id":"https:\/\/www.sinpro-rio.org.br\/principal\/#\/schema\/person\/49feb585a2f57a31a6bd9f16f78e5be6","name":"rafaelrjp","image":{"@type":"ImageObject","inLanguage":"pt-BR","@id":"https:\/\/www.sinpro-rio.org.br\/principal\/#\/schema\/person\/image\/","url":"https:\/\/secure.gravatar.com\/avatar\/489371a0ba4655c340b519882c68cf68?s=96&d=mm&r=g","contentUrl":"https:\/\/secure.gravatar.com\/avatar\/489371a0ba4655c340b519882c68cf68?s=96&d=mm&r=g","caption":"rafaelrjp"},"url":"https:\/\/www.sinpro-rio.org.br\/principal\/author\/rafaelrjp\/"}]}},"_links":{"self":[{"href":"https:\/\/www.sinpro-rio.org.br\/principal\/wp-json\/wp\/v2\/posts\/20415","targetHints":{"allow":["GET"]}}],"collection":[{"href":"https:\/\/www.sinpro-rio.org.br\/principal\/wp-json\/wp\/v2\/posts"}],"about":[{"href":"https:\/\/www.sinpro-rio.org.br\/principal\/wp-json\/wp\/v2\/types\/post"}],"author":[{"embeddable":true,"href":"https:\/\/www.sinpro-rio.org.br\/principal\/wp-json\/wp\/v2\/users\/1"}],"replies":[{"embeddable":true,"href":"https:\/\/www.sinpro-rio.org.br\/principal\/wp-json\/wp\/v2\/comments?post=20415"}],"version-history":[{"count":0,"href":"https:\/\/www.sinpro-rio.org.br\/principal\/wp-json\/wp\/v2\/posts\/20415\/revisions"}],"wp:attachment":[{"href":"https:\/\/www.sinpro-rio.org.br\/principal\/wp-json\/wp\/v2\/media?parent=20415"}],"wp:term":[{"taxonomy":"category","embeddable":true,"href":"https:\/\/www.sinpro-rio.org.br\/principal\/wp-json\/wp\/v2\/categories?post=20415"},{"taxonomy":"post_tag","embeddable":true,"href":"https:\/\/www.sinpro-rio.org.br\/principal\/wp-json\/wp\/v2\/tags?post=20415"}],"curies":[{"name":"wp","href":"https:\/\/api.w.org\/{rel}","templated":true}]}}