{"id":20400,"date":"2012-01-16T00:00:00","date_gmt":"2012-01-16T00:00:00","guid":{"rendered":""},"modified":"-0001-11-30T00:00:00","modified_gmt":"-0001-11-30T03:00:00","slug":"professores-e-estudantes-fazem-novo-ato-contra-o-aumento-das-mensalidades-e-as-demiss-es-em-massa","status":"publish","type":"post","link":"https:\/\/www.sinpro-rio.org.br\/principal\/professores-e-estudantes-fazem-novo-ato-contra-o-aumento-das-mensalidades-e-as-demiss-es-em-massa\/","title":{"rendered":"Professores e estudantes fazem novo ato contra o aumento das mensalidades e as demiss\u00f5es em massa"},"content":{"rendered":"\n<p>\n <em><br \/>\n  16\/01\/2012<br \/>\n <\/em>\n<\/p>\n<p>\n Na \u00faltima quinta-feira, dia 13, estudantes e professores da Universidade Gama Filho e da UniverCidade realizaram um novo ato contra as demiss\u00f5es em massa e o aumento abusivo das mensalidades. Mais uma vez, representantes do Sinpro-Rio, UEE-RJ, UNE e de outras entidades do movimento social estiveram presentes na manifesta\u00e7\u00e3o, que teve concentra\u00e7\u00e3o na UGF da Candel\u00e1ria e seguiram, em passeata, at\u00e9 a sede do Grupo Galileo Educacional, na Rua Sete de Setembro.<\/p>\n<p>\n  No final do ano passado, alunos e professores foram pegos de surpresa com o aumento abusivo das mensalidades e com telegramas, \u00e0s v\u00e9speras do Natal e do Ano Novo, demitindo centenas de trabalhadores, alguns desses profissionais tinham mais de 40 anos de casa. O Sinpro-Rio repudia essas medidas e continua firme na defesa da ratifica\u00e7\u00e3o da Conven\u00e7\u00e3o 158 da OIT, que combate as demiss\u00f5es imotivadas. O n\u00famero exato de demiss\u00f5es ainda n\u00e3o foi divulgado e as mensalidades tiveram aumento de 25%. O Grupo Galileo Educacional comprou recentemente a UniverCidade e a Gama Filho e \u00e9 o respons\u00e1vel por tais mudan\u00e7as.<\/p>\n<p>\n   Uma semana ap\u00f3s o primeiro ato, professores e estudantes voltaram \u00e0s ruas exigindo mudan\u00e7as. Durante a passeata, manifestantes seguiram com palavras de ordem e discursos de indigna\u00e7\u00f5es. Simultaneamente ao ato, acontecia uma reuni\u00e3o com diretores do Sinpro-Rio, um diretor da UNE, representantes da Associa\u00e7\u00e3o Docente da UGF e representantes da mantenedora das Institui\u00e7\u00f5es de Ensino (doGrupo Galileo), que buscavam chegar a algum acordo, com uma pauta unificada de estudantes e professores.<\/p>\n<p>\n    De acordo com Edson, diretor da UNE que esteve presente na reuni\u00e3o, o movimento j\u00e1 pode contar com alguns avan\u00e7os. O Grupo Galileo entrou em contato com Sinpro-Rio e informou que receber\u00e1 estudantes na pr\u00f3xima ter\u00e7a-feira, dia 17, quando ocorrer\u00e1 mais um ato de rua, \u00e0s 16h.<\/p>\n<p>\n     Na pr\u00f3xima quarta-feira, dia 18, tamb\u00e9m ocorrer\u00e1\u00a0 um ato organizado pelo Sinpro-Rio e diversas entidades do movimento social, \u00e0s 18h, na ABI. Apoie essa luta e esteja presente nos pr\u00f3ximos atos; pelo pagamento de todos os direitos trabalhistas dos professores e redu\u00e7\u00e3o das mensalidades!<\/p>\n<p>\n      Veja<br \/>\n      <a class=\"submenu\" href=\"http:\/\/www.sinprorio.pro.br\/site_antigo\/atualidades\/fotos-2012-jan-12-segunda-manifestacao.php\" target=\"_blank\"><br \/>\n       aqui<br \/>\n      <\/a><br \/>\n      as fotos do ato p\u00fablico do dia 13\/01.\n     <\/p>\n<\/p>\n<\/p>\n<\/p>\n<p>\n No final do ano passado, alunos e professores foram pegos de surpresa com o aumento abusivo das mensalidades e com telegramas, \u00e0s v\u00e9speras do Natal e do Ano Novo, demitindo centenas de trabalhadores, alguns desses profissionais tinham mais de 40 anos de casa. O Sinpro-Rio repudia essas medidas e continua firme na defesa da ratifica\u00e7\u00e3o da Conven\u00e7\u00e3o 158 da OIT, que combate as demiss\u00f5es imotivadas. O n\u00famero exato de demiss\u00f5es ainda n\u00e3o foi divulgado e as mensalidades tiveram aumento de 25%. O Grupo Galileo Educacional comprou recentemente a UniverCidade e a Gama Filho e \u00e9 o respons\u00e1vel por tais mudan\u00e7as.<\/p>\n<p>\n  Uma semana ap\u00f3s o primeiro ato, professores e estudantes voltaram \u00e0s ruas exigindo mudan\u00e7as. Durante a passeata, manifestantes seguiram com palavras de ordem e discursos de indigna\u00e7\u00f5es. Simultaneamente ao ato, acontecia uma reuni\u00e3o com diretores do Sinpro-Rio, um diretor da UNE, representantes da Associa\u00e7\u00e3o Docente da UGF e representantes da mantenedora das Institui\u00e7\u00f5es de Ensino (doGrupo Galileo), que buscavam chegar a algum acordo, com uma pauta unificada de estudantes e professores.<\/p>\n<p>\n   De acordo com Edson, diretor da UNE que esteve presente na reuni\u00e3o, o movimento j\u00e1 pode contar com alguns avan\u00e7os. O Grupo Galileo entrou em contato com Sinpro-Rio e informou que receber\u00e1 estudantes na pr\u00f3xima ter\u00e7a-feira, dia 17, quando ocorrer\u00e1 mais um ato de rua, \u00e0s 16h.<\/p>\n<p>\n    Na pr\u00f3xima quarta-feira, dia 18, tamb\u00e9m ocorrer\u00e1\u00a0 um ato organizado pelo Sinpro-Rio e diversas entidades do movimento social, \u00e0s 18h, na ABI. Apoie essa luta e esteja presente nos pr\u00f3ximos atos; pelo pagamento de todos os direitos trabalhistas dos professores e redu\u00e7\u00e3o das mensalidades!<\/p>\n<p>\n     Veja<br \/>\n     <a class=\"submenu\" href=\"http:\/\/www.sinprorio.pro.br\/site_antigo\/atualidades\/fotos-2012-jan-12-segunda-manifestacao.php\" target=\"_blank\"><br \/>\n      aqui<br \/>\n     <\/a><br \/>\n     as fotos do ato p\u00fablico do dia 13\/01.\n    <\/p>\n<\/p>\n<\/p>\n<p>\n Uma semana ap\u00f3s o primeiro ato, professores e estudantes voltaram \u00e0s ruas exigindo mudan\u00e7as. Durante a passeata, manifestantes seguiram com palavras de ordem e discursos de indigna\u00e7\u00f5es. Simultaneamente ao ato, acontecia uma reuni\u00e3o com diretores do Sinpro-Rio, um diretor da UNE, representantes da Associa\u00e7\u00e3o Docente da UGF e representantes da mantenedora das Institui\u00e7\u00f5es de Ensino (doGrupo Galileo), que buscavam chegar a algum acordo, com uma pauta unificada de estudantes e professores.<\/p>\n<p>\n  De acordo com Edson, diretor da UNE que esteve presente na reuni\u00e3o, o movimento j\u00e1 pode contar com alguns avan\u00e7os. O Grupo Galileo entrou em contato com Sinpro-Rio e informou que receber\u00e1 estudantes na pr\u00f3xima ter\u00e7a-feira, dia 17, quando ocorrer\u00e1 mais um ato de rua, \u00e0s 16h.<\/p>\n<p>\n   Na pr\u00f3xima quarta-feira, dia 18, tamb\u00e9m ocorrer\u00e1\u00a0 um ato organizado pelo Sinpro-Rio e diversas entidades do movimento social, \u00e0s 18h, na ABI. Apoie essa luta e esteja presente nos pr\u00f3ximos atos; pelo pagamento de todos os direitos trabalhistas dos professores e redu\u00e7\u00e3o das mensalidades!<\/p>\n<p>\n    Veja<br \/>\n    <a class=\"submenu\" href=\"http:\/\/www.sinprorio.pro.br\/site_antigo\/atualidades\/fotos-2012-jan-12-segunda-manifestacao.php\" target=\"_blank\"><br \/>\n     aqui<br \/>\n    <\/a><br \/>\n    as fotos do ato p\u00fablico do dia 13\/01.\n   <\/p>\n<\/p>\n<\/p>\n<p>\n De acordo com Edson, diretor da UNE que esteve presente na reuni\u00e3o, o movimento j\u00e1 pode contar com alguns avan\u00e7os. O Grupo Galileo entrou em contato com Sinpro-Rio e informou que receber\u00e1 estudantes na pr\u00f3xima ter\u00e7a-feira, dia 17, quando ocorrer\u00e1 mais um ato de rua, \u00e0s 16h.<\/p>\n<p>\n  Na pr\u00f3xima quarta-feira, dia 18, tamb\u00e9m ocorrer\u00e1\u00a0 um ato organizado pelo Sinpro-Rio e diversas entidades do movimento social, \u00e0s 18h, na ABI. Apoie essa luta e esteja presente nos pr\u00f3ximos atos; pelo pagamento de todos os direitos trabalhistas dos professores e redu\u00e7\u00e3o das mensalidades!<\/p>\n<p>\n   Veja<br \/>\n   <a class=\"submenu\" href=\"http:\/\/www.sinprorio.pro.br\/site_antigo\/atualidades\/fotos-2012-jan-12-segunda-manifestacao.php\" target=\"_blank\"><br \/>\n    aqui<br \/>\n   <\/a><br \/>\n   as fotos do ato p\u00fablico do dia 13\/01.\n  <\/p>\n<\/p>\n<p>\n Na pr\u00f3xima quarta-feira, dia 18, tamb\u00e9m ocorrer\u00e1\u00a0 um ato organizado pelo Sinpro-Rio e diversas entidades do movimento social, \u00e0s 18h, na ABI. Apoie essa luta e esteja presente nos pr\u00f3ximos atos; pelo pagamento de todos os direitos trabalhistas dos professores e redu\u00e7\u00e3o das mensalidades!<\/p>\n<p>\n  Veja<br \/>\n  <a class=\"submenu\" href=\"http:\/\/www.sinprorio.pro.br\/site_antigo\/atualidades\/fotos-2012-jan-12-segunda-manifestacao.php\" target=\"_blank\"><br \/>\n   aqui<br \/>\n  <\/a><br \/>\n  as fotos do ato p\u00fablico do dia 13\/01.\n <\/p>\n<\/p>\n<p>\n Veja<br \/>\n <a class=\"submenu\" href=\"http:\/\/www.sinprorio.pro.br\/site_antigo\/atualidades\/fotos-2012-jan-12-segunda-manifestacao.php\" target=\"_blank\"><br \/>\n  aqui<br \/>\n <\/a><br \/>\n as fotos do ato p\u00fablico do dia 13\/01.<\/p>\n","protected":false},"excerpt":{"rendered":"<p>16\/01\/2012 Na \u00faltima quinta-feira, dia 13, estudantes e professores da Universidade Gama Filho e da UniverCidade realizaram um novo ato contra as demiss\u00f5es em massa e o aumento abusivo das mensalidades. Mais uma vez, representantes do Sinpro-Rio, UEE-RJ, UNE e de outras entidades do movimento social estiveram presentes na manifesta\u00e7\u00e3o, que teve concentra\u00e7\u00e3o na UGF [&hellip;]<\/p>\n","protected":false},"author":1,"featured_media":0,"comment_status":"closed","ping_status":"open","sticky":false,"template":"","format":"standard","meta":{"footnotes":""},"categories":[1],"tags":[],"class_list":["post-20400","post","type-post","status-publish","format-standard","hentry","category-noticias"],"yoast_head":"<!-- This site is optimized with the Yoast SEO plugin v25.7 - https:\/\/yoast.com\/wordpress\/plugins\/seo\/ -->\n<title>Professores e estudantes fazem novo ato contra o aumento das mensalidades e as demiss\u00f5es em massa - Sinpro-Rio<\/title>\n<meta name=\"robots\" content=\"index, follow, max-snippet:-1, max-image-preview:large, max-video-preview:-1\" \/>\n<link rel=\"canonical\" href=\"https:\/\/www.sinpro-rio.org.br\/principal\/professores-e-estudantes-fazem-novo-ato-contra-o-aumento-das-mensalidades-e-as-demiss-es-em-massa\/\" \/>\n<meta property=\"og:locale\" content=\"pt_BR\" \/>\n<meta property=\"og:type\" content=\"article\" \/>\n<meta property=\"og:title\" content=\"Professores e estudantes fazem novo ato contra o aumento das mensalidades e as demiss\u00f5es em massa - Sinpro-Rio\" \/>\n<meta property=\"og:description\" content=\"16\/01\/2012 Na \u00faltima quinta-feira, dia 13, estudantes e professores da Universidade Gama Filho e da UniverCidade realizaram um novo ato contra as demiss\u00f5es em massa e o aumento abusivo das mensalidades. Mais uma vez, representantes do Sinpro-Rio, UEE-RJ, UNE e de outras entidades do movimento social estiveram presentes na manifesta\u00e7\u00e3o, que teve concentra\u00e7\u00e3o na UGF [&hellip;]\" \/>\n<meta property=\"og:url\" content=\"https:\/\/www.sinpro-rio.org.br\/principal\/professores-e-estudantes-fazem-novo-ato-contra-o-aumento-das-mensalidades-e-as-demiss-es-em-massa\/\" \/>\n<meta property=\"og:site_name\" content=\"Sinpro-Rio\" \/>\n<meta property=\"article:published_time\" content=\"2012-01-16T00:00:00+00:00\" \/>\n<meta name=\"author\" content=\"rafaelrjp\" \/>\n<meta name=\"twitter:card\" content=\"summary_large_image\" \/>\n<meta name=\"twitter:label1\" content=\"Escrito por\" \/>\n\t<meta name=\"twitter:data1\" content=\"rafaelrjp\" \/>\n\t<meta name=\"twitter:label2\" content=\"Est. tempo de leitura\" \/>\n\t<meta name=\"twitter:data2\" content=\"5 minutos\" \/>\n<script type=\"application\/ld+json\" class=\"yoast-schema-graph\">{\"@context\":\"https:\/\/schema.org\",\"@graph\":[{\"@type\":\"WebPage\",\"@id\":\"https:\/\/www.sinpro-rio.org.br\/principal\/professores-e-estudantes-fazem-novo-ato-contra-o-aumento-das-mensalidades-e-as-demiss-es-em-massa\/\",\"url\":\"https:\/\/www.sinpro-rio.org.br\/principal\/professores-e-estudantes-fazem-novo-ato-contra-o-aumento-das-mensalidades-e-as-demiss-es-em-massa\/\",\"name\":\"Professores e estudantes fazem novo ato contra o aumento das mensalidades e as demiss\u00f5es em massa - Sinpro-Rio\",\"isPartOf\":{\"@id\":\"https:\/\/www.sinpro-rio.org.br\/principal\/#website\"},\"datePublished\":\"2012-01-16T00:00:00+00:00\",\"author\":{\"@id\":\"https:\/\/www.sinpro-rio.org.br\/principal\/#\/schema\/person\/49feb585a2f57a31a6bd9f16f78e5be6\"},\"breadcrumb\":{\"@id\":\"https:\/\/www.sinpro-rio.org.br\/principal\/professores-e-estudantes-fazem-novo-ato-contra-o-aumento-das-mensalidades-e-as-demiss-es-em-massa\/#breadcrumb\"},\"inLanguage\":\"pt-BR\",\"potentialAction\":[{\"@type\":\"ReadAction\",\"target\":[\"https:\/\/www.sinpro-rio.org.br\/principal\/professores-e-estudantes-fazem-novo-ato-contra-o-aumento-das-mensalidades-e-as-demiss-es-em-massa\/\"]}]},{\"@type\":\"BreadcrumbList\",\"@id\":\"https:\/\/www.sinpro-rio.org.br\/principal\/professores-e-estudantes-fazem-novo-ato-contra-o-aumento-das-mensalidades-e-as-demiss-es-em-massa\/#breadcrumb\",\"itemListElement\":[{\"@type\":\"ListItem\",\"position\":1,\"name\":\"In\u00edcio\",\"item\":\"https:\/\/www.sinpro-rio.org.br\/principal\/\"},{\"@type\":\"ListItem\",\"position\":2,\"name\":\"Professores e estudantes fazem novo ato contra o aumento das mensalidades e as demiss\u00f5es em massa\"}]},{\"@type\":\"WebSite\",\"@id\":\"https:\/\/www.sinpro-rio.org.br\/principal\/#website\",\"url\":\"https:\/\/www.sinpro-rio.org.br\/principal\/\",\"name\":\"Sinpro-Rio\",\"description\":\"Sindicato dos Professores do Munic\u00edpio do Rio de Janeiro e Regi\u00e3o\",\"potentialAction\":[{\"@type\":\"SearchAction\",\"target\":{\"@type\":\"EntryPoint\",\"urlTemplate\":\"https:\/\/www.sinpro-rio.org.br\/principal\/?s={search_term_string}\"},\"query-input\":{\"@type\":\"PropertyValueSpecification\",\"valueRequired\":true,\"valueName\":\"search_term_string\"}}],\"inLanguage\":\"pt-BR\"},{\"@type\":\"Person\",\"@id\":\"https:\/\/www.sinpro-rio.org.br\/principal\/#\/schema\/person\/49feb585a2f57a31a6bd9f16f78e5be6\",\"name\":\"rafaelrjp\",\"image\":{\"@type\":\"ImageObject\",\"inLanguage\":\"pt-BR\",\"@id\":\"https:\/\/www.sinpro-rio.org.br\/principal\/#\/schema\/person\/image\/\",\"url\":\"https:\/\/secure.gravatar.com\/avatar\/489371a0ba4655c340b519882c68cf68?s=96&d=mm&r=g\",\"contentUrl\":\"https:\/\/secure.gravatar.com\/avatar\/489371a0ba4655c340b519882c68cf68?s=96&d=mm&r=g\",\"caption\":\"rafaelrjp\"},\"url\":\"https:\/\/www.sinpro-rio.org.br\/principal\/author\/rafaelrjp\/\"}]}<\/script>\n<!-- \/ Yoast SEO plugin. -->","yoast_head_json":{"title":"Professores e estudantes fazem novo ato contra o aumento das mensalidades e as demiss\u00f5es em massa - Sinpro-Rio","robots":{"index":"index","follow":"follow","max-snippet":"max-snippet:-1","max-image-preview":"max-image-preview:large","max-video-preview":"max-video-preview:-1"},"canonical":"https:\/\/www.sinpro-rio.org.br\/principal\/professores-e-estudantes-fazem-novo-ato-contra-o-aumento-das-mensalidades-e-as-demiss-es-em-massa\/","og_locale":"pt_BR","og_type":"article","og_title":"Professores e estudantes fazem novo ato contra o aumento das mensalidades e as demiss\u00f5es em massa - Sinpro-Rio","og_description":"16\/01\/2012 Na \u00faltima quinta-feira, dia 13, estudantes e professores da Universidade Gama Filho e da UniverCidade realizaram um novo ato contra as demiss\u00f5es em massa e o aumento abusivo das mensalidades. Mais uma vez, representantes do Sinpro-Rio, UEE-RJ, UNE e de outras entidades do movimento social estiveram presentes na manifesta\u00e7\u00e3o, que teve concentra\u00e7\u00e3o na UGF [&hellip;]","og_url":"https:\/\/www.sinpro-rio.org.br\/principal\/professores-e-estudantes-fazem-novo-ato-contra-o-aumento-das-mensalidades-e-as-demiss-es-em-massa\/","og_site_name":"Sinpro-Rio","article_published_time":"2012-01-16T00:00:00+00:00","author":"rafaelrjp","twitter_card":"summary_large_image","twitter_misc":{"Escrito por":"rafaelrjp","Est. tempo de leitura":"5 minutos"},"schema":{"@context":"https:\/\/schema.org","@graph":[{"@type":"WebPage","@id":"https:\/\/www.sinpro-rio.org.br\/principal\/professores-e-estudantes-fazem-novo-ato-contra-o-aumento-das-mensalidades-e-as-demiss-es-em-massa\/","url":"https:\/\/www.sinpro-rio.org.br\/principal\/professores-e-estudantes-fazem-novo-ato-contra-o-aumento-das-mensalidades-e-as-demiss-es-em-massa\/","name":"Professores e estudantes fazem novo ato contra o aumento das mensalidades e as demiss\u00f5es em massa - Sinpro-Rio","isPartOf":{"@id":"https:\/\/www.sinpro-rio.org.br\/principal\/#website"},"datePublished":"2012-01-16T00:00:00+00:00","author":{"@id":"https:\/\/www.sinpro-rio.org.br\/principal\/#\/schema\/person\/49feb585a2f57a31a6bd9f16f78e5be6"},"breadcrumb":{"@id":"https:\/\/www.sinpro-rio.org.br\/principal\/professores-e-estudantes-fazem-novo-ato-contra-o-aumento-das-mensalidades-e-as-demiss-es-em-massa\/#breadcrumb"},"inLanguage":"pt-BR","potentialAction":[{"@type":"ReadAction","target":["https:\/\/www.sinpro-rio.org.br\/principal\/professores-e-estudantes-fazem-novo-ato-contra-o-aumento-das-mensalidades-e-as-demiss-es-em-massa\/"]}]},{"@type":"BreadcrumbList","@id":"https:\/\/www.sinpro-rio.org.br\/principal\/professores-e-estudantes-fazem-novo-ato-contra-o-aumento-das-mensalidades-e-as-demiss-es-em-massa\/#breadcrumb","itemListElement":[{"@type":"ListItem","position":1,"name":"In\u00edcio","item":"https:\/\/www.sinpro-rio.org.br\/principal\/"},{"@type":"ListItem","position":2,"name":"Professores e estudantes fazem novo ato contra o aumento das mensalidades e as demiss\u00f5es em massa"}]},{"@type":"WebSite","@id":"https:\/\/www.sinpro-rio.org.br\/principal\/#website","url":"https:\/\/www.sinpro-rio.org.br\/principal\/","name":"Sinpro-Rio","description":"Sindicato dos Professores do Munic\u00edpio do Rio de Janeiro e Regi\u00e3o","potentialAction":[{"@type":"SearchAction","target":{"@type":"EntryPoint","urlTemplate":"https:\/\/www.sinpro-rio.org.br\/principal\/?s={search_term_string}"},"query-input":{"@type":"PropertyValueSpecification","valueRequired":true,"valueName":"search_term_string"}}],"inLanguage":"pt-BR"},{"@type":"Person","@id":"https:\/\/www.sinpro-rio.org.br\/principal\/#\/schema\/person\/49feb585a2f57a31a6bd9f16f78e5be6","name":"rafaelrjp","image":{"@type":"ImageObject","inLanguage":"pt-BR","@id":"https:\/\/www.sinpro-rio.org.br\/principal\/#\/schema\/person\/image\/","url":"https:\/\/secure.gravatar.com\/avatar\/489371a0ba4655c340b519882c68cf68?s=96&d=mm&r=g","contentUrl":"https:\/\/secure.gravatar.com\/avatar\/489371a0ba4655c340b519882c68cf68?s=96&d=mm&r=g","caption":"rafaelrjp"},"url":"https:\/\/www.sinpro-rio.org.br\/principal\/author\/rafaelrjp\/"}]}},"_links":{"self":[{"href":"https:\/\/www.sinpro-rio.org.br\/principal\/wp-json\/wp\/v2\/posts\/20400","targetHints":{"allow":["GET"]}}],"collection":[{"href":"https:\/\/www.sinpro-rio.org.br\/principal\/wp-json\/wp\/v2\/posts"}],"about":[{"href":"https:\/\/www.sinpro-rio.org.br\/principal\/wp-json\/wp\/v2\/types\/post"}],"author":[{"embeddable":true,"href":"https:\/\/www.sinpro-rio.org.br\/principal\/wp-json\/wp\/v2\/users\/1"}],"replies":[{"embeddable":true,"href":"https:\/\/www.sinpro-rio.org.br\/principal\/wp-json\/wp\/v2\/comments?post=20400"}],"version-history":[{"count":0,"href":"https:\/\/www.sinpro-rio.org.br\/principal\/wp-json\/wp\/v2\/posts\/20400\/revisions"}],"wp:attachment":[{"href":"https:\/\/www.sinpro-rio.org.br\/principal\/wp-json\/wp\/v2\/media?parent=20400"}],"wp:term":[{"taxonomy":"category","embeddable":true,"href":"https:\/\/www.sinpro-rio.org.br\/principal\/wp-json\/wp\/v2\/categories?post=20400"},{"taxonomy":"post_tag","embeddable":true,"href":"https:\/\/www.sinpro-rio.org.br\/principal\/wp-json\/wp\/v2\/tags?post=20400"}],"curies":[{"name":"wp","href":"https:\/\/api.w.org\/{rel}","templated":true}]}}