{"id":20395,"date":"2012-01-27T00:00:00","date_gmt":"2012-01-27T00:00:00","guid":{"rendered":""},"modified":"-0001-11-30T00:00:00","modified_gmt":"-0001-11-30T03:00:00","slug":"atenc-o-professores-as-da-gama-filho-e-da-univercidade","status":"publish","type":"post","link":"https:\/\/www.sinpro-rio.org.br\/principal\/atenc-o-professores-as-da-gama-filho-e-da-univercidade\/","title":{"rendered":"Aten\u00e7\u00e3o, professores(as) da Gama Filho e da UniverCidade!"},"content":{"rendered":"\n<p>\n <em><br \/>\n  24\/01\/2012<br \/>\n <\/em>\n<\/p>\n<p>\n Realizamos, no dia 26 de janeiro, uma audi\u00eancia no Minist\u00e9rio P\u00fablico do Trabalho com o grupo Galileo Educacional, representando assumidamente a gest\u00e3o da Universidade Gama Filho e do Centro Universit\u00e1rio da Cidade.<\/p>\n<p>\n  Nessa audi\u00eancia, os gestores dessas IES afirmaram que os professores da Gama Filho, demitidos, j\u00e1 haviam recebido o 13\u00ba e o sal\u00e1rio de dezembro de 2011. Quanto \u00e0 UniverCidade, foi compromissado o pagamento do 13\u00ba sal\u00e1rio at\u00e9 o dia 3 de fevereiro, sendo certo que o sal\u00e1rio de dezembro tamb\u00e9m j\u00e1 teria sido pago.<\/p>\n<p>\n   Os pagamentos e o compromisso de pagamento do 13\u00ba sal\u00e1rio n\u00e3o foram produto de acordo firmado pelo<br \/>\n   <b><br \/>\n    Sinpro-Rio<br \/>\n   <\/b><br \/>\n   . Portanto, permanecem tanto os efeitos da liminar, quanto a audi\u00eancia de 31 de janeiro na A\u00e7\u00e3o Coletiva em curso na 22\u00aa Vara do Trabalho, em face da Gama Filho; e a audi\u00eancia da a\u00e7\u00e3o contra a UniverCidade, ainda sem liminar, marcada para o dia 8 de fevereiro na 68\u00aa VT.<\/p>\n<p>\n    Professores(as), precisamos urgentemente do seu contato com o<br \/>\n    <b><br \/>\n     Sinpro-Rio<br \/>\n    <\/b><br \/>\n    (jur\u00eddico@sinpro-rio.org.br) para confirmamos o que foi dito pelos representantes da Galileo.\n   <\/p>\n<\/p>\n<\/p>\n<p>\n Nessa audi\u00eancia, os gestores dessas IES afirmaram que os professores da Gama Filho, demitidos, j\u00e1 haviam recebido o 13\u00ba e o sal\u00e1rio de dezembro de 2011. Quanto \u00e0 UniverCidade, foi compromissado o pagamento do 13\u00ba sal\u00e1rio at\u00e9 o dia 3 de fevereiro, sendo certo que o sal\u00e1rio de dezembro tamb\u00e9m j\u00e1 teria sido pago.<\/p>\n<p>\n  Os pagamentos e o compromisso de pagamento do 13\u00ba sal\u00e1rio n\u00e3o foram produto de acordo firmado pelo<br \/>\n  <b><br \/>\n   Sinpro-Rio<br \/>\n  <\/b><br \/>\n  . Portanto, permanecem tanto os efeitos da liminar, quanto a audi\u00eancia de 31 de janeiro na A\u00e7\u00e3o Coletiva em curso na 22\u00aa Vara do Trabalho, em face da Gama Filho; e a audi\u00eancia da a\u00e7\u00e3o contra a UniverCidade, ainda sem liminar, marcada para o dia 8 de fevereiro na 68\u00aa VT.<\/p>\n<p>\n   Professores(as), precisamos urgentemente do seu contato com o<br \/>\n   <b><br \/>\n    Sinpro-Rio<br \/>\n   <\/b><br \/>\n   (jur\u00eddico@sinpro-rio.org.br) para confirmamos o que foi dito pelos representantes da Galileo.\n  <\/p>\n<\/p>\n<p>\n Os pagamentos e o compromisso de pagamento do 13\u00ba sal\u00e1rio n\u00e3o foram produto de acordo firmado pelo<br \/>\n <b><br \/>\n  Sinpro-Rio<br \/>\n <\/b><br \/>\n . Portanto, permanecem tanto os efeitos da liminar, quanto a audi\u00eancia de 31 de janeiro na A\u00e7\u00e3o Coletiva em curso na 22\u00aa Vara do Trabalho, em face da Gama Filho; e a audi\u00eancia da a\u00e7\u00e3o contra a UniverCidade, ainda sem liminar, marcada para o dia 8 de fevereiro na 68\u00aa VT.<\/p>\n<p>\n  Professores(as), precisamos urgentemente do seu contato com o<br \/>\n  <b><br \/>\n   Sinpro-Rio<br \/>\n  <\/b><br \/>\n  (jur\u00eddico@sinpro-rio.org.br) para confirmamos o que foi dito pelos representantes da Galileo.\n <\/p>\n<\/p>\n<p>\n Professores(as), precisamos urgentemente do seu contato com o<br \/>\n <b><br \/>\n  Sinpro-Rio<br \/>\n <\/b><br \/>\n (jur\u00eddico@sinpro-rio.org.br) para confirmamos o que foi dito pelos representantes da Galileo.<\/p>\n","protected":false},"excerpt":{"rendered":"<p>24\/01\/2012 Realizamos, no dia 26 de janeiro, uma audi\u00eancia no Minist\u00e9rio P\u00fablico do Trabalho com o grupo Galileo Educacional, representando assumidamente a gest\u00e3o da Universidade Gama Filho e do Centro Universit\u00e1rio da Cidade. Nessa audi\u00eancia, os gestores dessas IES afirmaram que os professores da Gama Filho, demitidos, j\u00e1 haviam recebido o 13\u00ba e o sal\u00e1rio [&hellip;]<\/p>\n","protected":false},"author":1,"featured_media":0,"comment_status":"closed","ping_status":"open","sticky":false,"template":"","format":"standard","meta":{"footnotes":""},"categories":[1],"tags":[],"class_list":["post-20395","post","type-post","status-publish","format-standard","hentry","category-noticias"],"yoast_head":"<!-- This site is optimized with the Yoast SEO plugin v25.7 - https:\/\/yoast.com\/wordpress\/plugins\/seo\/ -->\n<title>Aten\u00e7\u00e3o, professores(as) da Gama Filho e da UniverCidade! - Sinpro-Rio<\/title>\n<meta name=\"robots\" content=\"index, follow, max-snippet:-1, max-image-preview:large, max-video-preview:-1\" \/>\n<link rel=\"canonical\" href=\"https:\/\/www.sinpro-rio.org.br\/principal\/atenc-o-professores-as-da-gama-filho-e-da-univercidade\/\" \/>\n<meta property=\"og:locale\" content=\"pt_BR\" \/>\n<meta property=\"og:type\" content=\"article\" \/>\n<meta property=\"og:title\" content=\"Aten\u00e7\u00e3o, professores(as) da Gama Filho e da UniverCidade! - Sinpro-Rio\" \/>\n<meta property=\"og:description\" content=\"24\/01\/2012 Realizamos, no dia 26 de janeiro, uma audi\u00eancia no Minist\u00e9rio P\u00fablico do Trabalho com o grupo Galileo Educacional, representando assumidamente a gest\u00e3o da Universidade Gama Filho e do Centro Universit\u00e1rio da Cidade. Nessa audi\u00eancia, os gestores dessas IES afirmaram que os professores da Gama Filho, demitidos, j\u00e1 haviam recebido o 13\u00ba e o sal\u00e1rio [&hellip;]\" \/>\n<meta property=\"og:url\" content=\"https:\/\/www.sinpro-rio.org.br\/principal\/atenc-o-professores-as-da-gama-filho-e-da-univercidade\/\" \/>\n<meta property=\"og:site_name\" content=\"Sinpro-Rio\" \/>\n<meta property=\"article:published_time\" content=\"2012-01-27T00:00:00+00:00\" \/>\n<meta name=\"author\" content=\"rafaelrjp\" \/>\n<meta name=\"twitter:card\" content=\"summary_large_image\" \/>\n<meta name=\"twitter:label1\" content=\"Escrito por\" \/>\n\t<meta name=\"twitter:data1\" content=\"rafaelrjp\" \/>\n\t<meta name=\"twitter:label2\" content=\"Est. tempo de leitura\" \/>\n\t<meta name=\"twitter:data2\" content=\"2 minutos\" \/>\n<script type=\"application\/ld+json\" class=\"yoast-schema-graph\">{\"@context\":\"https:\/\/schema.org\",\"@graph\":[{\"@type\":\"WebPage\",\"@id\":\"https:\/\/www.sinpro-rio.org.br\/principal\/atenc-o-professores-as-da-gama-filho-e-da-univercidade\/\",\"url\":\"https:\/\/www.sinpro-rio.org.br\/principal\/atenc-o-professores-as-da-gama-filho-e-da-univercidade\/\",\"name\":\"Aten\u00e7\u00e3o, professores(as) da Gama Filho e da UniverCidade! - Sinpro-Rio\",\"isPartOf\":{\"@id\":\"https:\/\/www.sinpro-rio.org.br\/principal\/#website\"},\"datePublished\":\"2012-01-27T00:00:00+00:00\",\"author\":{\"@id\":\"https:\/\/www.sinpro-rio.org.br\/principal\/#\/schema\/person\/49feb585a2f57a31a6bd9f16f78e5be6\"},\"breadcrumb\":{\"@id\":\"https:\/\/www.sinpro-rio.org.br\/principal\/atenc-o-professores-as-da-gama-filho-e-da-univercidade\/#breadcrumb\"},\"inLanguage\":\"pt-BR\",\"potentialAction\":[{\"@type\":\"ReadAction\",\"target\":[\"https:\/\/www.sinpro-rio.org.br\/principal\/atenc-o-professores-as-da-gama-filho-e-da-univercidade\/\"]}]},{\"@type\":\"BreadcrumbList\",\"@id\":\"https:\/\/www.sinpro-rio.org.br\/principal\/atenc-o-professores-as-da-gama-filho-e-da-univercidade\/#breadcrumb\",\"itemListElement\":[{\"@type\":\"ListItem\",\"position\":1,\"name\":\"In\u00edcio\",\"item\":\"https:\/\/www.sinpro-rio.org.br\/principal\/\"},{\"@type\":\"ListItem\",\"position\":2,\"name\":\"Aten\u00e7\u00e3o, professores(as) da Gama Filho e da UniverCidade!\"}]},{\"@type\":\"WebSite\",\"@id\":\"https:\/\/www.sinpro-rio.org.br\/principal\/#website\",\"url\":\"https:\/\/www.sinpro-rio.org.br\/principal\/\",\"name\":\"Sinpro-Rio\",\"description\":\"Sindicato dos Professores do Munic\u00edpio do Rio de Janeiro e Regi\u00e3o\",\"potentialAction\":[{\"@type\":\"SearchAction\",\"target\":{\"@type\":\"EntryPoint\",\"urlTemplate\":\"https:\/\/www.sinpro-rio.org.br\/principal\/?s={search_term_string}\"},\"query-input\":{\"@type\":\"PropertyValueSpecification\",\"valueRequired\":true,\"valueName\":\"search_term_string\"}}],\"inLanguage\":\"pt-BR\"},{\"@type\":\"Person\",\"@id\":\"https:\/\/www.sinpro-rio.org.br\/principal\/#\/schema\/person\/49feb585a2f57a31a6bd9f16f78e5be6\",\"name\":\"rafaelrjp\",\"image\":{\"@type\":\"ImageObject\",\"inLanguage\":\"pt-BR\",\"@id\":\"https:\/\/www.sinpro-rio.org.br\/principal\/#\/schema\/person\/image\/\",\"url\":\"https:\/\/secure.gravatar.com\/avatar\/489371a0ba4655c340b519882c68cf68?s=96&d=mm&r=g\",\"contentUrl\":\"https:\/\/secure.gravatar.com\/avatar\/489371a0ba4655c340b519882c68cf68?s=96&d=mm&r=g\",\"caption\":\"rafaelrjp\"},\"url\":\"https:\/\/www.sinpro-rio.org.br\/principal\/author\/rafaelrjp\/\"}]}<\/script>\n<!-- \/ Yoast SEO plugin. -->","yoast_head_json":{"title":"Aten\u00e7\u00e3o, professores(as) da Gama Filho e da UniverCidade! - Sinpro-Rio","robots":{"index":"index","follow":"follow","max-snippet":"max-snippet:-1","max-image-preview":"max-image-preview:large","max-video-preview":"max-video-preview:-1"},"canonical":"https:\/\/www.sinpro-rio.org.br\/principal\/atenc-o-professores-as-da-gama-filho-e-da-univercidade\/","og_locale":"pt_BR","og_type":"article","og_title":"Aten\u00e7\u00e3o, professores(as) da Gama Filho e da UniverCidade! - Sinpro-Rio","og_description":"24\/01\/2012 Realizamos, no dia 26 de janeiro, uma audi\u00eancia no Minist\u00e9rio P\u00fablico do Trabalho com o grupo Galileo Educacional, representando assumidamente a gest\u00e3o da Universidade Gama Filho e do Centro Universit\u00e1rio da Cidade. Nessa audi\u00eancia, os gestores dessas IES afirmaram que os professores da Gama Filho, demitidos, j\u00e1 haviam recebido o 13\u00ba e o sal\u00e1rio [&hellip;]","og_url":"https:\/\/www.sinpro-rio.org.br\/principal\/atenc-o-professores-as-da-gama-filho-e-da-univercidade\/","og_site_name":"Sinpro-Rio","article_published_time":"2012-01-27T00:00:00+00:00","author":"rafaelrjp","twitter_card":"summary_large_image","twitter_misc":{"Escrito por":"rafaelrjp","Est. tempo de leitura":"2 minutos"},"schema":{"@context":"https:\/\/schema.org","@graph":[{"@type":"WebPage","@id":"https:\/\/www.sinpro-rio.org.br\/principal\/atenc-o-professores-as-da-gama-filho-e-da-univercidade\/","url":"https:\/\/www.sinpro-rio.org.br\/principal\/atenc-o-professores-as-da-gama-filho-e-da-univercidade\/","name":"Aten\u00e7\u00e3o, professores(as) da Gama Filho e da UniverCidade! - Sinpro-Rio","isPartOf":{"@id":"https:\/\/www.sinpro-rio.org.br\/principal\/#website"},"datePublished":"2012-01-27T00:00:00+00:00","author":{"@id":"https:\/\/www.sinpro-rio.org.br\/principal\/#\/schema\/person\/49feb585a2f57a31a6bd9f16f78e5be6"},"breadcrumb":{"@id":"https:\/\/www.sinpro-rio.org.br\/principal\/atenc-o-professores-as-da-gama-filho-e-da-univercidade\/#breadcrumb"},"inLanguage":"pt-BR","potentialAction":[{"@type":"ReadAction","target":["https:\/\/www.sinpro-rio.org.br\/principal\/atenc-o-professores-as-da-gama-filho-e-da-univercidade\/"]}]},{"@type":"BreadcrumbList","@id":"https:\/\/www.sinpro-rio.org.br\/principal\/atenc-o-professores-as-da-gama-filho-e-da-univercidade\/#breadcrumb","itemListElement":[{"@type":"ListItem","position":1,"name":"In\u00edcio","item":"https:\/\/www.sinpro-rio.org.br\/principal\/"},{"@type":"ListItem","position":2,"name":"Aten\u00e7\u00e3o, professores(as) da Gama Filho e da UniverCidade!"}]},{"@type":"WebSite","@id":"https:\/\/www.sinpro-rio.org.br\/principal\/#website","url":"https:\/\/www.sinpro-rio.org.br\/principal\/","name":"Sinpro-Rio","description":"Sindicato dos Professores do Munic\u00edpio do Rio de Janeiro e Regi\u00e3o","potentialAction":[{"@type":"SearchAction","target":{"@type":"EntryPoint","urlTemplate":"https:\/\/www.sinpro-rio.org.br\/principal\/?s={search_term_string}"},"query-input":{"@type":"PropertyValueSpecification","valueRequired":true,"valueName":"search_term_string"}}],"inLanguage":"pt-BR"},{"@type":"Person","@id":"https:\/\/www.sinpro-rio.org.br\/principal\/#\/schema\/person\/49feb585a2f57a31a6bd9f16f78e5be6","name":"rafaelrjp","image":{"@type":"ImageObject","inLanguage":"pt-BR","@id":"https:\/\/www.sinpro-rio.org.br\/principal\/#\/schema\/person\/image\/","url":"https:\/\/secure.gravatar.com\/avatar\/489371a0ba4655c340b519882c68cf68?s=96&d=mm&r=g","contentUrl":"https:\/\/secure.gravatar.com\/avatar\/489371a0ba4655c340b519882c68cf68?s=96&d=mm&r=g","caption":"rafaelrjp"},"url":"https:\/\/www.sinpro-rio.org.br\/principal\/author\/rafaelrjp\/"}]}},"_links":{"self":[{"href":"https:\/\/www.sinpro-rio.org.br\/principal\/wp-json\/wp\/v2\/posts\/20395","targetHints":{"allow":["GET"]}}],"collection":[{"href":"https:\/\/www.sinpro-rio.org.br\/principal\/wp-json\/wp\/v2\/posts"}],"about":[{"href":"https:\/\/www.sinpro-rio.org.br\/principal\/wp-json\/wp\/v2\/types\/post"}],"author":[{"embeddable":true,"href":"https:\/\/www.sinpro-rio.org.br\/principal\/wp-json\/wp\/v2\/users\/1"}],"replies":[{"embeddable":true,"href":"https:\/\/www.sinpro-rio.org.br\/principal\/wp-json\/wp\/v2\/comments?post=20395"}],"version-history":[{"count":0,"href":"https:\/\/www.sinpro-rio.org.br\/principal\/wp-json\/wp\/v2\/posts\/20395\/revisions"}],"wp:attachment":[{"href":"https:\/\/www.sinpro-rio.org.br\/principal\/wp-json\/wp\/v2\/media?parent=20395"}],"wp:term":[{"taxonomy":"category","embeddable":true,"href":"https:\/\/www.sinpro-rio.org.br\/principal\/wp-json\/wp\/v2\/categories?post=20395"},{"taxonomy":"post_tag","embeddable":true,"href":"https:\/\/www.sinpro-rio.org.br\/principal\/wp-json\/wp\/v2\/tags?post=20395"}],"curies":[{"name":"wp","href":"https:\/\/api.w.org\/{rel}","templated":true}]}}