{"id":20393,"date":"2012-02-01T00:00:00","date_gmt":"2012-02-01T00:00:00","guid":{"rendered":""},"modified":"-0001-11-30T00:00:00","modified_gmt":"-0001-11-30T03:00:00","slug":"juiza-da-22-vt-mantem-liminar-da-gama-filho","status":"publish","type":"post","link":"https:\/\/www.sinpro-rio.org.br\/principal\/juiza-da-22-vt-mantem-liminar-da-gama-filho\/","title":{"rendered":"Ju\u00edza da 22\u00aa VT mant\u00e9m liminar da Gama Filho"},"content":{"rendered":"\n<p>\n <em><br \/>\n  01\/02\/2012<br \/>\n <\/em>\n<\/p>\n<p>\n A ju\u00edza da 22\u00aa Vara Trabalhista (VT), em audi\u00eancia ocorrida nesta ter\u00e7a-feira, dia 31 de janeiro, manteve a liminar sustando o processo demission\u00e1rio deflagrado no final do m\u00eas de dezembro pela Universidade Gama Filho (UGF).<\/p>\n<p>\n  Na audi\u00eancia estiveram presentes representantes do Sinpro-Rio, do grupo Galileo, da UGF e dois procuradores do Minist\u00e9rio P\u00fablico (MP), que ratificaram as posi\u00e7\u00f5es do Sindicato.<\/p>\n<p>\n   Ap\u00f3s interven\u00e7\u00e3o do MP e do Sinpro-Rio, a UGF se comprometeu &#8211; em audi\u00eancia que ocorrer\u00e1 no dia 2 de fevereiro, perante o Minist\u00e9rio P\u00fablico &#8211; a definir a data de pagamento do sal\u00e1rio referente ao m\u00eas de dezembro de 2011.<\/p>\n<p>\n    A Gama Filho e o grupo Galileo juntaram diversos documentos que dever\u00e3o, contudo, ser complementados, por determina\u00e7\u00e3o da ju\u00edza, uma vez que n\u00e3o abrangem todos os docentes que foram indevidamente dispensados. Esta documenta\u00e7\u00e3o ser\u00e1 analisada posteriormente pelo Sinpro-Rio e pelo Minist\u00e9rio P\u00fablico.\n   <\/p>\n<\/p>\n<\/p>\n<p>\n Na audi\u00eancia estiveram presentes representantes do Sinpro-Rio, do grupo Galileo, da UGF e dois procuradores do Minist\u00e9rio P\u00fablico (MP), que ratificaram as posi\u00e7\u00f5es do Sindicato.<\/p>\n<p>\n  Ap\u00f3s interven\u00e7\u00e3o do MP e do Sinpro-Rio, a UGF se comprometeu &#8211; em audi\u00eancia que ocorrer\u00e1 no dia 2 de fevereiro, perante o Minist\u00e9rio P\u00fablico &#8211; a definir a data de pagamento do sal\u00e1rio referente ao m\u00eas de dezembro de 2011.<\/p>\n<p>\n   A Gama Filho e o grupo Galileo juntaram diversos documentos que dever\u00e3o, contudo, ser complementados, por determina\u00e7\u00e3o da ju\u00edza, uma vez que n\u00e3o abrangem todos os docentes que foram indevidamente dispensados. Esta documenta\u00e7\u00e3o ser\u00e1 analisada posteriormente pelo Sinpro-Rio e pelo Minist\u00e9rio P\u00fablico.\n  <\/p>\n<\/p>\n<p>\n Ap\u00f3s interven\u00e7\u00e3o do MP e do Sinpro-Rio, a UGF se comprometeu &#8211; em audi\u00eancia que ocorrer\u00e1 no dia 2 de fevereiro, perante o Minist\u00e9rio P\u00fablico &#8211; a definir a data de pagamento do sal\u00e1rio referente ao m\u00eas de dezembro de 2011.<\/p>\n<p>\n  A Gama Filho e o grupo Galileo juntaram diversos documentos que dever\u00e3o, contudo, ser complementados, por determina\u00e7\u00e3o da ju\u00edza, uma vez que n\u00e3o abrangem todos os docentes que foram indevidamente dispensados. Esta documenta\u00e7\u00e3o ser\u00e1 analisada posteriormente pelo Sinpro-Rio e pelo Minist\u00e9rio P\u00fablico.\n <\/p>\n<\/p>\n<p>\n A Gama Filho e o grupo Galileo juntaram diversos documentos que dever\u00e3o, contudo, ser complementados, por determina\u00e7\u00e3o da ju\u00edza, uma vez que n\u00e3o abrangem todos os docentes que foram indevidamente dispensados. Esta documenta\u00e7\u00e3o ser\u00e1 analisada posteriormente pelo Sinpro-Rio e pelo Minist\u00e9rio P\u00fablico.<\/p>\n","protected":false},"excerpt":{"rendered":"<p>01\/02\/2012 A ju\u00edza da 22\u00aa Vara Trabalhista (VT), em audi\u00eancia ocorrida nesta ter\u00e7a-feira, dia 31 de janeiro, manteve a liminar sustando o processo demission\u00e1rio deflagrado no final do m\u00eas de dezembro pela Universidade Gama Filho (UGF). Na audi\u00eancia estiveram presentes representantes do Sinpro-Rio, do grupo Galileo, da UGF e dois procuradores do Minist\u00e9rio P\u00fablico (MP), [&hellip;]<\/p>\n","protected":false},"author":1,"featured_media":0,"comment_status":"closed","ping_status":"open","sticky":false,"template":"","format":"standard","meta":{"footnotes":""},"categories":[1],"tags":[],"class_list":["post-20393","post","type-post","status-publish","format-standard","hentry","category-noticias"],"yoast_head":"<!-- This site is optimized with the Yoast SEO plugin v25.7 - https:\/\/yoast.com\/wordpress\/plugins\/seo\/ -->\n<title>Ju\u00edza da 22\u00aa VT mant\u00e9m liminar da Gama Filho - Sinpro-Rio<\/title>\n<meta name=\"robots\" content=\"index, follow, max-snippet:-1, max-image-preview:large, max-video-preview:-1\" \/>\n<link rel=\"canonical\" href=\"https:\/\/www.sinpro-rio.org.br\/principal\/juiza-da-22-vt-mantem-liminar-da-gama-filho\/\" \/>\n<meta property=\"og:locale\" content=\"pt_BR\" \/>\n<meta property=\"og:type\" content=\"article\" \/>\n<meta property=\"og:title\" content=\"Ju\u00edza da 22\u00aa VT mant\u00e9m liminar da Gama Filho - Sinpro-Rio\" \/>\n<meta property=\"og:description\" content=\"01\/02\/2012 A ju\u00edza da 22\u00aa Vara Trabalhista (VT), em audi\u00eancia ocorrida nesta ter\u00e7a-feira, dia 31 de janeiro, manteve a liminar sustando o processo demission\u00e1rio deflagrado no final do m\u00eas de dezembro pela Universidade Gama Filho (UGF). Na audi\u00eancia estiveram presentes representantes do Sinpro-Rio, do grupo Galileo, da UGF e dois procuradores do Minist\u00e9rio P\u00fablico (MP), [&hellip;]\" \/>\n<meta property=\"og:url\" content=\"https:\/\/www.sinpro-rio.org.br\/principal\/juiza-da-22-vt-mantem-liminar-da-gama-filho\/\" \/>\n<meta property=\"og:site_name\" content=\"Sinpro-Rio\" \/>\n<meta property=\"article:published_time\" content=\"2012-02-01T00:00:00+00:00\" \/>\n<meta name=\"author\" content=\"rafaelrjp\" \/>\n<meta name=\"twitter:card\" content=\"summary_large_image\" \/>\n<meta name=\"twitter:label1\" content=\"Escrito por\" \/>\n\t<meta name=\"twitter:data1\" content=\"rafaelrjp\" \/>\n\t<meta name=\"twitter:label2\" content=\"Est. tempo de leitura\" \/>\n\t<meta name=\"twitter:data2\" content=\"2 minutos\" \/>\n<script type=\"application\/ld+json\" class=\"yoast-schema-graph\">{\"@context\":\"https:\/\/schema.org\",\"@graph\":[{\"@type\":\"WebPage\",\"@id\":\"https:\/\/www.sinpro-rio.org.br\/principal\/juiza-da-22-vt-mantem-liminar-da-gama-filho\/\",\"url\":\"https:\/\/www.sinpro-rio.org.br\/principal\/juiza-da-22-vt-mantem-liminar-da-gama-filho\/\",\"name\":\"Ju\u00edza da 22\u00aa VT mant\u00e9m liminar da Gama Filho - Sinpro-Rio\",\"isPartOf\":{\"@id\":\"https:\/\/www.sinpro-rio.org.br\/principal\/#website\"},\"datePublished\":\"2012-02-01T00:00:00+00:00\",\"author\":{\"@id\":\"https:\/\/www.sinpro-rio.org.br\/principal\/#\/schema\/person\/49feb585a2f57a31a6bd9f16f78e5be6\"},\"breadcrumb\":{\"@id\":\"https:\/\/www.sinpro-rio.org.br\/principal\/juiza-da-22-vt-mantem-liminar-da-gama-filho\/#breadcrumb\"},\"inLanguage\":\"pt-BR\",\"potentialAction\":[{\"@type\":\"ReadAction\",\"target\":[\"https:\/\/www.sinpro-rio.org.br\/principal\/juiza-da-22-vt-mantem-liminar-da-gama-filho\/\"]}]},{\"@type\":\"BreadcrumbList\",\"@id\":\"https:\/\/www.sinpro-rio.org.br\/principal\/juiza-da-22-vt-mantem-liminar-da-gama-filho\/#breadcrumb\",\"itemListElement\":[{\"@type\":\"ListItem\",\"position\":1,\"name\":\"In\u00edcio\",\"item\":\"https:\/\/www.sinpro-rio.org.br\/principal\/\"},{\"@type\":\"ListItem\",\"position\":2,\"name\":\"Ju\u00edza da 22\u00aa VT mant\u00e9m liminar da Gama Filho\"}]},{\"@type\":\"WebSite\",\"@id\":\"https:\/\/www.sinpro-rio.org.br\/principal\/#website\",\"url\":\"https:\/\/www.sinpro-rio.org.br\/principal\/\",\"name\":\"Sinpro-Rio\",\"description\":\"Sindicato dos Professores do Munic\u00edpio do Rio de Janeiro e Regi\u00e3o\",\"potentialAction\":[{\"@type\":\"SearchAction\",\"target\":{\"@type\":\"EntryPoint\",\"urlTemplate\":\"https:\/\/www.sinpro-rio.org.br\/principal\/?s={search_term_string}\"},\"query-input\":{\"@type\":\"PropertyValueSpecification\",\"valueRequired\":true,\"valueName\":\"search_term_string\"}}],\"inLanguage\":\"pt-BR\"},{\"@type\":\"Person\",\"@id\":\"https:\/\/www.sinpro-rio.org.br\/principal\/#\/schema\/person\/49feb585a2f57a31a6bd9f16f78e5be6\",\"name\":\"rafaelrjp\",\"image\":{\"@type\":\"ImageObject\",\"inLanguage\":\"pt-BR\",\"@id\":\"https:\/\/www.sinpro-rio.org.br\/principal\/#\/schema\/person\/image\/\",\"url\":\"https:\/\/secure.gravatar.com\/avatar\/489371a0ba4655c340b519882c68cf68?s=96&d=mm&r=g\",\"contentUrl\":\"https:\/\/secure.gravatar.com\/avatar\/489371a0ba4655c340b519882c68cf68?s=96&d=mm&r=g\",\"caption\":\"rafaelrjp\"},\"url\":\"https:\/\/www.sinpro-rio.org.br\/principal\/author\/rafaelrjp\/\"}]}<\/script>\n<!-- \/ Yoast SEO plugin. -->","yoast_head_json":{"title":"Ju\u00edza da 22\u00aa VT mant\u00e9m liminar da Gama Filho - Sinpro-Rio","robots":{"index":"index","follow":"follow","max-snippet":"max-snippet:-1","max-image-preview":"max-image-preview:large","max-video-preview":"max-video-preview:-1"},"canonical":"https:\/\/www.sinpro-rio.org.br\/principal\/juiza-da-22-vt-mantem-liminar-da-gama-filho\/","og_locale":"pt_BR","og_type":"article","og_title":"Ju\u00edza da 22\u00aa VT mant\u00e9m liminar da Gama Filho - Sinpro-Rio","og_description":"01\/02\/2012 A ju\u00edza da 22\u00aa Vara Trabalhista (VT), em audi\u00eancia ocorrida nesta ter\u00e7a-feira, dia 31 de janeiro, manteve a liminar sustando o processo demission\u00e1rio deflagrado no final do m\u00eas de dezembro pela Universidade Gama Filho (UGF). Na audi\u00eancia estiveram presentes representantes do Sinpro-Rio, do grupo Galileo, da UGF e dois procuradores do Minist\u00e9rio P\u00fablico (MP), [&hellip;]","og_url":"https:\/\/www.sinpro-rio.org.br\/principal\/juiza-da-22-vt-mantem-liminar-da-gama-filho\/","og_site_name":"Sinpro-Rio","article_published_time":"2012-02-01T00:00:00+00:00","author":"rafaelrjp","twitter_card":"summary_large_image","twitter_misc":{"Escrito por":"rafaelrjp","Est. tempo de leitura":"2 minutos"},"schema":{"@context":"https:\/\/schema.org","@graph":[{"@type":"WebPage","@id":"https:\/\/www.sinpro-rio.org.br\/principal\/juiza-da-22-vt-mantem-liminar-da-gama-filho\/","url":"https:\/\/www.sinpro-rio.org.br\/principal\/juiza-da-22-vt-mantem-liminar-da-gama-filho\/","name":"Ju\u00edza da 22\u00aa VT mant\u00e9m liminar da Gama Filho - Sinpro-Rio","isPartOf":{"@id":"https:\/\/www.sinpro-rio.org.br\/principal\/#website"},"datePublished":"2012-02-01T00:00:00+00:00","author":{"@id":"https:\/\/www.sinpro-rio.org.br\/principal\/#\/schema\/person\/49feb585a2f57a31a6bd9f16f78e5be6"},"breadcrumb":{"@id":"https:\/\/www.sinpro-rio.org.br\/principal\/juiza-da-22-vt-mantem-liminar-da-gama-filho\/#breadcrumb"},"inLanguage":"pt-BR","potentialAction":[{"@type":"ReadAction","target":["https:\/\/www.sinpro-rio.org.br\/principal\/juiza-da-22-vt-mantem-liminar-da-gama-filho\/"]}]},{"@type":"BreadcrumbList","@id":"https:\/\/www.sinpro-rio.org.br\/principal\/juiza-da-22-vt-mantem-liminar-da-gama-filho\/#breadcrumb","itemListElement":[{"@type":"ListItem","position":1,"name":"In\u00edcio","item":"https:\/\/www.sinpro-rio.org.br\/principal\/"},{"@type":"ListItem","position":2,"name":"Ju\u00edza da 22\u00aa VT mant\u00e9m liminar da Gama Filho"}]},{"@type":"WebSite","@id":"https:\/\/www.sinpro-rio.org.br\/principal\/#website","url":"https:\/\/www.sinpro-rio.org.br\/principal\/","name":"Sinpro-Rio","description":"Sindicato dos Professores do Munic\u00edpio do Rio de Janeiro e Regi\u00e3o","potentialAction":[{"@type":"SearchAction","target":{"@type":"EntryPoint","urlTemplate":"https:\/\/www.sinpro-rio.org.br\/principal\/?s={search_term_string}"},"query-input":{"@type":"PropertyValueSpecification","valueRequired":true,"valueName":"search_term_string"}}],"inLanguage":"pt-BR"},{"@type":"Person","@id":"https:\/\/www.sinpro-rio.org.br\/principal\/#\/schema\/person\/49feb585a2f57a31a6bd9f16f78e5be6","name":"rafaelrjp","image":{"@type":"ImageObject","inLanguage":"pt-BR","@id":"https:\/\/www.sinpro-rio.org.br\/principal\/#\/schema\/person\/image\/","url":"https:\/\/secure.gravatar.com\/avatar\/489371a0ba4655c340b519882c68cf68?s=96&d=mm&r=g","contentUrl":"https:\/\/secure.gravatar.com\/avatar\/489371a0ba4655c340b519882c68cf68?s=96&d=mm&r=g","caption":"rafaelrjp"},"url":"https:\/\/www.sinpro-rio.org.br\/principal\/author\/rafaelrjp\/"}]}},"_links":{"self":[{"href":"https:\/\/www.sinpro-rio.org.br\/principal\/wp-json\/wp\/v2\/posts\/20393","targetHints":{"allow":["GET"]}}],"collection":[{"href":"https:\/\/www.sinpro-rio.org.br\/principal\/wp-json\/wp\/v2\/posts"}],"about":[{"href":"https:\/\/www.sinpro-rio.org.br\/principal\/wp-json\/wp\/v2\/types\/post"}],"author":[{"embeddable":true,"href":"https:\/\/www.sinpro-rio.org.br\/principal\/wp-json\/wp\/v2\/users\/1"}],"replies":[{"embeddable":true,"href":"https:\/\/www.sinpro-rio.org.br\/principal\/wp-json\/wp\/v2\/comments?post=20393"}],"version-history":[{"count":0,"href":"https:\/\/www.sinpro-rio.org.br\/principal\/wp-json\/wp\/v2\/posts\/20393\/revisions"}],"wp:attachment":[{"href":"https:\/\/www.sinpro-rio.org.br\/principal\/wp-json\/wp\/v2\/media?parent=20393"}],"wp:term":[{"taxonomy":"category","embeddable":true,"href":"https:\/\/www.sinpro-rio.org.br\/principal\/wp-json\/wp\/v2\/categories?post=20393"},{"taxonomy":"post_tag","embeddable":true,"href":"https:\/\/www.sinpro-rio.org.br\/principal\/wp-json\/wp\/v2\/tags?post=20393"}],"curies":[{"name":"wp","href":"https:\/\/api.w.org\/{rel}","templated":true}]}}