{"id":20391,"date":"2012-02-03T00:00:00","date_gmt":"2012-02-03T00:00:00","guid":{"rendered":""},"modified":"-0001-11-30T00:00:00","modified_gmt":"-0001-11-30T03:00:00","slug":"atenc-o-professores-as-da-gama-filho-e-univercidade-salario-de-dezembro-de-2011","status":"publish","type":"post","link":"https:\/\/www.sinpro-rio.org.br\/principal\/atenc-o-professores-as-da-gama-filho-e-univercidade-salario-de-dezembro-de-2011\/","title":{"rendered":"Aten\u00e7\u00e3o professores(as) da Gama Filho e UniverCidade &#8211; Sal\u00e1rio de dezembro de 2011"},"content":{"rendered":"\n<p>\n <em><br \/>\n  03\/02\/2012<br \/>\n <\/em>\n<\/p>\n<p>\n Em raz\u00e3o da audi\u00eancia promovida na A\u00e7\u00e3o Civil P\u00fablica movida contra a GALILEO\/Gama Filho, na 22\u00aa Vara do Trabalho, o Sinpro-Rio e a Empresa GALILEO compareceram ao Minist\u00e9rio P\u00fablico do Trabalho, ontem, dia 2 de fevereiro, para participarem de uma nova audi\u00eancia com o objetivo de estabelecer a forma de pagamento do sal\u00e1rio devido de dezembro de 2011.<\/p>\n<p>\n  Ap\u00f3s muita discuss\u00e3o sobre esta situa\u00e7\u00e3o, mas acolhendo a contraproposta do Sindicato, o MPT firmou um termo de ajustamento de conduta no qual ficou estabelecido para todos os professores demitidos na Gama Filho, e<br \/>\n  <b><br \/>\n   <i><br \/>\n    CONSEGUIMOS INCLUIR NESTE TERMO TODOS OS PROFESSORES DA UNIVERCIDADE<br \/>\n   <\/i><br \/>\n  <\/b>\n <\/p>\n<\/p>\n<p>\n Ap\u00f3s muita discuss\u00e3o sobre esta situa\u00e7\u00e3o, mas acolhendo a contraproposta do Sindicato, o MPT firmou um termo de ajustamento de conduta no qual ficou estabelecido para todos os professores demitidos na Gama Filho, e<br \/>\n <b><br \/>\n  <i><br \/>\n   CONSEGUIMOS INCLUIR NESTE TERMO TODOS OS PROFESSORES DA UNIVERCIDADE<br \/>\n  <\/i><br \/>\n <\/b><\/p>\n","protected":false},"excerpt":{"rendered":"<p>03\/02\/2012 Em raz\u00e3o da audi\u00eancia promovida na A\u00e7\u00e3o Civil P\u00fablica movida contra a GALILEO\/Gama Filho, na 22\u00aa Vara do Trabalho, o Sinpro-Rio e a Empresa GALILEO compareceram ao Minist\u00e9rio P\u00fablico do Trabalho, ontem, dia 2 de fevereiro, para participarem de uma nova audi\u00eancia com o objetivo de estabelecer a forma de pagamento do sal\u00e1rio devido [&hellip;]<\/p>\n","protected":false},"author":1,"featured_media":0,"comment_status":"closed","ping_status":"open","sticky":false,"template":"","format":"standard","meta":{"footnotes":""},"categories":[1],"tags":[],"class_list":["post-20391","post","type-post","status-publish","format-standard","hentry","category-noticias"],"yoast_head":"<!-- This site is optimized with the Yoast SEO plugin v25.7 - https:\/\/yoast.com\/wordpress\/plugins\/seo\/ -->\n<title>Aten\u00e7\u00e3o professores(as) da Gama Filho e UniverCidade - Sal\u00e1rio de dezembro de 2011 - Sinpro-Rio<\/title>\n<meta name=\"robots\" content=\"index, follow, max-snippet:-1, max-image-preview:large, max-video-preview:-1\" \/>\n<link rel=\"canonical\" href=\"https:\/\/www.sinpro-rio.org.br\/principal\/atenc-o-professores-as-da-gama-filho-e-univercidade-salario-de-dezembro-de-2011\/\" \/>\n<meta property=\"og:locale\" content=\"pt_BR\" \/>\n<meta property=\"og:type\" content=\"article\" \/>\n<meta property=\"og:title\" content=\"Aten\u00e7\u00e3o professores(as) da Gama Filho e UniverCidade - Sal\u00e1rio de dezembro de 2011 - Sinpro-Rio\" \/>\n<meta property=\"og:description\" content=\"03\/02\/2012 Em raz\u00e3o da audi\u00eancia promovida na A\u00e7\u00e3o Civil P\u00fablica movida contra a GALILEO\/Gama Filho, na 22\u00aa Vara do Trabalho, o Sinpro-Rio e a Empresa GALILEO compareceram ao Minist\u00e9rio P\u00fablico do Trabalho, ontem, dia 2 de fevereiro, para participarem de uma nova audi\u00eancia com o objetivo de estabelecer a forma de pagamento do sal\u00e1rio devido [&hellip;]\" \/>\n<meta property=\"og:url\" content=\"https:\/\/www.sinpro-rio.org.br\/principal\/atenc-o-professores-as-da-gama-filho-e-univercidade-salario-de-dezembro-de-2011\/\" \/>\n<meta property=\"og:site_name\" content=\"Sinpro-Rio\" \/>\n<meta property=\"article:published_time\" content=\"2012-02-03T00:00:00+00:00\" \/>\n<meta name=\"author\" content=\"rafaelrjp\" \/>\n<meta name=\"twitter:card\" content=\"summary_large_image\" \/>\n<meta name=\"twitter:label1\" content=\"Escrito por\" \/>\n\t<meta name=\"twitter:data1\" content=\"rafaelrjp\" \/>\n\t<meta name=\"twitter:label2\" content=\"Est. tempo de leitura\" \/>\n\t<meta name=\"twitter:data2\" content=\"1 minuto\" \/>\n<script type=\"application\/ld+json\" class=\"yoast-schema-graph\">{\"@context\":\"https:\/\/schema.org\",\"@graph\":[{\"@type\":\"WebPage\",\"@id\":\"https:\/\/www.sinpro-rio.org.br\/principal\/atenc-o-professores-as-da-gama-filho-e-univercidade-salario-de-dezembro-de-2011\/\",\"url\":\"https:\/\/www.sinpro-rio.org.br\/principal\/atenc-o-professores-as-da-gama-filho-e-univercidade-salario-de-dezembro-de-2011\/\",\"name\":\"Aten\u00e7\u00e3o professores(as) da Gama Filho e UniverCidade - Sal\u00e1rio de dezembro de 2011 - Sinpro-Rio\",\"isPartOf\":{\"@id\":\"https:\/\/www.sinpro-rio.org.br\/principal\/#website\"},\"datePublished\":\"2012-02-03T00:00:00+00:00\",\"author\":{\"@id\":\"https:\/\/www.sinpro-rio.org.br\/principal\/#\/schema\/person\/49feb585a2f57a31a6bd9f16f78e5be6\"},\"breadcrumb\":{\"@id\":\"https:\/\/www.sinpro-rio.org.br\/principal\/atenc-o-professores-as-da-gama-filho-e-univercidade-salario-de-dezembro-de-2011\/#breadcrumb\"},\"inLanguage\":\"pt-BR\",\"potentialAction\":[{\"@type\":\"ReadAction\",\"target\":[\"https:\/\/www.sinpro-rio.org.br\/principal\/atenc-o-professores-as-da-gama-filho-e-univercidade-salario-de-dezembro-de-2011\/\"]}]},{\"@type\":\"BreadcrumbList\",\"@id\":\"https:\/\/www.sinpro-rio.org.br\/principal\/atenc-o-professores-as-da-gama-filho-e-univercidade-salario-de-dezembro-de-2011\/#breadcrumb\",\"itemListElement\":[{\"@type\":\"ListItem\",\"position\":1,\"name\":\"In\u00edcio\",\"item\":\"https:\/\/www.sinpro-rio.org.br\/principal\/\"},{\"@type\":\"ListItem\",\"position\":2,\"name\":\"Aten\u00e7\u00e3o professores(as) da Gama Filho e UniverCidade &#8211; Sal\u00e1rio de dezembro de 2011\"}]},{\"@type\":\"WebSite\",\"@id\":\"https:\/\/www.sinpro-rio.org.br\/principal\/#website\",\"url\":\"https:\/\/www.sinpro-rio.org.br\/principal\/\",\"name\":\"Sinpro-Rio\",\"description\":\"Sindicato dos Professores do Munic\u00edpio do Rio de Janeiro e Regi\u00e3o\",\"potentialAction\":[{\"@type\":\"SearchAction\",\"target\":{\"@type\":\"EntryPoint\",\"urlTemplate\":\"https:\/\/www.sinpro-rio.org.br\/principal\/?s={search_term_string}\"},\"query-input\":{\"@type\":\"PropertyValueSpecification\",\"valueRequired\":true,\"valueName\":\"search_term_string\"}}],\"inLanguage\":\"pt-BR\"},{\"@type\":\"Person\",\"@id\":\"https:\/\/www.sinpro-rio.org.br\/principal\/#\/schema\/person\/49feb585a2f57a31a6bd9f16f78e5be6\",\"name\":\"rafaelrjp\",\"image\":{\"@type\":\"ImageObject\",\"inLanguage\":\"pt-BR\",\"@id\":\"https:\/\/www.sinpro-rio.org.br\/principal\/#\/schema\/person\/image\/\",\"url\":\"https:\/\/secure.gravatar.com\/avatar\/489371a0ba4655c340b519882c68cf68?s=96&d=mm&r=g\",\"contentUrl\":\"https:\/\/secure.gravatar.com\/avatar\/489371a0ba4655c340b519882c68cf68?s=96&d=mm&r=g\",\"caption\":\"rafaelrjp\"},\"url\":\"https:\/\/www.sinpro-rio.org.br\/principal\/author\/rafaelrjp\/\"}]}<\/script>\n<!-- \/ Yoast SEO plugin. -->","yoast_head_json":{"title":"Aten\u00e7\u00e3o professores(as) da Gama Filho e UniverCidade - Sal\u00e1rio de dezembro de 2011 - Sinpro-Rio","robots":{"index":"index","follow":"follow","max-snippet":"max-snippet:-1","max-image-preview":"max-image-preview:large","max-video-preview":"max-video-preview:-1"},"canonical":"https:\/\/www.sinpro-rio.org.br\/principal\/atenc-o-professores-as-da-gama-filho-e-univercidade-salario-de-dezembro-de-2011\/","og_locale":"pt_BR","og_type":"article","og_title":"Aten\u00e7\u00e3o professores(as) da Gama Filho e UniverCidade - Sal\u00e1rio de dezembro de 2011 - Sinpro-Rio","og_description":"03\/02\/2012 Em raz\u00e3o da audi\u00eancia promovida na A\u00e7\u00e3o Civil P\u00fablica movida contra a GALILEO\/Gama Filho, na 22\u00aa Vara do Trabalho, o Sinpro-Rio e a Empresa GALILEO compareceram ao Minist\u00e9rio P\u00fablico do Trabalho, ontem, dia 2 de fevereiro, para participarem de uma nova audi\u00eancia com o objetivo de estabelecer a forma de pagamento do sal\u00e1rio devido [&hellip;]","og_url":"https:\/\/www.sinpro-rio.org.br\/principal\/atenc-o-professores-as-da-gama-filho-e-univercidade-salario-de-dezembro-de-2011\/","og_site_name":"Sinpro-Rio","article_published_time":"2012-02-03T00:00:00+00:00","author":"rafaelrjp","twitter_card":"summary_large_image","twitter_misc":{"Escrito por":"rafaelrjp","Est. tempo de leitura":"1 minuto"},"schema":{"@context":"https:\/\/schema.org","@graph":[{"@type":"WebPage","@id":"https:\/\/www.sinpro-rio.org.br\/principal\/atenc-o-professores-as-da-gama-filho-e-univercidade-salario-de-dezembro-de-2011\/","url":"https:\/\/www.sinpro-rio.org.br\/principal\/atenc-o-professores-as-da-gama-filho-e-univercidade-salario-de-dezembro-de-2011\/","name":"Aten\u00e7\u00e3o professores(as) da Gama Filho e UniverCidade - Sal\u00e1rio de dezembro de 2011 - Sinpro-Rio","isPartOf":{"@id":"https:\/\/www.sinpro-rio.org.br\/principal\/#website"},"datePublished":"2012-02-03T00:00:00+00:00","author":{"@id":"https:\/\/www.sinpro-rio.org.br\/principal\/#\/schema\/person\/49feb585a2f57a31a6bd9f16f78e5be6"},"breadcrumb":{"@id":"https:\/\/www.sinpro-rio.org.br\/principal\/atenc-o-professores-as-da-gama-filho-e-univercidade-salario-de-dezembro-de-2011\/#breadcrumb"},"inLanguage":"pt-BR","potentialAction":[{"@type":"ReadAction","target":["https:\/\/www.sinpro-rio.org.br\/principal\/atenc-o-professores-as-da-gama-filho-e-univercidade-salario-de-dezembro-de-2011\/"]}]},{"@type":"BreadcrumbList","@id":"https:\/\/www.sinpro-rio.org.br\/principal\/atenc-o-professores-as-da-gama-filho-e-univercidade-salario-de-dezembro-de-2011\/#breadcrumb","itemListElement":[{"@type":"ListItem","position":1,"name":"In\u00edcio","item":"https:\/\/www.sinpro-rio.org.br\/principal\/"},{"@type":"ListItem","position":2,"name":"Aten\u00e7\u00e3o professores(as) da Gama Filho e UniverCidade &#8211; Sal\u00e1rio de dezembro de 2011"}]},{"@type":"WebSite","@id":"https:\/\/www.sinpro-rio.org.br\/principal\/#website","url":"https:\/\/www.sinpro-rio.org.br\/principal\/","name":"Sinpro-Rio","description":"Sindicato dos Professores do Munic\u00edpio do Rio de Janeiro e Regi\u00e3o","potentialAction":[{"@type":"SearchAction","target":{"@type":"EntryPoint","urlTemplate":"https:\/\/www.sinpro-rio.org.br\/principal\/?s={search_term_string}"},"query-input":{"@type":"PropertyValueSpecification","valueRequired":true,"valueName":"search_term_string"}}],"inLanguage":"pt-BR"},{"@type":"Person","@id":"https:\/\/www.sinpro-rio.org.br\/principal\/#\/schema\/person\/49feb585a2f57a31a6bd9f16f78e5be6","name":"rafaelrjp","image":{"@type":"ImageObject","inLanguage":"pt-BR","@id":"https:\/\/www.sinpro-rio.org.br\/principal\/#\/schema\/person\/image\/","url":"https:\/\/secure.gravatar.com\/avatar\/489371a0ba4655c340b519882c68cf68?s=96&d=mm&r=g","contentUrl":"https:\/\/secure.gravatar.com\/avatar\/489371a0ba4655c340b519882c68cf68?s=96&d=mm&r=g","caption":"rafaelrjp"},"url":"https:\/\/www.sinpro-rio.org.br\/principal\/author\/rafaelrjp\/"}]}},"_links":{"self":[{"href":"https:\/\/www.sinpro-rio.org.br\/principal\/wp-json\/wp\/v2\/posts\/20391","targetHints":{"allow":["GET"]}}],"collection":[{"href":"https:\/\/www.sinpro-rio.org.br\/principal\/wp-json\/wp\/v2\/posts"}],"about":[{"href":"https:\/\/www.sinpro-rio.org.br\/principal\/wp-json\/wp\/v2\/types\/post"}],"author":[{"embeddable":true,"href":"https:\/\/www.sinpro-rio.org.br\/principal\/wp-json\/wp\/v2\/users\/1"}],"replies":[{"embeddable":true,"href":"https:\/\/www.sinpro-rio.org.br\/principal\/wp-json\/wp\/v2\/comments?post=20391"}],"version-history":[{"count":0,"href":"https:\/\/www.sinpro-rio.org.br\/principal\/wp-json\/wp\/v2\/posts\/20391\/revisions"}],"wp:attachment":[{"href":"https:\/\/www.sinpro-rio.org.br\/principal\/wp-json\/wp\/v2\/media?parent=20391"}],"wp:term":[{"taxonomy":"category","embeddable":true,"href":"https:\/\/www.sinpro-rio.org.br\/principal\/wp-json\/wp\/v2\/categories?post=20391"},{"taxonomy":"post_tag","embeddable":true,"href":"https:\/\/www.sinpro-rio.org.br\/principal\/wp-json\/wp\/v2\/tags?post=20391"}],"curies":[{"name":"wp","href":"https:\/\/api.w.org\/{rel}","templated":true}]}}