{"id":20383,"date":"2012-02-10T00:00:00","date_gmt":"2012-02-10T00:00:00","guid":{"rendered":""},"modified":"-0001-11-30T00:00:00","modified_gmt":"-0001-11-30T03:00:00","slug":"professores-da-univercidade-e-gama-filho-ac-es-individuais","status":"publish","type":"post","link":"https:\/\/www.sinpro-rio.org.br\/principal\/professores-da-univercidade-e-gama-filho-ac-es-individuais\/","title":{"rendered":"Professores da UniverCidade e Gama Filho &#8211; A\u00c7\u00d5ES INDIVIDUAIS"},"content":{"rendered":"\n<p>\n <em><br \/>\n  10\/02\/2012<br \/>\n <\/em>\n<\/p>\n<p>\n Nas reuni\u00f5es realizadas no Sinpro-Rio com os professores da Gama Filho e Univercidade, nos dias 7 e 8 de fevereiro, respectivamente, a advogada Rita Cortez orientou os presentes a aguardar o desfecho das a\u00e7\u00f5es coletivas movidas pelo Sindicato, at\u00e9 porque este caminho, hoje, se apresenta como sendo mais correto e favor\u00e1vel aos professores.<\/p>\n<p>\n  Entendendo, por outro lado, a situa\u00e7\u00e3o individual de alguns docentes que n\u00e3o querem, em hip\u00f3tese alguma, aguardar o andamento das A\u00e7\u00f5es Civis P\u00fablicas &#8211; ACPUs, optando por rescindir o contrato de emprego de forma imediata, a advogada da Cortez e Xavier &#8211; AJS, escrit\u00f3rio que patrocina as a\u00e7\u00f5es e assessora o Sindicato no atendimento aos professores universit\u00e1rios, apresentou uma proposta de solu\u00e7\u00e3o judicial individual que n\u00e3o entra em conflito com o que est\u00e1 sendo debatido nas a\u00e7\u00f5es coletivas.<\/p>\n<p>\n   Os professores que estiverem interessados em conhecer a via judicial que est\u00e1 sendo orientada pela AJS dever\u00e3o procurar o Sindicato para agendar consulta com os advogados do escrit\u00f3rio, atrav\u00e9s do estagi\u00e1rio da AJS, Marcelo Luis Pacheco, no telefone 3262-3430, no hor\u00e1rio das 15 \u00e0s 17h30. Informamos que os casos individuais ligados \u00e0 situa\u00e7\u00e3o da Gama Filho e UniverCidade est\u00e3o sendo agendados com prioridade de atendimento pelos advogados.<\/p>\n<p>\n    O Sinpro-Rio tamb\u00e9m disponibilizou um email exclusivo aos professores da UniverCidade e da Gama Filho, como mais um canal de comunica\u00e7\u00e3o,<br \/>\nd\u00favidas e den\u00fancias:<br \/>\n    <a href=\"mailto:profgamacidade@sinpro-rio.org.br\"><br \/>\n     profgamacidade@sinpro-rio.org.br<br \/>\n    <\/a>\n   <\/p>\n<\/p>\n<\/p>\n<p>\n Entendendo, por outro lado, a situa\u00e7\u00e3o individual de alguns docentes que n\u00e3o querem, em hip\u00f3tese alguma, aguardar o andamento das A\u00e7\u00f5es Civis P\u00fablicas &#8211; ACPUs, optando por rescindir o contrato de emprego de forma imediata, a advogada da Cortez e Xavier &#8211; AJS, escrit\u00f3rio que patrocina as a\u00e7\u00f5es e assessora o Sindicato no atendimento aos professores universit\u00e1rios, apresentou uma proposta de solu\u00e7\u00e3o judicial individual que n\u00e3o entra em conflito com o que est\u00e1 sendo debatido nas a\u00e7\u00f5es coletivas.<\/p>\n<p>\n  Os professores que estiverem interessados em conhecer a via judicial que est\u00e1 sendo orientada pela AJS dever\u00e3o procurar o Sindicato para agendar consulta com os advogados do escrit\u00f3rio, atrav\u00e9s do estagi\u00e1rio da AJS, Marcelo Luis Pacheco, no telefone 3262-3430, no hor\u00e1rio das 15 \u00e0s 17h30. Informamos que os casos individuais ligados \u00e0 situa\u00e7\u00e3o da Gama Filho e UniverCidade est\u00e3o sendo agendados com prioridade de atendimento pelos advogados.<\/p>\n<p>\n   O Sinpro-Rio tamb\u00e9m disponibilizou um email exclusivo aos professores da UniverCidade e da Gama Filho, como mais um canal de comunica\u00e7\u00e3o,<br \/>\nd\u00favidas e den\u00fancias:<br \/>\n   <a href=\"mailto:profgamacidade@sinpro-rio.org.br\"><br \/>\n    profgamacidade@sinpro-rio.org.br<br \/>\n   <\/a>\n  <\/p>\n<\/p>\n<p>\n Os professores que estiverem interessados em conhecer a via judicial que est\u00e1 sendo orientada pela AJS dever\u00e3o procurar o Sindicato para agendar consulta com os advogados do escrit\u00f3rio, atrav\u00e9s do estagi\u00e1rio da AJS, Marcelo Luis Pacheco, no telefone 3262-3430, no hor\u00e1rio das 15 \u00e0s 17h30. Informamos que os casos individuais ligados \u00e0 situa\u00e7\u00e3o da Gama Filho e UniverCidade est\u00e3o sendo agendados com prioridade de atendimento pelos advogados.<\/p>\n<p>\n  O Sinpro-Rio tamb\u00e9m disponibilizou um email exclusivo aos professores da UniverCidade e da Gama Filho, como mais um canal de comunica\u00e7\u00e3o,<br \/>\nd\u00favidas e den\u00fancias:<br \/>\n  <a href=\"mailto:profgamacidade@sinpro-rio.org.br\"><br \/>\n   profgamacidade@sinpro-rio.org.br<br \/>\n  <\/a>\n <\/p>\n<\/p>\n<p>\n O Sinpro-Rio tamb\u00e9m disponibilizou um email exclusivo aos professores da UniverCidade e da Gama Filho, como mais um canal de comunica\u00e7\u00e3o,<br \/>\nd\u00favidas e den\u00fancias:<br \/>\n <a href=\"mailto:profgamacidade@sinpro-rio.org.br\"><br \/>\n  profgamacidade@sinpro-rio.org.br<br \/>\n <\/a><\/p>\n","protected":false},"excerpt":{"rendered":"<p>10\/02\/2012 Nas reuni\u00f5es realizadas no Sinpro-Rio com os professores da Gama Filho e Univercidade, nos dias 7 e 8 de fevereiro, respectivamente, a advogada Rita Cortez orientou os presentes a aguardar o desfecho das a\u00e7\u00f5es coletivas movidas pelo Sindicato, at\u00e9 porque este caminho, hoje, se apresenta como sendo mais correto e favor\u00e1vel aos professores. Entendendo, [&hellip;]<\/p>\n","protected":false},"author":1,"featured_media":0,"comment_status":"closed","ping_status":"open","sticky":false,"template":"","format":"standard","meta":{"footnotes":""},"categories":[1],"tags":[],"class_list":["post-20383","post","type-post","status-publish","format-standard","hentry","category-noticias"],"yoast_head":"<!-- This site is optimized with the Yoast SEO plugin v25.7 - https:\/\/yoast.com\/wordpress\/plugins\/seo\/ -->\n<title>Professores da UniverCidade e Gama Filho - A\u00c7\u00d5ES INDIVIDUAIS - Sinpro-Rio<\/title>\n<meta name=\"robots\" content=\"index, follow, max-snippet:-1, max-image-preview:large, max-video-preview:-1\" \/>\n<link rel=\"canonical\" href=\"https:\/\/www.sinpro-rio.org.br\/principal\/professores-da-univercidade-e-gama-filho-ac-es-individuais\/\" \/>\n<meta property=\"og:locale\" content=\"pt_BR\" \/>\n<meta property=\"og:type\" content=\"article\" \/>\n<meta property=\"og:title\" content=\"Professores da UniverCidade e Gama Filho - A\u00c7\u00d5ES INDIVIDUAIS - Sinpro-Rio\" \/>\n<meta property=\"og:description\" content=\"10\/02\/2012 Nas reuni\u00f5es realizadas no Sinpro-Rio com os professores da Gama Filho e Univercidade, nos dias 7 e 8 de fevereiro, respectivamente, a advogada Rita Cortez orientou os presentes a aguardar o desfecho das a\u00e7\u00f5es coletivas movidas pelo Sindicato, at\u00e9 porque este caminho, hoje, se apresenta como sendo mais correto e favor\u00e1vel aos professores. Entendendo, [&hellip;]\" \/>\n<meta property=\"og:url\" content=\"https:\/\/www.sinpro-rio.org.br\/principal\/professores-da-univercidade-e-gama-filho-ac-es-individuais\/\" \/>\n<meta property=\"og:site_name\" content=\"Sinpro-Rio\" \/>\n<meta property=\"article:published_time\" content=\"2012-02-10T00:00:00+00:00\" \/>\n<meta name=\"author\" content=\"rafaelrjp\" \/>\n<meta name=\"twitter:card\" content=\"summary_large_image\" \/>\n<meta name=\"twitter:label1\" content=\"Escrito por\" \/>\n\t<meta name=\"twitter:data1\" content=\"rafaelrjp\" \/>\n\t<meta name=\"twitter:label2\" content=\"Est. tempo de leitura\" \/>\n\t<meta name=\"twitter:data2\" content=\"3 minutos\" \/>\n<script type=\"application\/ld+json\" class=\"yoast-schema-graph\">{\"@context\":\"https:\/\/schema.org\",\"@graph\":[{\"@type\":\"WebPage\",\"@id\":\"https:\/\/www.sinpro-rio.org.br\/principal\/professores-da-univercidade-e-gama-filho-ac-es-individuais\/\",\"url\":\"https:\/\/www.sinpro-rio.org.br\/principal\/professores-da-univercidade-e-gama-filho-ac-es-individuais\/\",\"name\":\"Professores da UniverCidade e Gama Filho - A\u00c7\u00d5ES INDIVIDUAIS - Sinpro-Rio\",\"isPartOf\":{\"@id\":\"https:\/\/www.sinpro-rio.org.br\/principal\/#website\"},\"datePublished\":\"2012-02-10T00:00:00+00:00\",\"author\":{\"@id\":\"https:\/\/www.sinpro-rio.org.br\/principal\/#\/schema\/person\/49feb585a2f57a31a6bd9f16f78e5be6\"},\"breadcrumb\":{\"@id\":\"https:\/\/www.sinpro-rio.org.br\/principal\/professores-da-univercidade-e-gama-filho-ac-es-individuais\/#breadcrumb\"},\"inLanguage\":\"pt-BR\",\"potentialAction\":[{\"@type\":\"ReadAction\",\"target\":[\"https:\/\/www.sinpro-rio.org.br\/principal\/professores-da-univercidade-e-gama-filho-ac-es-individuais\/\"]}]},{\"@type\":\"BreadcrumbList\",\"@id\":\"https:\/\/www.sinpro-rio.org.br\/principal\/professores-da-univercidade-e-gama-filho-ac-es-individuais\/#breadcrumb\",\"itemListElement\":[{\"@type\":\"ListItem\",\"position\":1,\"name\":\"In\u00edcio\",\"item\":\"https:\/\/www.sinpro-rio.org.br\/principal\/\"},{\"@type\":\"ListItem\",\"position\":2,\"name\":\"Professores da UniverCidade e Gama Filho &#8211; A\u00c7\u00d5ES INDIVIDUAIS\"}]},{\"@type\":\"WebSite\",\"@id\":\"https:\/\/www.sinpro-rio.org.br\/principal\/#website\",\"url\":\"https:\/\/www.sinpro-rio.org.br\/principal\/\",\"name\":\"Sinpro-Rio\",\"description\":\"Sindicato dos Professores do Munic\u00edpio do Rio de Janeiro e Regi\u00e3o\",\"potentialAction\":[{\"@type\":\"SearchAction\",\"target\":{\"@type\":\"EntryPoint\",\"urlTemplate\":\"https:\/\/www.sinpro-rio.org.br\/principal\/?s={search_term_string}\"},\"query-input\":{\"@type\":\"PropertyValueSpecification\",\"valueRequired\":true,\"valueName\":\"search_term_string\"}}],\"inLanguage\":\"pt-BR\"},{\"@type\":\"Person\",\"@id\":\"https:\/\/www.sinpro-rio.org.br\/principal\/#\/schema\/person\/49feb585a2f57a31a6bd9f16f78e5be6\",\"name\":\"rafaelrjp\",\"image\":{\"@type\":\"ImageObject\",\"inLanguage\":\"pt-BR\",\"@id\":\"https:\/\/www.sinpro-rio.org.br\/principal\/#\/schema\/person\/image\/\",\"url\":\"https:\/\/secure.gravatar.com\/avatar\/489371a0ba4655c340b519882c68cf68?s=96&d=mm&r=g\",\"contentUrl\":\"https:\/\/secure.gravatar.com\/avatar\/489371a0ba4655c340b519882c68cf68?s=96&d=mm&r=g\",\"caption\":\"rafaelrjp\"},\"url\":\"https:\/\/www.sinpro-rio.org.br\/principal\/author\/rafaelrjp\/\"}]}<\/script>\n<!-- \/ Yoast SEO plugin. -->","yoast_head_json":{"title":"Professores da UniverCidade e Gama Filho - A\u00c7\u00d5ES INDIVIDUAIS - Sinpro-Rio","robots":{"index":"index","follow":"follow","max-snippet":"max-snippet:-1","max-image-preview":"max-image-preview:large","max-video-preview":"max-video-preview:-1"},"canonical":"https:\/\/www.sinpro-rio.org.br\/principal\/professores-da-univercidade-e-gama-filho-ac-es-individuais\/","og_locale":"pt_BR","og_type":"article","og_title":"Professores da UniverCidade e Gama Filho - A\u00c7\u00d5ES INDIVIDUAIS - Sinpro-Rio","og_description":"10\/02\/2012 Nas reuni\u00f5es realizadas no Sinpro-Rio com os professores da Gama Filho e Univercidade, nos dias 7 e 8 de fevereiro, respectivamente, a advogada Rita Cortez orientou os presentes a aguardar o desfecho das a\u00e7\u00f5es coletivas movidas pelo Sindicato, at\u00e9 porque este caminho, hoje, se apresenta como sendo mais correto e favor\u00e1vel aos professores. Entendendo, [&hellip;]","og_url":"https:\/\/www.sinpro-rio.org.br\/principal\/professores-da-univercidade-e-gama-filho-ac-es-individuais\/","og_site_name":"Sinpro-Rio","article_published_time":"2012-02-10T00:00:00+00:00","author":"rafaelrjp","twitter_card":"summary_large_image","twitter_misc":{"Escrito por":"rafaelrjp","Est. tempo de leitura":"3 minutos"},"schema":{"@context":"https:\/\/schema.org","@graph":[{"@type":"WebPage","@id":"https:\/\/www.sinpro-rio.org.br\/principal\/professores-da-univercidade-e-gama-filho-ac-es-individuais\/","url":"https:\/\/www.sinpro-rio.org.br\/principal\/professores-da-univercidade-e-gama-filho-ac-es-individuais\/","name":"Professores da UniverCidade e Gama Filho - A\u00c7\u00d5ES INDIVIDUAIS - Sinpro-Rio","isPartOf":{"@id":"https:\/\/www.sinpro-rio.org.br\/principal\/#website"},"datePublished":"2012-02-10T00:00:00+00:00","author":{"@id":"https:\/\/www.sinpro-rio.org.br\/principal\/#\/schema\/person\/49feb585a2f57a31a6bd9f16f78e5be6"},"breadcrumb":{"@id":"https:\/\/www.sinpro-rio.org.br\/principal\/professores-da-univercidade-e-gama-filho-ac-es-individuais\/#breadcrumb"},"inLanguage":"pt-BR","potentialAction":[{"@type":"ReadAction","target":["https:\/\/www.sinpro-rio.org.br\/principal\/professores-da-univercidade-e-gama-filho-ac-es-individuais\/"]}]},{"@type":"BreadcrumbList","@id":"https:\/\/www.sinpro-rio.org.br\/principal\/professores-da-univercidade-e-gama-filho-ac-es-individuais\/#breadcrumb","itemListElement":[{"@type":"ListItem","position":1,"name":"In\u00edcio","item":"https:\/\/www.sinpro-rio.org.br\/principal\/"},{"@type":"ListItem","position":2,"name":"Professores da UniverCidade e Gama Filho &#8211; A\u00c7\u00d5ES INDIVIDUAIS"}]},{"@type":"WebSite","@id":"https:\/\/www.sinpro-rio.org.br\/principal\/#website","url":"https:\/\/www.sinpro-rio.org.br\/principal\/","name":"Sinpro-Rio","description":"Sindicato dos Professores do Munic\u00edpio do Rio de Janeiro e Regi\u00e3o","potentialAction":[{"@type":"SearchAction","target":{"@type":"EntryPoint","urlTemplate":"https:\/\/www.sinpro-rio.org.br\/principal\/?s={search_term_string}"},"query-input":{"@type":"PropertyValueSpecification","valueRequired":true,"valueName":"search_term_string"}}],"inLanguage":"pt-BR"},{"@type":"Person","@id":"https:\/\/www.sinpro-rio.org.br\/principal\/#\/schema\/person\/49feb585a2f57a31a6bd9f16f78e5be6","name":"rafaelrjp","image":{"@type":"ImageObject","inLanguage":"pt-BR","@id":"https:\/\/www.sinpro-rio.org.br\/principal\/#\/schema\/person\/image\/","url":"https:\/\/secure.gravatar.com\/avatar\/489371a0ba4655c340b519882c68cf68?s=96&d=mm&r=g","contentUrl":"https:\/\/secure.gravatar.com\/avatar\/489371a0ba4655c340b519882c68cf68?s=96&d=mm&r=g","caption":"rafaelrjp"},"url":"https:\/\/www.sinpro-rio.org.br\/principal\/author\/rafaelrjp\/"}]}},"_links":{"self":[{"href":"https:\/\/www.sinpro-rio.org.br\/principal\/wp-json\/wp\/v2\/posts\/20383","targetHints":{"allow":["GET"]}}],"collection":[{"href":"https:\/\/www.sinpro-rio.org.br\/principal\/wp-json\/wp\/v2\/posts"}],"about":[{"href":"https:\/\/www.sinpro-rio.org.br\/principal\/wp-json\/wp\/v2\/types\/post"}],"author":[{"embeddable":true,"href":"https:\/\/www.sinpro-rio.org.br\/principal\/wp-json\/wp\/v2\/users\/1"}],"replies":[{"embeddable":true,"href":"https:\/\/www.sinpro-rio.org.br\/principal\/wp-json\/wp\/v2\/comments?post=20383"}],"version-history":[{"count":0,"href":"https:\/\/www.sinpro-rio.org.br\/principal\/wp-json\/wp\/v2\/posts\/20383\/revisions"}],"wp:attachment":[{"href":"https:\/\/www.sinpro-rio.org.br\/principal\/wp-json\/wp\/v2\/media?parent=20383"}],"wp:term":[{"taxonomy":"category","embeddable":true,"href":"https:\/\/www.sinpro-rio.org.br\/principal\/wp-json\/wp\/v2\/categories?post=20383"},{"taxonomy":"post_tag","embeddable":true,"href":"https:\/\/www.sinpro-rio.org.br\/principal\/wp-json\/wp\/v2\/tags?post=20383"}],"curies":[{"name":"wp","href":"https:\/\/api.w.org\/{rel}","templated":true}]}}