{"id":20382,"date":"2012-02-13T00:00:00","date_gmt":"2012-02-13T00:00:00","guid":{"rendered":""},"modified":"-0001-11-30T00:00:00","modified_gmt":"-0001-11-30T03:00:00","slug":"assembleia-da-educac-o-basica-de-11-02-caminhada-e-assembleia-programadas","status":"publish","type":"post","link":"https:\/\/www.sinpro-rio.org.br\/principal\/assembleia-da-educac-o-basica-de-11-02-caminhada-e-assembleia-programadas\/","title":{"rendered":"Assembleia da Educa\u00e7\u00e3o B\u00e1sica de 11\/02: caminhada e assembleia programadas"},"content":{"rendered":"\n<p>\n <em><br \/>\n  13\/02\/2012<br \/>\n <\/em>\n<\/p>\n<p class=\"imgleft pic\">\n <img decoding=\"async\" align=\"right\" alt=\"foto\" src=\"http:\/\/www.sinprorio.pro.br\/site_antigo\/imagens\/noticia\/2012\/assembleia1102.png\" width=\"300\"\/><\/p>\n<p>\n  A terceira assembleia da Educa\u00e7\u00e3o B\u00e1sica, no dia 11 de fevereiro, na Sede do Sinpro-Rio. O presidente do Sindicato, Wanderley Qu\u00eado,<br \/>\nrelatou a segunda rodada das negocia\u00e7\u00f5es com o sindicato patronal, onde o Sinpro-Rio reafirmou os eixos da Campanha Salarial 2012, a recomposi\u00e7\u00e3o<br \/>\nsalarial com o ganho real o aumento diferenciado do piso com a equipara\u00e7\u00e3o salarial na educa\u00e7\u00e3o b\u00e1sica. A pr\u00f3xima assembleia ficou agendada<br \/>\npara dia 10 de mar\u00e7o, s\u00e1bado, \u00e0s 14h, tamb\u00e9m no Sindicato.<\/p>\n<p>\n   J\u00e1 no dia seguinte, 11\/03, acontecer\u00e1, na orla de Ipanema, a 3\u00aa Caminhada dos Professores, adiada pela n\u00e3o autoriza\u00e7\u00e3o da<br \/>\nprefeitura para o dia 12\/02. \u00c9 imprescind\u00edvel a participa\u00e7\u00e3o da categoria e de todos os envolvidos no processo educacional, para chamar a aten\u00e7\u00e3o para as quest\u00f5es que envolvem a Educa\u00e7\u00e3o nos dias de hoje.<\/p>\n<p>\n    <b><br \/>\n     Fique de olho na agenda e acompanhe:<br \/>\n    <\/b><br \/>\n    <br \/>\n    06\/03 \u2013 F\u00f3rum Permanente da Educa\u00e7\u00e3o Infantil;<br \/>\n    <br \/>\n    10\/03 \u2013 Assembleia da Educa\u00e7\u00e3o B\u00e1sica;<br \/>\n    <br \/>\n    11\/03 \u2013 3\u00aa Caminhada dos Professores, na orla de Ipanema.<\/p>\n<p>\n     Leia<br \/>\n     <a class=\"submenu\" href=\"http:\/\/www.sinprorio.pro.br\/site_antigo\/atualidades\/noticias-gerais-2011-nov-22-salarial.php\" target=\"_blank\"><br \/>\n      aqui<br \/>\n     <\/a><br \/>\n     os eixos b\u00e1sicos dessa campanha e veja as<br \/>\n     <a class=\"submenu\" href=\"http:\/\/www.sinprorio.pro.br\/site_antigo\/atualidades\/fotos-2012-fev-11-assembleia-educacao-basica.php\" target=\"_blank\"><br \/>\n      fotos<br \/>\n     <\/a><br \/>\n     da assembleia.\n    <\/p>\n<\/p>\n<\/p>\n<p>\n A terceira assembleia da Educa\u00e7\u00e3o B\u00e1sica, no dia 11 de fevereiro, na Sede do Sinpro-Rio. O presidente do Sindicato, Wanderley Qu\u00eado,<br \/>\nrelatou a segunda rodada das negocia\u00e7\u00f5es com o sindicato patronal, onde o Sinpro-Rio reafirmou os eixos da Campanha Salarial 2012, a recomposi\u00e7\u00e3o<br \/>\nsalarial com o ganho real o aumento diferenciado do piso com a equipara\u00e7\u00e3o salarial na educa\u00e7\u00e3o b\u00e1sica. A pr\u00f3xima assembleia ficou agendada<br \/>\npara dia 10 de mar\u00e7o, s\u00e1bado, \u00e0s 14h, tamb\u00e9m no Sindicato.<\/p>\n<p>\n  J\u00e1 no dia seguinte, 11\/03, acontecer\u00e1, na orla de Ipanema, a 3\u00aa Caminhada dos Professores, adiada pela n\u00e3o autoriza\u00e7\u00e3o da<br \/>\nprefeitura para o dia 12\/02. \u00c9 imprescind\u00edvel a participa\u00e7\u00e3o da categoria e de todos os envolvidos no processo educacional, para chamar a aten\u00e7\u00e3o para as quest\u00f5es que envolvem a Educa\u00e7\u00e3o nos dias de hoje.<\/p>\n<p>\n   <b><br \/>\n    Fique de olho na agenda e acompanhe:<br \/>\n   <\/b><br \/>\n   <br \/>\n   06\/03 \u2013 F\u00f3rum Permanente da Educa\u00e7\u00e3o Infantil;<br \/>\n   <br \/>\n   10\/03 \u2013 Assembleia da Educa\u00e7\u00e3o B\u00e1sica;<br \/>\n   <br \/>\n   11\/03 \u2013 3\u00aa Caminhada dos Professores, na orla de Ipanema.<\/p>\n<p>\n    Leia<br \/>\n    <a class=\"submenu\" href=\"http:\/\/www.sinprorio.pro.br\/site_antigo\/atualidades\/noticias-gerais-2011-nov-22-salarial.php\" target=\"_blank\"><br \/>\n     aqui<br \/>\n    <\/a><br \/>\n    os eixos b\u00e1sicos dessa campanha e veja as<br \/>\n    <a class=\"submenu\" href=\"http:\/\/www.sinprorio.pro.br\/site_antigo\/atualidades\/fotos-2012-fev-11-assembleia-educacao-basica.php\" target=\"_blank\"><br \/>\n     fotos<br \/>\n    <\/a><br \/>\n    da assembleia.\n   <\/p>\n<\/p>\n<\/p>\n<p>\n J\u00e1 no dia seguinte, 11\/03, acontecer\u00e1, na orla de Ipanema, a 3\u00aa Caminhada dos Professores, adiada pela n\u00e3o autoriza\u00e7\u00e3o da<br \/>\nprefeitura para o dia 12\/02. \u00c9 imprescind\u00edvel a participa\u00e7\u00e3o da categoria e de todos os envolvidos no processo educacional, para chamar a aten\u00e7\u00e3o para as quest\u00f5es que envolvem a Educa\u00e7\u00e3o nos dias de hoje.<\/p>\n<p>\n  <b><br \/>\n   Fique de olho na agenda e acompanhe:<br \/>\n  <\/b><br \/>\n  <br \/>\n  06\/03 \u2013 F\u00f3rum Permanente da Educa\u00e7\u00e3o Infantil;<br \/>\n  <br \/>\n  10\/03 \u2013 Assembleia da Educa\u00e7\u00e3o B\u00e1sica;<br \/>\n  <br \/>\n  11\/03 \u2013 3\u00aa Caminhada dos Professores, na orla de Ipanema.<\/p>\n<p>\n   Leia<br \/>\n   <a class=\"submenu\" href=\"http:\/\/www.sinprorio.pro.br\/site_antigo\/atualidades\/noticias-gerais-2011-nov-22-salarial.php\" target=\"_blank\"><br \/>\n    aqui<br \/>\n   <\/a><br \/>\n   os eixos b\u00e1sicos dessa campanha e veja as<br \/>\n   <a class=\"submenu\" href=\"http:\/\/www.sinprorio.pro.br\/site_antigo\/atualidades\/fotos-2012-fev-11-assembleia-educacao-basica.php\" target=\"_blank\"><br \/>\n    fotos<br \/>\n   <\/a><br \/>\n   da assembleia.\n  <\/p>\n<\/p>\n<p>\n <b><br \/>\n  Fique de olho na agenda e acompanhe:<br \/>\n <\/b><br \/>\n <br \/>\n 06\/03 \u2013 F\u00f3rum Permanente da Educa\u00e7\u00e3o Infantil;<br \/>\n <br \/>\n 10\/03 \u2013 Assembleia da Educa\u00e7\u00e3o B\u00e1sica;<br \/>\n <br \/>\n 11\/03 \u2013 3\u00aa Caminhada dos Professores, na orla de Ipanema.<\/p>\n<p>\n  Leia<br \/>\n  <a class=\"submenu\" href=\"http:\/\/www.sinprorio.pro.br\/site_antigo\/atualidades\/noticias-gerais-2011-nov-22-salarial.php\" target=\"_blank\"><br \/>\n   aqui<br \/>\n  <\/a><br \/>\n  os eixos b\u00e1sicos dessa campanha e veja as<br \/>\n  <a class=\"submenu\" href=\"http:\/\/www.sinprorio.pro.br\/site_antigo\/atualidades\/fotos-2012-fev-11-assembleia-educacao-basica.php\" target=\"_blank\"><br \/>\n   fotos<br \/>\n  <\/a><br \/>\n  da assembleia.\n <\/p>\n<\/p>\n<p>\n Leia<br \/>\n <a class=\"submenu\" href=\"http:\/\/www.sinprorio.pro.br\/site_antigo\/atualidades\/noticias-gerais-2011-nov-22-salarial.php\" target=\"_blank\"><br \/>\n  aqui<br \/>\n <\/a><br \/>\n os eixos b\u00e1sicos dessa campanha e veja as<br \/>\n <a class=\"submenu\" href=\"http:\/\/www.sinprorio.pro.br\/site_antigo\/atualidades\/fotos-2012-fev-11-assembleia-educacao-basica.php\" target=\"_blank\"><br \/>\n  fotos<br \/>\n <\/a><br \/>\n da assembleia.<\/p>\n","protected":false},"excerpt":{"rendered":"<p>13\/02\/2012 A terceira assembleia da Educa\u00e7\u00e3o B\u00e1sica, no dia 11 de fevereiro, na Sede do Sinpro-Rio. O presidente do Sindicato, Wanderley Qu\u00eado, relatou a segunda rodada das negocia\u00e7\u00f5es com o sindicato patronal, onde o Sinpro-Rio reafirmou os eixos da Campanha Salarial 2012, a recomposi\u00e7\u00e3o salarial com o ganho real o aumento diferenciado do piso com [&hellip;]<\/p>\n","protected":false},"author":1,"featured_media":0,"comment_status":"closed","ping_status":"open","sticky":false,"template":"","format":"standard","meta":{"footnotes":""},"categories":[1],"tags":[],"class_list":["post-20382","post","type-post","status-publish","format-standard","hentry","category-noticias"],"yoast_head":"<!-- This site is optimized with the Yoast SEO plugin v25.7 - https:\/\/yoast.com\/wordpress\/plugins\/seo\/ -->\n<title>Assembleia da Educa\u00e7\u00e3o B\u00e1sica de 11\/02: caminhada e assembleia programadas - Sinpro-Rio<\/title>\n<meta name=\"robots\" content=\"index, follow, max-snippet:-1, max-image-preview:large, max-video-preview:-1\" \/>\n<link rel=\"canonical\" href=\"https:\/\/www.sinpro-rio.org.br\/principal\/assembleia-da-educac-o-basica-de-11-02-caminhada-e-assembleia-programadas\/\" \/>\n<meta property=\"og:locale\" content=\"pt_BR\" \/>\n<meta property=\"og:type\" content=\"article\" \/>\n<meta property=\"og:title\" content=\"Assembleia da Educa\u00e7\u00e3o B\u00e1sica de 11\/02: caminhada e assembleia programadas - Sinpro-Rio\" \/>\n<meta property=\"og:description\" content=\"13\/02\/2012 A terceira assembleia da Educa\u00e7\u00e3o B\u00e1sica, no dia 11 de fevereiro, na Sede do Sinpro-Rio. O presidente do Sindicato, Wanderley Qu\u00eado, relatou a segunda rodada das negocia\u00e7\u00f5es com o sindicato patronal, onde o Sinpro-Rio reafirmou os eixos da Campanha Salarial 2012, a recomposi\u00e7\u00e3o salarial com o ganho real o aumento diferenciado do piso com [&hellip;]\" \/>\n<meta property=\"og:url\" content=\"https:\/\/www.sinpro-rio.org.br\/principal\/assembleia-da-educac-o-basica-de-11-02-caminhada-e-assembleia-programadas\/\" \/>\n<meta property=\"og:site_name\" content=\"Sinpro-Rio\" \/>\n<meta property=\"article:published_time\" content=\"2012-02-13T00:00:00+00:00\" \/>\n<meta property=\"og:image\" content=\"http:\/\/www.sinprorio.pro.br\/site_antigo\/imagens\/noticia\/2012\/assembleia1102.png\" \/>\n<meta name=\"author\" content=\"rafaelrjp\" \/>\n<meta name=\"twitter:card\" content=\"summary_large_image\" \/>\n<meta name=\"twitter:label1\" content=\"Escrito por\" \/>\n\t<meta name=\"twitter:data1\" content=\"rafaelrjp\" \/>\n\t<meta name=\"twitter:label2\" content=\"Est. tempo de leitura\" \/>\n\t<meta name=\"twitter:data2\" content=\"3 minutos\" \/>\n<script type=\"application\/ld+json\" class=\"yoast-schema-graph\">{\"@context\":\"https:\/\/schema.org\",\"@graph\":[{\"@type\":\"WebPage\",\"@id\":\"https:\/\/www.sinpro-rio.org.br\/principal\/assembleia-da-educac-o-basica-de-11-02-caminhada-e-assembleia-programadas\/\",\"url\":\"https:\/\/www.sinpro-rio.org.br\/principal\/assembleia-da-educac-o-basica-de-11-02-caminhada-e-assembleia-programadas\/\",\"name\":\"Assembleia da Educa\u00e7\u00e3o B\u00e1sica de 11\/02: caminhada e assembleia programadas - Sinpro-Rio\",\"isPartOf\":{\"@id\":\"https:\/\/www.sinpro-rio.org.br\/principal\/#website\"},\"primaryImageOfPage\":{\"@id\":\"https:\/\/www.sinpro-rio.org.br\/principal\/assembleia-da-educac-o-basica-de-11-02-caminhada-e-assembleia-programadas\/#primaryimage\"},\"image\":{\"@id\":\"https:\/\/www.sinpro-rio.org.br\/principal\/assembleia-da-educac-o-basica-de-11-02-caminhada-e-assembleia-programadas\/#primaryimage\"},\"thumbnailUrl\":\"http:\/\/www.sinprorio.pro.br\/site_antigo\/imagens\/noticia\/2012\/assembleia1102.png\",\"datePublished\":\"2012-02-13T00:00:00+00:00\",\"author\":{\"@id\":\"https:\/\/www.sinpro-rio.org.br\/principal\/#\/schema\/person\/49feb585a2f57a31a6bd9f16f78e5be6\"},\"breadcrumb\":{\"@id\":\"https:\/\/www.sinpro-rio.org.br\/principal\/assembleia-da-educac-o-basica-de-11-02-caminhada-e-assembleia-programadas\/#breadcrumb\"},\"inLanguage\":\"pt-BR\",\"potentialAction\":[{\"@type\":\"ReadAction\",\"target\":[\"https:\/\/www.sinpro-rio.org.br\/principal\/assembleia-da-educac-o-basica-de-11-02-caminhada-e-assembleia-programadas\/\"]}]},{\"@type\":\"ImageObject\",\"inLanguage\":\"pt-BR\",\"@id\":\"https:\/\/www.sinpro-rio.org.br\/principal\/assembleia-da-educac-o-basica-de-11-02-caminhada-e-assembleia-programadas\/#primaryimage\",\"url\":\"http:\/\/www.sinprorio.pro.br\/site_antigo\/imagens\/noticia\/2012\/assembleia1102.png\",\"contentUrl\":\"http:\/\/www.sinprorio.pro.br\/site_antigo\/imagens\/noticia\/2012\/assembleia1102.png\"},{\"@type\":\"BreadcrumbList\",\"@id\":\"https:\/\/www.sinpro-rio.org.br\/principal\/assembleia-da-educac-o-basica-de-11-02-caminhada-e-assembleia-programadas\/#breadcrumb\",\"itemListElement\":[{\"@type\":\"ListItem\",\"position\":1,\"name\":\"In\u00edcio\",\"item\":\"https:\/\/www.sinpro-rio.org.br\/principal\/\"},{\"@type\":\"ListItem\",\"position\":2,\"name\":\"Assembleia da Educa\u00e7\u00e3o B\u00e1sica de 11\/02: caminhada e assembleia programadas\"}]},{\"@type\":\"WebSite\",\"@id\":\"https:\/\/www.sinpro-rio.org.br\/principal\/#website\",\"url\":\"https:\/\/www.sinpro-rio.org.br\/principal\/\",\"name\":\"Sinpro-Rio\",\"description\":\"Sindicato dos Professores do Munic\u00edpio do Rio de Janeiro e Regi\u00e3o\",\"potentialAction\":[{\"@type\":\"SearchAction\",\"target\":{\"@type\":\"EntryPoint\",\"urlTemplate\":\"https:\/\/www.sinpro-rio.org.br\/principal\/?s={search_term_string}\"},\"query-input\":{\"@type\":\"PropertyValueSpecification\",\"valueRequired\":true,\"valueName\":\"search_term_string\"}}],\"inLanguage\":\"pt-BR\"},{\"@type\":\"Person\",\"@id\":\"https:\/\/www.sinpro-rio.org.br\/principal\/#\/schema\/person\/49feb585a2f57a31a6bd9f16f78e5be6\",\"name\":\"rafaelrjp\",\"image\":{\"@type\":\"ImageObject\",\"inLanguage\":\"pt-BR\",\"@id\":\"https:\/\/www.sinpro-rio.org.br\/principal\/#\/schema\/person\/image\/\",\"url\":\"https:\/\/secure.gravatar.com\/avatar\/489371a0ba4655c340b519882c68cf68?s=96&d=mm&r=g\",\"contentUrl\":\"https:\/\/secure.gravatar.com\/avatar\/489371a0ba4655c340b519882c68cf68?s=96&d=mm&r=g\",\"caption\":\"rafaelrjp\"},\"url\":\"https:\/\/www.sinpro-rio.org.br\/principal\/author\/rafaelrjp\/\"}]}<\/script>\n<!-- \/ Yoast SEO plugin. -->","yoast_head_json":{"title":"Assembleia da Educa\u00e7\u00e3o B\u00e1sica de 11\/02: caminhada e assembleia programadas - Sinpro-Rio","robots":{"index":"index","follow":"follow","max-snippet":"max-snippet:-1","max-image-preview":"max-image-preview:large","max-video-preview":"max-video-preview:-1"},"canonical":"https:\/\/www.sinpro-rio.org.br\/principal\/assembleia-da-educac-o-basica-de-11-02-caminhada-e-assembleia-programadas\/","og_locale":"pt_BR","og_type":"article","og_title":"Assembleia da Educa\u00e7\u00e3o B\u00e1sica de 11\/02: caminhada e assembleia programadas - Sinpro-Rio","og_description":"13\/02\/2012 A terceira assembleia da Educa\u00e7\u00e3o B\u00e1sica, no dia 11 de fevereiro, na Sede do Sinpro-Rio. O presidente do Sindicato, Wanderley Qu\u00eado, relatou a segunda rodada das negocia\u00e7\u00f5es com o sindicato patronal, onde o Sinpro-Rio reafirmou os eixos da Campanha Salarial 2012, a recomposi\u00e7\u00e3o salarial com o ganho real o aumento diferenciado do piso com [&hellip;]","og_url":"https:\/\/www.sinpro-rio.org.br\/principal\/assembleia-da-educac-o-basica-de-11-02-caminhada-e-assembleia-programadas\/","og_site_name":"Sinpro-Rio","article_published_time":"2012-02-13T00:00:00+00:00","og_image":[{"url":"http:\/\/www.sinprorio.pro.br\/site_antigo\/imagens\/noticia\/2012\/assembleia1102.png","type":"","width":"","height":""}],"author":"rafaelrjp","twitter_card":"summary_large_image","twitter_misc":{"Escrito por":"rafaelrjp","Est. tempo de leitura":"3 minutos"},"schema":{"@context":"https:\/\/schema.org","@graph":[{"@type":"WebPage","@id":"https:\/\/www.sinpro-rio.org.br\/principal\/assembleia-da-educac-o-basica-de-11-02-caminhada-e-assembleia-programadas\/","url":"https:\/\/www.sinpro-rio.org.br\/principal\/assembleia-da-educac-o-basica-de-11-02-caminhada-e-assembleia-programadas\/","name":"Assembleia da Educa\u00e7\u00e3o B\u00e1sica de 11\/02: caminhada e assembleia programadas - Sinpro-Rio","isPartOf":{"@id":"https:\/\/www.sinpro-rio.org.br\/principal\/#website"},"primaryImageOfPage":{"@id":"https:\/\/www.sinpro-rio.org.br\/principal\/assembleia-da-educac-o-basica-de-11-02-caminhada-e-assembleia-programadas\/#primaryimage"},"image":{"@id":"https:\/\/www.sinpro-rio.org.br\/principal\/assembleia-da-educac-o-basica-de-11-02-caminhada-e-assembleia-programadas\/#primaryimage"},"thumbnailUrl":"http:\/\/www.sinprorio.pro.br\/site_antigo\/imagens\/noticia\/2012\/assembleia1102.png","datePublished":"2012-02-13T00:00:00+00:00","author":{"@id":"https:\/\/www.sinpro-rio.org.br\/principal\/#\/schema\/person\/49feb585a2f57a31a6bd9f16f78e5be6"},"breadcrumb":{"@id":"https:\/\/www.sinpro-rio.org.br\/principal\/assembleia-da-educac-o-basica-de-11-02-caminhada-e-assembleia-programadas\/#breadcrumb"},"inLanguage":"pt-BR","potentialAction":[{"@type":"ReadAction","target":["https:\/\/www.sinpro-rio.org.br\/principal\/assembleia-da-educac-o-basica-de-11-02-caminhada-e-assembleia-programadas\/"]}]},{"@type":"ImageObject","inLanguage":"pt-BR","@id":"https:\/\/www.sinpro-rio.org.br\/principal\/assembleia-da-educac-o-basica-de-11-02-caminhada-e-assembleia-programadas\/#primaryimage","url":"http:\/\/www.sinprorio.pro.br\/site_antigo\/imagens\/noticia\/2012\/assembleia1102.png","contentUrl":"http:\/\/www.sinprorio.pro.br\/site_antigo\/imagens\/noticia\/2012\/assembleia1102.png"},{"@type":"BreadcrumbList","@id":"https:\/\/www.sinpro-rio.org.br\/principal\/assembleia-da-educac-o-basica-de-11-02-caminhada-e-assembleia-programadas\/#breadcrumb","itemListElement":[{"@type":"ListItem","position":1,"name":"In\u00edcio","item":"https:\/\/www.sinpro-rio.org.br\/principal\/"},{"@type":"ListItem","position":2,"name":"Assembleia da Educa\u00e7\u00e3o B\u00e1sica de 11\/02: caminhada e assembleia programadas"}]},{"@type":"WebSite","@id":"https:\/\/www.sinpro-rio.org.br\/principal\/#website","url":"https:\/\/www.sinpro-rio.org.br\/principal\/","name":"Sinpro-Rio","description":"Sindicato dos Professores do Munic\u00edpio do Rio de Janeiro e Regi\u00e3o","potentialAction":[{"@type":"SearchAction","target":{"@type":"EntryPoint","urlTemplate":"https:\/\/www.sinpro-rio.org.br\/principal\/?s={search_term_string}"},"query-input":{"@type":"PropertyValueSpecification","valueRequired":true,"valueName":"search_term_string"}}],"inLanguage":"pt-BR"},{"@type":"Person","@id":"https:\/\/www.sinpro-rio.org.br\/principal\/#\/schema\/person\/49feb585a2f57a31a6bd9f16f78e5be6","name":"rafaelrjp","image":{"@type":"ImageObject","inLanguage":"pt-BR","@id":"https:\/\/www.sinpro-rio.org.br\/principal\/#\/schema\/person\/image\/","url":"https:\/\/secure.gravatar.com\/avatar\/489371a0ba4655c340b519882c68cf68?s=96&d=mm&r=g","contentUrl":"https:\/\/secure.gravatar.com\/avatar\/489371a0ba4655c340b519882c68cf68?s=96&d=mm&r=g","caption":"rafaelrjp"},"url":"https:\/\/www.sinpro-rio.org.br\/principal\/author\/rafaelrjp\/"}]}},"_links":{"self":[{"href":"https:\/\/www.sinpro-rio.org.br\/principal\/wp-json\/wp\/v2\/posts\/20382","targetHints":{"allow":["GET"]}}],"collection":[{"href":"https:\/\/www.sinpro-rio.org.br\/principal\/wp-json\/wp\/v2\/posts"}],"about":[{"href":"https:\/\/www.sinpro-rio.org.br\/principal\/wp-json\/wp\/v2\/types\/post"}],"author":[{"embeddable":true,"href":"https:\/\/www.sinpro-rio.org.br\/principal\/wp-json\/wp\/v2\/users\/1"}],"replies":[{"embeddable":true,"href":"https:\/\/www.sinpro-rio.org.br\/principal\/wp-json\/wp\/v2\/comments?post=20382"}],"version-history":[{"count":0,"href":"https:\/\/www.sinpro-rio.org.br\/principal\/wp-json\/wp\/v2\/posts\/20382\/revisions"}],"wp:attachment":[{"href":"https:\/\/www.sinpro-rio.org.br\/principal\/wp-json\/wp\/v2\/media?parent=20382"}],"wp:term":[{"taxonomy":"category","embeddable":true,"href":"https:\/\/www.sinpro-rio.org.br\/principal\/wp-json\/wp\/v2\/categories?post=20382"},{"taxonomy":"post_tag","embeddable":true,"href":"https:\/\/www.sinpro-rio.org.br\/principal\/wp-json\/wp\/v2\/tags?post=20382"}],"curies":[{"name":"wp","href":"https:\/\/api.w.org\/{rel}","templated":true}]}}