{"id":20378,"date":"2012-02-16T00:00:00","date_gmt":"2012-02-16T00:00:00","guid":{"rendered":""},"modified":"-0001-11-30T00:00:00","modified_gmt":"-0001-11-30T03:00:00","slug":"sinpro-folia-em-campo-grande","status":"publish","type":"post","link":"https:\/\/www.sinpro-rio.org.br\/principal\/sinpro-folia-em-campo-grande\/","title":{"rendered":"Sinpro Folia em Campo Grande"},"content":{"rendered":"\n<p>\n <em><br \/>\n  16\/02\/2012<br \/>\n <\/em>\n<\/p>\n<p class=\"imgleft pic\">\n <img decoding=\"async\" align=\"right\" alt=\"foto\" src=\"http:\/\/www.sinprorio.pro.br\/site_antigo\/imagens\/noticia\/2012\/sinprofoliacg.png\" width=\"300\"\/><\/p>\n<p>\n  Pelo segundo ano consecutivo e com sucesso total, na \u00faltima sexta-feira (10\/02), ocorreu o baile pr\u00e9-carnavalesco, Sinpro Folia, na Subsede de Campo Grande.<\/p>\n<p>\n   O evento faz parte do projeto \u201cM\u00fasica no Sindicato\u201d que, h\u00e1 mais de seis anos, toda segunda sexta-feira feira do m\u00eas, oferece aos professores e \u00e0 comunidade em geral, m\u00fasica de boa qualidade para se ouvir, curtir e dan\u00e7ar.<\/p>\n<p>\n    Uma banda, formada por m\u00fasicos de grandes artistas brasileiros, sob a batuta do mestre Jotab\u00ea, animou a festa que foi at\u00e9 o in\u00edcio da madrugada tocando marchinhas e revivendo os grandes sambas de enredo de todos os tempos.<\/p>\n<p>\n     Pelo espa\u00e7o cultural da subsede se via professores e professoras de v\u00e1rios col\u00e9gios da regi\u00e3o cairem na folia. Este \u00e9 o Sinpro para todos. Na luta por melhores condi\u00e7\u00f5es de trabalho, sa\u00fade, cultura e lazer para todos os professores e os trabalhadores em geral.<\/p>\n<p>\n      Confira<br \/>\n      <a class=\"submenu\" href=\"http:\/\/www.sinprorio.pro.br\/site_antigo\/atualidades\/fotos-2012-fev-10-sinpro-folia.php\" target=\"_blank\"><br \/>\n       aqui<br \/>\n      <\/a><br \/>\n      as fotos do baile.\n     <\/p>\n<\/p>\n<\/p>\n<\/p>\n<p>\n Pelo segundo ano consecutivo e com sucesso total, na \u00faltima sexta-feira (10\/02), ocorreu o baile pr\u00e9-carnavalesco, Sinpro Folia, na Subsede de Campo Grande.<\/p>\n<p>\n  O evento faz parte do projeto \u201cM\u00fasica no Sindicato\u201d que, h\u00e1 mais de seis anos, toda segunda sexta-feira feira do m\u00eas, oferece aos professores e \u00e0 comunidade em geral, m\u00fasica de boa qualidade para se ouvir, curtir e dan\u00e7ar.<\/p>\n<p>\n   Uma banda, formada por m\u00fasicos de grandes artistas brasileiros, sob a batuta do mestre Jotab\u00ea, animou a festa que foi at\u00e9 o in\u00edcio da madrugada tocando marchinhas e revivendo os grandes sambas de enredo de todos os tempos.<\/p>\n<p>\n    Pelo espa\u00e7o cultural da subsede se via professores e professoras de v\u00e1rios col\u00e9gios da regi\u00e3o cairem na folia. Este \u00e9 o Sinpro para todos. Na luta por melhores condi\u00e7\u00f5es de trabalho, sa\u00fade, cultura e lazer para todos os professores e os trabalhadores em geral.<\/p>\n<p>\n     Confira<br \/>\n     <a class=\"submenu\" href=\"http:\/\/www.sinprorio.pro.br\/site_antigo\/atualidades\/fotos-2012-fev-10-sinpro-folia.php\" target=\"_blank\"><br \/>\n      aqui<br \/>\n     <\/a><br \/>\n     as fotos do baile.\n    <\/p>\n<\/p>\n<\/p>\n<p>\n O evento faz parte do projeto \u201cM\u00fasica no Sindicato\u201d que, h\u00e1 mais de seis anos, toda segunda sexta-feira feira do m\u00eas, oferece aos professores e \u00e0 comunidade em geral, m\u00fasica de boa qualidade para se ouvir, curtir e dan\u00e7ar.<\/p>\n<p>\n  Uma banda, formada por m\u00fasicos de grandes artistas brasileiros, sob a batuta do mestre Jotab\u00ea, animou a festa que foi at\u00e9 o in\u00edcio da madrugada tocando marchinhas e revivendo os grandes sambas de enredo de todos os tempos.<\/p>\n<p>\n   Pelo espa\u00e7o cultural da subsede se via professores e professoras de v\u00e1rios col\u00e9gios da regi\u00e3o cairem na folia. Este \u00e9 o Sinpro para todos. Na luta por melhores condi\u00e7\u00f5es de trabalho, sa\u00fade, cultura e lazer para todos os professores e os trabalhadores em geral.<\/p>\n<p>\n    Confira<br \/>\n    <a class=\"submenu\" href=\"http:\/\/www.sinprorio.pro.br\/site_antigo\/atualidades\/fotos-2012-fev-10-sinpro-folia.php\" target=\"_blank\"><br \/>\n     aqui<br \/>\n    <\/a><br \/>\n    as fotos do baile.\n   <\/p>\n<\/p>\n<\/p>\n<p>\n Uma banda, formada por m\u00fasicos de grandes artistas brasileiros, sob a batuta do mestre Jotab\u00ea, animou a festa que foi at\u00e9 o in\u00edcio da madrugada tocando marchinhas e revivendo os grandes sambas de enredo de todos os tempos.<\/p>\n<p>\n  Pelo espa\u00e7o cultural da subsede se via professores e professoras de v\u00e1rios col\u00e9gios da regi\u00e3o cairem na folia. Este \u00e9 o Sinpro para todos. Na luta por melhores condi\u00e7\u00f5es de trabalho, sa\u00fade, cultura e lazer para todos os professores e os trabalhadores em geral.<\/p>\n<p>\n   Confira<br \/>\n   <a class=\"submenu\" href=\"http:\/\/www.sinprorio.pro.br\/site_antigo\/atualidades\/fotos-2012-fev-10-sinpro-folia.php\" target=\"_blank\"><br \/>\n    aqui<br \/>\n   <\/a><br \/>\n   as fotos do baile.\n  <\/p>\n<\/p>\n<p>\n Pelo espa\u00e7o cultural da subsede se via professores e professoras de v\u00e1rios col\u00e9gios da regi\u00e3o cairem na folia. Este \u00e9 o Sinpro para todos. Na luta por melhores condi\u00e7\u00f5es de trabalho, sa\u00fade, cultura e lazer para todos os professores e os trabalhadores em geral.<\/p>\n<p>\n  Confira<br \/>\n  <a class=\"submenu\" href=\"http:\/\/www.sinprorio.pro.br\/site_antigo\/atualidades\/fotos-2012-fev-10-sinpro-folia.php\" target=\"_blank\"><br \/>\n   aqui<br \/>\n  <\/a><br \/>\n  as fotos do baile.\n <\/p>\n<\/p>\n<p>\n Confira<br \/>\n <a class=\"submenu\" href=\"http:\/\/www.sinprorio.pro.br\/site_antigo\/atualidades\/fotos-2012-fev-10-sinpro-folia.php\" target=\"_blank\"><br \/>\n  aqui<br \/>\n <\/a><br \/>\n as fotos do baile.<\/p>\n","protected":false},"excerpt":{"rendered":"<p>16\/02\/2012 Pelo segundo ano consecutivo e com sucesso total, na \u00faltima sexta-feira (10\/02), ocorreu o baile pr\u00e9-carnavalesco, Sinpro Folia, na Subsede de Campo Grande. O evento faz parte do projeto \u201cM\u00fasica no Sindicato\u201d que, h\u00e1 mais de seis anos, toda segunda sexta-feira feira do m\u00eas, oferece aos professores e \u00e0 comunidade em geral, m\u00fasica de [&hellip;]<\/p>\n","protected":false},"author":1,"featured_media":0,"comment_status":"closed","ping_status":"open","sticky":false,"template":"","format":"standard","meta":{"footnotes":""},"categories":[1],"tags":[],"class_list":["post-20378","post","type-post","status-publish","format-standard","hentry","category-noticias"],"yoast_head":"<!-- This site is optimized with the Yoast SEO plugin v25.7 - https:\/\/yoast.com\/wordpress\/plugins\/seo\/ -->\n<title>Sinpro Folia em Campo Grande - Sinpro-Rio<\/title>\n<meta name=\"robots\" content=\"index, follow, max-snippet:-1, max-image-preview:large, max-video-preview:-1\" \/>\n<link rel=\"canonical\" href=\"https:\/\/www.sinpro-rio.org.br\/principal\/sinpro-folia-em-campo-grande\/\" \/>\n<meta property=\"og:locale\" content=\"pt_BR\" \/>\n<meta property=\"og:type\" content=\"article\" \/>\n<meta property=\"og:title\" content=\"Sinpro Folia em Campo Grande - Sinpro-Rio\" \/>\n<meta property=\"og:description\" content=\"16\/02\/2012 Pelo segundo ano consecutivo e com sucesso total, na \u00faltima sexta-feira (10\/02), ocorreu o baile pr\u00e9-carnavalesco, Sinpro Folia, na Subsede de Campo Grande. O evento faz parte do projeto \u201cM\u00fasica no Sindicato\u201d que, h\u00e1 mais de seis anos, toda segunda sexta-feira feira do m\u00eas, oferece aos professores e \u00e0 comunidade em geral, m\u00fasica de [&hellip;]\" \/>\n<meta property=\"og:url\" content=\"https:\/\/www.sinpro-rio.org.br\/principal\/sinpro-folia-em-campo-grande\/\" \/>\n<meta property=\"og:site_name\" content=\"Sinpro-Rio\" \/>\n<meta property=\"article:published_time\" content=\"2012-02-16T00:00:00+00:00\" \/>\n<meta property=\"og:image\" content=\"http:\/\/www.sinprorio.pro.br\/site_antigo\/imagens\/noticia\/2012\/sinprofoliacg.png\" \/>\n<meta name=\"author\" content=\"rafaelrjp\" \/>\n<meta name=\"twitter:card\" content=\"summary_large_image\" \/>\n<meta name=\"twitter:label1\" content=\"Escrito por\" \/>\n\t<meta name=\"twitter:data1\" content=\"rafaelrjp\" \/>\n\t<meta name=\"twitter:label2\" content=\"Est. tempo de leitura\" \/>\n\t<meta name=\"twitter:data2\" content=\"3 minutos\" \/>\n<script type=\"application\/ld+json\" class=\"yoast-schema-graph\">{\"@context\":\"https:\/\/schema.org\",\"@graph\":[{\"@type\":\"WebPage\",\"@id\":\"https:\/\/www.sinpro-rio.org.br\/principal\/sinpro-folia-em-campo-grande\/\",\"url\":\"https:\/\/www.sinpro-rio.org.br\/principal\/sinpro-folia-em-campo-grande\/\",\"name\":\"Sinpro Folia em Campo Grande - Sinpro-Rio\",\"isPartOf\":{\"@id\":\"https:\/\/www.sinpro-rio.org.br\/principal\/#website\"},\"primaryImageOfPage\":{\"@id\":\"https:\/\/www.sinpro-rio.org.br\/principal\/sinpro-folia-em-campo-grande\/#primaryimage\"},\"image\":{\"@id\":\"https:\/\/www.sinpro-rio.org.br\/principal\/sinpro-folia-em-campo-grande\/#primaryimage\"},\"thumbnailUrl\":\"http:\/\/www.sinprorio.pro.br\/site_antigo\/imagens\/noticia\/2012\/sinprofoliacg.png\",\"datePublished\":\"2012-02-16T00:00:00+00:00\",\"author\":{\"@id\":\"https:\/\/www.sinpro-rio.org.br\/principal\/#\/schema\/person\/49feb585a2f57a31a6bd9f16f78e5be6\"},\"breadcrumb\":{\"@id\":\"https:\/\/www.sinpro-rio.org.br\/principal\/sinpro-folia-em-campo-grande\/#breadcrumb\"},\"inLanguage\":\"pt-BR\",\"potentialAction\":[{\"@type\":\"ReadAction\",\"target\":[\"https:\/\/www.sinpro-rio.org.br\/principal\/sinpro-folia-em-campo-grande\/\"]}]},{\"@type\":\"ImageObject\",\"inLanguage\":\"pt-BR\",\"@id\":\"https:\/\/www.sinpro-rio.org.br\/principal\/sinpro-folia-em-campo-grande\/#primaryimage\",\"url\":\"http:\/\/www.sinprorio.pro.br\/site_antigo\/imagens\/noticia\/2012\/sinprofoliacg.png\",\"contentUrl\":\"http:\/\/www.sinprorio.pro.br\/site_antigo\/imagens\/noticia\/2012\/sinprofoliacg.png\"},{\"@type\":\"BreadcrumbList\",\"@id\":\"https:\/\/www.sinpro-rio.org.br\/principal\/sinpro-folia-em-campo-grande\/#breadcrumb\",\"itemListElement\":[{\"@type\":\"ListItem\",\"position\":1,\"name\":\"In\u00edcio\",\"item\":\"https:\/\/www.sinpro-rio.org.br\/principal\/\"},{\"@type\":\"ListItem\",\"position\":2,\"name\":\"Sinpro Folia em Campo Grande\"}]},{\"@type\":\"WebSite\",\"@id\":\"https:\/\/www.sinpro-rio.org.br\/principal\/#website\",\"url\":\"https:\/\/www.sinpro-rio.org.br\/principal\/\",\"name\":\"Sinpro-Rio\",\"description\":\"Sindicato dos Professores do Munic\u00edpio do Rio de Janeiro e Regi\u00e3o\",\"potentialAction\":[{\"@type\":\"SearchAction\",\"target\":{\"@type\":\"EntryPoint\",\"urlTemplate\":\"https:\/\/www.sinpro-rio.org.br\/principal\/?s={search_term_string}\"},\"query-input\":{\"@type\":\"PropertyValueSpecification\",\"valueRequired\":true,\"valueName\":\"search_term_string\"}}],\"inLanguage\":\"pt-BR\"},{\"@type\":\"Person\",\"@id\":\"https:\/\/www.sinpro-rio.org.br\/principal\/#\/schema\/person\/49feb585a2f57a31a6bd9f16f78e5be6\",\"name\":\"rafaelrjp\",\"image\":{\"@type\":\"ImageObject\",\"inLanguage\":\"pt-BR\",\"@id\":\"https:\/\/www.sinpro-rio.org.br\/principal\/#\/schema\/person\/image\/\",\"url\":\"https:\/\/secure.gravatar.com\/avatar\/489371a0ba4655c340b519882c68cf68?s=96&d=mm&r=g\",\"contentUrl\":\"https:\/\/secure.gravatar.com\/avatar\/489371a0ba4655c340b519882c68cf68?s=96&d=mm&r=g\",\"caption\":\"rafaelrjp\"},\"url\":\"https:\/\/www.sinpro-rio.org.br\/principal\/author\/rafaelrjp\/\"}]}<\/script>\n<!-- \/ Yoast SEO plugin. -->","yoast_head_json":{"title":"Sinpro Folia em Campo Grande - Sinpro-Rio","robots":{"index":"index","follow":"follow","max-snippet":"max-snippet:-1","max-image-preview":"max-image-preview:large","max-video-preview":"max-video-preview:-1"},"canonical":"https:\/\/www.sinpro-rio.org.br\/principal\/sinpro-folia-em-campo-grande\/","og_locale":"pt_BR","og_type":"article","og_title":"Sinpro Folia em Campo Grande - Sinpro-Rio","og_description":"16\/02\/2012 Pelo segundo ano consecutivo e com sucesso total, na \u00faltima sexta-feira (10\/02), ocorreu o baile pr\u00e9-carnavalesco, Sinpro Folia, na Subsede de Campo Grande. O evento faz parte do projeto \u201cM\u00fasica no Sindicato\u201d que, h\u00e1 mais de seis anos, toda segunda sexta-feira feira do m\u00eas, oferece aos professores e \u00e0 comunidade em geral, m\u00fasica de [&hellip;]","og_url":"https:\/\/www.sinpro-rio.org.br\/principal\/sinpro-folia-em-campo-grande\/","og_site_name":"Sinpro-Rio","article_published_time":"2012-02-16T00:00:00+00:00","og_image":[{"url":"http:\/\/www.sinprorio.pro.br\/site_antigo\/imagens\/noticia\/2012\/sinprofoliacg.png","type":"","width":"","height":""}],"author":"rafaelrjp","twitter_card":"summary_large_image","twitter_misc":{"Escrito por":"rafaelrjp","Est. tempo de leitura":"3 minutos"},"schema":{"@context":"https:\/\/schema.org","@graph":[{"@type":"WebPage","@id":"https:\/\/www.sinpro-rio.org.br\/principal\/sinpro-folia-em-campo-grande\/","url":"https:\/\/www.sinpro-rio.org.br\/principal\/sinpro-folia-em-campo-grande\/","name":"Sinpro Folia em Campo Grande - Sinpro-Rio","isPartOf":{"@id":"https:\/\/www.sinpro-rio.org.br\/principal\/#website"},"primaryImageOfPage":{"@id":"https:\/\/www.sinpro-rio.org.br\/principal\/sinpro-folia-em-campo-grande\/#primaryimage"},"image":{"@id":"https:\/\/www.sinpro-rio.org.br\/principal\/sinpro-folia-em-campo-grande\/#primaryimage"},"thumbnailUrl":"http:\/\/www.sinprorio.pro.br\/site_antigo\/imagens\/noticia\/2012\/sinprofoliacg.png","datePublished":"2012-02-16T00:00:00+00:00","author":{"@id":"https:\/\/www.sinpro-rio.org.br\/principal\/#\/schema\/person\/49feb585a2f57a31a6bd9f16f78e5be6"},"breadcrumb":{"@id":"https:\/\/www.sinpro-rio.org.br\/principal\/sinpro-folia-em-campo-grande\/#breadcrumb"},"inLanguage":"pt-BR","potentialAction":[{"@type":"ReadAction","target":["https:\/\/www.sinpro-rio.org.br\/principal\/sinpro-folia-em-campo-grande\/"]}]},{"@type":"ImageObject","inLanguage":"pt-BR","@id":"https:\/\/www.sinpro-rio.org.br\/principal\/sinpro-folia-em-campo-grande\/#primaryimage","url":"http:\/\/www.sinprorio.pro.br\/site_antigo\/imagens\/noticia\/2012\/sinprofoliacg.png","contentUrl":"http:\/\/www.sinprorio.pro.br\/site_antigo\/imagens\/noticia\/2012\/sinprofoliacg.png"},{"@type":"BreadcrumbList","@id":"https:\/\/www.sinpro-rio.org.br\/principal\/sinpro-folia-em-campo-grande\/#breadcrumb","itemListElement":[{"@type":"ListItem","position":1,"name":"In\u00edcio","item":"https:\/\/www.sinpro-rio.org.br\/principal\/"},{"@type":"ListItem","position":2,"name":"Sinpro Folia em Campo Grande"}]},{"@type":"WebSite","@id":"https:\/\/www.sinpro-rio.org.br\/principal\/#website","url":"https:\/\/www.sinpro-rio.org.br\/principal\/","name":"Sinpro-Rio","description":"Sindicato dos Professores do Munic\u00edpio do Rio de Janeiro e Regi\u00e3o","potentialAction":[{"@type":"SearchAction","target":{"@type":"EntryPoint","urlTemplate":"https:\/\/www.sinpro-rio.org.br\/principal\/?s={search_term_string}"},"query-input":{"@type":"PropertyValueSpecification","valueRequired":true,"valueName":"search_term_string"}}],"inLanguage":"pt-BR"},{"@type":"Person","@id":"https:\/\/www.sinpro-rio.org.br\/principal\/#\/schema\/person\/49feb585a2f57a31a6bd9f16f78e5be6","name":"rafaelrjp","image":{"@type":"ImageObject","inLanguage":"pt-BR","@id":"https:\/\/www.sinpro-rio.org.br\/principal\/#\/schema\/person\/image\/","url":"https:\/\/secure.gravatar.com\/avatar\/489371a0ba4655c340b519882c68cf68?s=96&d=mm&r=g","contentUrl":"https:\/\/secure.gravatar.com\/avatar\/489371a0ba4655c340b519882c68cf68?s=96&d=mm&r=g","caption":"rafaelrjp"},"url":"https:\/\/www.sinpro-rio.org.br\/principal\/author\/rafaelrjp\/"}]}},"_links":{"self":[{"href":"https:\/\/www.sinpro-rio.org.br\/principal\/wp-json\/wp\/v2\/posts\/20378","targetHints":{"allow":["GET"]}}],"collection":[{"href":"https:\/\/www.sinpro-rio.org.br\/principal\/wp-json\/wp\/v2\/posts"}],"about":[{"href":"https:\/\/www.sinpro-rio.org.br\/principal\/wp-json\/wp\/v2\/types\/post"}],"author":[{"embeddable":true,"href":"https:\/\/www.sinpro-rio.org.br\/principal\/wp-json\/wp\/v2\/users\/1"}],"replies":[{"embeddable":true,"href":"https:\/\/www.sinpro-rio.org.br\/principal\/wp-json\/wp\/v2\/comments?post=20378"}],"version-history":[{"count":0,"href":"https:\/\/www.sinpro-rio.org.br\/principal\/wp-json\/wp\/v2\/posts\/20378\/revisions"}],"wp:attachment":[{"href":"https:\/\/www.sinpro-rio.org.br\/principal\/wp-json\/wp\/v2\/media?parent=20378"}],"wp:term":[{"taxonomy":"category","embeddable":true,"href":"https:\/\/www.sinpro-rio.org.br\/principal\/wp-json\/wp\/v2\/categories?post=20378"},{"taxonomy":"post_tag","embeddable":true,"href":"https:\/\/www.sinpro-rio.org.br\/principal\/wp-json\/wp\/v2\/tags?post=20378"}],"curies":[{"name":"wp","href":"https:\/\/api.w.org\/{rel}","templated":true}]}}