{"id":20372,"date":"2012-03-01T00:00:00","date_gmt":"2012-03-01T00:00:00","guid":{"rendered":""},"modified":"-0001-11-30T00:00:00","modified_gmt":"-0001-11-30T03:00:00","slug":"ricardo-vieiralves-renova-seu-mandato-como-reitor-da-uerj","status":"publish","type":"post","link":"https:\/\/www.sinpro-rio.org.br\/principal\/ricardo-vieiralves-renova-seu-mandato-como-reitor-da-uerj\/","title":{"rendered":"Ricardo Vieiralves renova seu mandato como reitor da UERJ"},"content":{"rendered":"\n<p>\n <em><br \/>\n  01\/03\/2012<br \/>\n <\/em>\n<\/p>\n<p>\n No dia 1\u00ba de mar\u00e7o, foi realizada a cerim\u00f4nia de posse dos diretores de Unidades Acad\u00eamicas da Universidade do Estado do Rio de Janeiro (Uerj). Ricardo Vieiralves , professor do Instituto de Psicologia, \u00e9 o primeiro reitor a ser reeleito nos 61 anos de exist\u00eancia da Uerj. Sua reelei\u00e7\u00e3o \u00e9 v\u00e1lida at\u00e9 2015, e foi garantida com 69.22% dos votos v\u00e1lidos.<\/p>\n<p>\n  Em seu discurso, o reitor relembrou o processo de recupera\u00e7\u00e3o que a universidade viveu com as melhorias de infraestrutura e a a\u00e7\u00e3o salarial; e, a sua import\u00e2ncia hist\u00f3rica por absorver os mais pobres e formar uma nova elite brasileira, vinda das camadas mais populares. Tamb\u00e9m foi ressaltado o momento de crescimento que a Uerj passa, deixando claro a luta pela implementa\u00e7\u00e3o da dedica\u00e7\u00e3o exclusiva de seus professores.<\/p>\n<p>\n   \u201cFomos a primeira do pa\u00eds a ter ensino noturno e ficamos anos sozinhos como universidade p\u00fablica, permitindo que os trabalhadores estudassem. Fomos a institui\u00e7\u00e3o que estabeleceu as cotas para a popula\u00e7\u00e3o mais pobre e negra. E agora \u00e9 continuar o trabalho\u201d, declarou Vieiralves.<\/p>\n<p>\n    O reitor reeleito falou da import\u00e2ncia do Sinpro-Rio para a constru\u00e7\u00e3o democr\u00e1tica dentro da Uerj. \u201cAgrade\u00e7o ao Sindicato, que foi fundamental no desenho democr\u00e1tico dessa institui\u00e7\u00e3o. Durante o per\u00edodo em que a universidade n\u00e3o tinha nenhuma organiza\u00e7\u00e3o com base sindical, o art\u00edfice da democratiza\u00e7\u00e3o da Uerj foi o Sinpro-Rio. Temos uma d\u00edvida democr\u00e1tica com o Sindicato. Vamos conceder ao Wanderley Qu\u00eado, presidente do Sinpro-Rio, nossa maior comenda, que \u00e9 a medalha do m\u00e9rito Jos\u00e9 Bonif\u00e1cio, em homenagem ao seu trabalho fascinante e dedicado como l\u00edder sindical: consequente e respons\u00e1vel, mas principalmente ao papel do Sinpro-Rio na organiza\u00e7\u00e3o e estrutura\u00e7\u00e3o da democracia na Uerj\u201d, finalizou.<\/p>\n<p>\n     <b><br \/>\n      CAP-Uerj tem novo diretor<br \/>\n     <\/b><\/p>\n<p>\n      O professor Lincoln Tavares tomou posse como diretor do Instituto de Aplica\u00e7\u00e3o Fernando Rodrigues da Silveira (CAP-Uerj). Na vis\u00e3o do novo diretor, o CAP precisa continuar sendo mais do que uma escola de excel\u00eancia, sendo uma escola de forma\u00e7\u00e3o democr\u00e1tica e cidad\u00e3, que colabora com a forma\u00e7\u00e3o de professores das redes p\u00fablicas.<\/p>\n<p>\n       \u201cO instituto promove por essa caracter\u00edstica, a possibilidade de a\u00e7\u00f5es que desembocam ensino, pesquisa, extens\u00e3o e cultura. Nossa inten\u00e7\u00e3o \u00e9 criar la\u00e7os acad\u00eamicos e de com a comunidade do Rio de Janeiro. J\u00e1 fazemos projetos que alcan\u00e7am n\u00e3o s\u00f3 esta comunidade, como tamb\u00e9m outros munic\u00edpios do Rio, e as parcerias s\u00e3o muito bem-vindas, seja com as prefeituras, com o governo do Estado, com os sindicatos, onde a base sindical \u00e9 fundamental, por chegar ao sujeito que precisa efetivar a sua forma\u00e7\u00e3o e ter o seu campo de trabalho respeitado. O CAP \u00e9 uma escola de refer\u00eancia que pode colaborar e ajudar com esse processo de democratiza\u00e7\u00e3o e melhoria da qualidade do ensino\u201d, afirmou o educador.<\/p>\n<p><p>\n         Confira<br \/>\n         <a class=\"submenu\" href=\"http:\/\/www.sinprorio.pro.br\/site_antigo\/atualidades\/fotos-2012-mar-01-uerj-reitor.php\" target=\"_blank\"><br \/>\n          aqui<br \/>\n         <\/a><br \/>\n         as fotos da posse.\n        <\/p>\n<\/p>\n<\/p>\n<\/p>\n<\/p>\n<p>\n Em seu discurso, o reitor relembrou o processo de recupera\u00e7\u00e3o que a universidade viveu com as melhorias de infraestrutura e a a\u00e7\u00e3o salarial; e, a sua import\u00e2ncia hist\u00f3rica por absorver os mais pobres e formar uma nova elite brasileira, vinda das camadas mais populares. Tamb\u00e9m foi ressaltado o momento de crescimento que a Uerj passa, deixando claro a luta pela implementa\u00e7\u00e3o da dedica\u00e7\u00e3o exclusiva de seus professores.<\/p>\n<p>\n  \u201cFomos a primeira do pa\u00eds a ter ensino noturno e ficamos anos sozinhos como universidade p\u00fablica, permitindo que os trabalhadores estudassem. Fomos a institui\u00e7\u00e3o que estabeleceu as cotas para a popula\u00e7\u00e3o mais pobre e negra. E agora \u00e9 continuar o trabalho\u201d, declarou Vieiralves.<\/p>\n<p>\n   O reitor reeleito falou da import\u00e2ncia do Sinpro-Rio para a constru\u00e7\u00e3o democr\u00e1tica dentro da Uerj. \u201cAgrade\u00e7o ao Sindicato, que foi fundamental no desenho democr\u00e1tico dessa institui\u00e7\u00e3o. Durante o per\u00edodo em que a universidade n\u00e3o tinha nenhuma organiza\u00e7\u00e3o com base sindical, o art\u00edfice da democratiza\u00e7\u00e3o da Uerj foi o Sinpro-Rio. Temos uma d\u00edvida democr\u00e1tica com o Sindicato. Vamos conceder ao Wanderley Qu\u00eado, presidente do Sinpro-Rio, nossa maior comenda, que \u00e9 a medalha do m\u00e9rito Jos\u00e9 Bonif\u00e1cio, em homenagem ao seu trabalho fascinante e dedicado como l\u00edder sindical: consequente e respons\u00e1vel, mas principalmente ao papel do Sinpro-Rio na organiza\u00e7\u00e3o e estrutura\u00e7\u00e3o da democracia na Uerj\u201d, finalizou.<\/p>\n<p>\n    <b><br \/>\n     CAP-Uerj tem novo diretor<br \/>\n    <\/b><\/p>\n<p>\n     O professor Lincoln Tavares tomou posse como diretor do Instituto de Aplica\u00e7\u00e3o Fernando Rodrigues da Silveira (CAP-Uerj). Na vis\u00e3o do novo diretor, o CAP precisa continuar sendo mais do que uma escola de excel\u00eancia, sendo uma escola de forma\u00e7\u00e3o democr\u00e1tica e cidad\u00e3, que colabora com a forma\u00e7\u00e3o de professores das redes p\u00fablicas.<\/p>\n<p>\n      \u201cO instituto promove por essa caracter\u00edstica, a possibilidade de a\u00e7\u00f5es que desembocam ensino, pesquisa, extens\u00e3o e cultura. Nossa inten\u00e7\u00e3o \u00e9 criar la\u00e7os acad\u00eamicos e de com a comunidade do Rio de Janeiro. J\u00e1 fazemos projetos que alcan\u00e7am n\u00e3o s\u00f3 esta comunidade, como tamb\u00e9m outros munic\u00edpios do Rio, e as parcerias s\u00e3o muito bem-vindas, seja com as prefeituras, com o governo do Estado, com os sindicatos, onde a base sindical \u00e9 fundamental, por chegar ao sujeito que precisa efetivar a sua forma\u00e7\u00e3o e ter o seu campo de trabalho respeitado. O CAP \u00e9 uma escola de refer\u00eancia que pode colaborar e ajudar com esse processo de democratiza\u00e7\u00e3o e melhoria da qualidade do ensino\u201d, afirmou o educador.<\/p>\n<p><p>\n        Confira<br \/>\n        <a class=\"submenu\" href=\"http:\/\/www.sinprorio.pro.br\/site_antigo\/atualidades\/fotos-2012-mar-01-uerj-reitor.php\" target=\"_blank\"><br \/>\n         aqui<br \/>\n        <\/a><br \/>\n        as fotos da posse.\n       <\/p>\n<\/p>\n<\/p>\n<\/p>\n<\/p>\n<p>\n \u201cFomos a primeira do pa\u00eds a ter ensino noturno e ficamos anos sozinhos como universidade p\u00fablica, permitindo que os trabalhadores estudassem. Fomos a institui\u00e7\u00e3o que estabeleceu as cotas para a popula\u00e7\u00e3o mais pobre e negra. E agora \u00e9 continuar o trabalho\u201d, declarou Vieiralves.<\/p>\n<p>\n  O reitor reeleito falou da import\u00e2ncia do Sinpro-Rio para a constru\u00e7\u00e3o democr\u00e1tica dentro da Uerj. \u201cAgrade\u00e7o ao Sindicato, que foi fundamental no desenho democr\u00e1tico dessa institui\u00e7\u00e3o. Durante o per\u00edodo em que a universidade n\u00e3o tinha nenhuma organiza\u00e7\u00e3o com base sindical, o art\u00edfice da democratiza\u00e7\u00e3o da Uerj foi o Sinpro-Rio. Temos uma d\u00edvida democr\u00e1tica com o Sindicato. Vamos conceder ao Wanderley Qu\u00eado, presidente do Sinpro-Rio, nossa maior comenda, que \u00e9 a medalha do m\u00e9rito Jos\u00e9 Bonif\u00e1cio, em homenagem ao seu trabalho fascinante e dedicado como l\u00edder sindical: consequente e respons\u00e1vel, mas principalmente ao papel do Sinpro-Rio na organiza\u00e7\u00e3o e estrutura\u00e7\u00e3o da democracia na Uerj\u201d, finalizou.<\/p>\n<p>\n   <b><br \/>\n    CAP-Uerj tem novo diretor<br \/>\n   <\/b><\/p>\n<p>\n    O professor Lincoln Tavares tomou posse como diretor do Instituto de Aplica\u00e7\u00e3o Fernando Rodrigues da Silveira (CAP-Uerj). Na vis\u00e3o do novo diretor, o CAP precisa continuar sendo mais do que uma escola de excel\u00eancia, sendo uma escola de forma\u00e7\u00e3o democr\u00e1tica e cidad\u00e3, que colabora com a forma\u00e7\u00e3o de professores das redes p\u00fablicas.<\/p>\n<p>\n     \u201cO instituto promove por essa caracter\u00edstica, a possibilidade de a\u00e7\u00f5es que desembocam ensino, pesquisa, extens\u00e3o e cultura. Nossa inten\u00e7\u00e3o \u00e9 criar la\u00e7os acad\u00eamicos e de com a comunidade do Rio de Janeiro. J\u00e1 fazemos projetos que alcan\u00e7am n\u00e3o s\u00f3 esta comunidade, como tamb\u00e9m outros munic\u00edpios do Rio, e as parcerias s\u00e3o muito bem-vindas, seja com as prefeituras, com o governo do Estado, com os sindicatos, onde a base sindical \u00e9 fundamental, por chegar ao sujeito que precisa efetivar a sua forma\u00e7\u00e3o e ter o seu campo de trabalho respeitado. O CAP \u00e9 uma escola de refer\u00eancia que pode colaborar e ajudar com esse processo de democratiza\u00e7\u00e3o e melhoria da qualidade do ensino\u201d, afirmou o educador.<\/p>\n<p><p>\n       Confira<br \/>\n       <a class=\"submenu\" href=\"http:\/\/www.sinprorio.pro.br\/site_antigo\/atualidades\/fotos-2012-mar-01-uerj-reitor.php\" target=\"_blank\"><br \/>\n        aqui<br \/>\n       <\/a><br \/>\n       as fotos da posse.\n      <\/p>\n<\/p>\n<\/p>\n<\/p>\n<p>\n O reitor reeleito falou da import\u00e2ncia do Sinpro-Rio para a constru\u00e7\u00e3o democr\u00e1tica dentro da Uerj. \u201cAgrade\u00e7o ao Sindicato, que foi fundamental no desenho democr\u00e1tico dessa institui\u00e7\u00e3o. Durante o per\u00edodo em que a universidade n\u00e3o tinha nenhuma organiza\u00e7\u00e3o com base sindical, o art\u00edfice da democratiza\u00e7\u00e3o da Uerj foi o Sinpro-Rio. Temos uma d\u00edvida democr\u00e1tica com o Sindicato. Vamos conceder ao Wanderley Qu\u00eado, presidente do Sinpro-Rio, nossa maior comenda, que \u00e9 a medalha do m\u00e9rito Jos\u00e9 Bonif\u00e1cio, em homenagem ao seu trabalho fascinante e dedicado como l\u00edder sindical: consequente e respons\u00e1vel, mas principalmente ao papel do Sinpro-Rio na organiza\u00e7\u00e3o e estrutura\u00e7\u00e3o da democracia na Uerj\u201d, finalizou.<\/p>\n<p>\n  <b><br \/>\n   CAP-Uerj tem novo diretor<br \/>\n  <\/b><\/p>\n<p>\n   O professor Lincoln Tavares tomou posse como diretor do Instituto de Aplica\u00e7\u00e3o Fernando Rodrigues da Silveira (CAP-Uerj). Na vis\u00e3o do novo diretor, o CAP precisa continuar sendo mais do que uma escola de excel\u00eancia, sendo uma escola de forma\u00e7\u00e3o democr\u00e1tica e cidad\u00e3, que colabora com a forma\u00e7\u00e3o de professores das redes p\u00fablicas.<\/p>\n<p>\n    \u201cO instituto promove por essa caracter\u00edstica, a possibilidade de a\u00e7\u00f5es que desembocam ensino, pesquisa, extens\u00e3o e cultura. Nossa inten\u00e7\u00e3o \u00e9 criar la\u00e7os acad\u00eamicos e de com a comunidade do Rio de Janeiro. J\u00e1 fazemos projetos que alcan\u00e7am n\u00e3o s\u00f3 esta comunidade, como tamb\u00e9m outros munic\u00edpios do Rio, e as parcerias s\u00e3o muito bem-vindas, seja com as prefeituras, com o governo do Estado, com os sindicatos, onde a base sindical \u00e9 fundamental, por chegar ao sujeito que precisa efetivar a sua forma\u00e7\u00e3o e ter o seu campo de trabalho respeitado. O CAP \u00e9 uma escola de refer\u00eancia que pode colaborar e ajudar com esse processo de democratiza\u00e7\u00e3o e melhoria da qualidade do ensino\u201d, afirmou o educador.<\/p>\n<p><p>\n      Confira<br \/>\n      <a class=\"submenu\" href=\"http:\/\/www.sinprorio.pro.br\/site_antigo\/atualidades\/fotos-2012-mar-01-uerj-reitor.php\" target=\"_blank\"><br \/>\n       aqui<br \/>\n      <\/a><br \/>\n      as fotos da posse.\n     <\/p>\n<\/p>\n<\/p>\n<\/p>\n<p>\n <b><br \/>\n  CAP-Uerj tem novo diretor<br \/>\n <\/b><\/p>\n<p>\n  O professor Lincoln Tavares tomou posse como diretor do Instituto de Aplica\u00e7\u00e3o Fernando Rodrigues da Silveira (CAP-Uerj). Na vis\u00e3o do novo diretor, o CAP precisa continuar sendo mais do que uma escola de excel\u00eancia, sendo uma escola de forma\u00e7\u00e3o democr\u00e1tica e cidad\u00e3, que colabora com a forma\u00e7\u00e3o de professores das redes p\u00fablicas.<\/p>\n<p>\n   \u201cO instituto promove por essa caracter\u00edstica, a possibilidade de a\u00e7\u00f5es que desembocam ensino, pesquisa, extens\u00e3o e cultura. Nossa inten\u00e7\u00e3o \u00e9 criar la\u00e7os acad\u00eamicos e de com a comunidade do Rio de Janeiro. J\u00e1 fazemos projetos que alcan\u00e7am n\u00e3o s\u00f3 esta comunidade, como tamb\u00e9m outros munic\u00edpios do Rio, e as parcerias s\u00e3o muito bem-vindas, seja com as prefeituras, com o governo do Estado, com os sindicatos, onde a base sindical \u00e9 fundamental, por chegar ao sujeito que precisa efetivar a sua forma\u00e7\u00e3o e ter o seu campo de trabalho respeitado. O CAP \u00e9 uma escola de refer\u00eancia que pode colaborar e ajudar com esse processo de democratiza\u00e7\u00e3o e melhoria da qualidade do ensino\u201d, afirmou o educador.<\/p>\n<p><p>\n     Confira<br \/>\n     <a class=\"submenu\" href=\"http:\/\/www.sinprorio.pro.br\/site_antigo\/atualidades\/fotos-2012-mar-01-uerj-reitor.php\" target=\"_blank\"><br \/>\n      aqui<br \/>\n     <\/a><br \/>\n     as fotos da posse.\n    <\/p>\n<\/p>\n<\/p>\n<p>\n O professor Lincoln Tavares tomou posse como diretor do Instituto de Aplica\u00e7\u00e3o Fernando Rodrigues da Silveira (CAP-Uerj). Na vis\u00e3o do novo diretor, o CAP precisa continuar sendo mais do que uma escola de excel\u00eancia, sendo uma escola de forma\u00e7\u00e3o democr\u00e1tica e cidad\u00e3, que colabora com a forma\u00e7\u00e3o de professores das redes p\u00fablicas.<\/p>\n<p>\n  \u201cO instituto promove por essa caracter\u00edstica, a possibilidade de a\u00e7\u00f5es que desembocam ensino, pesquisa, extens\u00e3o e cultura. Nossa inten\u00e7\u00e3o \u00e9 criar la\u00e7os acad\u00eamicos e de com a comunidade do Rio de Janeiro. J\u00e1 fazemos projetos que alcan\u00e7am n\u00e3o s\u00f3 esta comunidade, como tamb\u00e9m outros munic\u00edpios do Rio, e as parcerias s\u00e3o muito bem-vindas, seja com as prefeituras, com o governo do Estado, com os sindicatos, onde a base sindical \u00e9 fundamental, por chegar ao sujeito que precisa efetivar a sua forma\u00e7\u00e3o e ter o seu campo de trabalho respeitado. O CAP \u00e9 uma escola de refer\u00eancia que pode colaborar e ajudar com esse processo de democratiza\u00e7\u00e3o e melhoria da qualidade do ensino\u201d, afirmou o educador.<\/p>\n<p><p>\n    Confira<br \/>\n    <a class=\"submenu\" href=\"http:\/\/www.sinprorio.pro.br\/site_antigo\/atualidades\/fotos-2012-mar-01-uerj-reitor.php\" target=\"_blank\"><br \/>\n     aqui<br \/>\n    <\/a><br \/>\n    as fotos da posse.\n   <\/p>\n<\/p>\n<\/p>\n<p>\n \u201cO instituto promove por essa caracter\u00edstica, a possibilidade de a\u00e7\u00f5es que desembocam ensino, pesquisa, extens\u00e3o e cultura. Nossa inten\u00e7\u00e3o \u00e9 criar la\u00e7os acad\u00eamicos e de com a comunidade do Rio de Janeiro. J\u00e1 fazemos projetos que alcan\u00e7am n\u00e3o s\u00f3 esta comunidade, como tamb\u00e9m outros munic\u00edpios do Rio, e as parcerias s\u00e3o muito bem-vindas, seja com as prefeituras, com o governo do Estado, com os sindicatos, onde a base sindical \u00e9 fundamental, por chegar ao sujeito que precisa efetivar a sua forma\u00e7\u00e3o e ter o seu campo de trabalho respeitado. O CAP \u00e9 uma escola de refer\u00eancia que pode colaborar e ajudar com esse processo de democratiza\u00e7\u00e3o e melhoria da qualidade do ensino\u201d, afirmou o educador.<\/p>\n<p><p>\n   Confira<br \/>\n   <a class=\"submenu\" href=\"http:\/\/www.sinprorio.pro.br\/site_antigo\/atualidades\/fotos-2012-mar-01-uerj-reitor.php\" target=\"_blank\"><br \/>\n    aqui<br \/>\n   <\/a><br \/>\n   as fotos da posse.\n  <\/p>\n<\/p>\n<p><p>\n  Confira<br \/>\n  <a class=\"submenu\" href=\"http:\/\/www.sinprorio.pro.br\/site_antigo\/atualidades\/fotos-2012-mar-01-uerj-reitor.php\" target=\"_blank\"><br \/>\n   aqui<br \/>\n  <\/a><br \/>\n  as fotos da posse.\n <\/p>\n<\/p>\n<p>\n Confira<br \/>\n <a class=\"submenu\" href=\"http:\/\/www.sinprorio.pro.br\/site_antigo\/atualidades\/fotos-2012-mar-01-uerj-reitor.php\" target=\"_blank\"><br \/>\n  aqui<br \/>\n <\/a><br \/>\n as fotos da posse.<\/p>\n","protected":false},"excerpt":{"rendered":"<p>01\/03\/2012 No dia 1\u00ba de mar\u00e7o, foi realizada a cerim\u00f4nia de posse dos diretores de Unidades Acad\u00eamicas da Universidade do Estado do Rio de Janeiro (Uerj). Ricardo Vieiralves , professor do Instituto de Psicologia, \u00e9 o primeiro reitor a ser reeleito nos 61 anos de exist\u00eancia da Uerj. Sua reelei\u00e7\u00e3o \u00e9 v\u00e1lida at\u00e9 2015, e [&hellip;]<\/p>\n","protected":false},"author":1,"featured_media":0,"comment_status":"closed","ping_status":"open","sticky":false,"template":"","format":"standard","meta":{"footnotes":""},"categories":[1],"tags":[],"class_list":["post-20372","post","type-post","status-publish","format-standard","hentry","category-noticias"],"yoast_head":"<!-- This site is optimized with the Yoast SEO plugin v25.7 - https:\/\/yoast.com\/wordpress\/plugins\/seo\/ -->\n<title>Ricardo Vieiralves renova seu mandato como reitor da UERJ - Sinpro-Rio<\/title>\n<meta name=\"robots\" content=\"index, follow, max-snippet:-1, max-image-preview:large, max-video-preview:-1\" \/>\n<link rel=\"canonical\" href=\"https:\/\/www.sinpro-rio.org.br\/principal\/ricardo-vieiralves-renova-seu-mandato-como-reitor-da-uerj\/\" \/>\n<meta property=\"og:locale\" content=\"pt_BR\" \/>\n<meta property=\"og:type\" content=\"article\" \/>\n<meta property=\"og:title\" content=\"Ricardo Vieiralves renova seu mandato como reitor da UERJ - Sinpro-Rio\" \/>\n<meta property=\"og:description\" content=\"01\/03\/2012 No dia 1\u00ba de mar\u00e7o, foi realizada a cerim\u00f4nia de posse dos diretores de Unidades Acad\u00eamicas da Universidade do Estado do Rio de Janeiro (Uerj). Ricardo Vieiralves , professor do Instituto de Psicologia, \u00e9 o primeiro reitor a ser reeleito nos 61 anos de exist\u00eancia da Uerj. Sua reelei\u00e7\u00e3o \u00e9 v\u00e1lida at\u00e9 2015, e [&hellip;]\" \/>\n<meta property=\"og:url\" content=\"https:\/\/www.sinpro-rio.org.br\/principal\/ricardo-vieiralves-renova-seu-mandato-como-reitor-da-uerj\/\" \/>\n<meta property=\"og:site_name\" content=\"Sinpro-Rio\" \/>\n<meta property=\"article:published_time\" content=\"2012-03-01T00:00:00+00:00\" \/>\n<meta name=\"author\" content=\"rafaelrjp\" \/>\n<meta name=\"twitter:card\" content=\"summary_large_image\" \/>\n<meta name=\"twitter:label1\" content=\"Escrito por\" \/>\n\t<meta name=\"twitter:data1\" content=\"rafaelrjp\" \/>\n\t<meta name=\"twitter:label2\" content=\"Est. tempo de leitura\" \/>\n\t<meta name=\"twitter:data2\" content=\"11 minutos\" \/>\n<script type=\"application\/ld+json\" class=\"yoast-schema-graph\">{\"@context\":\"https:\/\/schema.org\",\"@graph\":[{\"@type\":\"WebPage\",\"@id\":\"https:\/\/www.sinpro-rio.org.br\/principal\/ricardo-vieiralves-renova-seu-mandato-como-reitor-da-uerj\/\",\"url\":\"https:\/\/www.sinpro-rio.org.br\/principal\/ricardo-vieiralves-renova-seu-mandato-como-reitor-da-uerj\/\",\"name\":\"Ricardo Vieiralves renova seu mandato como reitor da UERJ - Sinpro-Rio\",\"isPartOf\":{\"@id\":\"https:\/\/www.sinpro-rio.org.br\/principal\/#website\"},\"datePublished\":\"2012-03-01T00:00:00+00:00\",\"author\":{\"@id\":\"https:\/\/www.sinpro-rio.org.br\/principal\/#\/schema\/person\/49feb585a2f57a31a6bd9f16f78e5be6\"},\"breadcrumb\":{\"@id\":\"https:\/\/www.sinpro-rio.org.br\/principal\/ricardo-vieiralves-renova-seu-mandato-como-reitor-da-uerj\/#breadcrumb\"},\"inLanguage\":\"pt-BR\",\"potentialAction\":[{\"@type\":\"ReadAction\",\"target\":[\"https:\/\/www.sinpro-rio.org.br\/principal\/ricardo-vieiralves-renova-seu-mandato-como-reitor-da-uerj\/\"]}]},{\"@type\":\"BreadcrumbList\",\"@id\":\"https:\/\/www.sinpro-rio.org.br\/principal\/ricardo-vieiralves-renova-seu-mandato-como-reitor-da-uerj\/#breadcrumb\",\"itemListElement\":[{\"@type\":\"ListItem\",\"position\":1,\"name\":\"In\u00edcio\",\"item\":\"https:\/\/www.sinpro-rio.org.br\/principal\/\"},{\"@type\":\"ListItem\",\"position\":2,\"name\":\"Ricardo Vieiralves renova seu mandato como reitor da UERJ\"}]},{\"@type\":\"WebSite\",\"@id\":\"https:\/\/www.sinpro-rio.org.br\/principal\/#website\",\"url\":\"https:\/\/www.sinpro-rio.org.br\/principal\/\",\"name\":\"Sinpro-Rio\",\"description\":\"Sindicato dos Professores do Munic\u00edpio do Rio de Janeiro e Regi\u00e3o\",\"potentialAction\":[{\"@type\":\"SearchAction\",\"target\":{\"@type\":\"EntryPoint\",\"urlTemplate\":\"https:\/\/www.sinpro-rio.org.br\/principal\/?s={search_term_string}\"},\"query-input\":{\"@type\":\"PropertyValueSpecification\",\"valueRequired\":true,\"valueName\":\"search_term_string\"}}],\"inLanguage\":\"pt-BR\"},{\"@type\":\"Person\",\"@id\":\"https:\/\/www.sinpro-rio.org.br\/principal\/#\/schema\/person\/49feb585a2f57a31a6bd9f16f78e5be6\",\"name\":\"rafaelrjp\",\"image\":{\"@type\":\"ImageObject\",\"inLanguage\":\"pt-BR\",\"@id\":\"https:\/\/www.sinpro-rio.org.br\/principal\/#\/schema\/person\/image\/\",\"url\":\"https:\/\/secure.gravatar.com\/avatar\/489371a0ba4655c340b519882c68cf68?s=96&d=mm&r=g\",\"contentUrl\":\"https:\/\/secure.gravatar.com\/avatar\/489371a0ba4655c340b519882c68cf68?s=96&d=mm&r=g\",\"caption\":\"rafaelrjp\"},\"url\":\"https:\/\/www.sinpro-rio.org.br\/principal\/author\/rafaelrjp\/\"}]}<\/script>\n<!-- \/ Yoast SEO plugin. -->","yoast_head_json":{"title":"Ricardo Vieiralves renova seu mandato como reitor da UERJ - Sinpro-Rio","robots":{"index":"index","follow":"follow","max-snippet":"max-snippet:-1","max-image-preview":"max-image-preview:large","max-video-preview":"max-video-preview:-1"},"canonical":"https:\/\/www.sinpro-rio.org.br\/principal\/ricardo-vieiralves-renova-seu-mandato-como-reitor-da-uerj\/","og_locale":"pt_BR","og_type":"article","og_title":"Ricardo Vieiralves renova seu mandato como reitor da UERJ - Sinpro-Rio","og_description":"01\/03\/2012 No dia 1\u00ba de mar\u00e7o, foi realizada a cerim\u00f4nia de posse dos diretores de Unidades Acad\u00eamicas da Universidade do Estado do Rio de Janeiro (Uerj). Ricardo Vieiralves , professor do Instituto de Psicologia, \u00e9 o primeiro reitor a ser reeleito nos 61 anos de exist\u00eancia da Uerj. Sua reelei\u00e7\u00e3o \u00e9 v\u00e1lida at\u00e9 2015, e [&hellip;]","og_url":"https:\/\/www.sinpro-rio.org.br\/principal\/ricardo-vieiralves-renova-seu-mandato-como-reitor-da-uerj\/","og_site_name":"Sinpro-Rio","article_published_time":"2012-03-01T00:00:00+00:00","author":"rafaelrjp","twitter_card":"summary_large_image","twitter_misc":{"Escrito por":"rafaelrjp","Est. tempo de leitura":"11 minutos"},"schema":{"@context":"https:\/\/schema.org","@graph":[{"@type":"WebPage","@id":"https:\/\/www.sinpro-rio.org.br\/principal\/ricardo-vieiralves-renova-seu-mandato-como-reitor-da-uerj\/","url":"https:\/\/www.sinpro-rio.org.br\/principal\/ricardo-vieiralves-renova-seu-mandato-como-reitor-da-uerj\/","name":"Ricardo Vieiralves renova seu mandato como reitor da UERJ - Sinpro-Rio","isPartOf":{"@id":"https:\/\/www.sinpro-rio.org.br\/principal\/#website"},"datePublished":"2012-03-01T00:00:00+00:00","author":{"@id":"https:\/\/www.sinpro-rio.org.br\/principal\/#\/schema\/person\/49feb585a2f57a31a6bd9f16f78e5be6"},"breadcrumb":{"@id":"https:\/\/www.sinpro-rio.org.br\/principal\/ricardo-vieiralves-renova-seu-mandato-como-reitor-da-uerj\/#breadcrumb"},"inLanguage":"pt-BR","potentialAction":[{"@type":"ReadAction","target":["https:\/\/www.sinpro-rio.org.br\/principal\/ricardo-vieiralves-renova-seu-mandato-como-reitor-da-uerj\/"]}]},{"@type":"BreadcrumbList","@id":"https:\/\/www.sinpro-rio.org.br\/principal\/ricardo-vieiralves-renova-seu-mandato-como-reitor-da-uerj\/#breadcrumb","itemListElement":[{"@type":"ListItem","position":1,"name":"In\u00edcio","item":"https:\/\/www.sinpro-rio.org.br\/principal\/"},{"@type":"ListItem","position":2,"name":"Ricardo Vieiralves renova seu mandato como reitor da UERJ"}]},{"@type":"WebSite","@id":"https:\/\/www.sinpro-rio.org.br\/principal\/#website","url":"https:\/\/www.sinpro-rio.org.br\/principal\/","name":"Sinpro-Rio","description":"Sindicato dos Professores do Munic\u00edpio do Rio de Janeiro e Regi\u00e3o","potentialAction":[{"@type":"SearchAction","target":{"@type":"EntryPoint","urlTemplate":"https:\/\/www.sinpro-rio.org.br\/principal\/?s={search_term_string}"},"query-input":{"@type":"PropertyValueSpecification","valueRequired":true,"valueName":"search_term_string"}}],"inLanguage":"pt-BR"},{"@type":"Person","@id":"https:\/\/www.sinpro-rio.org.br\/principal\/#\/schema\/person\/49feb585a2f57a31a6bd9f16f78e5be6","name":"rafaelrjp","image":{"@type":"ImageObject","inLanguage":"pt-BR","@id":"https:\/\/www.sinpro-rio.org.br\/principal\/#\/schema\/person\/image\/","url":"https:\/\/secure.gravatar.com\/avatar\/489371a0ba4655c340b519882c68cf68?s=96&d=mm&r=g","contentUrl":"https:\/\/secure.gravatar.com\/avatar\/489371a0ba4655c340b519882c68cf68?s=96&d=mm&r=g","caption":"rafaelrjp"},"url":"https:\/\/www.sinpro-rio.org.br\/principal\/author\/rafaelrjp\/"}]}},"_links":{"self":[{"href":"https:\/\/www.sinpro-rio.org.br\/principal\/wp-json\/wp\/v2\/posts\/20372","targetHints":{"allow":["GET"]}}],"collection":[{"href":"https:\/\/www.sinpro-rio.org.br\/principal\/wp-json\/wp\/v2\/posts"}],"about":[{"href":"https:\/\/www.sinpro-rio.org.br\/principal\/wp-json\/wp\/v2\/types\/post"}],"author":[{"embeddable":true,"href":"https:\/\/www.sinpro-rio.org.br\/principal\/wp-json\/wp\/v2\/users\/1"}],"replies":[{"embeddable":true,"href":"https:\/\/www.sinpro-rio.org.br\/principal\/wp-json\/wp\/v2\/comments?post=20372"}],"version-history":[{"count":0,"href":"https:\/\/www.sinpro-rio.org.br\/principal\/wp-json\/wp\/v2\/posts\/20372\/revisions"}],"wp:attachment":[{"href":"https:\/\/www.sinpro-rio.org.br\/principal\/wp-json\/wp\/v2\/media?parent=20372"}],"wp:term":[{"taxonomy":"category","embeddable":true,"href":"https:\/\/www.sinpro-rio.org.br\/principal\/wp-json\/wp\/v2\/categories?post=20372"},{"taxonomy":"post_tag","embeddable":true,"href":"https:\/\/www.sinpro-rio.org.br\/principal\/wp-json\/wp\/v2\/tags?post=20372"}],"curies":[{"name":"wp","href":"https:\/\/api.w.org\/{rel}","templated":true}]}}