{"id":20371,"date":"2012-03-02T00:00:00","date_gmt":"2012-03-02T00:00:00","guid":{"rendered":""},"modified":"-0001-11-30T00:00:00","modified_gmt":"-0001-11-30T03:00:00","slug":"3-caminhada-dos-professores-dia-11-03-as-10h","status":"publish","type":"post","link":"https:\/\/www.sinpro-rio.org.br\/principal\/3-caminhada-dos-professores-dia-11-03-as-10h\/","title":{"rendered":"3\u00aa Caminhada dos Professores: dia 11\/03, \u00e0s 10h"},"content":{"rendered":"\n<p>\n <em><br \/>\n  01\/02\/2012<br \/>\n <\/em>\n<\/p>\n<p class=\"imgleft pic\">\n <img decoding=\"async\" align=\"right\" alt=\"foto\" src=\"http:\/\/www.sinprorio.pro.br\/site_antigo\/imagens\/noticia\/2012\/caminhada.jpg\" width=\"300\"\/><\/p>\n<p>\n  Adiada por conta da n\u00e3o autoriza\u00e7\u00e3o da prefeitura, a 3\u00aa Caminhada dos Professores acontecer\u00e1 no dia 11 de mar\u00e7o, domingo, \u00e0s 10h, com concentra\u00e7\u00e3o \u00e0s 9h, na Orla de Ipanema. Concentra\u00e7\u00e3o no in\u00edcio da Av. Vieira Souto.<\/p>\n<p>\n   O ato, desdobramento da Campanha Salarial 2012, tem como objetivo denunciar os baixos pisos salariais e a precariza\u00e7\u00e3o das condi\u00e7\u00f5es de trabalho e sa\u00fade pela qual passam os professores.<\/p>\n<p>\n    As caminhadas de 2010 e 2011 contaram com a participa\u00e7\u00e3o da categoria, de populares e ainda de autoridades que lutam pela Educa\u00e7\u00e3o de Qualidade.<\/p>\n<p>\n     Todos l\u00e1! Vamos fazer do dia 12 de fevereiro um domingo de luta!<\/p>\n<p>\n      Confira as fotos das caminhadas de<br \/>\n      <a class=\"submenu\" href=\"http:\/\/www.sinprorio.pro.br\/site_antigo\/atualidades\/fotos-2011-abr-10-caminhada.php\" target=\"_blank\"><br \/>\n       2011<br \/>\n      <\/a><br \/>\n      e<br \/>\n      <a class=\"submenu\" href=\"http:\/\/www.sinprorio.pro.br\/site_antigo\/atualidades\/fotos-2010-abr-18-caminhada_professores.php\" target=\"_blank\"><br \/>\n       2010<br \/>\n      <\/a><br \/>\n      .\n     <\/p>\n<\/p>\n<\/p>\n<\/p>\n<p>\n Adiada por conta da n\u00e3o autoriza\u00e7\u00e3o da prefeitura, a 3\u00aa Caminhada dos Professores acontecer\u00e1 no dia 11 de mar\u00e7o, domingo, \u00e0s 10h, com concentra\u00e7\u00e3o \u00e0s 9h, na Orla de Ipanema. Concentra\u00e7\u00e3o no in\u00edcio da Av. Vieira Souto.<\/p>\n<p>\n  O ato, desdobramento da Campanha Salarial 2012, tem como objetivo denunciar os baixos pisos salariais e a precariza\u00e7\u00e3o das condi\u00e7\u00f5es de trabalho e sa\u00fade pela qual passam os professores.<\/p>\n<p>\n   As caminhadas de 2010 e 2011 contaram com a participa\u00e7\u00e3o da categoria, de populares e ainda de autoridades que lutam pela Educa\u00e7\u00e3o de Qualidade.<\/p>\n<p>\n    Todos l\u00e1! Vamos fazer do dia 12 de fevereiro um domingo de luta!<\/p>\n<p>\n     Confira as fotos das caminhadas de<br \/>\n     <a class=\"submenu\" href=\"http:\/\/www.sinprorio.pro.br\/site_antigo\/atualidades\/fotos-2011-abr-10-caminhada.php\" target=\"_blank\"><br \/>\n      2011<br \/>\n     <\/a><br \/>\n     e<br \/>\n     <a class=\"submenu\" href=\"http:\/\/www.sinprorio.pro.br\/site_antigo\/atualidades\/fotos-2010-abr-18-caminhada_professores.php\" target=\"_blank\"><br \/>\n      2010<br \/>\n     <\/a><br \/>\n     .\n    <\/p>\n<\/p>\n<\/p>\n<p>\n O ato, desdobramento da Campanha Salarial 2012, tem como objetivo denunciar os baixos pisos salariais e a precariza\u00e7\u00e3o das condi\u00e7\u00f5es de trabalho e sa\u00fade pela qual passam os professores.<\/p>\n<p>\n  As caminhadas de 2010 e 2011 contaram com a participa\u00e7\u00e3o da categoria, de populares e ainda de autoridades que lutam pela Educa\u00e7\u00e3o de Qualidade.<\/p>\n<p>\n   Todos l\u00e1! Vamos fazer do dia 12 de fevereiro um domingo de luta!<\/p>\n<p>\n    Confira as fotos das caminhadas de<br \/>\n    <a class=\"submenu\" href=\"http:\/\/www.sinprorio.pro.br\/site_antigo\/atualidades\/fotos-2011-abr-10-caminhada.php\" target=\"_blank\"><br \/>\n     2011<br \/>\n    <\/a><br \/>\n    e<br \/>\n    <a class=\"submenu\" href=\"http:\/\/www.sinprorio.pro.br\/site_antigo\/atualidades\/fotos-2010-abr-18-caminhada_professores.php\" target=\"_blank\"><br \/>\n     2010<br \/>\n    <\/a><br \/>\n    .\n   <\/p>\n<\/p>\n<\/p>\n<p>\n As caminhadas de 2010 e 2011 contaram com a participa\u00e7\u00e3o da categoria, de populares e ainda de autoridades que lutam pela Educa\u00e7\u00e3o de Qualidade.<\/p>\n<p>\n  Todos l\u00e1! Vamos fazer do dia 12 de fevereiro um domingo de luta!<\/p>\n<p>\n   Confira as fotos das caminhadas de<br \/>\n   <a class=\"submenu\" href=\"http:\/\/www.sinprorio.pro.br\/site_antigo\/atualidades\/fotos-2011-abr-10-caminhada.php\" target=\"_blank\"><br \/>\n    2011<br \/>\n   <\/a><br \/>\n   e<br \/>\n   <a class=\"submenu\" href=\"http:\/\/www.sinprorio.pro.br\/site_antigo\/atualidades\/fotos-2010-abr-18-caminhada_professores.php\" target=\"_blank\"><br \/>\n    2010<br \/>\n   <\/a><br \/>\n   .\n  <\/p>\n<\/p>\n<p>\n Todos l\u00e1! Vamos fazer do dia 12 de fevereiro um domingo de luta!<\/p>\n<p>\n  Confira as fotos das caminhadas de<br \/>\n  <a class=\"submenu\" href=\"http:\/\/www.sinprorio.pro.br\/site_antigo\/atualidades\/fotos-2011-abr-10-caminhada.php\" target=\"_blank\"><br \/>\n   2011<br \/>\n  <\/a><br \/>\n  e<br \/>\n  <a class=\"submenu\" href=\"http:\/\/www.sinprorio.pro.br\/site_antigo\/atualidades\/fotos-2010-abr-18-caminhada_professores.php\" target=\"_blank\"><br \/>\n   2010<br \/>\n  <\/a><br \/>\n  .\n <\/p>\n<\/p>\n<p>\n Confira as fotos das caminhadas de<br \/>\n <a class=\"submenu\" href=\"http:\/\/www.sinprorio.pro.br\/site_antigo\/atualidades\/fotos-2011-abr-10-caminhada.php\" target=\"_blank\"><br \/>\n  2011<br \/>\n <\/a><br \/>\n e<br \/>\n <a class=\"submenu\" href=\"http:\/\/www.sinprorio.pro.br\/site_antigo\/atualidades\/fotos-2010-abr-18-caminhada_professores.php\" target=\"_blank\"><br \/>\n  2010<br \/>\n <\/a><br \/>\n .<\/p>\n","protected":false},"excerpt":{"rendered":"<p>01\/02\/2012 Adiada por conta da n\u00e3o autoriza\u00e7\u00e3o da prefeitura, a 3\u00aa Caminhada dos Professores acontecer\u00e1 no dia 11 de mar\u00e7o, domingo, \u00e0s 10h, com concentra\u00e7\u00e3o \u00e0s 9h, na Orla de Ipanema. Concentra\u00e7\u00e3o no in\u00edcio da Av. Vieira Souto. O ato, desdobramento da Campanha Salarial 2012, tem como objetivo denunciar os baixos pisos salariais e a [&hellip;]<\/p>\n","protected":false},"author":1,"featured_media":0,"comment_status":"closed","ping_status":"open","sticky":false,"template":"","format":"standard","meta":{"footnotes":""},"categories":[1],"tags":[],"class_list":["post-20371","post","type-post","status-publish","format-standard","hentry","category-noticias"],"yoast_head":"<!-- This site is optimized with the Yoast SEO plugin v25.7 - https:\/\/yoast.com\/wordpress\/plugins\/seo\/ -->\n<title>3\u00aa Caminhada dos Professores: dia 11\/03, \u00e0s 10h - Sinpro-Rio<\/title>\n<meta name=\"robots\" content=\"index, follow, max-snippet:-1, max-image-preview:large, max-video-preview:-1\" \/>\n<link rel=\"canonical\" href=\"https:\/\/www.sinpro-rio.org.br\/principal\/3-caminhada-dos-professores-dia-11-03-as-10h\/\" \/>\n<meta property=\"og:locale\" content=\"pt_BR\" \/>\n<meta property=\"og:type\" content=\"article\" \/>\n<meta property=\"og:title\" content=\"3\u00aa Caminhada dos Professores: dia 11\/03, \u00e0s 10h - Sinpro-Rio\" \/>\n<meta property=\"og:description\" content=\"01\/02\/2012 Adiada por conta da n\u00e3o autoriza\u00e7\u00e3o da prefeitura, a 3\u00aa Caminhada dos Professores acontecer\u00e1 no dia 11 de mar\u00e7o, domingo, \u00e0s 10h, com concentra\u00e7\u00e3o \u00e0s 9h, na Orla de Ipanema. Concentra\u00e7\u00e3o no in\u00edcio da Av. Vieira Souto. O ato, desdobramento da Campanha Salarial 2012, tem como objetivo denunciar os baixos pisos salariais e a [&hellip;]\" \/>\n<meta property=\"og:url\" content=\"https:\/\/www.sinpro-rio.org.br\/principal\/3-caminhada-dos-professores-dia-11-03-as-10h\/\" \/>\n<meta property=\"og:site_name\" content=\"Sinpro-Rio\" \/>\n<meta property=\"article:published_time\" content=\"2012-03-02T00:00:00+00:00\" \/>\n<meta property=\"og:image\" content=\"http:\/\/www.sinprorio.pro.br\/site_antigo\/imagens\/noticia\/2012\/caminhada.jpg\" \/>\n<meta name=\"author\" content=\"rafaelrjp\" \/>\n<meta name=\"twitter:card\" content=\"summary_large_image\" \/>\n<meta name=\"twitter:label1\" content=\"Escrito por\" \/>\n\t<meta name=\"twitter:data1\" content=\"rafaelrjp\" \/>\n\t<meta name=\"twitter:label2\" content=\"Est. tempo de leitura\" \/>\n\t<meta name=\"twitter:data2\" content=\"2 minutos\" \/>\n<script type=\"application\/ld+json\" class=\"yoast-schema-graph\">{\"@context\":\"https:\/\/schema.org\",\"@graph\":[{\"@type\":\"WebPage\",\"@id\":\"https:\/\/www.sinpro-rio.org.br\/principal\/3-caminhada-dos-professores-dia-11-03-as-10h\/\",\"url\":\"https:\/\/www.sinpro-rio.org.br\/principal\/3-caminhada-dos-professores-dia-11-03-as-10h\/\",\"name\":\"3\u00aa Caminhada dos Professores: dia 11\/03, \u00e0s 10h - Sinpro-Rio\",\"isPartOf\":{\"@id\":\"https:\/\/www.sinpro-rio.org.br\/principal\/#website\"},\"primaryImageOfPage\":{\"@id\":\"https:\/\/www.sinpro-rio.org.br\/principal\/3-caminhada-dos-professores-dia-11-03-as-10h\/#primaryimage\"},\"image\":{\"@id\":\"https:\/\/www.sinpro-rio.org.br\/principal\/3-caminhada-dos-professores-dia-11-03-as-10h\/#primaryimage\"},\"thumbnailUrl\":\"http:\/\/www.sinprorio.pro.br\/site_antigo\/imagens\/noticia\/2012\/caminhada.jpg\",\"datePublished\":\"2012-03-02T00:00:00+00:00\",\"author\":{\"@id\":\"https:\/\/www.sinpro-rio.org.br\/principal\/#\/schema\/person\/49feb585a2f57a31a6bd9f16f78e5be6\"},\"breadcrumb\":{\"@id\":\"https:\/\/www.sinpro-rio.org.br\/principal\/3-caminhada-dos-professores-dia-11-03-as-10h\/#breadcrumb\"},\"inLanguage\":\"pt-BR\",\"potentialAction\":[{\"@type\":\"ReadAction\",\"target\":[\"https:\/\/www.sinpro-rio.org.br\/principal\/3-caminhada-dos-professores-dia-11-03-as-10h\/\"]}]},{\"@type\":\"ImageObject\",\"inLanguage\":\"pt-BR\",\"@id\":\"https:\/\/www.sinpro-rio.org.br\/principal\/3-caminhada-dos-professores-dia-11-03-as-10h\/#primaryimage\",\"url\":\"http:\/\/www.sinprorio.pro.br\/site_antigo\/imagens\/noticia\/2012\/caminhada.jpg\",\"contentUrl\":\"http:\/\/www.sinprorio.pro.br\/site_antigo\/imagens\/noticia\/2012\/caminhada.jpg\"},{\"@type\":\"BreadcrumbList\",\"@id\":\"https:\/\/www.sinpro-rio.org.br\/principal\/3-caminhada-dos-professores-dia-11-03-as-10h\/#breadcrumb\",\"itemListElement\":[{\"@type\":\"ListItem\",\"position\":1,\"name\":\"In\u00edcio\",\"item\":\"https:\/\/www.sinpro-rio.org.br\/principal\/\"},{\"@type\":\"ListItem\",\"position\":2,\"name\":\"3\u00aa Caminhada dos Professores: dia 11\/03, \u00e0s 10h\"}]},{\"@type\":\"WebSite\",\"@id\":\"https:\/\/www.sinpro-rio.org.br\/principal\/#website\",\"url\":\"https:\/\/www.sinpro-rio.org.br\/principal\/\",\"name\":\"Sinpro-Rio\",\"description\":\"Sindicato dos Professores do Munic\u00edpio do Rio de Janeiro e Regi\u00e3o\",\"potentialAction\":[{\"@type\":\"SearchAction\",\"target\":{\"@type\":\"EntryPoint\",\"urlTemplate\":\"https:\/\/www.sinpro-rio.org.br\/principal\/?s={search_term_string}\"},\"query-input\":{\"@type\":\"PropertyValueSpecification\",\"valueRequired\":true,\"valueName\":\"search_term_string\"}}],\"inLanguage\":\"pt-BR\"},{\"@type\":\"Person\",\"@id\":\"https:\/\/www.sinpro-rio.org.br\/principal\/#\/schema\/person\/49feb585a2f57a31a6bd9f16f78e5be6\",\"name\":\"rafaelrjp\",\"image\":{\"@type\":\"ImageObject\",\"inLanguage\":\"pt-BR\",\"@id\":\"https:\/\/www.sinpro-rio.org.br\/principal\/#\/schema\/person\/image\/\",\"url\":\"https:\/\/secure.gravatar.com\/avatar\/489371a0ba4655c340b519882c68cf68?s=96&d=mm&r=g\",\"contentUrl\":\"https:\/\/secure.gravatar.com\/avatar\/489371a0ba4655c340b519882c68cf68?s=96&d=mm&r=g\",\"caption\":\"rafaelrjp\"},\"url\":\"https:\/\/www.sinpro-rio.org.br\/principal\/author\/rafaelrjp\/\"}]}<\/script>\n<!-- \/ Yoast SEO plugin. -->","yoast_head_json":{"title":"3\u00aa Caminhada dos Professores: dia 11\/03, \u00e0s 10h - Sinpro-Rio","robots":{"index":"index","follow":"follow","max-snippet":"max-snippet:-1","max-image-preview":"max-image-preview:large","max-video-preview":"max-video-preview:-1"},"canonical":"https:\/\/www.sinpro-rio.org.br\/principal\/3-caminhada-dos-professores-dia-11-03-as-10h\/","og_locale":"pt_BR","og_type":"article","og_title":"3\u00aa Caminhada dos Professores: dia 11\/03, \u00e0s 10h - Sinpro-Rio","og_description":"01\/02\/2012 Adiada por conta da n\u00e3o autoriza\u00e7\u00e3o da prefeitura, a 3\u00aa Caminhada dos Professores acontecer\u00e1 no dia 11 de mar\u00e7o, domingo, \u00e0s 10h, com concentra\u00e7\u00e3o \u00e0s 9h, na Orla de Ipanema. Concentra\u00e7\u00e3o no in\u00edcio da Av. Vieira Souto. O ato, desdobramento da Campanha Salarial 2012, tem como objetivo denunciar os baixos pisos salariais e a [&hellip;]","og_url":"https:\/\/www.sinpro-rio.org.br\/principal\/3-caminhada-dos-professores-dia-11-03-as-10h\/","og_site_name":"Sinpro-Rio","article_published_time":"2012-03-02T00:00:00+00:00","og_image":[{"url":"http:\/\/www.sinprorio.pro.br\/site_antigo\/imagens\/noticia\/2012\/caminhada.jpg","type":"","width":"","height":""}],"author":"rafaelrjp","twitter_card":"summary_large_image","twitter_misc":{"Escrito por":"rafaelrjp","Est. tempo de leitura":"2 minutos"},"schema":{"@context":"https:\/\/schema.org","@graph":[{"@type":"WebPage","@id":"https:\/\/www.sinpro-rio.org.br\/principal\/3-caminhada-dos-professores-dia-11-03-as-10h\/","url":"https:\/\/www.sinpro-rio.org.br\/principal\/3-caminhada-dos-professores-dia-11-03-as-10h\/","name":"3\u00aa Caminhada dos Professores: dia 11\/03, \u00e0s 10h - Sinpro-Rio","isPartOf":{"@id":"https:\/\/www.sinpro-rio.org.br\/principal\/#website"},"primaryImageOfPage":{"@id":"https:\/\/www.sinpro-rio.org.br\/principal\/3-caminhada-dos-professores-dia-11-03-as-10h\/#primaryimage"},"image":{"@id":"https:\/\/www.sinpro-rio.org.br\/principal\/3-caminhada-dos-professores-dia-11-03-as-10h\/#primaryimage"},"thumbnailUrl":"http:\/\/www.sinprorio.pro.br\/site_antigo\/imagens\/noticia\/2012\/caminhada.jpg","datePublished":"2012-03-02T00:00:00+00:00","author":{"@id":"https:\/\/www.sinpro-rio.org.br\/principal\/#\/schema\/person\/49feb585a2f57a31a6bd9f16f78e5be6"},"breadcrumb":{"@id":"https:\/\/www.sinpro-rio.org.br\/principal\/3-caminhada-dos-professores-dia-11-03-as-10h\/#breadcrumb"},"inLanguage":"pt-BR","potentialAction":[{"@type":"ReadAction","target":["https:\/\/www.sinpro-rio.org.br\/principal\/3-caminhada-dos-professores-dia-11-03-as-10h\/"]}]},{"@type":"ImageObject","inLanguage":"pt-BR","@id":"https:\/\/www.sinpro-rio.org.br\/principal\/3-caminhada-dos-professores-dia-11-03-as-10h\/#primaryimage","url":"http:\/\/www.sinprorio.pro.br\/site_antigo\/imagens\/noticia\/2012\/caminhada.jpg","contentUrl":"http:\/\/www.sinprorio.pro.br\/site_antigo\/imagens\/noticia\/2012\/caminhada.jpg"},{"@type":"BreadcrumbList","@id":"https:\/\/www.sinpro-rio.org.br\/principal\/3-caminhada-dos-professores-dia-11-03-as-10h\/#breadcrumb","itemListElement":[{"@type":"ListItem","position":1,"name":"In\u00edcio","item":"https:\/\/www.sinpro-rio.org.br\/principal\/"},{"@type":"ListItem","position":2,"name":"3\u00aa Caminhada dos Professores: dia 11\/03, \u00e0s 10h"}]},{"@type":"WebSite","@id":"https:\/\/www.sinpro-rio.org.br\/principal\/#website","url":"https:\/\/www.sinpro-rio.org.br\/principal\/","name":"Sinpro-Rio","description":"Sindicato dos Professores do Munic\u00edpio do Rio de Janeiro e Regi\u00e3o","potentialAction":[{"@type":"SearchAction","target":{"@type":"EntryPoint","urlTemplate":"https:\/\/www.sinpro-rio.org.br\/principal\/?s={search_term_string}"},"query-input":{"@type":"PropertyValueSpecification","valueRequired":true,"valueName":"search_term_string"}}],"inLanguage":"pt-BR"},{"@type":"Person","@id":"https:\/\/www.sinpro-rio.org.br\/principal\/#\/schema\/person\/49feb585a2f57a31a6bd9f16f78e5be6","name":"rafaelrjp","image":{"@type":"ImageObject","inLanguage":"pt-BR","@id":"https:\/\/www.sinpro-rio.org.br\/principal\/#\/schema\/person\/image\/","url":"https:\/\/secure.gravatar.com\/avatar\/489371a0ba4655c340b519882c68cf68?s=96&d=mm&r=g","contentUrl":"https:\/\/secure.gravatar.com\/avatar\/489371a0ba4655c340b519882c68cf68?s=96&d=mm&r=g","caption":"rafaelrjp"},"url":"https:\/\/www.sinpro-rio.org.br\/principal\/author\/rafaelrjp\/"}]}},"_links":{"self":[{"href":"https:\/\/www.sinpro-rio.org.br\/principal\/wp-json\/wp\/v2\/posts\/20371","targetHints":{"allow":["GET"]}}],"collection":[{"href":"https:\/\/www.sinpro-rio.org.br\/principal\/wp-json\/wp\/v2\/posts"}],"about":[{"href":"https:\/\/www.sinpro-rio.org.br\/principal\/wp-json\/wp\/v2\/types\/post"}],"author":[{"embeddable":true,"href":"https:\/\/www.sinpro-rio.org.br\/principal\/wp-json\/wp\/v2\/users\/1"}],"replies":[{"embeddable":true,"href":"https:\/\/www.sinpro-rio.org.br\/principal\/wp-json\/wp\/v2\/comments?post=20371"}],"version-history":[{"count":0,"href":"https:\/\/www.sinpro-rio.org.br\/principal\/wp-json\/wp\/v2\/posts\/20371\/revisions"}],"wp:attachment":[{"href":"https:\/\/www.sinpro-rio.org.br\/principal\/wp-json\/wp\/v2\/media?parent=20371"}],"wp:term":[{"taxonomy":"category","embeddable":true,"href":"https:\/\/www.sinpro-rio.org.br\/principal\/wp-json\/wp\/v2\/categories?post=20371"},{"taxonomy":"post_tag","embeddable":true,"href":"https:\/\/www.sinpro-rio.org.br\/principal\/wp-json\/wp\/v2\/tags?post=20371"}],"curies":[{"name":"wp","href":"https:\/\/api.w.org\/{rel}","templated":true}]}}