{"id":20367,"date":"2012-03-06T00:00:00","date_gmt":"2012-03-06T00:00:00","guid":{"rendered":""},"modified":"-0001-11-30T00:00:00","modified_gmt":"-0001-11-30T03:00:00","slug":"fpei-rj-debateu-quot-regionalizac-o-dos-foruns-de-educac-o-infantil","status":"publish","type":"post","link":"https:\/\/www.sinpro-rio.org.br\/principal\/fpei-rj-debateu-quot-regionalizac-o-dos-foruns-de-educac-o-infantil\/","title":{"rendered":"FPEI-RJ debateu &quot;Regionaliza\u00e7\u00e3o dos F\u00f3runs de Educa\u00e7\u00e3o Infantil\u201d"},"content":{"rendered":"\n<p>\n <em><br \/>\n  06\/03\/2012<br \/>\n <\/em>\n<\/p>\n<p>\n O<br \/>\n <b><br \/>\n  Sinpro-Rio<br \/>\n <\/b><br \/>\n sediou, no dia 6 de mar\u00e7o, mais uma edi\u00e7\u00e3o do F\u00f3rum Permanente da Educa\u00e7\u00e3o Infantil (FPEI-RJ). Foi abordado o tema &#8220;Regionaliza\u00e7\u00e3o dos F\u00f3runs de Educa\u00e7\u00e3o Infantil\u201d com o objetivo de fortalecer as a\u00e7\u00f5es nos munic\u00edpios a partir da regionaliza\u00e7\u00e3o das a\u00e7\u00f5es vinculadas ao F\u00f3rum Permanente de Educa\u00e7\u00e3o Infantil do RJ.<\/p>\n<p><p>\n   Confira<br \/>\n   <a class=\"submenu\" href=\"http:\/\/www.sinprorio.pro.br\/site_antigo\/atualidades\/fotos-2012-mar-06-forum-infantil.php\" target=\"_blank\"><br \/>\n    aqui<br \/>\n   <\/a><br \/>\n   as fotos do F\u00f3rum.\n  <\/p>\n<\/p>\n<p><p>\n  Confira<br \/>\n  <a class=\"submenu\" href=\"http:\/\/www.sinprorio.pro.br\/site_antigo\/atualidades\/fotos-2012-mar-06-forum-infantil.php\" target=\"_blank\"><br \/>\n   aqui<br \/>\n  <\/a><br \/>\n  as fotos do F\u00f3rum.\n <\/p>\n<\/p>\n<p>\n Confira<br \/>\n <a class=\"submenu\" href=\"http:\/\/www.sinprorio.pro.br\/site_antigo\/atualidades\/fotos-2012-mar-06-forum-infantil.php\" target=\"_blank\"><br \/>\n  aqui<br \/>\n <\/a><br \/>\n as fotos do F\u00f3rum.<\/p>\n","protected":false},"excerpt":{"rendered":"<p>06\/03\/2012 O Sinpro-Rio sediou, no dia 6 de mar\u00e7o, mais uma edi\u00e7\u00e3o do F\u00f3rum Permanente da Educa\u00e7\u00e3o Infantil (FPEI-RJ). Foi abordado o tema &#8220;Regionaliza\u00e7\u00e3o dos F\u00f3runs de Educa\u00e7\u00e3o Infantil\u201d com o objetivo de fortalecer as a\u00e7\u00f5es nos munic\u00edpios a partir da regionaliza\u00e7\u00e3o das a\u00e7\u00f5es vinculadas ao F\u00f3rum Permanente de Educa\u00e7\u00e3o Infantil do RJ. Confira aqui [&hellip;]<\/p>\n","protected":false},"author":1,"featured_media":0,"comment_status":"closed","ping_status":"open","sticky":false,"template":"","format":"standard","meta":{"footnotes":""},"categories":[1],"tags":[],"class_list":["post-20367","post","type-post","status-publish","format-standard","hentry","category-noticias"],"yoast_head":"<!-- This site is optimized with the Yoast SEO plugin v25.7 - https:\/\/yoast.com\/wordpress\/plugins\/seo\/ -->\n<title>FPEI-RJ debateu &quot;Regionaliza\u00e7\u00e3o dos F\u00f3runs de Educa\u00e7\u00e3o Infantil\u201d - Sinpro-Rio<\/title>\n<meta name=\"robots\" content=\"index, follow, max-snippet:-1, max-image-preview:large, max-video-preview:-1\" \/>\n<link rel=\"canonical\" href=\"https:\/\/www.sinpro-rio.org.br\/principal\/fpei-rj-debateu-quot-regionalizac-o-dos-foruns-de-educac-o-infantil\/\" \/>\n<meta property=\"og:locale\" content=\"pt_BR\" \/>\n<meta property=\"og:type\" content=\"article\" \/>\n<meta property=\"og:title\" content=\"FPEI-RJ debateu &quot;Regionaliza\u00e7\u00e3o dos F\u00f3runs de Educa\u00e7\u00e3o Infantil\u201d - Sinpro-Rio\" \/>\n<meta property=\"og:description\" content=\"06\/03\/2012 O Sinpro-Rio sediou, no dia 6 de mar\u00e7o, mais uma edi\u00e7\u00e3o do F\u00f3rum Permanente da Educa\u00e7\u00e3o Infantil (FPEI-RJ). Foi abordado o tema &#8220;Regionaliza\u00e7\u00e3o dos F\u00f3runs de Educa\u00e7\u00e3o Infantil\u201d com o objetivo de fortalecer as a\u00e7\u00f5es nos munic\u00edpios a partir da regionaliza\u00e7\u00e3o das a\u00e7\u00f5es vinculadas ao F\u00f3rum Permanente de Educa\u00e7\u00e3o Infantil do RJ. Confira aqui [&hellip;]\" \/>\n<meta property=\"og:url\" content=\"https:\/\/www.sinpro-rio.org.br\/principal\/fpei-rj-debateu-quot-regionalizac-o-dos-foruns-de-educac-o-infantil\/\" \/>\n<meta property=\"og:site_name\" content=\"Sinpro-Rio\" \/>\n<meta property=\"article:published_time\" content=\"2012-03-06T00:00:00+00:00\" \/>\n<meta name=\"author\" content=\"rafaelrjp\" \/>\n<meta name=\"twitter:card\" content=\"summary_large_image\" \/>\n<meta name=\"twitter:label1\" content=\"Escrito por\" \/>\n\t<meta name=\"twitter:data1\" content=\"rafaelrjp\" \/>\n<script type=\"application\/ld+json\" class=\"yoast-schema-graph\">{\"@context\":\"https:\/\/schema.org\",\"@graph\":[{\"@type\":\"WebPage\",\"@id\":\"https:\/\/www.sinpro-rio.org.br\/principal\/fpei-rj-debateu-quot-regionalizac-o-dos-foruns-de-educac-o-infantil\/\",\"url\":\"https:\/\/www.sinpro-rio.org.br\/principal\/fpei-rj-debateu-quot-regionalizac-o-dos-foruns-de-educac-o-infantil\/\",\"name\":\"FPEI-RJ debateu &quot;Regionaliza\u00e7\u00e3o dos F\u00f3runs de Educa\u00e7\u00e3o Infantil\u201d - Sinpro-Rio\",\"isPartOf\":{\"@id\":\"https:\/\/www.sinpro-rio.org.br\/principal\/#website\"},\"datePublished\":\"2012-03-06T00:00:00+00:00\",\"author\":{\"@id\":\"https:\/\/www.sinpro-rio.org.br\/principal\/#\/schema\/person\/49feb585a2f57a31a6bd9f16f78e5be6\"},\"breadcrumb\":{\"@id\":\"https:\/\/www.sinpro-rio.org.br\/principal\/fpei-rj-debateu-quot-regionalizac-o-dos-foruns-de-educac-o-infantil\/#breadcrumb\"},\"inLanguage\":\"pt-BR\",\"potentialAction\":[{\"@type\":\"ReadAction\",\"target\":[\"https:\/\/www.sinpro-rio.org.br\/principal\/fpei-rj-debateu-quot-regionalizac-o-dos-foruns-de-educac-o-infantil\/\"]}]},{\"@type\":\"BreadcrumbList\",\"@id\":\"https:\/\/www.sinpro-rio.org.br\/principal\/fpei-rj-debateu-quot-regionalizac-o-dos-foruns-de-educac-o-infantil\/#breadcrumb\",\"itemListElement\":[{\"@type\":\"ListItem\",\"position\":1,\"name\":\"In\u00edcio\",\"item\":\"https:\/\/www.sinpro-rio.org.br\/principal\/\"},{\"@type\":\"ListItem\",\"position\":2,\"name\":\"FPEI-RJ debateu &quot;Regionaliza\u00e7\u00e3o dos F\u00f3runs de Educa\u00e7\u00e3o Infantil\u201d\"}]},{\"@type\":\"WebSite\",\"@id\":\"https:\/\/www.sinpro-rio.org.br\/principal\/#website\",\"url\":\"https:\/\/www.sinpro-rio.org.br\/principal\/\",\"name\":\"Sinpro-Rio\",\"description\":\"Sindicato dos Professores do Munic\u00edpio do Rio de Janeiro e Regi\u00e3o\",\"potentialAction\":[{\"@type\":\"SearchAction\",\"target\":{\"@type\":\"EntryPoint\",\"urlTemplate\":\"https:\/\/www.sinpro-rio.org.br\/principal\/?s={search_term_string}\"},\"query-input\":{\"@type\":\"PropertyValueSpecification\",\"valueRequired\":true,\"valueName\":\"search_term_string\"}}],\"inLanguage\":\"pt-BR\"},{\"@type\":\"Person\",\"@id\":\"https:\/\/www.sinpro-rio.org.br\/principal\/#\/schema\/person\/49feb585a2f57a31a6bd9f16f78e5be6\",\"name\":\"rafaelrjp\",\"image\":{\"@type\":\"ImageObject\",\"inLanguage\":\"pt-BR\",\"@id\":\"https:\/\/www.sinpro-rio.org.br\/principal\/#\/schema\/person\/image\/\",\"url\":\"https:\/\/secure.gravatar.com\/avatar\/489371a0ba4655c340b519882c68cf68?s=96&d=mm&r=g\",\"contentUrl\":\"https:\/\/secure.gravatar.com\/avatar\/489371a0ba4655c340b519882c68cf68?s=96&d=mm&r=g\",\"caption\":\"rafaelrjp\"},\"url\":\"https:\/\/www.sinpro-rio.org.br\/principal\/author\/rafaelrjp\/\"}]}<\/script>\n<!-- \/ Yoast SEO plugin. -->","yoast_head_json":{"title":"FPEI-RJ debateu &quot;Regionaliza\u00e7\u00e3o dos F\u00f3runs de Educa\u00e7\u00e3o Infantil\u201d - Sinpro-Rio","robots":{"index":"index","follow":"follow","max-snippet":"max-snippet:-1","max-image-preview":"max-image-preview:large","max-video-preview":"max-video-preview:-1"},"canonical":"https:\/\/www.sinpro-rio.org.br\/principal\/fpei-rj-debateu-quot-regionalizac-o-dos-foruns-de-educac-o-infantil\/","og_locale":"pt_BR","og_type":"article","og_title":"FPEI-RJ debateu &quot;Regionaliza\u00e7\u00e3o dos F\u00f3runs de Educa\u00e7\u00e3o Infantil\u201d - Sinpro-Rio","og_description":"06\/03\/2012 O Sinpro-Rio sediou, no dia 6 de mar\u00e7o, mais uma edi\u00e7\u00e3o do F\u00f3rum Permanente da Educa\u00e7\u00e3o Infantil (FPEI-RJ). Foi abordado o tema &#8220;Regionaliza\u00e7\u00e3o dos F\u00f3runs de Educa\u00e7\u00e3o Infantil\u201d com o objetivo de fortalecer as a\u00e7\u00f5es nos munic\u00edpios a partir da regionaliza\u00e7\u00e3o das a\u00e7\u00f5es vinculadas ao F\u00f3rum Permanente de Educa\u00e7\u00e3o Infantil do RJ. Confira aqui [&hellip;]","og_url":"https:\/\/www.sinpro-rio.org.br\/principal\/fpei-rj-debateu-quot-regionalizac-o-dos-foruns-de-educac-o-infantil\/","og_site_name":"Sinpro-Rio","article_published_time":"2012-03-06T00:00:00+00:00","author":"rafaelrjp","twitter_card":"summary_large_image","twitter_misc":{"Escrito por":"rafaelrjp"},"schema":{"@context":"https:\/\/schema.org","@graph":[{"@type":"WebPage","@id":"https:\/\/www.sinpro-rio.org.br\/principal\/fpei-rj-debateu-quot-regionalizac-o-dos-foruns-de-educac-o-infantil\/","url":"https:\/\/www.sinpro-rio.org.br\/principal\/fpei-rj-debateu-quot-regionalizac-o-dos-foruns-de-educac-o-infantil\/","name":"FPEI-RJ debateu &quot;Regionaliza\u00e7\u00e3o dos F\u00f3runs de Educa\u00e7\u00e3o Infantil\u201d - Sinpro-Rio","isPartOf":{"@id":"https:\/\/www.sinpro-rio.org.br\/principal\/#website"},"datePublished":"2012-03-06T00:00:00+00:00","author":{"@id":"https:\/\/www.sinpro-rio.org.br\/principal\/#\/schema\/person\/49feb585a2f57a31a6bd9f16f78e5be6"},"breadcrumb":{"@id":"https:\/\/www.sinpro-rio.org.br\/principal\/fpei-rj-debateu-quot-regionalizac-o-dos-foruns-de-educac-o-infantil\/#breadcrumb"},"inLanguage":"pt-BR","potentialAction":[{"@type":"ReadAction","target":["https:\/\/www.sinpro-rio.org.br\/principal\/fpei-rj-debateu-quot-regionalizac-o-dos-foruns-de-educac-o-infantil\/"]}]},{"@type":"BreadcrumbList","@id":"https:\/\/www.sinpro-rio.org.br\/principal\/fpei-rj-debateu-quot-regionalizac-o-dos-foruns-de-educac-o-infantil\/#breadcrumb","itemListElement":[{"@type":"ListItem","position":1,"name":"In\u00edcio","item":"https:\/\/www.sinpro-rio.org.br\/principal\/"},{"@type":"ListItem","position":2,"name":"FPEI-RJ debateu &quot;Regionaliza\u00e7\u00e3o dos F\u00f3runs de Educa\u00e7\u00e3o Infantil\u201d"}]},{"@type":"WebSite","@id":"https:\/\/www.sinpro-rio.org.br\/principal\/#website","url":"https:\/\/www.sinpro-rio.org.br\/principal\/","name":"Sinpro-Rio","description":"Sindicato dos Professores do Munic\u00edpio do Rio de Janeiro e Regi\u00e3o","potentialAction":[{"@type":"SearchAction","target":{"@type":"EntryPoint","urlTemplate":"https:\/\/www.sinpro-rio.org.br\/principal\/?s={search_term_string}"},"query-input":{"@type":"PropertyValueSpecification","valueRequired":true,"valueName":"search_term_string"}}],"inLanguage":"pt-BR"},{"@type":"Person","@id":"https:\/\/www.sinpro-rio.org.br\/principal\/#\/schema\/person\/49feb585a2f57a31a6bd9f16f78e5be6","name":"rafaelrjp","image":{"@type":"ImageObject","inLanguage":"pt-BR","@id":"https:\/\/www.sinpro-rio.org.br\/principal\/#\/schema\/person\/image\/","url":"https:\/\/secure.gravatar.com\/avatar\/489371a0ba4655c340b519882c68cf68?s=96&d=mm&r=g","contentUrl":"https:\/\/secure.gravatar.com\/avatar\/489371a0ba4655c340b519882c68cf68?s=96&d=mm&r=g","caption":"rafaelrjp"},"url":"https:\/\/www.sinpro-rio.org.br\/principal\/author\/rafaelrjp\/"}]}},"_links":{"self":[{"href":"https:\/\/www.sinpro-rio.org.br\/principal\/wp-json\/wp\/v2\/posts\/20367","targetHints":{"allow":["GET"]}}],"collection":[{"href":"https:\/\/www.sinpro-rio.org.br\/principal\/wp-json\/wp\/v2\/posts"}],"about":[{"href":"https:\/\/www.sinpro-rio.org.br\/principal\/wp-json\/wp\/v2\/types\/post"}],"author":[{"embeddable":true,"href":"https:\/\/www.sinpro-rio.org.br\/principal\/wp-json\/wp\/v2\/users\/1"}],"replies":[{"embeddable":true,"href":"https:\/\/www.sinpro-rio.org.br\/principal\/wp-json\/wp\/v2\/comments?post=20367"}],"version-history":[{"count":0,"href":"https:\/\/www.sinpro-rio.org.br\/principal\/wp-json\/wp\/v2\/posts\/20367\/revisions"}],"wp:attachment":[{"href":"https:\/\/www.sinpro-rio.org.br\/principal\/wp-json\/wp\/v2\/media?parent=20367"}],"wp:term":[{"taxonomy":"category","embeddable":true,"href":"https:\/\/www.sinpro-rio.org.br\/principal\/wp-json\/wp\/v2\/categories?post=20367"},{"taxonomy":"post_tag","embeddable":true,"href":"https:\/\/www.sinpro-rio.org.br\/principal\/wp-json\/wp\/v2\/tags?post=20367"}],"curies":[{"name":"wp","href":"https:\/\/api.w.org\/{rel}","templated":true}]}}