{"id":20365,"date":"2012-03-07T00:00:00","date_gmt":"2012-03-07T00:00:00","guid":{"rendered":""},"modified":"-0001-11-30T00:00:00","modified_gmt":"-0001-11-30T03:00:00","slug":"dia-internacional-da-mulher-sinpro-rio-estara-presente-em-ato-publico-no-largo-da-carioca","status":"publish","type":"post","link":"https:\/\/www.sinpro-rio.org.br\/principal\/dia-internacional-da-mulher-sinpro-rio-estara-presente-em-ato-publico-no-largo-da-carioca\/","title":{"rendered":"Dia Internacional da Mulher: Sinpro-Rio estar\u00e1 presente em ato p\u00fablico no Largo da Carioca"},"content":{"rendered":"\n<p>\n <em><br \/>\n  07\/03\/2012<br \/>\n <\/em>\n<\/p>\n<p>\n Para lembrar o Dia Internacional da Mulher e, principalmente, as reivindica\u00e7\u00f5es feministas ainda n\u00e3o concretizadas, a CUT-RJ, os<br \/>\nsindicatos cutistas, o Sinpro-Rio e diversos movimentos sociais realizam um ato p\u00fablico unificado no Largo da Carioca nesta quinta (8\/3), a partir do<br \/>\nmeio-dia.<\/p>\n<p>\n  Todos os militantes do movimento sindical e social e as trabalhadoras e os trabalhadores em geral est\u00e3o convocados a participar, levando faixas, bandeiras e barracas e juntando-se ao movimento feminista, que, neste ano, exige o fim da viol\u00eancia contra as mulheres no estado do Rio de Janeiro e no Brasil.<\/p>\n<p>\n   Logo ap\u00f3s o ato, \u00e0s 18h, as mulheres sair\u00e3o em caminhada do Largo da Carioca \u00e0s escadarias da C\u00e2mara dos Vereadores, na Cinel\u00e2ndia, onde as reivindica\u00e7\u00f5es ser\u00e3o expostas. Uma Ciranda, um &#8220;apita\u00e7o&#8221; e uma &#8220;encenaA\u00e7\u00e3o&#8221; tamb\u00e9m far\u00e3o parte da manifesta\u00e7\u00e3o.<\/p>\n<p>\n    <b><br \/>\n     Ato p\u00fablico unificado do Dia Internacional da Mulher<br \/>\n    <\/b><br \/>\n    <br \/>\n    <b><br \/>\n     Dia:<br \/>\n    <\/b><br \/>\n    8 de mar\u00e7o<br \/>\n    <br \/>\n    <b><br \/>\n     Hora:<br \/>\n    <\/b><br \/>\n    12h \u00e0s 18h<br \/>\n    <br \/>\n    <b><br \/>\n     Local:<br \/>\n    <\/b><br \/>\n    Largo da Carioca<br \/>\n    <br \/>\n    <b><br \/>\n     Atividades:<br \/>\n    <\/b><br \/>\n    Panfletagem, m\u00fasica e teatro\n   <\/p>\n<\/p>\n<\/p>\n<p>\n Todos os militantes do movimento sindical e social e as trabalhadoras e os trabalhadores em geral est\u00e3o convocados a participar, levando faixas, bandeiras e barracas e juntando-se ao movimento feminista, que, neste ano, exige o fim da viol\u00eancia contra as mulheres no estado do Rio de Janeiro e no Brasil.<\/p>\n<p>\n  Logo ap\u00f3s o ato, \u00e0s 18h, as mulheres sair\u00e3o em caminhada do Largo da Carioca \u00e0s escadarias da C\u00e2mara dos Vereadores, na Cinel\u00e2ndia, onde as reivindica\u00e7\u00f5es ser\u00e3o expostas. Uma Ciranda, um &#8220;apita\u00e7o&#8221; e uma &#8220;encenaA\u00e7\u00e3o&#8221; tamb\u00e9m far\u00e3o parte da manifesta\u00e7\u00e3o.<\/p>\n<p>\n   <b><br \/>\n    Ato p\u00fablico unificado do Dia Internacional da Mulher<br \/>\n   <\/b><br \/>\n   <br \/>\n   <b><br \/>\n    Dia:<br \/>\n   <\/b><br \/>\n   8 de mar\u00e7o<br \/>\n   <br \/>\n   <b><br \/>\n    Hora:<br \/>\n   <\/b><br \/>\n   12h \u00e0s 18h<br \/>\n   <br \/>\n   <b><br \/>\n    Local:<br \/>\n   <\/b><br \/>\n   Largo da Carioca<br \/>\n   <br \/>\n   <b><br \/>\n    Atividades:<br \/>\n   <\/b><br \/>\n   Panfletagem, m\u00fasica e teatro\n  <\/p>\n<\/p>\n<p>\n Logo ap\u00f3s o ato, \u00e0s 18h, as mulheres sair\u00e3o em caminhada do Largo da Carioca \u00e0s escadarias da C\u00e2mara dos Vereadores, na Cinel\u00e2ndia, onde as reivindica\u00e7\u00f5es ser\u00e3o expostas. Uma Ciranda, um &#8220;apita\u00e7o&#8221; e uma &#8220;encenaA\u00e7\u00e3o&#8221; tamb\u00e9m far\u00e3o parte da manifesta\u00e7\u00e3o.<\/p>\n<p>\n  <b><br \/>\n   Ato p\u00fablico unificado do Dia Internacional da Mulher<br \/>\n  <\/b><br \/>\n  <br \/>\n  <b><br \/>\n   Dia:<br \/>\n  <\/b><br \/>\n  8 de mar\u00e7o<br \/>\n  <br \/>\n  <b><br \/>\n   Hora:<br \/>\n  <\/b><br \/>\n  12h \u00e0s 18h<br \/>\n  <br \/>\n  <b><br \/>\n   Local:<br \/>\n  <\/b><br \/>\n  Largo da Carioca<br \/>\n  <br \/>\n  <b><br \/>\n   Atividades:<br \/>\n  <\/b><br \/>\n  Panfletagem, m\u00fasica e teatro\n <\/p>\n<\/p>\n<p>\n <b><br \/>\n  Ato p\u00fablico unificado do Dia Internacional da Mulher<br \/>\n <\/b><br \/>\n <br \/>\n <b><br \/>\n  Dia:<br \/>\n <\/b><br \/>\n 8 de mar\u00e7o<br \/>\n <br \/>\n <b><br \/>\n  Hora:<br \/>\n <\/b><br \/>\n 12h \u00e0s 18h<br \/>\n <br \/>\n <b><br \/>\n  Local:<br \/>\n <\/b><br \/>\n Largo da Carioca<br \/>\n <br \/>\n <b><br \/>\n  Atividades:<br \/>\n <\/b><br \/>\n Panfletagem, m\u00fasica e teatro<\/p>\n","protected":false},"excerpt":{"rendered":"<p>07\/03\/2012 Para lembrar o Dia Internacional da Mulher e, principalmente, as reivindica\u00e7\u00f5es feministas ainda n\u00e3o concretizadas, a CUT-RJ, os sindicatos cutistas, o Sinpro-Rio e diversos movimentos sociais realizam um ato p\u00fablico unificado no Largo da Carioca nesta quinta (8\/3), a partir do meio-dia. Todos os militantes do movimento sindical e social e as trabalhadoras e [&hellip;]<\/p>\n","protected":false},"author":1,"featured_media":0,"comment_status":"closed","ping_status":"open","sticky":false,"template":"","format":"standard","meta":{"footnotes":""},"categories":[1],"tags":[],"class_list":["post-20365","post","type-post","status-publish","format-standard","hentry","category-noticias"],"yoast_head":"<!-- This site is optimized with the Yoast SEO plugin v25.7 - https:\/\/yoast.com\/wordpress\/plugins\/seo\/ -->\n<title>Dia Internacional da Mulher: Sinpro-Rio estar\u00e1 presente em ato p\u00fablico no Largo da Carioca - Sinpro-Rio<\/title>\n<meta name=\"robots\" content=\"index, follow, max-snippet:-1, max-image-preview:large, max-video-preview:-1\" \/>\n<link rel=\"canonical\" href=\"https:\/\/www.sinpro-rio.org.br\/principal\/dia-internacional-da-mulher-sinpro-rio-estara-presente-em-ato-publico-no-largo-da-carioca\/\" \/>\n<meta property=\"og:locale\" content=\"pt_BR\" \/>\n<meta property=\"og:type\" content=\"article\" \/>\n<meta property=\"og:title\" content=\"Dia Internacional da Mulher: Sinpro-Rio estar\u00e1 presente em ato p\u00fablico no Largo da Carioca - Sinpro-Rio\" \/>\n<meta property=\"og:description\" content=\"07\/03\/2012 Para lembrar o Dia Internacional da Mulher e, principalmente, as reivindica\u00e7\u00f5es feministas ainda n\u00e3o concretizadas, a CUT-RJ, os sindicatos cutistas, o Sinpro-Rio e diversos movimentos sociais realizam um ato p\u00fablico unificado no Largo da Carioca nesta quinta (8\/3), a partir do meio-dia. Todos os militantes do movimento sindical e social e as trabalhadoras e [&hellip;]\" \/>\n<meta property=\"og:url\" content=\"https:\/\/www.sinpro-rio.org.br\/principal\/dia-internacional-da-mulher-sinpro-rio-estara-presente-em-ato-publico-no-largo-da-carioca\/\" \/>\n<meta property=\"og:site_name\" content=\"Sinpro-Rio\" \/>\n<meta property=\"article:published_time\" content=\"2012-03-07T00:00:00+00:00\" \/>\n<meta name=\"author\" content=\"rafaelrjp\" \/>\n<meta name=\"twitter:card\" content=\"summary_large_image\" \/>\n<meta name=\"twitter:label1\" content=\"Escrito por\" \/>\n\t<meta name=\"twitter:data1\" content=\"rafaelrjp\" \/>\n\t<meta name=\"twitter:label2\" content=\"Est. tempo de leitura\" \/>\n\t<meta name=\"twitter:data2\" content=\"2 minutos\" \/>\n<script type=\"application\/ld+json\" class=\"yoast-schema-graph\">{\"@context\":\"https:\/\/schema.org\",\"@graph\":[{\"@type\":\"WebPage\",\"@id\":\"https:\/\/www.sinpro-rio.org.br\/principal\/dia-internacional-da-mulher-sinpro-rio-estara-presente-em-ato-publico-no-largo-da-carioca\/\",\"url\":\"https:\/\/www.sinpro-rio.org.br\/principal\/dia-internacional-da-mulher-sinpro-rio-estara-presente-em-ato-publico-no-largo-da-carioca\/\",\"name\":\"Dia Internacional da Mulher: Sinpro-Rio estar\u00e1 presente em ato p\u00fablico no Largo da Carioca - Sinpro-Rio\",\"isPartOf\":{\"@id\":\"https:\/\/www.sinpro-rio.org.br\/principal\/#website\"},\"datePublished\":\"2012-03-07T00:00:00+00:00\",\"author\":{\"@id\":\"https:\/\/www.sinpro-rio.org.br\/principal\/#\/schema\/person\/49feb585a2f57a31a6bd9f16f78e5be6\"},\"breadcrumb\":{\"@id\":\"https:\/\/www.sinpro-rio.org.br\/principal\/dia-internacional-da-mulher-sinpro-rio-estara-presente-em-ato-publico-no-largo-da-carioca\/#breadcrumb\"},\"inLanguage\":\"pt-BR\",\"potentialAction\":[{\"@type\":\"ReadAction\",\"target\":[\"https:\/\/www.sinpro-rio.org.br\/principal\/dia-internacional-da-mulher-sinpro-rio-estara-presente-em-ato-publico-no-largo-da-carioca\/\"]}]},{\"@type\":\"BreadcrumbList\",\"@id\":\"https:\/\/www.sinpro-rio.org.br\/principal\/dia-internacional-da-mulher-sinpro-rio-estara-presente-em-ato-publico-no-largo-da-carioca\/#breadcrumb\",\"itemListElement\":[{\"@type\":\"ListItem\",\"position\":1,\"name\":\"In\u00edcio\",\"item\":\"https:\/\/www.sinpro-rio.org.br\/principal\/\"},{\"@type\":\"ListItem\",\"position\":2,\"name\":\"Dia Internacional da Mulher: Sinpro-Rio estar\u00e1 presente em ato p\u00fablico no Largo da Carioca\"}]},{\"@type\":\"WebSite\",\"@id\":\"https:\/\/www.sinpro-rio.org.br\/principal\/#website\",\"url\":\"https:\/\/www.sinpro-rio.org.br\/principal\/\",\"name\":\"Sinpro-Rio\",\"description\":\"Sindicato dos Professores do Munic\u00edpio do Rio de Janeiro e Regi\u00e3o\",\"potentialAction\":[{\"@type\":\"SearchAction\",\"target\":{\"@type\":\"EntryPoint\",\"urlTemplate\":\"https:\/\/www.sinpro-rio.org.br\/principal\/?s={search_term_string}\"},\"query-input\":{\"@type\":\"PropertyValueSpecification\",\"valueRequired\":true,\"valueName\":\"search_term_string\"}}],\"inLanguage\":\"pt-BR\"},{\"@type\":\"Person\",\"@id\":\"https:\/\/www.sinpro-rio.org.br\/principal\/#\/schema\/person\/49feb585a2f57a31a6bd9f16f78e5be6\",\"name\":\"rafaelrjp\",\"image\":{\"@type\":\"ImageObject\",\"inLanguage\":\"pt-BR\",\"@id\":\"https:\/\/www.sinpro-rio.org.br\/principal\/#\/schema\/person\/image\/\",\"url\":\"https:\/\/secure.gravatar.com\/avatar\/489371a0ba4655c340b519882c68cf68?s=96&d=mm&r=g\",\"contentUrl\":\"https:\/\/secure.gravatar.com\/avatar\/489371a0ba4655c340b519882c68cf68?s=96&d=mm&r=g\",\"caption\":\"rafaelrjp\"},\"url\":\"https:\/\/www.sinpro-rio.org.br\/principal\/author\/rafaelrjp\/\"}]}<\/script>\n<!-- \/ Yoast SEO plugin. -->","yoast_head_json":{"title":"Dia Internacional da Mulher: Sinpro-Rio estar\u00e1 presente em ato p\u00fablico no Largo da Carioca - Sinpro-Rio","robots":{"index":"index","follow":"follow","max-snippet":"max-snippet:-1","max-image-preview":"max-image-preview:large","max-video-preview":"max-video-preview:-1"},"canonical":"https:\/\/www.sinpro-rio.org.br\/principal\/dia-internacional-da-mulher-sinpro-rio-estara-presente-em-ato-publico-no-largo-da-carioca\/","og_locale":"pt_BR","og_type":"article","og_title":"Dia Internacional da Mulher: Sinpro-Rio estar\u00e1 presente em ato p\u00fablico no Largo da Carioca - Sinpro-Rio","og_description":"07\/03\/2012 Para lembrar o Dia Internacional da Mulher e, principalmente, as reivindica\u00e7\u00f5es feministas ainda n\u00e3o concretizadas, a CUT-RJ, os sindicatos cutistas, o Sinpro-Rio e diversos movimentos sociais realizam um ato p\u00fablico unificado no Largo da Carioca nesta quinta (8\/3), a partir do meio-dia. Todos os militantes do movimento sindical e social e as trabalhadoras e [&hellip;]","og_url":"https:\/\/www.sinpro-rio.org.br\/principal\/dia-internacional-da-mulher-sinpro-rio-estara-presente-em-ato-publico-no-largo-da-carioca\/","og_site_name":"Sinpro-Rio","article_published_time":"2012-03-07T00:00:00+00:00","author":"rafaelrjp","twitter_card":"summary_large_image","twitter_misc":{"Escrito por":"rafaelrjp","Est. tempo de leitura":"2 minutos"},"schema":{"@context":"https:\/\/schema.org","@graph":[{"@type":"WebPage","@id":"https:\/\/www.sinpro-rio.org.br\/principal\/dia-internacional-da-mulher-sinpro-rio-estara-presente-em-ato-publico-no-largo-da-carioca\/","url":"https:\/\/www.sinpro-rio.org.br\/principal\/dia-internacional-da-mulher-sinpro-rio-estara-presente-em-ato-publico-no-largo-da-carioca\/","name":"Dia Internacional da Mulher: Sinpro-Rio estar\u00e1 presente em ato p\u00fablico no Largo da Carioca - Sinpro-Rio","isPartOf":{"@id":"https:\/\/www.sinpro-rio.org.br\/principal\/#website"},"datePublished":"2012-03-07T00:00:00+00:00","author":{"@id":"https:\/\/www.sinpro-rio.org.br\/principal\/#\/schema\/person\/49feb585a2f57a31a6bd9f16f78e5be6"},"breadcrumb":{"@id":"https:\/\/www.sinpro-rio.org.br\/principal\/dia-internacional-da-mulher-sinpro-rio-estara-presente-em-ato-publico-no-largo-da-carioca\/#breadcrumb"},"inLanguage":"pt-BR","potentialAction":[{"@type":"ReadAction","target":["https:\/\/www.sinpro-rio.org.br\/principal\/dia-internacional-da-mulher-sinpro-rio-estara-presente-em-ato-publico-no-largo-da-carioca\/"]}]},{"@type":"BreadcrumbList","@id":"https:\/\/www.sinpro-rio.org.br\/principal\/dia-internacional-da-mulher-sinpro-rio-estara-presente-em-ato-publico-no-largo-da-carioca\/#breadcrumb","itemListElement":[{"@type":"ListItem","position":1,"name":"In\u00edcio","item":"https:\/\/www.sinpro-rio.org.br\/principal\/"},{"@type":"ListItem","position":2,"name":"Dia Internacional da Mulher: Sinpro-Rio estar\u00e1 presente em ato p\u00fablico no Largo da Carioca"}]},{"@type":"WebSite","@id":"https:\/\/www.sinpro-rio.org.br\/principal\/#website","url":"https:\/\/www.sinpro-rio.org.br\/principal\/","name":"Sinpro-Rio","description":"Sindicato dos Professores do Munic\u00edpio do Rio de Janeiro e Regi\u00e3o","potentialAction":[{"@type":"SearchAction","target":{"@type":"EntryPoint","urlTemplate":"https:\/\/www.sinpro-rio.org.br\/principal\/?s={search_term_string}"},"query-input":{"@type":"PropertyValueSpecification","valueRequired":true,"valueName":"search_term_string"}}],"inLanguage":"pt-BR"},{"@type":"Person","@id":"https:\/\/www.sinpro-rio.org.br\/principal\/#\/schema\/person\/49feb585a2f57a31a6bd9f16f78e5be6","name":"rafaelrjp","image":{"@type":"ImageObject","inLanguage":"pt-BR","@id":"https:\/\/www.sinpro-rio.org.br\/principal\/#\/schema\/person\/image\/","url":"https:\/\/secure.gravatar.com\/avatar\/489371a0ba4655c340b519882c68cf68?s=96&d=mm&r=g","contentUrl":"https:\/\/secure.gravatar.com\/avatar\/489371a0ba4655c340b519882c68cf68?s=96&d=mm&r=g","caption":"rafaelrjp"},"url":"https:\/\/www.sinpro-rio.org.br\/principal\/author\/rafaelrjp\/"}]}},"_links":{"self":[{"href":"https:\/\/www.sinpro-rio.org.br\/principal\/wp-json\/wp\/v2\/posts\/20365","targetHints":{"allow":["GET"]}}],"collection":[{"href":"https:\/\/www.sinpro-rio.org.br\/principal\/wp-json\/wp\/v2\/posts"}],"about":[{"href":"https:\/\/www.sinpro-rio.org.br\/principal\/wp-json\/wp\/v2\/types\/post"}],"author":[{"embeddable":true,"href":"https:\/\/www.sinpro-rio.org.br\/principal\/wp-json\/wp\/v2\/users\/1"}],"replies":[{"embeddable":true,"href":"https:\/\/www.sinpro-rio.org.br\/principal\/wp-json\/wp\/v2\/comments?post=20365"}],"version-history":[{"count":0,"href":"https:\/\/www.sinpro-rio.org.br\/principal\/wp-json\/wp\/v2\/posts\/20365\/revisions"}],"wp:attachment":[{"href":"https:\/\/www.sinpro-rio.org.br\/principal\/wp-json\/wp\/v2\/media?parent=20365"}],"wp:term":[{"taxonomy":"category","embeddable":true,"href":"https:\/\/www.sinpro-rio.org.br\/principal\/wp-json\/wp\/v2\/categories?post=20365"},{"taxonomy":"post_tag","embeddable":true,"href":"https:\/\/www.sinpro-rio.org.br\/principal\/wp-json\/wp\/v2\/tags?post=20365"}],"curies":[{"name":"wp","href":"https:\/\/api.w.org\/{rel}","templated":true}]}}