{"id":20362,"date":"2012-03-12T00:00:00","date_gmt":"2012-03-12T00:00:00","guid":{"rendered":""},"modified":"-0001-11-30T00:00:00","modified_gmt":"-0001-11-30T03:00:00","slug":"sinpro-rio-marca-presenca-em-ato-pelo-dia-da-mulher","status":"publish","type":"post","link":"https:\/\/www.sinpro-rio.org.br\/principal\/sinpro-rio-marca-presenca-em-ato-pelo-dia-da-mulher\/","title":{"rendered":"Sinpro-Rio marca presen\u00e7a em ato pelo dia da mulher"},"content":{"rendered":"\n<p>\n <em><br \/>\n  12\/03\/2012<br \/>\n <\/em>\n<\/p>\n<p>\n No dia 8 de mar\u00e7o, o Sinpro-Rio esteve presente ao ato unificado pelo Dia Internacional da Mulher. O evento foi realizado no Largo da Carioca e durou toda a tarde. Todas as mulheres que estavam no ato ou que passaram por l\u00e1 tiveram o microfone aberto para fazerem suas reivindica\u00e7\u00f5es e darem seus depoimentos. Tamb\u00e9m compareceram militantes de diversos partidos e movimentos sociais.<\/p>\n<p>\n  Al\u00e9m da data comercial que o 8 de mar\u00e7o se tornou, a data tamb\u00e9m serve para relembrar as vit\u00f3rias j\u00e1 conquistadas pelas mulheres ao longo dos anos. \u00c9 de grande import\u00e2ncia tamb\u00e9m para reafirmar a luta de todas pelo fim de sua opress\u00e3o, do machismo, da viol\u00eancia, das diferen\u00e7as salarias entre os sexos, entre outros pontos n\u00e3o menos importantes. Em muitas falas, as mulheres ressaltaram que estarem organizadas \u00e9 fundamental para que juntas possam conquistar cada vez mais espa\u00e7o e autonomia na sociedade.<\/p>\n<p>\n   O Sinpro-Rio parabeniza mais uma vez as mulheres n\u00e3o s\u00f3 pelo Dia Internacional da Mulher, como tamb\u00e9m por suas lutas di\u00e1rias. N\u00f3s, do Sindicato, reafirmamos nosso compromisso com a constru\u00e7\u00e3o de pol\u00edticas de combate \u00e0 desigualdade entre homens e mulheres e fazemos um chamado a nossas professoras e professores que encampem conosco esta causa.\n  <\/p>\n<\/p>\n<p>\n Al\u00e9m da data comercial que o 8 de mar\u00e7o se tornou, a data tamb\u00e9m serve para relembrar as vit\u00f3rias j\u00e1 conquistadas pelas mulheres ao longo dos anos. \u00c9 de grande import\u00e2ncia tamb\u00e9m para reafirmar a luta de todas pelo fim de sua opress\u00e3o, do machismo, da viol\u00eancia, das diferen\u00e7as salarias entre os sexos, entre outros pontos n\u00e3o menos importantes. Em muitas falas, as mulheres ressaltaram que estarem organizadas \u00e9 fundamental para que juntas possam conquistar cada vez mais espa\u00e7o e autonomia na sociedade.<\/p>\n<p>\n  O Sinpro-Rio parabeniza mais uma vez as mulheres n\u00e3o s\u00f3 pelo Dia Internacional da Mulher, como tamb\u00e9m por suas lutas di\u00e1rias. N\u00f3s, do Sindicato, reafirmamos nosso compromisso com a constru\u00e7\u00e3o de pol\u00edticas de combate \u00e0 desigualdade entre homens e mulheres e fazemos um chamado a nossas professoras e professores que encampem conosco esta causa.\n <\/p>\n<\/p>\n<p>\n O Sinpro-Rio parabeniza mais uma vez as mulheres n\u00e3o s\u00f3 pelo Dia Internacional da Mulher, como tamb\u00e9m por suas lutas di\u00e1rias. N\u00f3s, do Sindicato, reafirmamos nosso compromisso com a constru\u00e7\u00e3o de pol\u00edticas de combate \u00e0 desigualdade entre homens e mulheres e fazemos um chamado a nossas professoras e professores que encampem conosco esta causa.<\/p>\n","protected":false},"excerpt":{"rendered":"<p>12\/03\/2012 No dia 8 de mar\u00e7o, o Sinpro-Rio esteve presente ao ato unificado pelo Dia Internacional da Mulher. O evento foi realizado no Largo da Carioca e durou toda a tarde. Todas as mulheres que estavam no ato ou que passaram por l\u00e1 tiveram o microfone aberto para fazerem suas reivindica\u00e7\u00f5es e darem seus depoimentos. [&hellip;]<\/p>\n","protected":false},"author":1,"featured_media":0,"comment_status":"closed","ping_status":"open","sticky":false,"template":"","format":"standard","meta":{"footnotes":""},"categories":[1],"tags":[],"class_list":["post-20362","post","type-post","status-publish","format-standard","hentry","category-noticias"],"yoast_head":"<!-- This site is optimized with the Yoast SEO plugin v25.7 - https:\/\/yoast.com\/wordpress\/plugins\/seo\/ -->\n<title>Sinpro-Rio marca presen\u00e7a em ato pelo dia da mulher - Sinpro-Rio<\/title>\n<meta name=\"robots\" content=\"index, follow, max-snippet:-1, max-image-preview:large, max-video-preview:-1\" \/>\n<link rel=\"canonical\" href=\"https:\/\/www.sinpro-rio.org.br\/principal\/sinpro-rio-marca-presenca-em-ato-pelo-dia-da-mulher\/\" \/>\n<meta property=\"og:locale\" content=\"pt_BR\" \/>\n<meta property=\"og:type\" content=\"article\" \/>\n<meta property=\"og:title\" content=\"Sinpro-Rio marca presen\u00e7a em ato pelo dia da mulher - Sinpro-Rio\" \/>\n<meta property=\"og:description\" content=\"12\/03\/2012 No dia 8 de mar\u00e7o, o Sinpro-Rio esteve presente ao ato unificado pelo Dia Internacional da Mulher. O evento foi realizado no Largo da Carioca e durou toda a tarde. Todas as mulheres que estavam no ato ou que passaram por l\u00e1 tiveram o microfone aberto para fazerem suas reivindica\u00e7\u00f5es e darem seus depoimentos. [&hellip;]\" \/>\n<meta property=\"og:url\" content=\"https:\/\/www.sinpro-rio.org.br\/principal\/sinpro-rio-marca-presenca-em-ato-pelo-dia-da-mulher\/\" \/>\n<meta property=\"og:site_name\" content=\"Sinpro-Rio\" \/>\n<meta property=\"article:published_time\" content=\"2012-03-12T00:00:00+00:00\" \/>\n<meta name=\"author\" content=\"rafaelrjp\" \/>\n<meta name=\"twitter:card\" content=\"summary_large_image\" \/>\n<meta name=\"twitter:label1\" content=\"Escrito por\" \/>\n\t<meta name=\"twitter:data1\" content=\"rafaelrjp\" \/>\n\t<meta name=\"twitter:label2\" content=\"Est. tempo de leitura\" \/>\n\t<meta name=\"twitter:data2\" content=\"2 minutos\" \/>\n<script type=\"application\/ld+json\" class=\"yoast-schema-graph\">{\"@context\":\"https:\/\/schema.org\",\"@graph\":[{\"@type\":\"WebPage\",\"@id\":\"https:\/\/www.sinpro-rio.org.br\/principal\/sinpro-rio-marca-presenca-em-ato-pelo-dia-da-mulher\/\",\"url\":\"https:\/\/www.sinpro-rio.org.br\/principal\/sinpro-rio-marca-presenca-em-ato-pelo-dia-da-mulher\/\",\"name\":\"Sinpro-Rio marca presen\u00e7a em ato pelo dia da mulher - Sinpro-Rio\",\"isPartOf\":{\"@id\":\"https:\/\/www.sinpro-rio.org.br\/principal\/#website\"},\"datePublished\":\"2012-03-12T00:00:00+00:00\",\"author\":{\"@id\":\"https:\/\/www.sinpro-rio.org.br\/principal\/#\/schema\/person\/49feb585a2f57a31a6bd9f16f78e5be6\"},\"breadcrumb\":{\"@id\":\"https:\/\/www.sinpro-rio.org.br\/principal\/sinpro-rio-marca-presenca-em-ato-pelo-dia-da-mulher\/#breadcrumb\"},\"inLanguage\":\"pt-BR\",\"potentialAction\":[{\"@type\":\"ReadAction\",\"target\":[\"https:\/\/www.sinpro-rio.org.br\/principal\/sinpro-rio-marca-presenca-em-ato-pelo-dia-da-mulher\/\"]}]},{\"@type\":\"BreadcrumbList\",\"@id\":\"https:\/\/www.sinpro-rio.org.br\/principal\/sinpro-rio-marca-presenca-em-ato-pelo-dia-da-mulher\/#breadcrumb\",\"itemListElement\":[{\"@type\":\"ListItem\",\"position\":1,\"name\":\"In\u00edcio\",\"item\":\"https:\/\/www.sinpro-rio.org.br\/principal\/\"},{\"@type\":\"ListItem\",\"position\":2,\"name\":\"Sinpro-Rio marca presen\u00e7a em ato pelo dia da mulher\"}]},{\"@type\":\"WebSite\",\"@id\":\"https:\/\/www.sinpro-rio.org.br\/principal\/#website\",\"url\":\"https:\/\/www.sinpro-rio.org.br\/principal\/\",\"name\":\"Sinpro-Rio\",\"description\":\"Sindicato dos Professores do Munic\u00edpio do Rio de Janeiro e Regi\u00e3o\",\"potentialAction\":[{\"@type\":\"SearchAction\",\"target\":{\"@type\":\"EntryPoint\",\"urlTemplate\":\"https:\/\/www.sinpro-rio.org.br\/principal\/?s={search_term_string}\"},\"query-input\":{\"@type\":\"PropertyValueSpecification\",\"valueRequired\":true,\"valueName\":\"search_term_string\"}}],\"inLanguage\":\"pt-BR\"},{\"@type\":\"Person\",\"@id\":\"https:\/\/www.sinpro-rio.org.br\/principal\/#\/schema\/person\/49feb585a2f57a31a6bd9f16f78e5be6\",\"name\":\"rafaelrjp\",\"image\":{\"@type\":\"ImageObject\",\"inLanguage\":\"pt-BR\",\"@id\":\"https:\/\/www.sinpro-rio.org.br\/principal\/#\/schema\/person\/image\/\",\"url\":\"https:\/\/secure.gravatar.com\/avatar\/489371a0ba4655c340b519882c68cf68?s=96&d=mm&r=g\",\"contentUrl\":\"https:\/\/secure.gravatar.com\/avatar\/489371a0ba4655c340b519882c68cf68?s=96&d=mm&r=g\",\"caption\":\"rafaelrjp\"},\"url\":\"https:\/\/www.sinpro-rio.org.br\/principal\/author\/rafaelrjp\/\"}]}<\/script>\n<!-- \/ Yoast SEO plugin. -->","yoast_head_json":{"title":"Sinpro-Rio marca presen\u00e7a em ato pelo dia da mulher - Sinpro-Rio","robots":{"index":"index","follow":"follow","max-snippet":"max-snippet:-1","max-image-preview":"max-image-preview:large","max-video-preview":"max-video-preview:-1"},"canonical":"https:\/\/www.sinpro-rio.org.br\/principal\/sinpro-rio-marca-presenca-em-ato-pelo-dia-da-mulher\/","og_locale":"pt_BR","og_type":"article","og_title":"Sinpro-Rio marca presen\u00e7a em ato pelo dia da mulher - Sinpro-Rio","og_description":"12\/03\/2012 No dia 8 de mar\u00e7o, o Sinpro-Rio esteve presente ao ato unificado pelo Dia Internacional da Mulher. O evento foi realizado no Largo da Carioca e durou toda a tarde. Todas as mulheres que estavam no ato ou que passaram por l\u00e1 tiveram o microfone aberto para fazerem suas reivindica\u00e7\u00f5es e darem seus depoimentos. [&hellip;]","og_url":"https:\/\/www.sinpro-rio.org.br\/principal\/sinpro-rio-marca-presenca-em-ato-pelo-dia-da-mulher\/","og_site_name":"Sinpro-Rio","article_published_time":"2012-03-12T00:00:00+00:00","author":"rafaelrjp","twitter_card":"summary_large_image","twitter_misc":{"Escrito por":"rafaelrjp","Est. tempo de leitura":"2 minutos"},"schema":{"@context":"https:\/\/schema.org","@graph":[{"@type":"WebPage","@id":"https:\/\/www.sinpro-rio.org.br\/principal\/sinpro-rio-marca-presenca-em-ato-pelo-dia-da-mulher\/","url":"https:\/\/www.sinpro-rio.org.br\/principal\/sinpro-rio-marca-presenca-em-ato-pelo-dia-da-mulher\/","name":"Sinpro-Rio marca presen\u00e7a em ato pelo dia da mulher - Sinpro-Rio","isPartOf":{"@id":"https:\/\/www.sinpro-rio.org.br\/principal\/#website"},"datePublished":"2012-03-12T00:00:00+00:00","author":{"@id":"https:\/\/www.sinpro-rio.org.br\/principal\/#\/schema\/person\/49feb585a2f57a31a6bd9f16f78e5be6"},"breadcrumb":{"@id":"https:\/\/www.sinpro-rio.org.br\/principal\/sinpro-rio-marca-presenca-em-ato-pelo-dia-da-mulher\/#breadcrumb"},"inLanguage":"pt-BR","potentialAction":[{"@type":"ReadAction","target":["https:\/\/www.sinpro-rio.org.br\/principal\/sinpro-rio-marca-presenca-em-ato-pelo-dia-da-mulher\/"]}]},{"@type":"BreadcrumbList","@id":"https:\/\/www.sinpro-rio.org.br\/principal\/sinpro-rio-marca-presenca-em-ato-pelo-dia-da-mulher\/#breadcrumb","itemListElement":[{"@type":"ListItem","position":1,"name":"In\u00edcio","item":"https:\/\/www.sinpro-rio.org.br\/principal\/"},{"@type":"ListItem","position":2,"name":"Sinpro-Rio marca presen\u00e7a em ato pelo dia da mulher"}]},{"@type":"WebSite","@id":"https:\/\/www.sinpro-rio.org.br\/principal\/#website","url":"https:\/\/www.sinpro-rio.org.br\/principal\/","name":"Sinpro-Rio","description":"Sindicato dos Professores do Munic\u00edpio do Rio de Janeiro e Regi\u00e3o","potentialAction":[{"@type":"SearchAction","target":{"@type":"EntryPoint","urlTemplate":"https:\/\/www.sinpro-rio.org.br\/principal\/?s={search_term_string}"},"query-input":{"@type":"PropertyValueSpecification","valueRequired":true,"valueName":"search_term_string"}}],"inLanguage":"pt-BR"},{"@type":"Person","@id":"https:\/\/www.sinpro-rio.org.br\/principal\/#\/schema\/person\/49feb585a2f57a31a6bd9f16f78e5be6","name":"rafaelrjp","image":{"@type":"ImageObject","inLanguage":"pt-BR","@id":"https:\/\/www.sinpro-rio.org.br\/principal\/#\/schema\/person\/image\/","url":"https:\/\/secure.gravatar.com\/avatar\/489371a0ba4655c340b519882c68cf68?s=96&d=mm&r=g","contentUrl":"https:\/\/secure.gravatar.com\/avatar\/489371a0ba4655c340b519882c68cf68?s=96&d=mm&r=g","caption":"rafaelrjp"},"url":"https:\/\/www.sinpro-rio.org.br\/principal\/author\/rafaelrjp\/"}]}},"_links":{"self":[{"href":"https:\/\/www.sinpro-rio.org.br\/principal\/wp-json\/wp\/v2\/posts\/20362","targetHints":{"allow":["GET"]}}],"collection":[{"href":"https:\/\/www.sinpro-rio.org.br\/principal\/wp-json\/wp\/v2\/posts"}],"about":[{"href":"https:\/\/www.sinpro-rio.org.br\/principal\/wp-json\/wp\/v2\/types\/post"}],"author":[{"embeddable":true,"href":"https:\/\/www.sinpro-rio.org.br\/principal\/wp-json\/wp\/v2\/users\/1"}],"replies":[{"embeddable":true,"href":"https:\/\/www.sinpro-rio.org.br\/principal\/wp-json\/wp\/v2\/comments?post=20362"}],"version-history":[{"count":0,"href":"https:\/\/www.sinpro-rio.org.br\/principal\/wp-json\/wp\/v2\/posts\/20362\/revisions"}],"wp:attachment":[{"href":"https:\/\/www.sinpro-rio.org.br\/principal\/wp-json\/wp\/v2\/media?parent=20362"}],"wp:term":[{"taxonomy":"category","embeddable":true,"href":"https:\/\/www.sinpro-rio.org.br\/principal\/wp-json\/wp\/v2\/categories?post=20362"},{"taxonomy":"post_tag","embeddable":true,"href":"https:\/\/www.sinpro-rio.org.br\/principal\/wp-json\/wp\/v2\/tags?post=20362"}],"curies":[{"name":"wp","href":"https:\/\/api.w.org\/{rel}","templated":true}]}}