{"id":20358,"date":"2012-03-12T00:00:00","date_gmt":"2012-03-12T00:00:00","guid":{"rendered":""},"modified":"-0001-11-30T00:00:00","modified_gmt":"-0001-11-30T03:00:00","slug":"3-caminhada-leva-professores-e-sociedade-pela-orla-de-ipanem","status":"publish","type":"post","link":"https:\/\/www.sinpro-rio.org.br\/principal\/3-caminhada-leva-professores-e-sociedade-pela-orla-de-ipanem\/","title":{"rendered":"3\u00aa Caminhada leva professores e sociedade pela Orla de Ipanem"},"content":{"rendered":"\n<p>\n <em><br \/>\n  12\/03\/2012<br \/>\n <\/em>\n<\/p>\n<p class=\"imgleft pic\">\n <img decoding=\"async\" align=\"right\" alt=\"foto\" src=\"http:\/\/www.sinprorio.pro.br\/site_antigo\/imagens\/noticia\/2012\/caminhada2.jpg\" width=\"300\"\/><\/p>\n<p>\n  A 3\u00aa Caminhada dos Professores, que ocorreu no \u00faltimo domingo, dia 11 de mar\u00e7o, na orla de Ipanema, marcou uma nova etapa da Campanha Salarial de 2012. Animada pela bateria do bloco \u201cPassa a r\u00e9gua\u201d, de Bangu, a caminhada foi do Posto 8 ao 10, agregando cada vez mais professores e cidad\u00e3os que aproveitavam o domingo de Sol. A manifesta\u00e7\u00e3o tamb\u00e9m contou com a distribui\u00e7\u00e3o de bolas de g\u00e1s, uma ampla panfletagem e a interven\u00e7\u00e3o de muitos em um microfone aberto.<\/p>\n<p>\n   O principal objetivo do evento \u00e9 levar \u00e0 sociedade o conhecimento dos problemas enfrentados pelos professores. Os baixos pisos salariais, por exemplo, acabam obrigando muitos docentes a dobrarem ou triplicarem suas jornadas, o que acaba acarretando em stress e um pior rendimento nas aulas dadas. Tornou-se palavra de ordem a luta contra a precariza\u00e7\u00e3o do ensino p\u00fablico e privado.<\/p>\n<p>\n    A orla ficou repleta de faixas com as reivindica\u00e7\u00f5es e toda enfeitada com os bal\u00f5es distribu\u00eddos pelo Sinpro-Rio. Estiveram presentes diversos diretores do Sinpro-Rio, assim como o presidente Wanderley Qu\u00eado, muitos professores, o deputado federal Alessandro Molon (PT-RJ), o deputado estadual Robson Leite (PT-RJ), o presidente da CUT-RJ, Darby Igayara, o vice-presidente da UEE-RJ, Mit\u00e3 Chalfun, a presidente do SindEnf-RJ, M\u00f4nica Armada, representantes de outros sindicatos, al\u00e9m de muitos pedestres, que demonstravam solidariedade \u00e0 causa.<\/p>\n<p>\n     Veja alguns depoimentos dos que estiveram presentes:<\/p>\n<p>\n      <b><br \/>\n       Jos\u00e9 Manuel Gaspar<br \/>\n      <\/b><br \/>\n      , professor de hist\u00f3ria do Ensino M\u00e9dio do CEAT e da EDEM: \u201cO professor sempre teve uma carga muito pesada. Para conseguir condi\u00e7\u00f5es dignas de sobreviv\u00eancia, ele tem que se multiplicar em quatro, cinco escolas. Atualmente, estou aposentado e trabalho em \u201capenas\u201d duas escolas, mas j\u00e1 tive uma carga de cinco, e realmente \u00e9 enlouquecedor. Suas condi\u00e7\u00f5es f\u00edsicas e ps\u00edquicas ficam totalmente desequilibradas, com o agravante de que, nos \u00faltimos anos, a carga de trabalho dentro de casa tem se ampliado por conta da utiliza\u00e7\u00e3o das novas tecnologias. \u00c9 claro que  h\u00e1 escolas em que as condi\u00e7\u00f5es s\u00e3o melhores, com poucos alunos, mas n\u00e3o \u00e9 o quadro geral. No geral temos escolas que trabalham com 40, 50 alunos em salas de aula, e isso tudo recai sobre o professor. Basta observarmos que um grande n\u00famero de professores, tanto da rede p\u00fablica quanto da particular, acabam parando na psiquiatria por desgaste emocional. E s\u00f3 vamos poder combater isso atrav\u00e9s de mobiliza\u00e7\u00f5es e da conscientiza\u00e7\u00e3o da sociedade.\u201d<\/p>\n<p>\n       <b><br \/>\n        Alessandro Molon<br \/>\n       <\/b><br \/>\n       , deputado federal (PT-RJ): \u201cEssa postura pr\u00f3-ativa do Sinpro-Rio, levando a categoria para as ruas e chamando a aten\u00e7\u00e3o da sociedade para a import\u00e2ncia da educa\u00e7\u00e3o, \u00e9 fundamental para conseguirmos avan\u00e7ar nesse campo. O pa\u00eds inteiro deseja uma educa\u00e7\u00e3o melhor e sabe que sem uma educa\u00e7\u00e3o de qualidade o Brasil n\u00e3o vai ocupar o lugar que o mundo reserva para ele. Mas isso s\u00f3 se faz com um professor com qualidade de vida, sa\u00fade, motivado, bem informado, bem qualificado. E esse \u00e9 o grande ganho de iniciativas como essa: chamar a aten\u00e7\u00e3o da sociedade para que a solu\u00e7\u00e3o para o problema que ela quer resolver, que \u00e9 a qualidade da educa\u00e7\u00e3o brasileira passe pela garantia de direitos pelo professor. Por isso, acho fundamental a iniciativa e tenho participado de todas as Caminhadas.\u201d<\/p>\n<p>\n        <b><br \/>\n         Carmen L\u00facia de Freitas<br \/>\n        <\/b><br \/>\n        , professora de ingl\u00eas de Ensino M\u00e9dio: \u201cA iniciativa de se fazer a Caminhada \u00e9 boa e deve continuar sendo feita. Infelizmente estamos cada vez mais desvalorizados e com o ensino est\u00e1 cada vez pior.\u201d<\/p>\n<p>\n         <b><br \/>\n          M\u00f4nica Armada<br \/>\n         <\/b><br \/>\n         , presidente do Sindicado dos Enfermeiros do Rio de Janeiro (SindEnf-RJ): \u201cTanto no Sinpro-Rio quanto no  SindEnf-RJ, as categorias s\u00e3o majoritariamente femininas; n\u00e3o podemos esquecer a luta das mulheres, sua inser\u00e7\u00e3o no mercado de trabalho e a valoriza\u00e7\u00e3o dessas trabalhadoras. Aqui temos uma atividade conjunta, com duas categorias bastante prejudicadas e esquecidas pelo governo; continuamos na luta por condi\u00e7\u00f5es melhores de trabalho e a valoriza\u00e7\u00e3o desses profissionais. Na enfermagem e no magist\u00e9rio \u00e9 a mesma luta, ent\u00e3o temos que caminhar em conjunto, tem que haver um fortalecimento, uma unicidade entre as categorias. E atrav\u00e9s da CUT essa luta realmente caminha junto e pode dar conquistas para as categorias.\u201d<\/p>\n<p>\n          <b><br \/>\n           Darby Iguayara<br \/>\n          <\/b><br \/>\n          , presidente da CUT-RJ: \u201cJ\u00e1 \u00e9 a 3\u00aa Caminhada do Sinpro-Rio que eu participo, e que tem o intuito de trazer para a sociedade o debate da Educa\u00e7\u00e3o. Durante o ano inteiro fazemos movimentos, debates e parece que a sociedade n\u00e3o tem nada a ver com isso; ent\u00e3o essa Caminhada  vem reafirmando esse prop\u00f3sito de mostrar que \u00e9 justamente o contr\u00e1rio. \u00c9 interessante perceber aqui que as pessoas param, observam, ouvem, para come\u00e7ar a de fato entender o debate. A Educa\u00e7\u00e3o n\u00e3o \u00e9 s\u00f3 um problema de Estado, de governo ou de Sindicato; \u00e9 uma quest\u00e3o que a sociedade deve  responder. Porque s\u00e3o os filhos da sociedade, as crian\u00e7as, os jovens  e at\u00e9 mesmo os adultos, que se utilizam do ensino privado e p\u00fablico. Vemos que h\u00e1 uma mercantiliza\u00e7\u00e3o da Educa\u00e7\u00e3o no Ensino Privado; virou com\u00e9rcio. As universidades e as escolas s\u00f3 querem ganhar dinheiro, n\u00e3o est\u00e3o preocupados com o futuro, com a educa\u00e7\u00e3o de qualidade. O problema \u00e9 que a sociedade n\u00e3o faz sua cobran\u00e7a. Em rela\u00e7\u00e3o \u00e0 escola p\u00fablica \u00e9 o mesmo debate: voc\u00ea \u00e9 contribuinte do ensino p\u00fablico, mas n\u00e3o tem retorno; existe hoje uma precariedade muito grande. Ent\u00e3o a luta do Sinpro-Rio e dos professores, onde a CUT est\u00e1 inserida, \u00e9 justamente nessa linha; a de mostrar para a sociedade que ela \u00e9 respons\u00e1vel por esse debate e que temos que caminhar juntos. Nessa 3\u00aa Caminhada podemos ver que o Sinpro-Rio progrediu, pois, aos poucos, estamos ganhando as mentes das pessoas, mostrando suas responsabilidades e a necessidade de cobrar do governo e das escolas. Mesmo no Ensino Privado temos que ter qualidade e n\u00e3o podemos ter esse pre\u00e7o absurdo; n\u00e3o pode ser educa\u00e7\u00e3o mercantilizada. Infelizmente ainda \u00e9 o que acontece. O Sinpro-Rio mais uma vez est\u00e1 no caminho certo, a diretoria, o Wanderley como presidente do Sindicato est\u00e1 encaminhando bem essa luta e n\u00f3s estamos juntos. Esperamos pela 4\u00aa Caminhada e parab\u00e9ns ao Sinpro-Rio.\u201d<\/p>\n<p>\n           <b><br \/>\n            Leonardo Vilela de Castro<br \/>\n           <\/b><br \/>\n           , professor de Pedagogia da UniRio: \u201cA Caminhada \u00e9 fundamental para divulgar as dificuldades que os professores passam e que a sociedade n\u00e3o tem conhecimento. Tamb\u00e9m \u00e9 muito positiva para agregar parcela da popula\u00e7\u00e3o \u00e0 luta e nos fortalecer.\u201d<\/p>\n<p>\n            <b><br \/>\n             Robson Leite<br \/>\n            <\/b><br \/>\n            , deputado estadual (PT\/RJ): \u201cEssa luta do Sinpro-Rio e dos professores e professoras por melhores condi\u00e7\u00f5es de trabalho, sal\u00e1rio e sa\u00fade \u00e9 fundamental. Esse ato traz \u00e0 sociedade a import\u00e2ncia da Educa\u00e7\u00e3o; isso \u00e9 imprescind\u00edvel como instrumento de luta. O que n\u00f3s, parlamentares, fazemos \u00e9 colocar o mandato \u00e0 disposi\u00e7\u00e3o do Sindicato. Isso \u00e9 papel de um mandato de esquerda, fortalecer a luta a servi\u00e7o dessa constru\u00e7\u00e3o important\u00edssima dos professores e professoras e sobretudo do Sindicato.\u201d<\/p>\n<p>\n             Veja<br \/>\n             <a class=\"submenu\" href=\"http:\/\/www.sinprorio.pro.br\/site_antigo\/atualidades\/fotos-2012-mar-11-caminhada-professores.php\" target=\"_blank\"><br \/>\n              aqui<br \/>\n             <\/a><br \/>\n             fotos do evento.\n            <\/p>\n<\/p>\n<\/p>\n<\/p>\n<\/p>\n<\/p>\n<\/p>\n<p>\n A 3\u00aa Caminhada dos Professores, que ocorreu no \u00faltimo domingo, dia 11 de mar\u00e7o, na orla de Ipanema, marcou uma nova etapa da Campanha Salarial de 2012. Animada pela bateria do bloco \u201cPassa a r\u00e9gua\u201d, de Bangu, a caminhada foi do Posto 8 ao 10, agregando cada vez mais professores e cidad\u00e3os que aproveitavam o domingo de Sol. A manifesta\u00e7\u00e3o tamb\u00e9m contou com a distribui\u00e7\u00e3o de bolas de g\u00e1s, uma ampla panfletagem e a interven\u00e7\u00e3o de muitos em um microfone aberto.<\/p>\n<p>\n  O principal objetivo do evento \u00e9 levar \u00e0 sociedade o conhecimento dos problemas enfrentados pelos professores. Os baixos pisos salariais, por exemplo, acabam obrigando muitos docentes a dobrarem ou triplicarem suas jornadas, o que acaba acarretando em stress e um pior rendimento nas aulas dadas. Tornou-se palavra de ordem a luta contra a precariza\u00e7\u00e3o do ensino p\u00fablico e privado.<\/p>\n<p>\n   A orla ficou repleta de faixas com as reivindica\u00e7\u00f5es e toda enfeitada com os bal\u00f5es distribu\u00eddos pelo Sinpro-Rio. Estiveram presentes diversos diretores do Sinpro-Rio, assim como o presidente Wanderley Qu\u00eado, muitos professores, o deputado federal Alessandro Molon (PT-RJ), o deputado estadual Robson Leite (PT-RJ), o presidente da CUT-RJ, Darby Igayara, o vice-presidente da UEE-RJ, Mit\u00e3 Chalfun, a presidente do SindEnf-RJ, M\u00f4nica Armada, representantes de outros sindicatos, al\u00e9m de muitos pedestres, que demonstravam solidariedade \u00e0 causa.<\/p>\n<p>\n    Veja alguns depoimentos dos que estiveram presentes:<\/p>\n<p>\n     <b><br \/>\n      Jos\u00e9 Manuel Gaspar<br \/>\n     <\/b><br \/>\n     , professor de hist\u00f3ria do Ensino M\u00e9dio do CEAT e da EDEM: \u201cO professor sempre teve uma carga muito pesada. Para conseguir condi\u00e7\u00f5es dignas de sobreviv\u00eancia, ele tem que se multiplicar em quatro, cinco escolas. Atualmente, estou aposentado e trabalho em \u201capenas\u201d duas escolas, mas j\u00e1 tive uma carga de cinco, e realmente \u00e9 enlouquecedor. Suas condi\u00e7\u00f5es f\u00edsicas e ps\u00edquicas ficam totalmente desequilibradas, com o agravante de que, nos \u00faltimos anos, a carga de trabalho dentro de casa tem se ampliado por conta da utiliza\u00e7\u00e3o das novas tecnologias. \u00c9 claro que  h\u00e1 escolas em que as condi\u00e7\u00f5es s\u00e3o melhores, com poucos alunos, mas n\u00e3o \u00e9 o quadro geral. No geral temos escolas que trabalham com 40, 50 alunos em salas de aula, e isso tudo recai sobre o professor. Basta observarmos que um grande n\u00famero de professores, tanto da rede p\u00fablica quanto da particular, acabam parando na psiquiatria por desgaste emocional. E s\u00f3 vamos poder combater isso atrav\u00e9s de mobiliza\u00e7\u00f5es e da conscientiza\u00e7\u00e3o da sociedade.\u201d<\/p>\n<p>\n      <b><br \/>\n       Alessandro Molon<br \/>\n      <\/b><br \/>\n      , deputado federal (PT-RJ): \u201cEssa postura pr\u00f3-ativa do Sinpro-Rio, levando a categoria para as ruas e chamando a aten\u00e7\u00e3o da sociedade para a import\u00e2ncia da educa\u00e7\u00e3o, \u00e9 fundamental para conseguirmos avan\u00e7ar nesse campo. O pa\u00eds inteiro deseja uma educa\u00e7\u00e3o melhor e sabe que sem uma educa\u00e7\u00e3o de qualidade o Brasil n\u00e3o vai ocupar o lugar que o mundo reserva para ele. Mas isso s\u00f3 se faz com um professor com qualidade de vida, sa\u00fade, motivado, bem informado, bem qualificado. E esse \u00e9 o grande ganho de iniciativas como essa: chamar a aten\u00e7\u00e3o da sociedade para que a solu\u00e7\u00e3o para o problema que ela quer resolver, que \u00e9 a qualidade da educa\u00e7\u00e3o brasileira passe pela garantia de direitos pelo professor. Por isso, acho fundamental a iniciativa e tenho participado de todas as Caminhadas.\u201d<\/p>\n<p>\n       <b><br \/>\n        Carmen L\u00facia de Freitas<br \/>\n       <\/b><br \/>\n       , professora de ingl\u00eas de Ensino M\u00e9dio: \u201cA iniciativa de se fazer a Caminhada \u00e9 boa e deve continuar sendo feita. Infelizmente estamos cada vez mais desvalorizados e com o ensino est\u00e1 cada vez pior.\u201d<\/p>\n<p>\n        <b><br \/>\n         M\u00f4nica Armada<br \/>\n        <\/b><br \/>\n        , presidente do Sindicado dos Enfermeiros do Rio de Janeiro (SindEnf-RJ): \u201cTanto no Sinpro-Rio quanto no  SindEnf-RJ, as categorias s\u00e3o majoritariamente femininas; n\u00e3o podemos esquecer a luta das mulheres, sua inser\u00e7\u00e3o no mercado de trabalho e a valoriza\u00e7\u00e3o dessas trabalhadoras. Aqui temos uma atividade conjunta, com duas categorias bastante prejudicadas e esquecidas pelo governo; continuamos na luta por condi\u00e7\u00f5es melhores de trabalho e a valoriza\u00e7\u00e3o desses profissionais. Na enfermagem e no magist\u00e9rio \u00e9 a mesma luta, ent\u00e3o temos que caminhar em conjunto, tem que haver um fortalecimento, uma unicidade entre as categorias. E atrav\u00e9s da CUT essa luta realmente caminha junto e pode dar conquistas para as categorias.\u201d<\/p>\n<p>\n         <b><br \/>\n          Darby Iguayara<br \/>\n         <\/b><br \/>\n         , presidente da CUT-RJ: \u201cJ\u00e1 \u00e9 a 3\u00aa Caminhada do Sinpro-Rio que eu participo, e que tem o intuito de trazer para a sociedade o debate da Educa\u00e7\u00e3o. Durante o ano inteiro fazemos movimentos, debates e parece que a sociedade n\u00e3o tem nada a ver com isso; ent\u00e3o essa Caminhada  vem reafirmando esse prop\u00f3sito de mostrar que \u00e9 justamente o contr\u00e1rio. \u00c9 interessante perceber aqui que as pessoas param, observam, ouvem, para come\u00e7ar a de fato entender o debate. A Educa\u00e7\u00e3o n\u00e3o \u00e9 s\u00f3 um problema de Estado, de governo ou de Sindicato; \u00e9 uma quest\u00e3o que a sociedade deve  responder. Porque s\u00e3o os filhos da sociedade, as crian\u00e7as, os jovens  e at\u00e9 mesmo os adultos, que se utilizam do ensino privado e p\u00fablico. Vemos que h\u00e1 uma mercantiliza\u00e7\u00e3o da Educa\u00e7\u00e3o no Ensino Privado; virou com\u00e9rcio. As universidades e as escolas s\u00f3 querem ganhar dinheiro, n\u00e3o est\u00e3o preocupados com o futuro, com a educa\u00e7\u00e3o de qualidade. O problema \u00e9 que a sociedade n\u00e3o faz sua cobran\u00e7a. Em rela\u00e7\u00e3o \u00e0 escola p\u00fablica \u00e9 o mesmo debate: voc\u00ea \u00e9 contribuinte do ensino p\u00fablico, mas n\u00e3o tem retorno; existe hoje uma precariedade muito grande. Ent\u00e3o a luta do Sinpro-Rio e dos professores, onde a CUT est\u00e1 inserida, \u00e9 justamente nessa linha; a de mostrar para a sociedade que ela \u00e9 respons\u00e1vel por esse debate e que temos que caminhar juntos. Nessa 3\u00aa Caminhada podemos ver que o Sinpro-Rio progrediu, pois, aos poucos, estamos ganhando as mentes das pessoas, mostrando suas responsabilidades e a necessidade de cobrar do governo e das escolas. Mesmo no Ensino Privado temos que ter qualidade e n\u00e3o podemos ter esse pre\u00e7o absurdo; n\u00e3o pode ser educa\u00e7\u00e3o mercantilizada. Infelizmente ainda \u00e9 o que acontece. O Sinpro-Rio mais uma vez est\u00e1 no caminho certo, a diretoria, o Wanderley como presidente do Sindicato est\u00e1 encaminhando bem essa luta e n\u00f3s estamos juntos. Esperamos pela 4\u00aa Caminhada e parab\u00e9ns ao Sinpro-Rio.\u201d<\/p>\n<p>\n          <b><br \/>\n           Leonardo Vilela de Castro<br \/>\n          <\/b><br \/>\n          , professor de Pedagogia da UniRio: \u201cA Caminhada \u00e9 fundamental para divulgar as dificuldades que os professores passam e que a sociedade n\u00e3o tem conhecimento. Tamb\u00e9m \u00e9 muito positiva para agregar parcela da popula\u00e7\u00e3o \u00e0 luta e nos fortalecer.\u201d<\/p>\n<p>\n           <b><br \/>\n            Robson Leite<br \/>\n           <\/b><br \/>\n           , deputado estadual (PT\/RJ): \u201cEssa luta do Sinpro-Rio e dos professores e professoras por melhores condi\u00e7\u00f5es de trabalho, sal\u00e1rio e sa\u00fade \u00e9 fundamental. Esse ato traz \u00e0 sociedade a import\u00e2ncia da Educa\u00e7\u00e3o; isso \u00e9 imprescind\u00edvel como instrumento de luta. O que n\u00f3s, parlamentares, fazemos \u00e9 colocar o mandato \u00e0 disposi\u00e7\u00e3o do Sindicato. Isso \u00e9 papel de um mandato de esquerda, fortalecer a luta a servi\u00e7o dessa constru\u00e7\u00e3o important\u00edssima dos professores e professoras e sobretudo do Sindicato.\u201d<\/p>\n<p>\n            Veja<br \/>\n            <a class=\"submenu\" href=\"http:\/\/www.sinprorio.pro.br\/site_antigo\/atualidades\/fotos-2012-mar-11-caminhada-professores.php\" target=\"_blank\"><br \/>\n             aqui<br \/>\n            <\/a><br \/>\n            fotos do evento.\n           <\/p>\n<\/p>\n<\/p>\n<\/p>\n<\/p>\n<\/p>\n<\/p>\n<p>\n O principal objetivo do evento \u00e9 levar \u00e0 sociedade o conhecimento dos problemas enfrentados pelos professores. Os baixos pisos salariais, por exemplo, acabam obrigando muitos docentes a dobrarem ou triplicarem suas jornadas, o que acaba acarretando em stress e um pior rendimento nas aulas dadas. Tornou-se palavra de ordem a luta contra a precariza\u00e7\u00e3o do ensino p\u00fablico e privado.<\/p>\n<p>\n  A orla ficou repleta de faixas com as reivindica\u00e7\u00f5es e toda enfeitada com os bal\u00f5es distribu\u00eddos pelo Sinpro-Rio. Estiveram presentes diversos diretores do Sinpro-Rio, assim como o presidente Wanderley Qu\u00eado, muitos professores, o deputado federal Alessandro Molon (PT-RJ), o deputado estadual Robson Leite (PT-RJ), o presidente da CUT-RJ, Darby Igayara, o vice-presidente da UEE-RJ, Mit\u00e3 Chalfun, a presidente do SindEnf-RJ, M\u00f4nica Armada, representantes de outros sindicatos, al\u00e9m de muitos pedestres, que demonstravam solidariedade \u00e0 causa.<\/p>\n<p>\n   Veja alguns depoimentos dos que estiveram presentes:<\/p>\n<p>\n    <b><br \/>\n     Jos\u00e9 Manuel Gaspar<br \/>\n    <\/b><br \/>\n    , professor de hist\u00f3ria do Ensino M\u00e9dio do CEAT e da EDEM: \u201cO professor sempre teve uma carga muito pesada. Para conseguir condi\u00e7\u00f5es dignas de sobreviv\u00eancia, ele tem que se multiplicar em quatro, cinco escolas. Atualmente, estou aposentado e trabalho em \u201capenas\u201d duas escolas, mas j\u00e1 tive uma carga de cinco, e realmente \u00e9 enlouquecedor. Suas condi\u00e7\u00f5es f\u00edsicas e ps\u00edquicas ficam totalmente desequilibradas, com o agravante de que, nos \u00faltimos anos, a carga de trabalho dentro de casa tem se ampliado por conta da utiliza\u00e7\u00e3o das novas tecnologias. \u00c9 claro que  h\u00e1 escolas em que as condi\u00e7\u00f5es s\u00e3o melhores, com poucos alunos, mas n\u00e3o \u00e9 o quadro geral. No geral temos escolas que trabalham com 40, 50 alunos em salas de aula, e isso tudo recai sobre o professor. Basta observarmos que um grande n\u00famero de professores, tanto da rede p\u00fablica quanto da particular, acabam parando na psiquiatria por desgaste emocional. E s\u00f3 vamos poder combater isso atrav\u00e9s de mobiliza\u00e7\u00f5es e da conscientiza\u00e7\u00e3o da sociedade.\u201d<\/p>\n<p>\n     <b><br \/>\n      Alessandro Molon<br \/>\n     <\/b><br \/>\n     , deputado federal (PT-RJ): \u201cEssa postura pr\u00f3-ativa do Sinpro-Rio, levando a categoria para as ruas e chamando a aten\u00e7\u00e3o da sociedade para a import\u00e2ncia da educa\u00e7\u00e3o, \u00e9 fundamental para conseguirmos avan\u00e7ar nesse campo. O pa\u00eds inteiro deseja uma educa\u00e7\u00e3o melhor e sabe que sem uma educa\u00e7\u00e3o de qualidade o Brasil n\u00e3o vai ocupar o lugar que o mundo reserva para ele. Mas isso s\u00f3 se faz com um professor com qualidade de vida, sa\u00fade, motivado, bem informado, bem qualificado. E esse \u00e9 o grande ganho de iniciativas como essa: chamar a aten\u00e7\u00e3o da sociedade para que a solu\u00e7\u00e3o para o problema que ela quer resolver, que \u00e9 a qualidade da educa\u00e7\u00e3o brasileira passe pela garantia de direitos pelo professor. Por isso, acho fundamental a iniciativa e tenho participado de todas as Caminhadas.\u201d<\/p>\n<p>\n      <b><br \/>\n       Carmen L\u00facia de Freitas<br \/>\n      <\/b><br \/>\n      , professora de ingl\u00eas de Ensino M\u00e9dio: \u201cA iniciativa de se fazer a Caminhada \u00e9 boa e deve continuar sendo feita. Infelizmente estamos cada vez mais desvalorizados e com o ensino est\u00e1 cada vez pior.\u201d<\/p>\n<p>\n       <b><br \/>\n        M\u00f4nica Armada<br \/>\n       <\/b><br \/>\n       , presidente do Sindicado dos Enfermeiros do Rio de Janeiro (SindEnf-RJ): \u201cTanto no Sinpro-Rio quanto no  SindEnf-RJ, as categorias s\u00e3o majoritariamente femininas; n\u00e3o podemos esquecer a luta das mulheres, sua inser\u00e7\u00e3o no mercado de trabalho e a valoriza\u00e7\u00e3o dessas trabalhadoras. Aqui temos uma atividade conjunta, com duas categorias bastante prejudicadas e esquecidas pelo governo; continuamos na luta por condi\u00e7\u00f5es melhores de trabalho e a valoriza\u00e7\u00e3o desses profissionais. Na enfermagem e no magist\u00e9rio \u00e9 a mesma luta, ent\u00e3o temos que caminhar em conjunto, tem que haver um fortalecimento, uma unicidade entre as categorias. E atrav\u00e9s da CUT essa luta realmente caminha junto e pode dar conquistas para as categorias.\u201d<\/p>\n<p>\n        <b><br \/>\n         Darby Iguayara<br \/>\n        <\/b><br \/>\n        , presidente da CUT-RJ: \u201cJ\u00e1 \u00e9 a 3\u00aa Caminhada do Sinpro-Rio que eu participo, e que tem o intuito de trazer para a sociedade o debate da Educa\u00e7\u00e3o. Durante o ano inteiro fazemos movimentos, debates e parece que a sociedade n\u00e3o tem nada a ver com isso; ent\u00e3o essa Caminhada  vem reafirmando esse prop\u00f3sito de mostrar que \u00e9 justamente o contr\u00e1rio. \u00c9 interessante perceber aqui que as pessoas param, observam, ouvem, para come\u00e7ar a de fato entender o debate. A Educa\u00e7\u00e3o n\u00e3o \u00e9 s\u00f3 um problema de Estado, de governo ou de Sindicato; \u00e9 uma quest\u00e3o que a sociedade deve  responder. Porque s\u00e3o os filhos da sociedade, as crian\u00e7as, os jovens  e at\u00e9 mesmo os adultos, que se utilizam do ensino privado e p\u00fablico. Vemos que h\u00e1 uma mercantiliza\u00e7\u00e3o da Educa\u00e7\u00e3o no Ensino Privado; virou com\u00e9rcio. As universidades e as escolas s\u00f3 querem ganhar dinheiro, n\u00e3o est\u00e3o preocupados com o futuro, com a educa\u00e7\u00e3o de qualidade. O problema \u00e9 que a sociedade n\u00e3o faz sua cobran\u00e7a. Em rela\u00e7\u00e3o \u00e0 escola p\u00fablica \u00e9 o mesmo debate: voc\u00ea \u00e9 contribuinte do ensino p\u00fablico, mas n\u00e3o tem retorno; existe hoje uma precariedade muito grande. Ent\u00e3o a luta do Sinpro-Rio e dos professores, onde a CUT est\u00e1 inserida, \u00e9 justamente nessa linha; a de mostrar para a sociedade que ela \u00e9 respons\u00e1vel por esse debate e que temos que caminhar juntos. Nessa 3\u00aa Caminhada podemos ver que o Sinpro-Rio progrediu, pois, aos poucos, estamos ganhando as mentes das pessoas, mostrando suas responsabilidades e a necessidade de cobrar do governo e das escolas. Mesmo no Ensino Privado temos que ter qualidade e n\u00e3o podemos ter esse pre\u00e7o absurdo; n\u00e3o pode ser educa\u00e7\u00e3o mercantilizada. Infelizmente ainda \u00e9 o que acontece. O Sinpro-Rio mais uma vez est\u00e1 no caminho certo, a diretoria, o Wanderley como presidente do Sindicato est\u00e1 encaminhando bem essa luta e n\u00f3s estamos juntos. Esperamos pela 4\u00aa Caminhada e parab\u00e9ns ao Sinpro-Rio.\u201d<\/p>\n<p>\n         <b><br \/>\n          Leonardo Vilela de Castro<br \/>\n         <\/b><br \/>\n         , professor de Pedagogia da UniRio: \u201cA Caminhada \u00e9 fundamental para divulgar as dificuldades que os professores passam e que a sociedade n\u00e3o tem conhecimento. Tamb\u00e9m \u00e9 muito positiva para agregar parcela da popula\u00e7\u00e3o \u00e0 luta e nos fortalecer.\u201d<\/p>\n<p>\n          <b><br \/>\n           Robson Leite<br \/>\n          <\/b><br \/>\n          , deputado estadual (PT\/RJ): \u201cEssa luta do Sinpro-Rio e dos professores e professoras por melhores condi\u00e7\u00f5es de trabalho, sal\u00e1rio e sa\u00fade \u00e9 fundamental. Esse ato traz \u00e0 sociedade a import\u00e2ncia da Educa\u00e7\u00e3o; isso \u00e9 imprescind\u00edvel como instrumento de luta. O que n\u00f3s, parlamentares, fazemos \u00e9 colocar o mandato \u00e0 disposi\u00e7\u00e3o do Sindicato. Isso \u00e9 papel de um mandato de esquerda, fortalecer a luta a servi\u00e7o dessa constru\u00e7\u00e3o important\u00edssima dos professores e professoras e sobretudo do Sindicato.\u201d<\/p>\n<p>\n           Veja<br \/>\n           <a class=\"submenu\" href=\"http:\/\/www.sinprorio.pro.br\/site_antigo\/atualidades\/fotos-2012-mar-11-caminhada-professores.php\" target=\"_blank\"><br \/>\n            aqui<br \/>\n           <\/a><br \/>\n           fotos do evento.\n          <\/p>\n<\/p>\n<\/p>\n<\/p>\n<\/p>\n<\/p>\n<p>\n A orla ficou repleta de faixas com as reivindica\u00e7\u00f5es e toda enfeitada com os bal\u00f5es distribu\u00eddos pelo Sinpro-Rio. Estiveram presentes diversos diretores do Sinpro-Rio, assim como o presidente Wanderley Qu\u00eado, muitos professores, o deputado federal Alessandro Molon (PT-RJ), o deputado estadual Robson Leite (PT-RJ), o presidente da CUT-RJ, Darby Igayara, o vice-presidente da UEE-RJ, Mit\u00e3 Chalfun, a presidente do SindEnf-RJ, M\u00f4nica Armada, representantes de outros sindicatos, al\u00e9m de muitos pedestres, que demonstravam solidariedade \u00e0 causa.<\/p>\n<p>\n  Veja alguns depoimentos dos que estiveram presentes:<\/p>\n<p>\n   <b><br \/>\n    Jos\u00e9 Manuel Gaspar<br \/>\n   <\/b><br \/>\n   , professor de hist\u00f3ria do Ensino M\u00e9dio do CEAT e da EDEM: \u201cO professor sempre teve uma carga muito pesada. Para conseguir condi\u00e7\u00f5es dignas de sobreviv\u00eancia, ele tem que se multiplicar em quatro, cinco escolas. Atualmente, estou aposentado e trabalho em \u201capenas\u201d duas escolas, mas j\u00e1 tive uma carga de cinco, e realmente \u00e9 enlouquecedor. Suas condi\u00e7\u00f5es f\u00edsicas e ps\u00edquicas ficam totalmente desequilibradas, com o agravante de que, nos \u00faltimos anos, a carga de trabalho dentro de casa tem se ampliado por conta da utiliza\u00e7\u00e3o das novas tecnologias. \u00c9 claro que  h\u00e1 escolas em que as condi\u00e7\u00f5es s\u00e3o melhores, com poucos alunos, mas n\u00e3o \u00e9 o quadro geral. No geral temos escolas que trabalham com 40, 50 alunos em salas de aula, e isso tudo recai sobre o professor. Basta observarmos que um grande n\u00famero de professores, tanto da rede p\u00fablica quanto da particular, acabam parando na psiquiatria por desgaste emocional. E s\u00f3 vamos poder combater isso atrav\u00e9s de mobiliza\u00e7\u00f5es e da conscientiza\u00e7\u00e3o da sociedade.\u201d<\/p>\n<p>\n    <b><br \/>\n     Alessandro Molon<br \/>\n    <\/b><br \/>\n    , deputado federal (PT-RJ): \u201cEssa postura pr\u00f3-ativa do Sinpro-Rio, levando a categoria para as ruas e chamando a aten\u00e7\u00e3o da sociedade para a import\u00e2ncia da educa\u00e7\u00e3o, \u00e9 fundamental para conseguirmos avan\u00e7ar nesse campo. O pa\u00eds inteiro deseja uma educa\u00e7\u00e3o melhor e sabe que sem uma educa\u00e7\u00e3o de qualidade o Brasil n\u00e3o vai ocupar o lugar que o mundo reserva para ele. Mas isso s\u00f3 se faz com um professor com qualidade de vida, sa\u00fade, motivado, bem informado, bem qualificado. E esse \u00e9 o grande ganho de iniciativas como essa: chamar a aten\u00e7\u00e3o da sociedade para que a solu\u00e7\u00e3o para o problema que ela quer resolver, que \u00e9 a qualidade da educa\u00e7\u00e3o brasileira passe pela garantia de direitos pelo professor. Por isso, acho fundamental a iniciativa e tenho participado de todas as Caminhadas.\u201d<\/p>\n<p>\n     <b><br \/>\n      Carmen L\u00facia de Freitas<br \/>\n     <\/b><br \/>\n     , professora de ingl\u00eas de Ensino M\u00e9dio: \u201cA iniciativa de se fazer a Caminhada \u00e9 boa e deve continuar sendo feita. Infelizmente estamos cada vez mais desvalorizados e com o ensino est\u00e1 cada vez pior.\u201d<\/p>\n<p>\n      <b><br \/>\n       M\u00f4nica Armada<br \/>\n      <\/b><br \/>\n      , presidente do Sindicado dos Enfermeiros do Rio de Janeiro (SindEnf-RJ): \u201cTanto no Sinpro-Rio quanto no  SindEnf-RJ, as categorias s\u00e3o majoritariamente femininas; n\u00e3o podemos esquecer a luta das mulheres, sua inser\u00e7\u00e3o no mercado de trabalho e a valoriza\u00e7\u00e3o dessas trabalhadoras. Aqui temos uma atividade conjunta, com duas categorias bastante prejudicadas e esquecidas pelo governo; continuamos na luta por condi\u00e7\u00f5es melhores de trabalho e a valoriza\u00e7\u00e3o desses profissionais. Na enfermagem e no magist\u00e9rio \u00e9 a mesma luta, ent\u00e3o temos que caminhar em conjunto, tem que haver um fortalecimento, uma unicidade entre as categorias. E atrav\u00e9s da CUT essa luta realmente caminha junto e pode dar conquistas para as categorias.\u201d<\/p>\n<p>\n       <b><br \/>\n        Darby Iguayara<br \/>\n       <\/b><br \/>\n       , presidente da CUT-RJ: \u201cJ\u00e1 \u00e9 a 3\u00aa Caminhada do Sinpro-Rio que eu participo, e que tem o intuito de trazer para a sociedade o debate da Educa\u00e7\u00e3o. Durante o ano inteiro fazemos movimentos, debates e parece que a sociedade n\u00e3o tem nada a ver com isso; ent\u00e3o essa Caminhada  vem reafirmando esse prop\u00f3sito de mostrar que \u00e9 justamente o contr\u00e1rio. \u00c9 interessante perceber aqui que as pessoas param, observam, ouvem, para come\u00e7ar a de fato entender o debate. A Educa\u00e7\u00e3o n\u00e3o \u00e9 s\u00f3 um problema de Estado, de governo ou de Sindicato; \u00e9 uma quest\u00e3o que a sociedade deve  responder. Porque s\u00e3o os filhos da sociedade, as crian\u00e7as, os jovens  e at\u00e9 mesmo os adultos, que se utilizam do ensino privado e p\u00fablico. Vemos que h\u00e1 uma mercantiliza\u00e7\u00e3o da Educa\u00e7\u00e3o no Ensino Privado; virou com\u00e9rcio. As universidades e as escolas s\u00f3 querem ganhar dinheiro, n\u00e3o est\u00e3o preocupados com o futuro, com a educa\u00e7\u00e3o de qualidade. O problema \u00e9 que a sociedade n\u00e3o faz sua cobran\u00e7a. Em rela\u00e7\u00e3o \u00e0 escola p\u00fablica \u00e9 o mesmo debate: voc\u00ea \u00e9 contribuinte do ensino p\u00fablico, mas n\u00e3o tem retorno; existe hoje uma precariedade muito grande. Ent\u00e3o a luta do Sinpro-Rio e dos professores, onde a CUT est\u00e1 inserida, \u00e9 justamente nessa linha; a de mostrar para a sociedade que ela \u00e9 respons\u00e1vel por esse debate e que temos que caminhar juntos. Nessa 3\u00aa Caminhada podemos ver que o Sinpro-Rio progrediu, pois, aos poucos, estamos ganhando as mentes das pessoas, mostrando suas responsabilidades e a necessidade de cobrar do governo e das escolas. Mesmo no Ensino Privado temos que ter qualidade e n\u00e3o podemos ter esse pre\u00e7o absurdo; n\u00e3o pode ser educa\u00e7\u00e3o mercantilizada. Infelizmente ainda \u00e9 o que acontece. O Sinpro-Rio mais uma vez est\u00e1 no caminho certo, a diretoria, o Wanderley como presidente do Sindicato est\u00e1 encaminhando bem essa luta e n\u00f3s estamos juntos. Esperamos pela 4\u00aa Caminhada e parab\u00e9ns ao Sinpro-Rio.\u201d<\/p>\n<p>\n        <b><br \/>\n         Leonardo Vilela de Castro<br \/>\n        <\/b><br \/>\n        , professor de Pedagogia da UniRio: \u201cA Caminhada \u00e9 fundamental para divulgar as dificuldades que os professores passam e que a sociedade n\u00e3o tem conhecimento. Tamb\u00e9m \u00e9 muito positiva para agregar parcela da popula\u00e7\u00e3o \u00e0 luta e nos fortalecer.\u201d<\/p>\n<p>\n         <b><br \/>\n          Robson Leite<br \/>\n         <\/b><br \/>\n         , deputado estadual (PT\/RJ): \u201cEssa luta do Sinpro-Rio e dos professores e professoras por melhores condi\u00e7\u00f5es de trabalho, sal\u00e1rio e sa\u00fade \u00e9 fundamental. Esse ato traz \u00e0 sociedade a import\u00e2ncia da Educa\u00e7\u00e3o; isso \u00e9 imprescind\u00edvel como instrumento de luta. O que n\u00f3s, parlamentares, fazemos \u00e9 colocar o mandato \u00e0 disposi\u00e7\u00e3o do Sindicato. Isso \u00e9 papel de um mandato de esquerda, fortalecer a luta a servi\u00e7o dessa constru\u00e7\u00e3o important\u00edssima dos professores e professoras e sobretudo do Sindicato.\u201d<\/p>\n<p>\n          Veja<br \/>\n          <a class=\"submenu\" href=\"http:\/\/www.sinprorio.pro.br\/site_antigo\/atualidades\/fotos-2012-mar-11-caminhada-professores.php\" target=\"_blank\"><br \/>\n           aqui<br \/>\n          <\/a><br \/>\n          fotos do evento.\n         <\/p>\n<\/p>\n<\/p>\n<\/p>\n<\/p>\n<\/p>\n<p>\n Veja alguns depoimentos dos que estiveram presentes:<\/p>\n<p>\n  <b><br \/>\n   Jos\u00e9 Manuel Gaspar<br \/>\n  <\/b><br \/>\n  , professor de hist\u00f3ria do Ensino M\u00e9dio do CEAT e da EDEM: \u201cO professor sempre teve uma carga muito pesada. Para conseguir condi\u00e7\u00f5es dignas de sobreviv\u00eancia, ele tem que se multiplicar em quatro, cinco escolas. Atualmente, estou aposentado e trabalho em \u201capenas\u201d duas escolas, mas j\u00e1 tive uma carga de cinco, e realmente \u00e9 enlouquecedor. Suas condi\u00e7\u00f5es f\u00edsicas e ps\u00edquicas ficam totalmente desequilibradas, com o agravante de que, nos \u00faltimos anos, a carga de trabalho dentro de casa tem se ampliado por conta da utiliza\u00e7\u00e3o das novas tecnologias. \u00c9 claro que  h\u00e1 escolas em que as condi\u00e7\u00f5es s\u00e3o melhores, com poucos alunos, mas n\u00e3o \u00e9 o quadro geral. No geral temos escolas que trabalham com 40, 50 alunos em salas de aula, e isso tudo recai sobre o professor. Basta observarmos que um grande n\u00famero de professores, tanto da rede p\u00fablica quanto da particular, acabam parando na psiquiatria por desgaste emocional. E s\u00f3 vamos poder combater isso atrav\u00e9s de mobiliza\u00e7\u00f5es e da conscientiza\u00e7\u00e3o da sociedade.\u201d<\/p>\n<p>\n   <b><br \/>\n    Alessandro Molon<br \/>\n   <\/b><br \/>\n   , deputado federal (PT-RJ): \u201cEssa postura pr\u00f3-ativa do Sinpro-Rio, levando a categoria para as ruas e chamando a aten\u00e7\u00e3o da sociedade para a import\u00e2ncia da educa\u00e7\u00e3o, \u00e9 fundamental para conseguirmos avan\u00e7ar nesse campo. O pa\u00eds inteiro deseja uma educa\u00e7\u00e3o melhor e sabe que sem uma educa\u00e7\u00e3o de qualidade o Brasil n\u00e3o vai ocupar o lugar que o mundo reserva para ele. Mas isso s\u00f3 se faz com um professor com qualidade de vida, sa\u00fade, motivado, bem informado, bem qualificado. E esse \u00e9 o grande ganho de iniciativas como essa: chamar a aten\u00e7\u00e3o da sociedade para que a solu\u00e7\u00e3o para o problema que ela quer resolver, que \u00e9 a qualidade da educa\u00e7\u00e3o brasileira passe pela garantia de direitos pelo professor. Por isso, acho fundamental a iniciativa e tenho participado de todas as Caminhadas.\u201d<\/p>\n<p>\n    <b><br \/>\n     Carmen L\u00facia de Freitas<br \/>\n    <\/b><br \/>\n    , professora de ingl\u00eas de Ensino M\u00e9dio: \u201cA iniciativa de se fazer a Caminhada \u00e9 boa e deve continuar sendo feita. Infelizmente estamos cada vez mais desvalorizados e com o ensino est\u00e1 cada vez pior.\u201d<\/p>\n<p>\n     <b><br \/>\n      M\u00f4nica Armada<br \/>\n     <\/b><br \/>\n     , presidente do Sindicado dos Enfermeiros do Rio de Janeiro (SindEnf-RJ): \u201cTanto no Sinpro-Rio quanto no  SindEnf-RJ, as categorias s\u00e3o majoritariamente femininas; n\u00e3o podemos esquecer a luta das mulheres, sua inser\u00e7\u00e3o no mercado de trabalho e a valoriza\u00e7\u00e3o dessas trabalhadoras. Aqui temos uma atividade conjunta, com duas categorias bastante prejudicadas e esquecidas pelo governo; continuamos na luta por condi\u00e7\u00f5es melhores de trabalho e a valoriza\u00e7\u00e3o desses profissionais. Na enfermagem e no magist\u00e9rio \u00e9 a mesma luta, ent\u00e3o temos que caminhar em conjunto, tem que haver um fortalecimento, uma unicidade entre as categorias. E atrav\u00e9s da CUT essa luta realmente caminha junto e pode dar conquistas para as categorias.\u201d<\/p>\n<p>\n      <b><br \/>\n       Darby Iguayara<br \/>\n      <\/b><br \/>\n      , presidente da CUT-RJ: \u201cJ\u00e1 \u00e9 a 3\u00aa Caminhada do Sinpro-Rio que eu participo, e que tem o intuito de trazer para a sociedade o debate da Educa\u00e7\u00e3o. Durante o ano inteiro fazemos movimentos, debates e parece que a sociedade n\u00e3o tem nada a ver com isso; ent\u00e3o essa Caminhada  vem reafirmando esse prop\u00f3sito de mostrar que \u00e9 justamente o contr\u00e1rio. \u00c9 interessante perceber aqui que as pessoas param, observam, ouvem, para come\u00e7ar a de fato entender o debate. A Educa\u00e7\u00e3o n\u00e3o \u00e9 s\u00f3 um problema de Estado, de governo ou de Sindicato; \u00e9 uma quest\u00e3o que a sociedade deve  responder. Porque s\u00e3o os filhos da sociedade, as crian\u00e7as, os jovens  e at\u00e9 mesmo os adultos, que se utilizam do ensino privado e p\u00fablico. Vemos que h\u00e1 uma mercantiliza\u00e7\u00e3o da Educa\u00e7\u00e3o no Ensino Privado; virou com\u00e9rcio. As universidades e as escolas s\u00f3 querem ganhar dinheiro, n\u00e3o est\u00e3o preocupados com o futuro, com a educa\u00e7\u00e3o de qualidade. O problema \u00e9 que a sociedade n\u00e3o faz sua cobran\u00e7a. Em rela\u00e7\u00e3o \u00e0 escola p\u00fablica \u00e9 o mesmo debate: voc\u00ea \u00e9 contribuinte do ensino p\u00fablico, mas n\u00e3o tem retorno; existe hoje uma precariedade muito grande. Ent\u00e3o a luta do Sinpro-Rio e dos professores, onde a CUT est\u00e1 inserida, \u00e9 justamente nessa linha; a de mostrar para a sociedade que ela \u00e9 respons\u00e1vel por esse debate e que temos que caminhar juntos. Nessa 3\u00aa Caminhada podemos ver que o Sinpro-Rio progrediu, pois, aos poucos, estamos ganhando as mentes das pessoas, mostrando suas responsabilidades e a necessidade de cobrar do governo e das escolas. Mesmo no Ensino Privado temos que ter qualidade e n\u00e3o podemos ter esse pre\u00e7o absurdo; n\u00e3o pode ser educa\u00e7\u00e3o mercantilizada. Infelizmente ainda \u00e9 o que acontece. O Sinpro-Rio mais uma vez est\u00e1 no caminho certo, a diretoria, o Wanderley como presidente do Sindicato est\u00e1 encaminhando bem essa luta e n\u00f3s estamos juntos. Esperamos pela 4\u00aa Caminhada e parab\u00e9ns ao Sinpro-Rio.\u201d<\/p>\n<p>\n       <b><br \/>\n        Leonardo Vilela de Castro<br \/>\n       <\/b><br \/>\n       , professor de Pedagogia da UniRio: \u201cA Caminhada \u00e9 fundamental para divulgar as dificuldades que os professores passam e que a sociedade n\u00e3o tem conhecimento. Tamb\u00e9m \u00e9 muito positiva para agregar parcela da popula\u00e7\u00e3o \u00e0 luta e nos fortalecer.\u201d<\/p>\n<p>\n        <b><br \/>\n         Robson Leite<br \/>\n        <\/b><br \/>\n        , deputado estadual (PT\/RJ): \u201cEssa luta do Sinpro-Rio e dos professores e professoras por melhores condi\u00e7\u00f5es de trabalho, sal\u00e1rio e sa\u00fade \u00e9 fundamental. Esse ato traz \u00e0 sociedade a import\u00e2ncia da Educa\u00e7\u00e3o; isso \u00e9 imprescind\u00edvel como instrumento de luta. O que n\u00f3s, parlamentares, fazemos \u00e9 colocar o mandato \u00e0 disposi\u00e7\u00e3o do Sindicato. Isso \u00e9 papel de um mandato de esquerda, fortalecer a luta a servi\u00e7o dessa constru\u00e7\u00e3o important\u00edssima dos professores e professoras e sobretudo do Sindicato.\u201d<\/p>\n<p>\n         Veja<br \/>\n         <a class=\"submenu\" href=\"http:\/\/www.sinprorio.pro.br\/site_antigo\/atualidades\/fotos-2012-mar-11-caminhada-professores.php\" target=\"_blank\"><br \/>\n          aqui<br \/>\n         <\/a><br \/>\n         fotos do evento.\n        <\/p>\n<\/p>\n<\/p>\n<\/p>\n<\/p>\n<p>\n <b><br \/>\n  Jos\u00e9 Manuel Gaspar<br \/>\n <\/b><br \/>\n , professor de hist\u00f3ria do Ensino M\u00e9dio do CEAT e da EDEM: \u201cO professor sempre teve uma carga muito pesada. Para conseguir condi\u00e7\u00f5es dignas de sobreviv\u00eancia, ele tem que se multiplicar em quatro, cinco escolas. Atualmente, estou aposentado e trabalho em \u201capenas\u201d duas escolas, mas j\u00e1 tive uma carga de cinco, e realmente \u00e9 enlouquecedor. Suas condi\u00e7\u00f5es f\u00edsicas e ps\u00edquicas ficam totalmente desequilibradas, com o agravante de que, nos \u00faltimos anos, a carga de trabalho dentro de casa tem se ampliado por conta da utiliza\u00e7\u00e3o das novas tecnologias. \u00c9 claro que  h\u00e1 escolas em que as condi\u00e7\u00f5es s\u00e3o melhores, com poucos alunos, mas n\u00e3o \u00e9 o quadro geral. No geral temos escolas que trabalham com 40, 50 alunos em salas de aula, e isso tudo recai sobre o professor. Basta observarmos que um grande n\u00famero de professores, tanto da rede p\u00fablica quanto da particular, acabam parando na psiquiatria por desgaste emocional. E s\u00f3 vamos poder combater isso atrav\u00e9s de mobiliza\u00e7\u00f5es e da conscientiza\u00e7\u00e3o da sociedade.\u201d<\/p>\n<p>\n  <b><br \/>\n   Alessandro Molon<br \/>\n  <\/b><br \/>\n  , deputado federal (PT-RJ): \u201cEssa postura pr\u00f3-ativa do Sinpro-Rio, levando a categoria para as ruas e chamando a aten\u00e7\u00e3o da sociedade para a import\u00e2ncia da educa\u00e7\u00e3o, \u00e9 fundamental para conseguirmos avan\u00e7ar nesse campo. O pa\u00eds inteiro deseja uma educa\u00e7\u00e3o melhor e sabe que sem uma educa\u00e7\u00e3o de qualidade o Brasil n\u00e3o vai ocupar o lugar que o mundo reserva para ele. Mas isso s\u00f3 se faz com um professor com qualidade de vida, sa\u00fade, motivado, bem informado, bem qualificado. E esse \u00e9 o grande ganho de iniciativas como essa: chamar a aten\u00e7\u00e3o da sociedade para que a solu\u00e7\u00e3o para o problema que ela quer resolver, que \u00e9 a qualidade da educa\u00e7\u00e3o brasileira passe pela garantia de direitos pelo professor. Por isso, acho fundamental a iniciativa e tenho participado de todas as Caminhadas.\u201d<\/p>\n<p>\n   <b><br \/>\n    Carmen L\u00facia de Freitas<br \/>\n   <\/b><br \/>\n   , professora de ingl\u00eas de Ensino M\u00e9dio: \u201cA iniciativa de se fazer a Caminhada \u00e9 boa e deve continuar sendo feita. Infelizmente estamos cada vez mais desvalorizados e com o ensino est\u00e1 cada vez pior.\u201d<\/p>\n<p>\n    <b><br \/>\n     M\u00f4nica Armada<br \/>\n    <\/b><br \/>\n    , presidente do Sindicado dos Enfermeiros do Rio de Janeiro (SindEnf-RJ): \u201cTanto no Sinpro-Rio quanto no  SindEnf-RJ, as categorias s\u00e3o majoritariamente femininas; n\u00e3o podemos esquecer a luta das mulheres, sua inser\u00e7\u00e3o no mercado de trabalho e a valoriza\u00e7\u00e3o dessas trabalhadoras. Aqui temos uma atividade conjunta, com duas categorias bastante prejudicadas e esquecidas pelo governo; continuamos na luta por condi\u00e7\u00f5es melhores de trabalho e a valoriza\u00e7\u00e3o desses profissionais. Na enfermagem e no magist\u00e9rio \u00e9 a mesma luta, ent\u00e3o temos que caminhar em conjunto, tem que haver um fortalecimento, uma unicidade entre as categorias. E atrav\u00e9s da CUT essa luta realmente caminha junto e pode dar conquistas para as categorias.\u201d<\/p>\n<p>\n     <b><br \/>\n      Darby Iguayara<br \/>\n     <\/b><br \/>\n     , presidente da CUT-RJ: \u201cJ\u00e1 \u00e9 a 3\u00aa Caminhada do Sinpro-Rio que eu participo, e que tem o intuito de trazer para a sociedade o debate da Educa\u00e7\u00e3o. Durante o ano inteiro fazemos movimentos, debates e parece que a sociedade n\u00e3o tem nada a ver com isso; ent\u00e3o essa Caminhada  vem reafirmando esse prop\u00f3sito de mostrar que \u00e9 justamente o contr\u00e1rio. \u00c9 interessante perceber aqui que as pessoas param, observam, ouvem, para come\u00e7ar a de fato entender o debate. A Educa\u00e7\u00e3o n\u00e3o \u00e9 s\u00f3 um problema de Estado, de governo ou de Sindicato; \u00e9 uma quest\u00e3o que a sociedade deve  responder. Porque s\u00e3o os filhos da sociedade, as crian\u00e7as, os jovens  e at\u00e9 mesmo os adultos, que se utilizam do ensino privado e p\u00fablico. Vemos que h\u00e1 uma mercantiliza\u00e7\u00e3o da Educa\u00e7\u00e3o no Ensino Privado; virou com\u00e9rcio. As universidades e as escolas s\u00f3 querem ganhar dinheiro, n\u00e3o est\u00e3o preocupados com o futuro, com a educa\u00e7\u00e3o de qualidade. O problema \u00e9 que a sociedade n\u00e3o faz sua cobran\u00e7a. Em rela\u00e7\u00e3o \u00e0 escola p\u00fablica \u00e9 o mesmo debate: voc\u00ea \u00e9 contribuinte do ensino p\u00fablico, mas n\u00e3o tem retorno; existe hoje uma precariedade muito grande. Ent\u00e3o a luta do Sinpro-Rio e dos professores, onde a CUT est\u00e1 inserida, \u00e9 justamente nessa linha; a de mostrar para a sociedade que ela \u00e9 respons\u00e1vel por esse debate e que temos que caminhar juntos. Nessa 3\u00aa Caminhada podemos ver que o Sinpro-Rio progrediu, pois, aos poucos, estamos ganhando as mentes das pessoas, mostrando suas responsabilidades e a necessidade de cobrar do governo e das escolas. Mesmo no Ensino Privado temos que ter qualidade e n\u00e3o podemos ter esse pre\u00e7o absurdo; n\u00e3o pode ser educa\u00e7\u00e3o mercantilizada. Infelizmente ainda \u00e9 o que acontece. O Sinpro-Rio mais uma vez est\u00e1 no caminho certo, a diretoria, o Wanderley como presidente do Sindicato est\u00e1 encaminhando bem essa luta e n\u00f3s estamos juntos. Esperamos pela 4\u00aa Caminhada e parab\u00e9ns ao Sinpro-Rio.\u201d<\/p>\n<p>\n      <b><br \/>\n       Leonardo Vilela de Castro<br \/>\n      <\/b><br \/>\n      , professor de Pedagogia da UniRio: \u201cA Caminhada \u00e9 fundamental para divulgar as dificuldades que os professores passam e que a sociedade n\u00e3o tem conhecimento. Tamb\u00e9m \u00e9 muito positiva para agregar parcela da popula\u00e7\u00e3o \u00e0 luta e nos fortalecer.\u201d<\/p>\n<p>\n       <b><br \/>\n        Robson Leite<br \/>\n       <\/b><br \/>\n       , deputado estadual (PT\/RJ): \u201cEssa luta do Sinpro-Rio e dos professores e professoras por melhores condi\u00e7\u00f5es de trabalho, sal\u00e1rio e sa\u00fade \u00e9 fundamental. Esse ato traz \u00e0 sociedade a import\u00e2ncia da Educa\u00e7\u00e3o; isso \u00e9 imprescind\u00edvel como instrumento de luta. O que n\u00f3s, parlamentares, fazemos \u00e9 colocar o mandato \u00e0 disposi\u00e7\u00e3o do Sindicato. Isso \u00e9 papel de um mandato de esquerda, fortalecer a luta a servi\u00e7o dessa constru\u00e7\u00e3o important\u00edssima dos professores e professoras e sobretudo do Sindicato.\u201d<\/p>\n<p>\n        Veja<br \/>\n        <a class=\"submenu\" href=\"http:\/\/www.sinprorio.pro.br\/site_antigo\/atualidades\/fotos-2012-mar-11-caminhada-professores.php\" target=\"_blank\"><br \/>\n         aqui<br \/>\n        <\/a><br \/>\n        fotos do evento.\n       <\/p>\n<\/p>\n<\/p>\n<\/p>\n<\/p>\n<p>\n <b><br \/>\n  Alessandro Molon<br \/>\n <\/b><br \/>\n , deputado federal (PT-RJ): \u201cEssa postura pr\u00f3-ativa do Sinpro-Rio, levando a categoria para as ruas e chamando a aten\u00e7\u00e3o da sociedade para a import\u00e2ncia da educa\u00e7\u00e3o, \u00e9 fundamental para conseguirmos avan\u00e7ar nesse campo. O pa\u00eds inteiro deseja uma educa\u00e7\u00e3o melhor e sabe que sem uma educa\u00e7\u00e3o de qualidade o Brasil n\u00e3o vai ocupar o lugar que o mundo reserva para ele. Mas isso s\u00f3 se faz com um professor com qualidade de vida, sa\u00fade, motivado, bem informado, bem qualificado. E esse \u00e9 o grande ganho de iniciativas como essa: chamar a aten\u00e7\u00e3o da sociedade para que a solu\u00e7\u00e3o para o problema que ela quer resolver, que \u00e9 a qualidade da educa\u00e7\u00e3o brasileira passe pela garantia de direitos pelo professor. Por isso, acho fundamental a iniciativa e tenho participado de todas as Caminhadas.\u201d<\/p>\n<p>\n  <b><br \/>\n   Carmen L\u00facia de Freitas<br \/>\n  <\/b><br \/>\n  , professora de ingl\u00eas de Ensino M\u00e9dio: \u201cA iniciativa de se fazer a Caminhada \u00e9 boa e deve continuar sendo feita. Infelizmente estamos cada vez mais desvalorizados e com o ensino est\u00e1 cada vez pior.\u201d<\/p>\n<p>\n   <b><br \/>\n    M\u00f4nica Armada<br \/>\n   <\/b><br \/>\n   , presidente do Sindicado dos Enfermeiros do Rio de Janeiro (SindEnf-RJ): \u201cTanto no Sinpro-Rio quanto no  SindEnf-RJ, as categorias s\u00e3o majoritariamente femininas; n\u00e3o podemos esquecer a luta das mulheres, sua inser\u00e7\u00e3o no mercado de trabalho e a valoriza\u00e7\u00e3o dessas trabalhadoras. Aqui temos uma atividade conjunta, com duas categorias bastante prejudicadas e esquecidas pelo governo; continuamos na luta por condi\u00e7\u00f5es melhores de trabalho e a valoriza\u00e7\u00e3o desses profissionais. Na enfermagem e no magist\u00e9rio \u00e9 a mesma luta, ent\u00e3o temos que caminhar em conjunto, tem que haver um fortalecimento, uma unicidade entre as categorias. E atrav\u00e9s da CUT essa luta realmente caminha junto e pode dar conquistas para as categorias.\u201d<\/p>\n<p>\n    <b><br \/>\n     Darby Iguayara<br \/>\n    <\/b><br \/>\n    , presidente da CUT-RJ: \u201cJ\u00e1 \u00e9 a 3\u00aa Caminhada do Sinpro-Rio que eu participo, e que tem o intuito de trazer para a sociedade o debate da Educa\u00e7\u00e3o. Durante o ano inteiro fazemos movimentos, debates e parece que a sociedade n\u00e3o tem nada a ver com isso; ent\u00e3o essa Caminhada  vem reafirmando esse prop\u00f3sito de mostrar que \u00e9 justamente o contr\u00e1rio. \u00c9 interessante perceber aqui que as pessoas param, observam, ouvem, para come\u00e7ar a de fato entender o debate. A Educa\u00e7\u00e3o n\u00e3o \u00e9 s\u00f3 um problema de Estado, de governo ou de Sindicato; \u00e9 uma quest\u00e3o que a sociedade deve  responder. Porque s\u00e3o os filhos da sociedade, as crian\u00e7as, os jovens  e at\u00e9 mesmo os adultos, que se utilizam do ensino privado e p\u00fablico. Vemos que h\u00e1 uma mercantiliza\u00e7\u00e3o da Educa\u00e7\u00e3o no Ensino Privado; virou com\u00e9rcio. As universidades e as escolas s\u00f3 querem ganhar dinheiro, n\u00e3o est\u00e3o preocupados com o futuro, com a educa\u00e7\u00e3o de qualidade. O problema \u00e9 que a sociedade n\u00e3o faz sua cobran\u00e7a. Em rela\u00e7\u00e3o \u00e0 escola p\u00fablica \u00e9 o mesmo debate: voc\u00ea \u00e9 contribuinte do ensino p\u00fablico, mas n\u00e3o tem retorno; existe hoje uma precariedade muito grande. Ent\u00e3o a luta do Sinpro-Rio e dos professores, onde a CUT est\u00e1 inserida, \u00e9 justamente nessa linha; a de mostrar para a sociedade que ela \u00e9 respons\u00e1vel por esse debate e que temos que caminhar juntos. Nessa 3\u00aa Caminhada podemos ver que o Sinpro-Rio progrediu, pois, aos poucos, estamos ganhando as mentes das pessoas, mostrando suas responsabilidades e a necessidade de cobrar do governo e das escolas. Mesmo no Ensino Privado temos que ter qualidade e n\u00e3o podemos ter esse pre\u00e7o absurdo; n\u00e3o pode ser educa\u00e7\u00e3o mercantilizada. Infelizmente ainda \u00e9 o que acontece. O Sinpro-Rio mais uma vez est\u00e1 no caminho certo, a diretoria, o Wanderley como presidente do Sindicato est\u00e1 encaminhando bem essa luta e n\u00f3s estamos juntos. Esperamos pela 4\u00aa Caminhada e parab\u00e9ns ao Sinpro-Rio.\u201d<\/p>\n<p>\n     <b><br \/>\n      Leonardo Vilela de Castro<br \/>\n     <\/b><br \/>\n     , professor de Pedagogia da UniRio: \u201cA Caminhada \u00e9 fundamental para divulgar as dificuldades que os professores passam e que a sociedade n\u00e3o tem conhecimento. Tamb\u00e9m \u00e9 muito positiva para agregar parcela da popula\u00e7\u00e3o \u00e0 luta e nos fortalecer.\u201d<\/p>\n<p>\n      <b><br \/>\n       Robson Leite<br \/>\n      <\/b><br \/>\n      , deputado estadual (PT\/RJ): \u201cEssa luta do Sinpro-Rio e dos professores e professoras por melhores condi\u00e7\u00f5es de trabalho, sal\u00e1rio e sa\u00fade \u00e9 fundamental. Esse ato traz \u00e0 sociedade a import\u00e2ncia da Educa\u00e7\u00e3o; isso \u00e9 imprescind\u00edvel como instrumento de luta. O que n\u00f3s, parlamentares, fazemos \u00e9 colocar o mandato \u00e0 disposi\u00e7\u00e3o do Sindicato. Isso \u00e9 papel de um mandato de esquerda, fortalecer a luta a servi\u00e7o dessa constru\u00e7\u00e3o important\u00edssima dos professores e professoras e sobretudo do Sindicato.\u201d<\/p>\n<p>\n       Veja<br \/>\n       <a class=\"submenu\" href=\"http:\/\/www.sinprorio.pro.br\/site_antigo\/atualidades\/fotos-2012-mar-11-caminhada-professores.php\" target=\"_blank\"><br \/>\n        aqui<br \/>\n       <\/a><br \/>\n       fotos do evento.\n      <\/p>\n<\/p>\n<\/p>\n<\/p>\n<p>\n <b><br \/>\n  Carmen L\u00facia de Freitas<br \/>\n <\/b><br \/>\n , professora de ingl\u00eas de Ensino M\u00e9dio: \u201cA iniciativa de se fazer a Caminhada \u00e9 boa e deve continuar sendo feita. Infelizmente estamos cada vez mais desvalorizados e com o ensino est\u00e1 cada vez pior.\u201d<\/p>\n<p>\n  <b><br \/>\n   M\u00f4nica Armada<br \/>\n  <\/b><br \/>\n  , presidente do Sindicado dos Enfermeiros do Rio de Janeiro (SindEnf-RJ): \u201cTanto no Sinpro-Rio quanto no  SindEnf-RJ, as categorias s\u00e3o majoritariamente femininas; n\u00e3o podemos esquecer a luta das mulheres, sua inser\u00e7\u00e3o no mercado de trabalho e a valoriza\u00e7\u00e3o dessas trabalhadoras. Aqui temos uma atividade conjunta, com duas categorias bastante prejudicadas e esquecidas pelo governo; continuamos na luta por condi\u00e7\u00f5es melhores de trabalho e a valoriza\u00e7\u00e3o desses profissionais. Na enfermagem e no magist\u00e9rio \u00e9 a mesma luta, ent\u00e3o temos que caminhar em conjunto, tem que haver um fortalecimento, uma unicidade entre as categorias. E atrav\u00e9s da CUT essa luta realmente caminha junto e pode dar conquistas para as categorias.\u201d<\/p>\n<p>\n   <b><br \/>\n    Darby Iguayara<br \/>\n   <\/b><br \/>\n   , presidente da CUT-RJ: \u201cJ\u00e1 \u00e9 a 3\u00aa Caminhada do Sinpro-Rio que eu participo, e que tem o intuito de trazer para a sociedade o debate da Educa\u00e7\u00e3o. Durante o ano inteiro fazemos movimentos, debates e parece que a sociedade n\u00e3o tem nada a ver com isso; ent\u00e3o essa Caminhada  vem reafirmando esse prop\u00f3sito de mostrar que \u00e9 justamente o contr\u00e1rio. \u00c9 interessante perceber aqui que as pessoas param, observam, ouvem, para come\u00e7ar a de fato entender o debate. A Educa\u00e7\u00e3o n\u00e3o \u00e9 s\u00f3 um problema de Estado, de governo ou de Sindicato; \u00e9 uma quest\u00e3o que a sociedade deve  responder. Porque s\u00e3o os filhos da sociedade, as crian\u00e7as, os jovens  e at\u00e9 mesmo os adultos, que se utilizam do ensino privado e p\u00fablico. Vemos que h\u00e1 uma mercantiliza\u00e7\u00e3o da Educa\u00e7\u00e3o no Ensino Privado; virou com\u00e9rcio. As universidades e as escolas s\u00f3 querem ganhar dinheiro, n\u00e3o est\u00e3o preocupados com o futuro, com a educa\u00e7\u00e3o de qualidade. O problema \u00e9 que a sociedade n\u00e3o faz sua cobran\u00e7a. Em rela\u00e7\u00e3o \u00e0 escola p\u00fablica \u00e9 o mesmo debate: voc\u00ea \u00e9 contribuinte do ensino p\u00fablico, mas n\u00e3o tem retorno; existe hoje uma precariedade muito grande. Ent\u00e3o a luta do Sinpro-Rio e dos professores, onde a CUT est\u00e1 inserida, \u00e9 justamente nessa linha; a de mostrar para a sociedade que ela \u00e9 respons\u00e1vel por esse debate e que temos que caminhar juntos. Nessa 3\u00aa Caminhada podemos ver que o Sinpro-Rio progrediu, pois, aos poucos, estamos ganhando as mentes das pessoas, mostrando suas responsabilidades e a necessidade de cobrar do governo e das escolas. Mesmo no Ensino Privado temos que ter qualidade e n\u00e3o podemos ter esse pre\u00e7o absurdo; n\u00e3o pode ser educa\u00e7\u00e3o mercantilizada. Infelizmente ainda \u00e9 o que acontece. O Sinpro-Rio mais uma vez est\u00e1 no caminho certo, a diretoria, o Wanderley como presidente do Sindicato est\u00e1 encaminhando bem essa luta e n\u00f3s estamos juntos. Esperamos pela 4\u00aa Caminhada e parab\u00e9ns ao Sinpro-Rio.\u201d<\/p>\n<p>\n    <b><br \/>\n     Leonardo Vilela de Castro<br \/>\n    <\/b><br \/>\n    , professor de Pedagogia da UniRio: \u201cA Caminhada \u00e9 fundamental para divulgar as dificuldades que os professores passam e que a sociedade n\u00e3o tem conhecimento. Tamb\u00e9m \u00e9 muito positiva para agregar parcela da popula\u00e7\u00e3o \u00e0 luta e nos fortalecer.\u201d<\/p>\n<p>\n     <b><br \/>\n      Robson Leite<br \/>\n     <\/b><br \/>\n     , deputado estadual (PT\/RJ): \u201cEssa luta do Sinpro-Rio e dos professores e professoras por melhores condi\u00e7\u00f5es de trabalho, sal\u00e1rio e sa\u00fade \u00e9 fundamental. Esse ato traz \u00e0 sociedade a import\u00e2ncia da Educa\u00e7\u00e3o; isso \u00e9 imprescind\u00edvel como instrumento de luta. O que n\u00f3s, parlamentares, fazemos \u00e9 colocar o mandato \u00e0 disposi\u00e7\u00e3o do Sindicato. Isso \u00e9 papel de um mandato de esquerda, fortalecer a luta a servi\u00e7o dessa constru\u00e7\u00e3o important\u00edssima dos professores e professoras e sobretudo do Sindicato.\u201d<\/p>\n<p>\n      Veja<br \/>\n      <a class=\"submenu\" href=\"http:\/\/www.sinprorio.pro.br\/site_antigo\/atualidades\/fotos-2012-mar-11-caminhada-professores.php\" target=\"_blank\"><br \/>\n       aqui<br \/>\n      <\/a><br \/>\n      fotos do evento.\n     <\/p>\n<\/p>\n<\/p>\n<\/p>\n<p>\n <b><br \/>\n  M\u00f4nica Armada<br \/>\n <\/b><br \/>\n , presidente do Sindicado dos Enfermeiros do Rio de Janeiro (SindEnf-RJ): \u201cTanto no Sinpro-Rio quanto no  SindEnf-RJ, as categorias s\u00e3o majoritariamente femininas; n\u00e3o podemos esquecer a luta das mulheres, sua inser\u00e7\u00e3o no mercado de trabalho e a valoriza\u00e7\u00e3o dessas trabalhadoras. Aqui temos uma atividade conjunta, com duas categorias bastante prejudicadas e esquecidas pelo governo; continuamos na luta por condi\u00e7\u00f5es melhores de trabalho e a valoriza\u00e7\u00e3o desses profissionais. Na enfermagem e no magist\u00e9rio \u00e9 a mesma luta, ent\u00e3o temos que caminhar em conjunto, tem que haver um fortalecimento, uma unicidade entre as categorias. E atrav\u00e9s da CUT essa luta realmente caminha junto e pode dar conquistas para as categorias.\u201d<\/p>\n<p>\n  <b><br \/>\n   Darby Iguayara<br \/>\n  <\/b><br \/>\n  , presidente da CUT-RJ: \u201cJ\u00e1 \u00e9 a 3\u00aa Caminhada do Sinpro-Rio que eu participo, e que tem o intuito de trazer para a sociedade o debate da Educa\u00e7\u00e3o. Durante o ano inteiro fazemos movimentos, debates e parece que a sociedade n\u00e3o tem nada a ver com isso; ent\u00e3o essa Caminhada  vem reafirmando esse prop\u00f3sito de mostrar que \u00e9 justamente o contr\u00e1rio. \u00c9 interessante perceber aqui que as pessoas param, observam, ouvem, para come\u00e7ar a de fato entender o debate. A Educa\u00e7\u00e3o n\u00e3o \u00e9 s\u00f3 um problema de Estado, de governo ou de Sindicato; \u00e9 uma quest\u00e3o que a sociedade deve  responder. Porque s\u00e3o os filhos da sociedade, as crian\u00e7as, os jovens  e at\u00e9 mesmo os adultos, que se utilizam do ensino privado e p\u00fablico. Vemos que h\u00e1 uma mercantiliza\u00e7\u00e3o da Educa\u00e7\u00e3o no Ensino Privado; virou com\u00e9rcio. As universidades e as escolas s\u00f3 querem ganhar dinheiro, n\u00e3o est\u00e3o preocupados com o futuro, com a educa\u00e7\u00e3o de qualidade. O problema \u00e9 que a sociedade n\u00e3o faz sua cobran\u00e7a. Em rela\u00e7\u00e3o \u00e0 escola p\u00fablica \u00e9 o mesmo debate: voc\u00ea \u00e9 contribuinte do ensino p\u00fablico, mas n\u00e3o tem retorno; existe hoje uma precariedade muito grande. Ent\u00e3o a luta do Sinpro-Rio e dos professores, onde a CUT est\u00e1 inserida, \u00e9 justamente nessa linha; a de mostrar para a sociedade que ela \u00e9 respons\u00e1vel por esse debate e que temos que caminhar juntos. Nessa 3\u00aa Caminhada podemos ver que o Sinpro-Rio progrediu, pois, aos poucos, estamos ganhando as mentes das pessoas, mostrando suas responsabilidades e a necessidade de cobrar do governo e das escolas. Mesmo no Ensino Privado temos que ter qualidade e n\u00e3o podemos ter esse pre\u00e7o absurdo; n\u00e3o pode ser educa\u00e7\u00e3o mercantilizada. Infelizmente ainda \u00e9 o que acontece. O Sinpro-Rio mais uma vez est\u00e1 no caminho certo, a diretoria, o Wanderley como presidente do Sindicato est\u00e1 encaminhando bem essa luta e n\u00f3s estamos juntos. Esperamos pela 4\u00aa Caminhada e parab\u00e9ns ao Sinpro-Rio.\u201d<\/p>\n<p>\n   <b><br \/>\n    Leonardo Vilela de Castro<br \/>\n   <\/b><br \/>\n   , professor de Pedagogia da UniRio: \u201cA Caminhada \u00e9 fundamental para divulgar as dificuldades que os professores passam e que a sociedade n\u00e3o tem conhecimento. Tamb\u00e9m \u00e9 muito positiva para agregar parcela da popula\u00e7\u00e3o \u00e0 luta e nos fortalecer.\u201d<\/p>\n<p>\n    <b><br \/>\n     Robson Leite<br \/>\n    <\/b><br \/>\n    , deputado estadual (PT\/RJ): \u201cEssa luta do Sinpro-Rio e dos professores e professoras por melhores condi\u00e7\u00f5es de trabalho, sal\u00e1rio e sa\u00fade \u00e9 fundamental. Esse ato traz \u00e0 sociedade a import\u00e2ncia da Educa\u00e7\u00e3o; isso \u00e9 imprescind\u00edvel como instrumento de luta. O que n\u00f3s, parlamentares, fazemos \u00e9 colocar o mandato \u00e0 disposi\u00e7\u00e3o do Sindicato. Isso \u00e9 papel de um mandato de esquerda, fortalecer a luta a servi\u00e7o dessa constru\u00e7\u00e3o important\u00edssima dos professores e professoras e sobretudo do Sindicato.\u201d<\/p>\n<p>\n     Veja<br \/>\n     <a class=\"submenu\" href=\"http:\/\/www.sinprorio.pro.br\/site_antigo\/atualidades\/fotos-2012-mar-11-caminhada-professores.php\" target=\"_blank\"><br \/>\n      aqui<br \/>\n     <\/a><br \/>\n     fotos do evento.\n    <\/p>\n<\/p>\n<\/p>\n<p>\n <b><br \/>\n  Darby Iguayara<br \/>\n <\/b><br \/>\n , presidente da CUT-RJ: \u201cJ\u00e1 \u00e9 a 3\u00aa Caminhada do Sinpro-Rio que eu participo, e que tem o intuito de trazer para a sociedade o debate da Educa\u00e7\u00e3o. Durante o ano inteiro fazemos movimentos, debates e parece que a sociedade n\u00e3o tem nada a ver com isso; ent\u00e3o essa Caminhada  vem reafirmando esse prop\u00f3sito de mostrar que \u00e9 justamente o contr\u00e1rio. \u00c9 interessante perceber aqui que as pessoas param, observam, ouvem, para come\u00e7ar a de fato entender o debate. A Educa\u00e7\u00e3o n\u00e3o \u00e9 s\u00f3 um problema de Estado, de governo ou de Sindicato; \u00e9 uma quest\u00e3o que a sociedade deve  responder. Porque s\u00e3o os filhos da sociedade, as crian\u00e7as, os jovens  e at\u00e9 mesmo os adultos, que se utilizam do ensino privado e p\u00fablico. Vemos que h\u00e1 uma mercantiliza\u00e7\u00e3o da Educa\u00e7\u00e3o no Ensino Privado; virou com\u00e9rcio. As universidades e as escolas s\u00f3 querem ganhar dinheiro, n\u00e3o est\u00e3o preocupados com o futuro, com a educa\u00e7\u00e3o de qualidade. O problema \u00e9 que a sociedade n\u00e3o faz sua cobran\u00e7a. Em rela\u00e7\u00e3o \u00e0 escola p\u00fablica \u00e9 o mesmo debate: voc\u00ea \u00e9 contribuinte do ensino p\u00fablico, mas n\u00e3o tem retorno; existe hoje uma precariedade muito grande. Ent\u00e3o a luta do Sinpro-Rio e dos professores, onde a CUT est\u00e1 inserida, \u00e9 justamente nessa linha; a de mostrar para a sociedade que ela \u00e9 respons\u00e1vel por esse debate e que temos que caminhar juntos. Nessa 3\u00aa Caminhada podemos ver que o Sinpro-Rio progrediu, pois, aos poucos, estamos ganhando as mentes das pessoas, mostrando suas responsabilidades e a necessidade de cobrar do governo e das escolas. Mesmo no Ensino Privado temos que ter qualidade e n\u00e3o podemos ter esse pre\u00e7o absurdo; n\u00e3o pode ser educa\u00e7\u00e3o mercantilizada. Infelizmente ainda \u00e9 o que acontece. O Sinpro-Rio mais uma vez est\u00e1 no caminho certo, a diretoria, o Wanderley como presidente do Sindicato est\u00e1 encaminhando bem essa luta e n\u00f3s estamos juntos. Esperamos pela 4\u00aa Caminhada e parab\u00e9ns ao Sinpro-Rio.\u201d<\/p>\n<p>\n  <b><br \/>\n   Leonardo Vilela de Castro<br \/>\n  <\/b><br \/>\n  , professor de Pedagogia da UniRio: \u201cA Caminhada \u00e9 fundamental para divulgar as dificuldades que os professores passam e que a sociedade n\u00e3o tem conhecimento. Tamb\u00e9m \u00e9 muito positiva para agregar parcela da popula\u00e7\u00e3o \u00e0 luta e nos fortalecer.\u201d<\/p>\n<p>\n   <b><br \/>\n    Robson Leite<br \/>\n   <\/b><br \/>\n   , deputado estadual (PT\/RJ): \u201cEssa luta do Sinpro-Rio e dos professores e professoras por melhores condi\u00e7\u00f5es de trabalho, sal\u00e1rio e sa\u00fade \u00e9 fundamental. Esse ato traz \u00e0 sociedade a import\u00e2ncia da Educa\u00e7\u00e3o; isso \u00e9 imprescind\u00edvel como instrumento de luta. O que n\u00f3s, parlamentares, fazemos \u00e9 colocar o mandato \u00e0 disposi\u00e7\u00e3o do Sindicato. Isso \u00e9 papel de um mandato de esquerda, fortalecer a luta a servi\u00e7o dessa constru\u00e7\u00e3o important\u00edssima dos professores e professoras e sobretudo do Sindicato.\u201d<\/p>\n<p>\n    Veja<br \/>\n    <a class=\"submenu\" href=\"http:\/\/www.sinprorio.pro.br\/site_antigo\/atualidades\/fotos-2012-mar-11-caminhada-professores.php\" target=\"_blank\"><br \/>\n     aqui<br \/>\n    <\/a><br \/>\n    fotos do evento.\n   <\/p>\n<\/p>\n<\/p>\n<p>\n <b><br \/>\n  Leonardo Vilela de Castro<br \/>\n <\/b><br \/>\n , professor de Pedagogia da UniRio: \u201cA Caminhada \u00e9 fundamental para divulgar as dificuldades que os professores passam e que a sociedade n\u00e3o tem conhecimento. Tamb\u00e9m \u00e9 muito positiva para agregar parcela da popula\u00e7\u00e3o \u00e0 luta e nos fortalecer.\u201d<\/p>\n<p>\n  <b><br \/>\n   Robson Leite<br \/>\n  <\/b><br \/>\n  , deputado estadual (PT\/RJ): \u201cEssa luta do Sinpro-Rio e dos professores e professoras por melhores condi\u00e7\u00f5es de trabalho, sal\u00e1rio e sa\u00fade \u00e9 fundamental. Esse ato traz \u00e0 sociedade a import\u00e2ncia da Educa\u00e7\u00e3o; isso \u00e9 imprescind\u00edvel como instrumento de luta. O que n\u00f3s, parlamentares, fazemos \u00e9 colocar o mandato \u00e0 disposi\u00e7\u00e3o do Sindicato. Isso \u00e9 papel de um mandato de esquerda, fortalecer a luta a servi\u00e7o dessa constru\u00e7\u00e3o important\u00edssima dos professores e professoras e sobretudo do Sindicato.\u201d<\/p>\n<p>\n   Veja<br \/>\n   <a class=\"submenu\" href=\"http:\/\/www.sinprorio.pro.br\/site_antigo\/atualidades\/fotos-2012-mar-11-caminhada-professores.php\" target=\"_blank\"><br \/>\n    aqui<br \/>\n   <\/a><br \/>\n   fotos do evento.\n  <\/p>\n<\/p>\n<p>\n <b><br \/>\n  Robson Leite<br \/>\n <\/b><br \/>\n , deputado estadual (PT\/RJ): \u201cEssa luta do Sinpro-Rio e dos professores e professoras por melhores condi\u00e7\u00f5es de trabalho, sal\u00e1rio e sa\u00fade \u00e9 fundamental. Esse ato traz \u00e0 sociedade a import\u00e2ncia da Educa\u00e7\u00e3o; isso \u00e9 imprescind\u00edvel como instrumento de luta. O que n\u00f3s, parlamentares, fazemos \u00e9 colocar o mandato \u00e0 disposi\u00e7\u00e3o do Sindicato. Isso \u00e9 papel de um mandato de esquerda, fortalecer a luta a servi\u00e7o dessa constru\u00e7\u00e3o important\u00edssima dos professores e professoras e sobretudo do Sindicato.\u201d<\/p>\n<p>\n  Veja<br \/>\n  <a class=\"submenu\" href=\"http:\/\/www.sinprorio.pro.br\/site_antigo\/atualidades\/fotos-2012-mar-11-caminhada-professores.php\" target=\"_blank\"><br \/>\n   aqui<br \/>\n  <\/a><br \/>\n  fotos do evento.\n <\/p>\n<\/p>\n<p>\n Veja<br \/>\n <a class=\"submenu\" href=\"http:\/\/www.sinprorio.pro.br\/site_antigo\/atualidades\/fotos-2012-mar-11-caminhada-professores.php\" target=\"_blank\"><br \/>\n  aqui<br \/>\n <\/a><br \/>\n fotos do evento.<\/p>\n","protected":false},"excerpt":{"rendered":"<p>12\/03\/2012 A 3\u00aa Caminhada dos Professores, que ocorreu no \u00faltimo domingo, dia 11 de mar\u00e7o, na orla de Ipanema, marcou uma nova etapa da Campanha Salarial de 2012. Animada pela bateria do bloco \u201cPassa a r\u00e9gua\u201d, de Bangu, a caminhada foi do Posto 8 ao 10, agregando cada vez mais professores e cidad\u00e3os que aproveitavam [&hellip;]<\/p>\n","protected":false},"author":1,"featured_media":0,"comment_status":"closed","ping_status":"open","sticky":false,"template":"","format":"standard","meta":{"footnotes":""},"categories":[1],"tags":[],"class_list":["post-20358","post","type-post","status-publish","format-standard","hentry","category-noticias"],"yoast_head":"<!-- This site is optimized with the Yoast SEO plugin v25.7 - https:\/\/yoast.com\/wordpress\/plugins\/seo\/ -->\n<title>3\u00aa Caminhada leva professores e sociedade pela Orla de Ipanem - Sinpro-Rio<\/title>\n<meta name=\"robots\" content=\"index, follow, max-snippet:-1, max-image-preview:large, max-video-preview:-1\" \/>\n<link rel=\"canonical\" href=\"https:\/\/www.sinpro-rio.org.br\/principal\/3-caminhada-leva-professores-e-sociedade-pela-orla-de-ipanem\/\" \/>\n<meta property=\"og:locale\" content=\"pt_BR\" \/>\n<meta property=\"og:type\" content=\"article\" \/>\n<meta property=\"og:title\" content=\"3\u00aa Caminhada leva professores e sociedade pela Orla de Ipanem - Sinpro-Rio\" \/>\n<meta property=\"og:description\" content=\"12\/03\/2012 A 3\u00aa Caminhada dos Professores, que ocorreu no \u00faltimo domingo, dia 11 de mar\u00e7o, na orla de Ipanema, marcou uma nova etapa da Campanha Salarial de 2012. Animada pela bateria do bloco \u201cPassa a r\u00e9gua\u201d, de Bangu, a caminhada foi do Posto 8 ao 10, agregando cada vez mais professores e cidad\u00e3os que aproveitavam [&hellip;]\" \/>\n<meta property=\"og:url\" content=\"https:\/\/www.sinpro-rio.org.br\/principal\/3-caminhada-leva-professores-e-sociedade-pela-orla-de-ipanem\/\" \/>\n<meta property=\"og:site_name\" content=\"Sinpro-Rio\" \/>\n<meta property=\"article:published_time\" content=\"2012-03-12T00:00:00+00:00\" \/>\n<meta property=\"og:image\" content=\"http:\/\/www.sinprorio.pro.br\/site_antigo\/imagens\/noticia\/2012\/caminhada2.jpg\" \/>\n<meta name=\"author\" content=\"rafaelrjp\" \/>\n<meta name=\"twitter:card\" content=\"summary_large_image\" \/>\n<meta name=\"twitter:label1\" content=\"Escrito por\" \/>\n\t<meta name=\"twitter:data1\" content=\"rafaelrjp\" \/>\n\t<meta name=\"twitter:label2\" content=\"Est. tempo de leitura\" \/>\n\t<meta name=\"twitter:data2\" content=\"45 minutos\" \/>\n<script type=\"application\/ld+json\" class=\"yoast-schema-graph\">{\"@context\":\"https:\/\/schema.org\",\"@graph\":[{\"@type\":\"WebPage\",\"@id\":\"https:\/\/www.sinpro-rio.org.br\/principal\/3-caminhada-leva-professores-e-sociedade-pela-orla-de-ipanem\/\",\"url\":\"https:\/\/www.sinpro-rio.org.br\/principal\/3-caminhada-leva-professores-e-sociedade-pela-orla-de-ipanem\/\",\"name\":\"3\u00aa Caminhada leva professores e sociedade pela Orla de Ipanem - Sinpro-Rio\",\"isPartOf\":{\"@id\":\"https:\/\/www.sinpro-rio.org.br\/principal\/#website\"},\"primaryImageOfPage\":{\"@id\":\"https:\/\/www.sinpro-rio.org.br\/principal\/3-caminhada-leva-professores-e-sociedade-pela-orla-de-ipanem\/#primaryimage\"},\"image\":{\"@id\":\"https:\/\/www.sinpro-rio.org.br\/principal\/3-caminhada-leva-professores-e-sociedade-pela-orla-de-ipanem\/#primaryimage\"},\"thumbnailUrl\":\"http:\/\/www.sinprorio.pro.br\/site_antigo\/imagens\/noticia\/2012\/caminhada2.jpg\",\"datePublished\":\"2012-03-12T00:00:00+00:00\",\"author\":{\"@id\":\"https:\/\/www.sinpro-rio.org.br\/principal\/#\/schema\/person\/49feb585a2f57a31a6bd9f16f78e5be6\"},\"breadcrumb\":{\"@id\":\"https:\/\/www.sinpro-rio.org.br\/principal\/3-caminhada-leva-professores-e-sociedade-pela-orla-de-ipanem\/#breadcrumb\"},\"inLanguage\":\"pt-BR\",\"potentialAction\":[{\"@type\":\"ReadAction\",\"target\":[\"https:\/\/www.sinpro-rio.org.br\/principal\/3-caminhada-leva-professores-e-sociedade-pela-orla-de-ipanem\/\"]}]},{\"@type\":\"ImageObject\",\"inLanguage\":\"pt-BR\",\"@id\":\"https:\/\/www.sinpro-rio.org.br\/principal\/3-caminhada-leva-professores-e-sociedade-pela-orla-de-ipanem\/#primaryimage\",\"url\":\"http:\/\/www.sinprorio.pro.br\/site_antigo\/imagens\/noticia\/2012\/caminhada2.jpg\",\"contentUrl\":\"http:\/\/www.sinprorio.pro.br\/site_antigo\/imagens\/noticia\/2012\/caminhada2.jpg\"},{\"@type\":\"BreadcrumbList\",\"@id\":\"https:\/\/www.sinpro-rio.org.br\/principal\/3-caminhada-leva-professores-e-sociedade-pela-orla-de-ipanem\/#breadcrumb\",\"itemListElement\":[{\"@type\":\"ListItem\",\"position\":1,\"name\":\"In\u00edcio\",\"item\":\"https:\/\/www.sinpro-rio.org.br\/principal\/\"},{\"@type\":\"ListItem\",\"position\":2,\"name\":\"3\u00aa Caminhada leva professores e sociedade pela Orla de Ipanem\"}]},{\"@type\":\"WebSite\",\"@id\":\"https:\/\/www.sinpro-rio.org.br\/principal\/#website\",\"url\":\"https:\/\/www.sinpro-rio.org.br\/principal\/\",\"name\":\"Sinpro-Rio\",\"description\":\"Sindicato dos Professores do Munic\u00edpio do Rio de Janeiro e Regi\u00e3o\",\"potentialAction\":[{\"@type\":\"SearchAction\",\"target\":{\"@type\":\"EntryPoint\",\"urlTemplate\":\"https:\/\/www.sinpro-rio.org.br\/principal\/?s={search_term_string}\"},\"query-input\":{\"@type\":\"PropertyValueSpecification\",\"valueRequired\":true,\"valueName\":\"search_term_string\"}}],\"inLanguage\":\"pt-BR\"},{\"@type\":\"Person\",\"@id\":\"https:\/\/www.sinpro-rio.org.br\/principal\/#\/schema\/person\/49feb585a2f57a31a6bd9f16f78e5be6\",\"name\":\"rafaelrjp\",\"image\":{\"@type\":\"ImageObject\",\"inLanguage\":\"pt-BR\",\"@id\":\"https:\/\/www.sinpro-rio.org.br\/principal\/#\/schema\/person\/image\/\",\"url\":\"https:\/\/secure.gravatar.com\/avatar\/489371a0ba4655c340b519882c68cf68?s=96&d=mm&r=g\",\"contentUrl\":\"https:\/\/secure.gravatar.com\/avatar\/489371a0ba4655c340b519882c68cf68?s=96&d=mm&r=g\",\"caption\":\"rafaelrjp\"},\"url\":\"https:\/\/www.sinpro-rio.org.br\/principal\/author\/rafaelrjp\/\"}]}<\/script>\n<!-- \/ Yoast SEO plugin. -->","yoast_head_json":{"title":"3\u00aa Caminhada leva professores e sociedade pela Orla de Ipanem - Sinpro-Rio","robots":{"index":"index","follow":"follow","max-snippet":"max-snippet:-1","max-image-preview":"max-image-preview:large","max-video-preview":"max-video-preview:-1"},"canonical":"https:\/\/www.sinpro-rio.org.br\/principal\/3-caminhada-leva-professores-e-sociedade-pela-orla-de-ipanem\/","og_locale":"pt_BR","og_type":"article","og_title":"3\u00aa Caminhada leva professores e sociedade pela Orla de Ipanem - Sinpro-Rio","og_description":"12\/03\/2012 A 3\u00aa Caminhada dos Professores, que ocorreu no \u00faltimo domingo, dia 11 de mar\u00e7o, na orla de Ipanema, marcou uma nova etapa da Campanha Salarial de 2012. Animada pela bateria do bloco \u201cPassa a r\u00e9gua\u201d, de Bangu, a caminhada foi do Posto 8 ao 10, agregando cada vez mais professores e cidad\u00e3os que aproveitavam [&hellip;]","og_url":"https:\/\/www.sinpro-rio.org.br\/principal\/3-caminhada-leva-professores-e-sociedade-pela-orla-de-ipanem\/","og_site_name":"Sinpro-Rio","article_published_time":"2012-03-12T00:00:00+00:00","og_image":[{"url":"http:\/\/www.sinprorio.pro.br\/site_antigo\/imagens\/noticia\/2012\/caminhada2.jpg","type":"","width":"","height":""}],"author":"rafaelrjp","twitter_card":"summary_large_image","twitter_misc":{"Escrito por":"rafaelrjp","Est. tempo de leitura":"45 minutos"},"schema":{"@context":"https:\/\/schema.org","@graph":[{"@type":"WebPage","@id":"https:\/\/www.sinpro-rio.org.br\/principal\/3-caminhada-leva-professores-e-sociedade-pela-orla-de-ipanem\/","url":"https:\/\/www.sinpro-rio.org.br\/principal\/3-caminhada-leva-professores-e-sociedade-pela-orla-de-ipanem\/","name":"3\u00aa Caminhada leva professores e sociedade pela Orla de Ipanem - Sinpro-Rio","isPartOf":{"@id":"https:\/\/www.sinpro-rio.org.br\/principal\/#website"},"primaryImageOfPage":{"@id":"https:\/\/www.sinpro-rio.org.br\/principal\/3-caminhada-leva-professores-e-sociedade-pela-orla-de-ipanem\/#primaryimage"},"image":{"@id":"https:\/\/www.sinpro-rio.org.br\/principal\/3-caminhada-leva-professores-e-sociedade-pela-orla-de-ipanem\/#primaryimage"},"thumbnailUrl":"http:\/\/www.sinprorio.pro.br\/site_antigo\/imagens\/noticia\/2012\/caminhada2.jpg","datePublished":"2012-03-12T00:00:00+00:00","author":{"@id":"https:\/\/www.sinpro-rio.org.br\/principal\/#\/schema\/person\/49feb585a2f57a31a6bd9f16f78e5be6"},"breadcrumb":{"@id":"https:\/\/www.sinpro-rio.org.br\/principal\/3-caminhada-leva-professores-e-sociedade-pela-orla-de-ipanem\/#breadcrumb"},"inLanguage":"pt-BR","potentialAction":[{"@type":"ReadAction","target":["https:\/\/www.sinpro-rio.org.br\/principal\/3-caminhada-leva-professores-e-sociedade-pela-orla-de-ipanem\/"]}]},{"@type":"ImageObject","inLanguage":"pt-BR","@id":"https:\/\/www.sinpro-rio.org.br\/principal\/3-caminhada-leva-professores-e-sociedade-pela-orla-de-ipanem\/#primaryimage","url":"http:\/\/www.sinprorio.pro.br\/site_antigo\/imagens\/noticia\/2012\/caminhada2.jpg","contentUrl":"http:\/\/www.sinprorio.pro.br\/site_antigo\/imagens\/noticia\/2012\/caminhada2.jpg"},{"@type":"BreadcrumbList","@id":"https:\/\/www.sinpro-rio.org.br\/principal\/3-caminhada-leva-professores-e-sociedade-pela-orla-de-ipanem\/#breadcrumb","itemListElement":[{"@type":"ListItem","position":1,"name":"In\u00edcio","item":"https:\/\/www.sinpro-rio.org.br\/principal\/"},{"@type":"ListItem","position":2,"name":"3\u00aa Caminhada leva professores e sociedade pela Orla de Ipanem"}]},{"@type":"WebSite","@id":"https:\/\/www.sinpro-rio.org.br\/principal\/#website","url":"https:\/\/www.sinpro-rio.org.br\/principal\/","name":"Sinpro-Rio","description":"Sindicato dos Professores do Munic\u00edpio do Rio de Janeiro e Regi\u00e3o","potentialAction":[{"@type":"SearchAction","target":{"@type":"EntryPoint","urlTemplate":"https:\/\/www.sinpro-rio.org.br\/principal\/?s={search_term_string}"},"query-input":{"@type":"PropertyValueSpecification","valueRequired":true,"valueName":"search_term_string"}}],"inLanguage":"pt-BR"},{"@type":"Person","@id":"https:\/\/www.sinpro-rio.org.br\/principal\/#\/schema\/person\/49feb585a2f57a31a6bd9f16f78e5be6","name":"rafaelrjp","image":{"@type":"ImageObject","inLanguage":"pt-BR","@id":"https:\/\/www.sinpro-rio.org.br\/principal\/#\/schema\/person\/image\/","url":"https:\/\/secure.gravatar.com\/avatar\/489371a0ba4655c340b519882c68cf68?s=96&d=mm&r=g","contentUrl":"https:\/\/secure.gravatar.com\/avatar\/489371a0ba4655c340b519882c68cf68?s=96&d=mm&r=g","caption":"rafaelrjp"},"url":"https:\/\/www.sinpro-rio.org.br\/principal\/author\/rafaelrjp\/"}]}},"_links":{"self":[{"href":"https:\/\/www.sinpro-rio.org.br\/principal\/wp-json\/wp\/v2\/posts\/20358","targetHints":{"allow":["GET"]}}],"collection":[{"href":"https:\/\/www.sinpro-rio.org.br\/principal\/wp-json\/wp\/v2\/posts"}],"about":[{"href":"https:\/\/www.sinpro-rio.org.br\/principal\/wp-json\/wp\/v2\/types\/post"}],"author":[{"embeddable":true,"href":"https:\/\/www.sinpro-rio.org.br\/principal\/wp-json\/wp\/v2\/users\/1"}],"replies":[{"embeddable":true,"href":"https:\/\/www.sinpro-rio.org.br\/principal\/wp-json\/wp\/v2\/comments?post=20358"}],"version-history":[{"count":0,"href":"https:\/\/www.sinpro-rio.org.br\/principal\/wp-json\/wp\/v2\/posts\/20358\/revisions"}],"wp:attachment":[{"href":"https:\/\/www.sinpro-rio.org.br\/principal\/wp-json\/wp\/v2\/media?parent=20358"}],"wp:term":[{"taxonomy":"category","embeddable":true,"href":"https:\/\/www.sinpro-rio.org.br\/principal\/wp-json\/wp\/v2\/categories?post=20358"},{"taxonomy":"post_tag","embeddable":true,"href":"https:\/\/www.sinpro-rio.org.br\/principal\/wp-json\/wp\/v2\/tags?post=20358"}],"curies":[{"name":"wp","href":"https:\/\/api.w.org\/{rel}","templated":true}]}}