{"id":20353,"date":"2012-11-14T00:00:00","date_gmt":"2012-11-14T00:00:00","guid":{"rendered":""},"modified":"-0001-11-30T00:00:00","modified_gmt":"-0001-11-30T03:00:00","slug":"professores-da-ugf-nova-assembleia-26-11-17h30-no-campus-piedade","status":"publish","type":"post","link":"https:\/\/www.sinpro-rio.org.br\/principal\/professores-da-ugf-nova-assembleia-26-11-17h30-no-campus-piedade\/","title":{"rendered":"Professores da UGF: nova assembleia 26\/11, 17h30, no campus Piedade"},"content":{"rendered":"\n<p>\n <em><br \/>\n  14\/11\/2012<br \/>\n <\/em>\n<\/p>\n<p>\n No dia 12 de novembro, 43 professores da Universidade Gama Filho (UGF) reuniram-se em assembleia convocada pela Associa\u00e7\u00e3o Docente Gama Filho (ADGF), com a presen\u00e7a do Sinpro-Rio, no pr\u00e9dio DI, na sala dos professores do campus Piedade.<\/p>\n<p>\n  Os docentes deliberaram por declarar paralisa\u00e7\u00e3o, em todos os campi da UGF, sem aplica\u00e7\u00e3o da prova de A2, nos dias 22, 23 e 24 de novembro; exigir da Galileo a retroa\u00e7\u00e3o do pagamento da parcela de 50% do sal\u00e1rio de outubro, o pagamento de 50% do 13\u00ba no m\u00eas de novembro e o pagamento de 1\/3 de f\u00e9rias devido no ano de 2012 tamb\u00e9m no m\u00eas de novembro.<\/p>\n<p>\n   Tamb\u00e9m foi convocada uma nova assembleia para o dia 26 de novembro, quinta-feira, \u00e0s 17h30, com suspens\u00e3o da aplica\u00e7\u00e3o da prova de A2 tamb\u00e9m nessa data, para avaliar as respostas tomadas pela Dire\u00e7\u00e3o da Galileo a essas exig\u00eancias. Ela acontecer\u00e1 no campus Piedade, audit\u00f3rio \u201cC\u201d do pr\u00e9dio MR, 8\u00ba andar.\n  <\/p>\n<\/p>\n<p>\n Os docentes deliberaram por declarar paralisa\u00e7\u00e3o, em todos os campi da UGF, sem aplica\u00e7\u00e3o da prova de A2, nos dias 22, 23 e 24 de novembro; exigir da Galileo a retroa\u00e7\u00e3o do pagamento da parcela de 50% do sal\u00e1rio de outubro, o pagamento de 50% do 13\u00ba no m\u00eas de novembro e o pagamento de 1\/3 de f\u00e9rias devido no ano de 2012 tamb\u00e9m no m\u00eas de novembro.<\/p>\n<p>\n  Tamb\u00e9m foi convocada uma nova assembleia para o dia 26 de novembro, quinta-feira, \u00e0s 17h30, com suspens\u00e3o da aplica\u00e7\u00e3o da prova de A2 tamb\u00e9m nessa data, para avaliar as respostas tomadas pela Dire\u00e7\u00e3o da Galileo a essas exig\u00eancias. Ela acontecer\u00e1 no campus Piedade, audit\u00f3rio \u201cC\u201d do pr\u00e9dio MR, 8\u00ba andar.\n <\/p>\n<\/p>\n<p>\n Tamb\u00e9m foi convocada uma nova assembleia para o dia 26 de novembro, quinta-feira, \u00e0s 17h30, com suspens\u00e3o da aplica\u00e7\u00e3o da prova de A2 tamb\u00e9m nessa data, para avaliar as respostas tomadas pela Dire\u00e7\u00e3o da Galileo a essas exig\u00eancias. Ela acontecer\u00e1 no campus Piedade, audit\u00f3rio \u201cC\u201d do pr\u00e9dio MR, 8\u00ba andar.<\/p>\n","protected":false},"excerpt":{"rendered":"<p>14\/11\/2012 No dia 12 de novembro, 43 professores da Universidade Gama Filho (UGF) reuniram-se em assembleia convocada pela Associa\u00e7\u00e3o Docente Gama Filho (ADGF), com a presen\u00e7a do Sinpro-Rio, no pr\u00e9dio DI, na sala dos professores do campus Piedade. Os docentes deliberaram por declarar paralisa\u00e7\u00e3o, em todos os campi da UGF, sem aplica\u00e7\u00e3o da prova de [&hellip;]<\/p>\n","protected":false},"author":1,"featured_media":0,"comment_status":"closed","ping_status":"open","sticky":false,"template":"","format":"standard","meta":{"footnotes":""},"categories":[1],"tags":[],"class_list":["post-20353","post","type-post","status-publish","format-standard","hentry","category-noticias"],"yoast_head":"<!-- This site is optimized with the Yoast SEO plugin v25.7 - https:\/\/yoast.com\/wordpress\/plugins\/seo\/ -->\n<title>Professores da UGF: nova assembleia 26\/11, 17h30, no campus Piedade - Sinpro-Rio<\/title>\n<meta name=\"robots\" content=\"index, follow, max-snippet:-1, max-image-preview:large, max-video-preview:-1\" \/>\n<link rel=\"canonical\" href=\"https:\/\/www.sinpro-rio.org.br\/principal\/professores-da-ugf-nova-assembleia-26-11-17h30-no-campus-piedade\/\" \/>\n<meta property=\"og:locale\" content=\"pt_BR\" \/>\n<meta property=\"og:type\" content=\"article\" \/>\n<meta property=\"og:title\" content=\"Professores da UGF: nova assembleia 26\/11, 17h30, no campus Piedade - Sinpro-Rio\" \/>\n<meta property=\"og:description\" content=\"14\/11\/2012 No dia 12 de novembro, 43 professores da Universidade Gama Filho (UGF) reuniram-se em assembleia convocada pela Associa\u00e7\u00e3o Docente Gama Filho (ADGF), com a presen\u00e7a do Sinpro-Rio, no pr\u00e9dio DI, na sala dos professores do campus Piedade. Os docentes deliberaram por declarar paralisa\u00e7\u00e3o, em todos os campi da UGF, sem aplica\u00e7\u00e3o da prova de [&hellip;]\" \/>\n<meta property=\"og:url\" content=\"https:\/\/www.sinpro-rio.org.br\/principal\/professores-da-ugf-nova-assembleia-26-11-17h30-no-campus-piedade\/\" \/>\n<meta property=\"og:site_name\" content=\"Sinpro-Rio\" \/>\n<meta property=\"article:published_time\" content=\"2012-11-14T00:00:00+00:00\" \/>\n<meta name=\"author\" content=\"rafaelrjp\" \/>\n<meta name=\"twitter:card\" content=\"summary_large_image\" \/>\n<meta name=\"twitter:label1\" content=\"Escrito por\" \/>\n\t<meta name=\"twitter:data1\" content=\"rafaelrjp\" \/>\n\t<meta name=\"twitter:label2\" content=\"Est. tempo de leitura\" \/>\n\t<meta name=\"twitter:data2\" content=\"2 minutos\" \/>\n<script type=\"application\/ld+json\" class=\"yoast-schema-graph\">{\"@context\":\"https:\/\/schema.org\",\"@graph\":[{\"@type\":\"WebPage\",\"@id\":\"https:\/\/www.sinpro-rio.org.br\/principal\/professores-da-ugf-nova-assembleia-26-11-17h30-no-campus-piedade\/\",\"url\":\"https:\/\/www.sinpro-rio.org.br\/principal\/professores-da-ugf-nova-assembleia-26-11-17h30-no-campus-piedade\/\",\"name\":\"Professores da UGF: nova assembleia 26\/11, 17h30, no campus Piedade - Sinpro-Rio\",\"isPartOf\":{\"@id\":\"https:\/\/www.sinpro-rio.org.br\/principal\/#website\"},\"datePublished\":\"2012-11-14T00:00:00+00:00\",\"author\":{\"@id\":\"https:\/\/www.sinpro-rio.org.br\/principal\/#\/schema\/person\/49feb585a2f57a31a6bd9f16f78e5be6\"},\"breadcrumb\":{\"@id\":\"https:\/\/www.sinpro-rio.org.br\/principal\/professores-da-ugf-nova-assembleia-26-11-17h30-no-campus-piedade\/#breadcrumb\"},\"inLanguage\":\"pt-BR\",\"potentialAction\":[{\"@type\":\"ReadAction\",\"target\":[\"https:\/\/www.sinpro-rio.org.br\/principal\/professores-da-ugf-nova-assembleia-26-11-17h30-no-campus-piedade\/\"]}]},{\"@type\":\"BreadcrumbList\",\"@id\":\"https:\/\/www.sinpro-rio.org.br\/principal\/professores-da-ugf-nova-assembleia-26-11-17h30-no-campus-piedade\/#breadcrumb\",\"itemListElement\":[{\"@type\":\"ListItem\",\"position\":1,\"name\":\"In\u00edcio\",\"item\":\"https:\/\/www.sinpro-rio.org.br\/principal\/\"},{\"@type\":\"ListItem\",\"position\":2,\"name\":\"Professores da UGF: nova assembleia 26\/11, 17h30, no campus Piedade\"}]},{\"@type\":\"WebSite\",\"@id\":\"https:\/\/www.sinpro-rio.org.br\/principal\/#website\",\"url\":\"https:\/\/www.sinpro-rio.org.br\/principal\/\",\"name\":\"Sinpro-Rio\",\"description\":\"Sindicato dos Professores do Munic\u00edpio do Rio de Janeiro e Regi\u00e3o\",\"potentialAction\":[{\"@type\":\"SearchAction\",\"target\":{\"@type\":\"EntryPoint\",\"urlTemplate\":\"https:\/\/www.sinpro-rio.org.br\/principal\/?s={search_term_string}\"},\"query-input\":{\"@type\":\"PropertyValueSpecification\",\"valueRequired\":true,\"valueName\":\"search_term_string\"}}],\"inLanguage\":\"pt-BR\"},{\"@type\":\"Person\",\"@id\":\"https:\/\/www.sinpro-rio.org.br\/principal\/#\/schema\/person\/49feb585a2f57a31a6bd9f16f78e5be6\",\"name\":\"rafaelrjp\",\"image\":{\"@type\":\"ImageObject\",\"inLanguage\":\"pt-BR\",\"@id\":\"https:\/\/www.sinpro-rio.org.br\/principal\/#\/schema\/person\/image\/\",\"url\":\"https:\/\/secure.gravatar.com\/avatar\/489371a0ba4655c340b519882c68cf68?s=96&d=mm&r=g\",\"contentUrl\":\"https:\/\/secure.gravatar.com\/avatar\/489371a0ba4655c340b519882c68cf68?s=96&d=mm&r=g\",\"caption\":\"rafaelrjp\"},\"url\":\"https:\/\/www.sinpro-rio.org.br\/principal\/author\/rafaelrjp\/\"}]}<\/script>\n<!-- \/ Yoast SEO plugin. -->","yoast_head_json":{"title":"Professores da UGF: nova assembleia 26\/11, 17h30, no campus Piedade - Sinpro-Rio","robots":{"index":"index","follow":"follow","max-snippet":"max-snippet:-1","max-image-preview":"max-image-preview:large","max-video-preview":"max-video-preview:-1"},"canonical":"https:\/\/www.sinpro-rio.org.br\/principal\/professores-da-ugf-nova-assembleia-26-11-17h30-no-campus-piedade\/","og_locale":"pt_BR","og_type":"article","og_title":"Professores da UGF: nova assembleia 26\/11, 17h30, no campus Piedade - Sinpro-Rio","og_description":"14\/11\/2012 No dia 12 de novembro, 43 professores da Universidade Gama Filho (UGF) reuniram-se em assembleia convocada pela Associa\u00e7\u00e3o Docente Gama Filho (ADGF), com a presen\u00e7a do Sinpro-Rio, no pr\u00e9dio DI, na sala dos professores do campus Piedade. Os docentes deliberaram por declarar paralisa\u00e7\u00e3o, em todos os campi da UGF, sem aplica\u00e7\u00e3o da prova de [&hellip;]","og_url":"https:\/\/www.sinpro-rio.org.br\/principal\/professores-da-ugf-nova-assembleia-26-11-17h30-no-campus-piedade\/","og_site_name":"Sinpro-Rio","article_published_time":"2012-11-14T00:00:00+00:00","author":"rafaelrjp","twitter_card":"summary_large_image","twitter_misc":{"Escrito por":"rafaelrjp","Est. tempo de leitura":"2 minutos"},"schema":{"@context":"https:\/\/schema.org","@graph":[{"@type":"WebPage","@id":"https:\/\/www.sinpro-rio.org.br\/principal\/professores-da-ugf-nova-assembleia-26-11-17h30-no-campus-piedade\/","url":"https:\/\/www.sinpro-rio.org.br\/principal\/professores-da-ugf-nova-assembleia-26-11-17h30-no-campus-piedade\/","name":"Professores da UGF: nova assembleia 26\/11, 17h30, no campus Piedade - Sinpro-Rio","isPartOf":{"@id":"https:\/\/www.sinpro-rio.org.br\/principal\/#website"},"datePublished":"2012-11-14T00:00:00+00:00","author":{"@id":"https:\/\/www.sinpro-rio.org.br\/principal\/#\/schema\/person\/49feb585a2f57a31a6bd9f16f78e5be6"},"breadcrumb":{"@id":"https:\/\/www.sinpro-rio.org.br\/principal\/professores-da-ugf-nova-assembleia-26-11-17h30-no-campus-piedade\/#breadcrumb"},"inLanguage":"pt-BR","potentialAction":[{"@type":"ReadAction","target":["https:\/\/www.sinpro-rio.org.br\/principal\/professores-da-ugf-nova-assembleia-26-11-17h30-no-campus-piedade\/"]}]},{"@type":"BreadcrumbList","@id":"https:\/\/www.sinpro-rio.org.br\/principal\/professores-da-ugf-nova-assembleia-26-11-17h30-no-campus-piedade\/#breadcrumb","itemListElement":[{"@type":"ListItem","position":1,"name":"In\u00edcio","item":"https:\/\/www.sinpro-rio.org.br\/principal\/"},{"@type":"ListItem","position":2,"name":"Professores da UGF: nova assembleia 26\/11, 17h30, no campus Piedade"}]},{"@type":"WebSite","@id":"https:\/\/www.sinpro-rio.org.br\/principal\/#website","url":"https:\/\/www.sinpro-rio.org.br\/principal\/","name":"Sinpro-Rio","description":"Sindicato dos Professores do Munic\u00edpio do Rio de Janeiro e Regi\u00e3o","potentialAction":[{"@type":"SearchAction","target":{"@type":"EntryPoint","urlTemplate":"https:\/\/www.sinpro-rio.org.br\/principal\/?s={search_term_string}"},"query-input":{"@type":"PropertyValueSpecification","valueRequired":true,"valueName":"search_term_string"}}],"inLanguage":"pt-BR"},{"@type":"Person","@id":"https:\/\/www.sinpro-rio.org.br\/principal\/#\/schema\/person\/49feb585a2f57a31a6bd9f16f78e5be6","name":"rafaelrjp","image":{"@type":"ImageObject","inLanguage":"pt-BR","@id":"https:\/\/www.sinpro-rio.org.br\/principal\/#\/schema\/person\/image\/","url":"https:\/\/secure.gravatar.com\/avatar\/489371a0ba4655c340b519882c68cf68?s=96&d=mm&r=g","contentUrl":"https:\/\/secure.gravatar.com\/avatar\/489371a0ba4655c340b519882c68cf68?s=96&d=mm&r=g","caption":"rafaelrjp"},"url":"https:\/\/www.sinpro-rio.org.br\/principal\/author\/rafaelrjp\/"}]}},"_links":{"self":[{"href":"https:\/\/www.sinpro-rio.org.br\/principal\/wp-json\/wp\/v2\/posts\/20353","targetHints":{"allow":["GET"]}}],"collection":[{"href":"https:\/\/www.sinpro-rio.org.br\/principal\/wp-json\/wp\/v2\/posts"}],"about":[{"href":"https:\/\/www.sinpro-rio.org.br\/principal\/wp-json\/wp\/v2\/types\/post"}],"author":[{"embeddable":true,"href":"https:\/\/www.sinpro-rio.org.br\/principal\/wp-json\/wp\/v2\/users\/1"}],"replies":[{"embeddable":true,"href":"https:\/\/www.sinpro-rio.org.br\/principal\/wp-json\/wp\/v2\/comments?post=20353"}],"version-history":[{"count":0,"href":"https:\/\/www.sinpro-rio.org.br\/principal\/wp-json\/wp\/v2\/posts\/20353\/revisions"}],"wp:attachment":[{"href":"https:\/\/www.sinpro-rio.org.br\/principal\/wp-json\/wp\/v2\/media?parent=20353"}],"wp:term":[{"taxonomy":"category","embeddable":true,"href":"https:\/\/www.sinpro-rio.org.br\/principal\/wp-json\/wp\/v2\/categories?post=20353"},{"taxonomy":"post_tag","embeddable":true,"href":"https:\/\/www.sinpro-rio.org.br\/principal\/wp-json\/wp\/v2\/tags?post=20353"}],"curies":[{"name":"wp","href":"https:\/\/api.w.org\/{rel}","templated":true}]}}