{"id":20352,"date":"2012-11-14T00:00:00","date_gmt":"2012-11-14T00:00:00","guid":{"rendered":""},"modified":"-0001-11-30T00:00:00","modified_gmt":"-0001-11-30T03:00:00","slug":"seminario-educac-o-superior-no-brasil-24-11-as-9h-no-sinpro-rio","status":"publish","type":"post","link":"https:\/\/www.sinpro-rio.org.br\/principal\/seminario-educac-o-superior-no-brasil-24-11-as-9h-no-sinpro-rio\/","title":{"rendered":"Semin\u00e1rio \u201cEduca\u00e7\u00e3o Superior no Brasil\u201d: 24\/11, \u00e0s 9h, no Sinpro-Rio"},"content":{"rendered":"\n<p>\n <em><br \/>\n  14\/11\/2012<br \/>\n <\/em>\n<\/p>\n<p>\n No pr\u00f3ximo dia 24 de novembro, a Escola do Professor e a Comiss\u00e3o de Educa\u00e7\u00e3o Superior realizar\u00e3o, na sede do Sinpro-Rio, de 9 \u00e0s 15h, o semin\u00e1rio \u201cEduca\u00e7\u00e3o Superior no Brasil: mercantiliza\u00e7\u00e3o e implica\u00e7\u00f5es na vida educacional do pa\u00eds\u201d.<\/p>\n<p>\n  Ser\u00e3o debatidos temas como a atual crise mundial do capitalismo e consequ\u00eancias na educa\u00e7\u00e3o mundial; o papel das IES p\u00fablicas no atual cen\u00e1rio educacional de financeiriza\u00e7\u00e3o, internacionaliza\u00e7\u00e3o da educa\u00e7\u00e3o superior privada, terceiriza\u00e7\u00e3o das institui\u00e7\u00f5es p\u00fablicas (funda\u00e7\u00f5es) e a perspectiva de um projeto de desenvolvimento para o pa\u00eds e a atualiza\u00e7\u00e3o do quadro de expans\u00e3o e financeiriza\u00e7\u00e3o da Educa\u00e7\u00e3o Superior privada no Brasil e no mundo.<\/p>\n<p>\n   Confira os palestrantes:<\/p>\n<p>\n    <b><br \/>\n     Emir Sader<br \/>\n    <\/b><br \/>\n    &#8211; Soci\u00f3logo e cientista, mestre em filosofia pol\u00edtica e doutor em ci\u00eancia pol\u00edtica pela USP &#8211; Universidade de S\u00e3o Paulo.<\/p>\n<p>\n     <b><br \/>\n      Aluisio Bevilaqua<br \/>\n     <\/b><br \/>\n     &#8211; Pesquisador do LABOR (grupo de pesquisa em Trabalho e Educa\u00e7\u00e3o na UFC- Universidade Federal do Cear\u00e1) e autor do livro A crise do capitalismo e os paradigmas da educa\u00e7\u00e3o.<\/p>\n<p>\n      <b><br \/>\n       Representante do MEC<br \/>\n      <\/b><br \/>\n      &#8211; nome a confirmar.<\/p>\n<p>\n       <b><br \/>\n        Jo\u00e3o dos Reis Silva Junior<br \/>\n       <\/b><br \/>\n       &#8211; Doutor em Hist\u00f3ria e Filosofia da Educa\u00e7\u00e3o (PUC-SP). P\u00f3s-Doc em Sociologia \/Unicamp.<\/p>\n<p>\n        <b><br \/>\n         Jos\u00e9 dos Santos Rodrigues<br \/>\n        <\/b><br \/>\n        &#8211; P\u00f3s-doutor em Ci\u00eancia Pol\u00edtica\/Unicamp. Professor da Faculdade de Educa\u00e7\u00e3o\/UFF. L\u00edder do grupo de pesquisa Estudos Marxistas em Trabalho, Educa\u00e7\u00e3o e Cultura. Pesquisador do CNPq.<\/p>\n<p>\n         <b><br \/>\n          Aparecida Tiradentes<br \/>\n         <\/b><br \/>\n         &#8211; Doutora em Educa\u00e7\u00e3o, pesquisadora adjunta da Fiocruz, professora do programa de mestrado em Educa\u00e7\u00e3o profissional em sa\u00fade da Fiocruz, assessora em assuntos educacionais do Sinpro-Rio.<\/p>\n<p>\n          Mais informa\u00e7\u00f5es e inscri\u00e7\u00f5es: 3262-3440 \/<br \/>\n          <a href=\"mailto:escola@sinpro-rio.org.br\"><br \/>\n           escola@sinpro-rio.org.br<br \/>\n          <\/a>\n         <\/p>\n<\/p>\n<\/p>\n<\/p>\n<\/p>\n<\/p>\n<p>\n Ser\u00e3o debatidos temas como a atual crise mundial do capitalismo e consequ\u00eancias na educa\u00e7\u00e3o mundial; o papel das IES p\u00fablicas no atual cen\u00e1rio educacional de financeiriza\u00e7\u00e3o, internacionaliza\u00e7\u00e3o da educa\u00e7\u00e3o superior privada, terceiriza\u00e7\u00e3o das institui\u00e7\u00f5es p\u00fablicas (funda\u00e7\u00f5es) e a perspectiva de um projeto de desenvolvimento para o pa\u00eds e a atualiza\u00e7\u00e3o do quadro de expans\u00e3o e financeiriza\u00e7\u00e3o da Educa\u00e7\u00e3o Superior privada no Brasil e no mundo.<\/p>\n<p>\n  Confira os palestrantes:<\/p>\n<p>\n   <b><br \/>\n    Emir Sader<br \/>\n   <\/b><br \/>\n   &#8211; Soci\u00f3logo e cientista, mestre em filosofia pol\u00edtica e doutor em ci\u00eancia pol\u00edtica pela USP &#8211; Universidade de S\u00e3o Paulo.<\/p>\n<p>\n    <b><br \/>\n     Aluisio Bevilaqua<br \/>\n    <\/b><br \/>\n    &#8211; Pesquisador do LABOR (grupo de pesquisa em Trabalho e Educa\u00e7\u00e3o na UFC- Universidade Federal do Cear\u00e1) e autor do livro A crise do capitalismo e os paradigmas da educa\u00e7\u00e3o.<\/p>\n<p>\n     <b><br \/>\n      Representante do MEC<br \/>\n     <\/b><br \/>\n     &#8211; nome a confirmar.<\/p>\n<p>\n      <b><br \/>\n       Jo\u00e3o dos Reis Silva Junior<br \/>\n      <\/b><br \/>\n      &#8211; Doutor em Hist\u00f3ria e Filosofia da Educa\u00e7\u00e3o (PUC-SP). P\u00f3s-Doc em Sociologia \/Unicamp.<\/p>\n<p>\n       <b><br \/>\n        Jos\u00e9 dos Santos Rodrigues<br \/>\n       <\/b><br \/>\n       &#8211; P\u00f3s-doutor em Ci\u00eancia Pol\u00edtica\/Unicamp. Professor da Faculdade de Educa\u00e7\u00e3o\/UFF. L\u00edder do grupo de pesquisa Estudos Marxistas em Trabalho, Educa\u00e7\u00e3o e Cultura. Pesquisador do CNPq.<\/p>\n<p>\n        <b><br \/>\n         Aparecida Tiradentes<br \/>\n        <\/b><br \/>\n        &#8211; Doutora em Educa\u00e7\u00e3o, pesquisadora adjunta da Fiocruz, professora do programa de mestrado em Educa\u00e7\u00e3o profissional em sa\u00fade da Fiocruz, assessora em assuntos educacionais do Sinpro-Rio.<\/p>\n<p>\n         Mais informa\u00e7\u00f5es e inscri\u00e7\u00f5es: 3262-3440 \/<br \/>\n         <a href=\"mailto:escola@sinpro-rio.org.br\"><br \/>\n          escola@sinpro-rio.org.br<br \/>\n         <\/a>\n        <\/p>\n<\/p>\n<\/p>\n<\/p>\n<\/p>\n<p>\n Confira os palestrantes:<\/p>\n<p>\n  <b><br \/>\n   Emir Sader<br \/>\n  <\/b><br \/>\n  &#8211; Soci\u00f3logo e cientista, mestre em filosofia pol\u00edtica e doutor em ci\u00eancia pol\u00edtica pela USP &#8211; Universidade de S\u00e3o Paulo.<\/p>\n<p>\n   <b><br \/>\n    Aluisio Bevilaqua<br \/>\n   <\/b><br \/>\n   &#8211; Pesquisador do LABOR (grupo de pesquisa em Trabalho e Educa\u00e7\u00e3o na UFC- Universidade Federal do Cear\u00e1) e autor do livro A crise do capitalismo e os paradigmas da educa\u00e7\u00e3o.<\/p>\n<p>\n    <b><br \/>\n     Representante do MEC<br \/>\n    <\/b><br \/>\n    &#8211; nome a confirmar.<\/p>\n<p>\n     <b><br \/>\n      Jo\u00e3o dos Reis Silva Junior<br \/>\n     <\/b><br \/>\n     &#8211; Doutor em Hist\u00f3ria e Filosofia da Educa\u00e7\u00e3o (PUC-SP). P\u00f3s-Doc em Sociologia \/Unicamp.<\/p>\n<p>\n      <b><br \/>\n       Jos\u00e9 dos Santos Rodrigues<br \/>\n      <\/b><br \/>\n      &#8211; P\u00f3s-doutor em Ci\u00eancia Pol\u00edtica\/Unicamp. Professor da Faculdade de Educa\u00e7\u00e3o\/UFF. L\u00edder do grupo de pesquisa Estudos Marxistas em Trabalho, Educa\u00e7\u00e3o e Cultura. Pesquisador do CNPq.<\/p>\n<p>\n       <b><br \/>\n        Aparecida Tiradentes<br \/>\n       <\/b><br \/>\n       &#8211; Doutora em Educa\u00e7\u00e3o, pesquisadora adjunta da Fiocruz, professora do programa de mestrado em Educa\u00e7\u00e3o profissional em sa\u00fade da Fiocruz, assessora em assuntos educacionais do Sinpro-Rio.<\/p>\n<p>\n        Mais informa\u00e7\u00f5es e inscri\u00e7\u00f5es: 3262-3440 \/<br \/>\n        <a href=\"mailto:escola@sinpro-rio.org.br\"><br \/>\n         escola@sinpro-rio.org.br<br \/>\n        <\/a>\n       <\/p>\n<\/p>\n<\/p>\n<\/p>\n<\/p>\n<p>\n <b><br \/>\n  Emir Sader<br \/>\n <\/b><br \/>\n &#8211; Soci\u00f3logo e cientista, mestre em filosofia pol\u00edtica e doutor em ci\u00eancia pol\u00edtica pela USP &#8211; Universidade de S\u00e3o Paulo.<\/p>\n<p>\n  <b><br \/>\n   Aluisio Bevilaqua<br \/>\n  <\/b><br \/>\n  &#8211; Pesquisador do LABOR (grupo de pesquisa em Trabalho e Educa\u00e7\u00e3o na UFC- Universidade Federal do Cear\u00e1) e autor do livro A crise do capitalismo e os paradigmas da educa\u00e7\u00e3o.<\/p>\n<p>\n   <b><br \/>\n    Representante do MEC<br \/>\n   <\/b><br \/>\n   &#8211; nome a confirmar.<\/p>\n<p>\n    <b><br \/>\n     Jo\u00e3o dos Reis Silva Junior<br \/>\n    <\/b><br \/>\n    &#8211; Doutor em Hist\u00f3ria e Filosofia da Educa\u00e7\u00e3o (PUC-SP). P\u00f3s-Doc em Sociologia \/Unicamp.<\/p>\n<p>\n     <b><br \/>\n      Jos\u00e9 dos Santos Rodrigues<br \/>\n     <\/b><br \/>\n     &#8211; P\u00f3s-doutor em Ci\u00eancia Pol\u00edtica\/Unicamp. Professor da Faculdade de Educa\u00e7\u00e3o\/UFF. L\u00edder do grupo de pesquisa Estudos Marxistas em Trabalho, Educa\u00e7\u00e3o e Cultura. Pesquisador do CNPq.<\/p>\n<p>\n      <b><br \/>\n       Aparecida Tiradentes<br \/>\n      <\/b><br \/>\n      &#8211; Doutora em Educa\u00e7\u00e3o, pesquisadora adjunta da Fiocruz, professora do programa de mestrado em Educa\u00e7\u00e3o profissional em sa\u00fade da Fiocruz, assessora em assuntos educacionais do Sinpro-Rio.<\/p>\n<p>\n       Mais informa\u00e7\u00f5es e inscri\u00e7\u00f5es: 3262-3440 \/<br \/>\n       <a href=\"mailto:escola@sinpro-rio.org.br\"><br \/>\n        escola@sinpro-rio.org.br<br \/>\n       <\/a>\n      <\/p>\n<\/p>\n<\/p>\n<\/p>\n<p>\n <b><br \/>\n  Aluisio Bevilaqua<br \/>\n <\/b><br \/>\n &#8211; Pesquisador do LABOR (grupo de pesquisa em Trabalho e Educa\u00e7\u00e3o na UFC- Universidade Federal do Cear\u00e1) e autor do livro A crise do capitalismo e os paradigmas da educa\u00e7\u00e3o.<\/p>\n<p>\n  <b><br \/>\n   Representante do MEC<br \/>\n  <\/b><br \/>\n  &#8211; nome a confirmar.<\/p>\n<p>\n   <b><br \/>\n    Jo\u00e3o dos Reis Silva Junior<br \/>\n   <\/b><br \/>\n   &#8211; Doutor em Hist\u00f3ria e Filosofia da Educa\u00e7\u00e3o (PUC-SP). P\u00f3s-Doc em Sociologia \/Unicamp.<\/p>\n<p>\n    <b><br \/>\n     Jos\u00e9 dos Santos Rodrigues<br \/>\n    <\/b><br \/>\n    &#8211; P\u00f3s-doutor em Ci\u00eancia Pol\u00edtica\/Unicamp. Professor da Faculdade de Educa\u00e7\u00e3o\/UFF. L\u00edder do grupo de pesquisa Estudos Marxistas em Trabalho, Educa\u00e7\u00e3o e Cultura. Pesquisador do CNPq.<\/p>\n<p>\n     <b><br \/>\n      Aparecida Tiradentes<br \/>\n     <\/b><br \/>\n     &#8211; Doutora em Educa\u00e7\u00e3o, pesquisadora adjunta da Fiocruz, professora do programa de mestrado em Educa\u00e7\u00e3o profissional em sa\u00fade da Fiocruz, assessora em assuntos educacionais do Sinpro-Rio.<\/p>\n<p>\n      Mais informa\u00e7\u00f5es e inscri\u00e7\u00f5es: 3262-3440 \/<br \/>\n      <a href=\"mailto:escola@sinpro-rio.org.br\"><br \/>\n       escola@sinpro-rio.org.br<br \/>\n      <\/a>\n     <\/p>\n<\/p>\n<\/p>\n<\/p>\n<p>\n <b><br \/>\n  Representante do MEC<br \/>\n <\/b><br \/>\n &#8211; nome a confirmar.<\/p>\n<p>\n  <b><br \/>\n   Jo\u00e3o dos Reis Silva Junior<br \/>\n  <\/b><br \/>\n  &#8211; Doutor em Hist\u00f3ria e Filosofia da Educa\u00e7\u00e3o (PUC-SP). P\u00f3s-Doc em Sociologia \/Unicamp.<\/p>\n<p>\n   <b><br \/>\n    Jos\u00e9 dos Santos Rodrigues<br \/>\n   <\/b><br \/>\n   &#8211; P\u00f3s-doutor em Ci\u00eancia Pol\u00edtica\/Unicamp. Professor da Faculdade de Educa\u00e7\u00e3o\/UFF. L\u00edder do grupo de pesquisa Estudos Marxistas em Trabalho, Educa\u00e7\u00e3o e Cultura. Pesquisador do CNPq.<\/p>\n<p>\n    <b><br \/>\n     Aparecida Tiradentes<br \/>\n    <\/b><br \/>\n    &#8211; Doutora em Educa\u00e7\u00e3o, pesquisadora adjunta da Fiocruz, professora do programa de mestrado em Educa\u00e7\u00e3o profissional em sa\u00fade da Fiocruz, assessora em assuntos educacionais do Sinpro-Rio.<\/p>\n<p>\n     Mais informa\u00e7\u00f5es e inscri\u00e7\u00f5es: 3262-3440 \/<br \/>\n     <a href=\"mailto:escola@sinpro-rio.org.br\"><br \/>\n      escola@sinpro-rio.org.br<br \/>\n     <\/a>\n    <\/p>\n<\/p>\n<\/p>\n<p>\n <b><br \/>\n  Jo\u00e3o dos Reis Silva Junior<br \/>\n <\/b><br \/>\n &#8211; Doutor em Hist\u00f3ria e Filosofia da Educa\u00e7\u00e3o (PUC-SP). P\u00f3s-Doc em Sociologia \/Unicamp.<\/p>\n<p>\n  <b><br \/>\n   Jos\u00e9 dos Santos Rodrigues<br \/>\n  <\/b><br \/>\n  &#8211; P\u00f3s-doutor em Ci\u00eancia Pol\u00edtica\/Unicamp. Professor da Faculdade de Educa\u00e7\u00e3o\/UFF. L\u00edder do grupo de pesquisa Estudos Marxistas em Trabalho, Educa\u00e7\u00e3o e Cultura. Pesquisador do CNPq.<\/p>\n<p>\n   <b><br \/>\n    Aparecida Tiradentes<br \/>\n   <\/b><br \/>\n   &#8211; Doutora em Educa\u00e7\u00e3o, pesquisadora adjunta da Fiocruz, professora do programa de mestrado em Educa\u00e7\u00e3o profissional em sa\u00fade da Fiocruz, assessora em assuntos educacionais do Sinpro-Rio.<\/p>\n<p>\n    Mais informa\u00e7\u00f5es e inscri\u00e7\u00f5es: 3262-3440 \/<br \/>\n    <a href=\"mailto:escola@sinpro-rio.org.br\"><br \/>\n     escola@sinpro-rio.org.br<br \/>\n    <\/a>\n   <\/p>\n<\/p>\n<\/p>\n<p>\n <b><br \/>\n  Jos\u00e9 dos Santos Rodrigues<br \/>\n <\/b><br \/>\n &#8211; P\u00f3s-doutor em Ci\u00eancia Pol\u00edtica\/Unicamp. Professor da Faculdade de Educa\u00e7\u00e3o\/UFF. L\u00edder do grupo de pesquisa Estudos Marxistas em Trabalho, Educa\u00e7\u00e3o e Cultura. Pesquisador do CNPq.<\/p>\n<p>\n  <b><br \/>\n   Aparecida Tiradentes<br \/>\n  <\/b><br \/>\n  &#8211; Doutora em Educa\u00e7\u00e3o, pesquisadora adjunta da Fiocruz, professora do programa de mestrado em Educa\u00e7\u00e3o profissional em sa\u00fade da Fiocruz, assessora em assuntos educacionais do Sinpro-Rio.<\/p>\n<p>\n   Mais informa\u00e7\u00f5es e inscri\u00e7\u00f5es: 3262-3440 \/<br \/>\n   <a href=\"mailto:escola@sinpro-rio.org.br\"><br \/>\n    escola@sinpro-rio.org.br<br \/>\n   <\/a>\n  <\/p>\n<\/p>\n<p>\n <b><br \/>\n  Aparecida Tiradentes<br \/>\n <\/b><br \/>\n &#8211; Doutora em Educa\u00e7\u00e3o, pesquisadora adjunta da Fiocruz, professora do programa de mestrado em Educa\u00e7\u00e3o profissional em sa\u00fade da Fiocruz, assessora em assuntos educacionais do Sinpro-Rio.<\/p>\n<p>\n  Mais informa\u00e7\u00f5es e inscri\u00e7\u00f5es: 3262-3440 \/<br \/>\n  <a href=\"mailto:escola@sinpro-rio.org.br\"><br \/>\n   escola@sinpro-rio.org.br<br \/>\n  <\/a>\n <\/p>\n<\/p>\n<p>\n Mais informa\u00e7\u00f5es e inscri\u00e7\u00f5es: 3262-3440 \/<br \/>\n <a href=\"mailto:escola@sinpro-rio.org.br\"><br \/>\n  escola@sinpro-rio.org.br<br \/>\n <\/a><\/p>\n","protected":false},"excerpt":{"rendered":"<p>14\/11\/2012 No pr\u00f3ximo dia 24 de novembro, a Escola do Professor e a Comiss\u00e3o de Educa\u00e7\u00e3o Superior realizar\u00e3o, na sede do Sinpro-Rio, de 9 \u00e0s 15h, o semin\u00e1rio \u201cEduca\u00e7\u00e3o Superior no Brasil: mercantiliza\u00e7\u00e3o e implica\u00e7\u00f5es na vida educacional do pa\u00eds\u201d. Ser\u00e3o debatidos temas como a atual crise mundial do capitalismo e consequ\u00eancias na educa\u00e7\u00e3o mundial; [&hellip;]<\/p>\n","protected":false},"author":1,"featured_media":0,"comment_status":"closed","ping_status":"open","sticky":false,"template":"","format":"standard","meta":{"footnotes":""},"categories":[1],"tags":[],"class_list":["post-20352","post","type-post","status-publish","format-standard","hentry","category-noticias"],"yoast_head":"<!-- This site is optimized with the Yoast SEO plugin v25.7 - https:\/\/yoast.com\/wordpress\/plugins\/seo\/ -->\n<title>Semin\u00e1rio \u201cEduca\u00e7\u00e3o Superior no Brasil\u201d: 24\/11, \u00e0s 9h, no Sinpro-Rio - Sinpro-Rio<\/title>\n<meta name=\"robots\" content=\"index, follow, max-snippet:-1, max-image-preview:large, max-video-preview:-1\" \/>\n<link rel=\"canonical\" href=\"https:\/\/www.sinpro-rio.org.br\/principal\/seminario-educac-o-superior-no-brasil-24-11-as-9h-no-sinpro-rio\/\" \/>\n<meta property=\"og:locale\" content=\"pt_BR\" \/>\n<meta property=\"og:type\" content=\"article\" \/>\n<meta property=\"og:title\" content=\"Semin\u00e1rio \u201cEduca\u00e7\u00e3o Superior no Brasil\u201d: 24\/11, \u00e0s 9h, no Sinpro-Rio - Sinpro-Rio\" \/>\n<meta property=\"og:description\" content=\"14\/11\/2012 No pr\u00f3ximo dia 24 de novembro, a Escola do Professor e a Comiss\u00e3o de Educa\u00e7\u00e3o Superior realizar\u00e3o, na sede do Sinpro-Rio, de 9 \u00e0s 15h, o semin\u00e1rio \u201cEduca\u00e7\u00e3o Superior no Brasil: mercantiliza\u00e7\u00e3o e implica\u00e7\u00f5es na vida educacional do pa\u00eds\u201d. Ser\u00e3o debatidos temas como a atual crise mundial do capitalismo e consequ\u00eancias na educa\u00e7\u00e3o mundial; [&hellip;]\" \/>\n<meta property=\"og:url\" content=\"https:\/\/www.sinpro-rio.org.br\/principal\/seminario-educac-o-superior-no-brasil-24-11-as-9h-no-sinpro-rio\/\" \/>\n<meta property=\"og:site_name\" content=\"Sinpro-Rio\" \/>\n<meta property=\"article:published_time\" content=\"2012-11-14T00:00:00+00:00\" \/>\n<meta name=\"author\" content=\"rafaelrjp\" \/>\n<meta name=\"twitter:card\" content=\"summary_large_image\" \/>\n<meta name=\"twitter:label1\" content=\"Escrito por\" \/>\n\t<meta name=\"twitter:data1\" content=\"rafaelrjp\" \/>\n\t<meta name=\"twitter:label2\" content=\"Est. tempo de leitura\" \/>\n\t<meta name=\"twitter:data2\" content=\"7 minutos\" \/>\n<script type=\"application\/ld+json\" class=\"yoast-schema-graph\">{\"@context\":\"https:\/\/schema.org\",\"@graph\":[{\"@type\":\"WebPage\",\"@id\":\"https:\/\/www.sinpro-rio.org.br\/principal\/seminario-educac-o-superior-no-brasil-24-11-as-9h-no-sinpro-rio\/\",\"url\":\"https:\/\/www.sinpro-rio.org.br\/principal\/seminario-educac-o-superior-no-brasil-24-11-as-9h-no-sinpro-rio\/\",\"name\":\"Semin\u00e1rio \u201cEduca\u00e7\u00e3o Superior no Brasil\u201d: 24\/11, \u00e0s 9h, no Sinpro-Rio - Sinpro-Rio\",\"isPartOf\":{\"@id\":\"https:\/\/www.sinpro-rio.org.br\/principal\/#website\"},\"datePublished\":\"2012-11-14T00:00:00+00:00\",\"author\":{\"@id\":\"https:\/\/www.sinpro-rio.org.br\/principal\/#\/schema\/person\/49feb585a2f57a31a6bd9f16f78e5be6\"},\"breadcrumb\":{\"@id\":\"https:\/\/www.sinpro-rio.org.br\/principal\/seminario-educac-o-superior-no-brasil-24-11-as-9h-no-sinpro-rio\/#breadcrumb\"},\"inLanguage\":\"pt-BR\",\"potentialAction\":[{\"@type\":\"ReadAction\",\"target\":[\"https:\/\/www.sinpro-rio.org.br\/principal\/seminario-educac-o-superior-no-brasil-24-11-as-9h-no-sinpro-rio\/\"]}]},{\"@type\":\"BreadcrumbList\",\"@id\":\"https:\/\/www.sinpro-rio.org.br\/principal\/seminario-educac-o-superior-no-brasil-24-11-as-9h-no-sinpro-rio\/#breadcrumb\",\"itemListElement\":[{\"@type\":\"ListItem\",\"position\":1,\"name\":\"In\u00edcio\",\"item\":\"https:\/\/www.sinpro-rio.org.br\/principal\/\"},{\"@type\":\"ListItem\",\"position\":2,\"name\":\"Semin\u00e1rio \u201cEduca\u00e7\u00e3o Superior no Brasil\u201d: 24\/11, \u00e0s 9h, no Sinpro-Rio\"}]},{\"@type\":\"WebSite\",\"@id\":\"https:\/\/www.sinpro-rio.org.br\/principal\/#website\",\"url\":\"https:\/\/www.sinpro-rio.org.br\/principal\/\",\"name\":\"Sinpro-Rio\",\"description\":\"Sindicato dos Professores do Munic\u00edpio do Rio de Janeiro e Regi\u00e3o\",\"potentialAction\":[{\"@type\":\"SearchAction\",\"target\":{\"@type\":\"EntryPoint\",\"urlTemplate\":\"https:\/\/www.sinpro-rio.org.br\/principal\/?s={search_term_string}\"},\"query-input\":{\"@type\":\"PropertyValueSpecification\",\"valueRequired\":true,\"valueName\":\"search_term_string\"}}],\"inLanguage\":\"pt-BR\"},{\"@type\":\"Person\",\"@id\":\"https:\/\/www.sinpro-rio.org.br\/principal\/#\/schema\/person\/49feb585a2f57a31a6bd9f16f78e5be6\",\"name\":\"rafaelrjp\",\"image\":{\"@type\":\"ImageObject\",\"inLanguage\":\"pt-BR\",\"@id\":\"https:\/\/www.sinpro-rio.org.br\/principal\/#\/schema\/person\/image\/\",\"url\":\"https:\/\/secure.gravatar.com\/avatar\/489371a0ba4655c340b519882c68cf68?s=96&d=mm&r=g\",\"contentUrl\":\"https:\/\/secure.gravatar.com\/avatar\/489371a0ba4655c340b519882c68cf68?s=96&d=mm&r=g\",\"caption\":\"rafaelrjp\"},\"url\":\"https:\/\/www.sinpro-rio.org.br\/principal\/author\/rafaelrjp\/\"}]}<\/script>\n<!-- \/ Yoast SEO plugin. -->","yoast_head_json":{"title":"Semin\u00e1rio \u201cEduca\u00e7\u00e3o Superior no Brasil\u201d: 24\/11, \u00e0s 9h, no Sinpro-Rio - Sinpro-Rio","robots":{"index":"index","follow":"follow","max-snippet":"max-snippet:-1","max-image-preview":"max-image-preview:large","max-video-preview":"max-video-preview:-1"},"canonical":"https:\/\/www.sinpro-rio.org.br\/principal\/seminario-educac-o-superior-no-brasil-24-11-as-9h-no-sinpro-rio\/","og_locale":"pt_BR","og_type":"article","og_title":"Semin\u00e1rio \u201cEduca\u00e7\u00e3o Superior no Brasil\u201d: 24\/11, \u00e0s 9h, no Sinpro-Rio - Sinpro-Rio","og_description":"14\/11\/2012 No pr\u00f3ximo dia 24 de novembro, a Escola do Professor e a Comiss\u00e3o de Educa\u00e7\u00e3o Superior realizar\u00e3o, na sede do Sinpro-Rio, de 9 \u00e0s 15h, o semin\u00e1rio \u201cEduca\u00e7\u00e3o Superior no Brasil: mercantiliza\u00e7\u00e3o e implica\u00e7\u00f5es na vida educacional do pa\u00eds\u201d. Ser\u00e3o debatidos temas como a atual crise mundial do capitalismo e consequ\u00eancias na educa\u00e7\u00e3o mundial; [&hellip;]","og_url":"https:\/\/www.sinpro-rio.org.br\/principal\/seminario-educac-o-superior-no-brasil-24-11-as-9h-no-sinpro-rio\/","og_site_name":"Sinpro-Rio","article_published_time":"2012-11-14T00:00:00+00:00","author":"rafaelrjp","twitter_card":"summary_large_image","twitter_misc":{"Escrito por":"rafaelrjp","Est. tempo de leitura":"7 minutos"},"schema":{"@context":"https:\/\/schema.org","@graph":[{"@type":"WebPage","@id":"https:\/\/www.sinpro-rio.org.br\/principal\/seminario-educac-o-superior-no-brasil-24-11-as-9h-no-sinpro-rio\/","url":"https:\/\/www.sinpro-rio.org.br\/principal\/seminario-educac-o-superior-no-brasil-24-11-as-9h-no-sinpro-rio\/","name":"Semin\u00e1rio \u201cEduca\u00e7\u00e3o Superior no Brasil\u201d: 24\/11, \u00e0s 9h, no Sinpro-Rio - Sinpro-Rio","isPartOf":{"@id":"https:\/\/www.sinpro-rio.org.br\/principal\/#website"},"datePublished":"2012-11-14T00:00:00+00:00","author":{"@id":"https:\/\/www.sinpro-rio.org.br\/principal\/#\/schema\/person\/49feb585a2f57a31a6bd9f16f78e5be6"},"breadcrumb":{"@id":"https:\/\/www.sinpro-rio.org.br\/principal\/seminario-educac-o-superior-no-brasil-24-11-as-9h-no-sinpro-rio\/#breadcrumb"},"inLanguage":"pt-BR","potentialAction":[{"@type":"ReadAction","target":["https:\/\/www.sinpro-rio.org.br\/principal\/seminario-educac-o-superior-no-brasil-24-11-as-9h-no-sinpro-rio\/"]}]},{"@type":"BreadcrumbList","@id":"https:\/\/www.sinpro-rio.org.br\/principal\/seminario-educac-o-superior-no-brasil-24-11-as-9h-no-sinpro-rio\/#breadcrumb","itemListElement":[{"@type":"ListItem","position":1,"name":"In\u00edcio","item":"https:\/\/www.sinpro-rio.org.br\/principal\/"},{"@type":"ListItem","position":2,"name":"Semin\u00e1rio \u201cEduca\u00e7\u00e3o Superior no Brasil\u201d: 24\/11, \u00e0s 9h, no Sinpro-Rio"}]},{"@type":"WebSite","@id":"https:\/\/www.sinpro-rio.org.br\/principal\/#website","url":"https:\/\/www.sinpro-rio.org.br\/principal\/","name":"Sinpro-Rio","description":"Sindicato dos Professores do Munic\u00edpio do Rio de Janeiro e Regi\u00e3o","potentialAction":[{"@type":"SearchAction","target":{"@type":"EntryPoint","urlTemplate":"https:\/\/www.sinpro-rio.org.br\/principal\/?s={search_term_string}"},"query-input":{"@type":"PropertyValueSpecification","valueRequired":true,"valueName":"search_term_string"}}],"inLanguage":"pt-BR"},{"@type":"Person","@id":"https:\/\/www.sinpro-rio.org.br\/principal\/#\/schema\/person\/49feb585a2f57a31a6bd9f16f78e5be6","name":"rafaelrjp","image":{"@type":"ImageObject","inLanguage":"pt-BR","@id":"https:\/\/www.sinpro-rio.org.br\/principal\/#\/schema\/person\/image\/","url":"https:\/\/secure.gravatar.com\/avatar\/489371a0ba4655c340b519882c68cf68?s=96&d=mm&r=g","contentUrl":"https:\/\/secure.gravatar.com\/avatar\/489371a0ba4655c340b519882c68cf68?s=96&d=mm&r=g","caption":"rafaelrjp"},"url":"https:\/\/www.sinpro-rio.org.br\/principal\/author\/rafaelrjp\/"}]}},"_links":{"self":[{"href":"https:\/\/www.sinpro-rio.org.br\/principal\/wp-json\/wp\/v2\/posts\/20352","targetHints":{"allow":["GET"]}}],"collection":[{"href":"https:\/\/www.sinpro-rio.org.br\/principal\/wp-json\/wp\/v2\/posts"}],"about":[{"href":"https:\/\/www.sinpro-rio.org.br\/principal\/wp-json\/wp\/v2\/types\/post"}],"author":[{"embeddable":true,"href":"https:\/\/www.sinpro-rio.org.br\/principal\/wp-json\/wp\/v2\/users\/1"}],"replies":[{"embeddable":true,"href":"https:\/\/www.sinpro-rio.org.br\/principal\/wp-json\/wp\/v2\/comments?post=20352"}],"version-history":[{"count":0,"href":"https:\/\/www.sinpro-rio.org.br\/principal\/wp-json\/wp\/v2\/posts\/20352\/revisions"}],"wp:attachment":[{"href":"https:\/\/www.sinpro-rio.org.br\/principal\/wp-json\/wp\/v2\/media?parent=20352"}],"wp:term":[{"taxonomy":"category","embeddable":true,"href":"https:\/\/www.sinpro-rio.org.br\/principal\/wp-json\/wp\/v2\/categories?post=20352"},{"taxonomy":"post_tag","embeddable":true,"href":"https:\/\/www.sinpro-rio.org.br\/principal\/wp-json\/wp\/v2\/tags?post=20352"}],"curies":[{"name":"wp","href":"https:\/\/api.w.org\/{rel}","templated":true}]}}