{"id":20348,"date":"2012-11-23T00:00:00","date_gmt":"2012-11-23T00:00:00","guid":{"rendered":""},"modified":"-0001-11-30T00:00:00","modified_gmt":"-0001-11-30T03:00:00","slug":"docentes-da-univercidade-aprovam-deliberac-es-em-assembleia","status":"publish","type":"post","link":"https:\/\/www.sinpro-rio.org.br\/principal\/docentes-da-univercidade-aprovam-deliberac-es-em-assembleia\/","title":{"rendered":"Docentes da UniverCidade aprovam delibera\u00e7\u00f5es em assembleia"},"content":{"rendered":"\n<p>\n <em><br \/>\n  23\/11\/2012<br \/>\n <\/em>\n<\/p>\n<p>\n <b><br \/>\n  Aten\u00e7\u00e3o, professores(as) da UniverCidade!<br \/>\n <\/b>\n<\/p>\n<p>\n Os professores do Centro Universit\u00e1rio da Cidade (UniverCidade) reunidos em assembleia hoje, dia 23 de novembro, aprovaram as seguintes delibera\u00e7\u00f5es:\n<\/p>\n<p>\n \u2022 Lan\u00e7amento das notas da A2 a partir  do dia 11\/12, condicionado \u00e0 integraliza\u00e7\u00e3o do pagamento de outubro em 30\/11 e o pagamento da 1\u00aa parcela de novembro em 10\/12, conforme o prometido em nota assinada pelo senhor Alex Klyemann Bezerra Porto Farias, diretor presidente do Grupo Galileo;<\/p>\n<p> \u2022 Aprova\u00e7\u00e3o do documento a ser encaminhado ao Grupo Galileo, na pessoa do diretor presidente;<\/p>\n<p> \u2022 Perman\u00eancia do ESTADO DE MOBILIZA\u00c7\u00c3O do corpo docente da UniverCidade;<\/p>\n<p> \u2022 Realiza\u00e7\u00e3o da reuni\u00e3o da Comiss\u00e3o de Negocia\u00e7\u00e3o com o Grupo Galileo;<\/p>\n<p> \u2022 Data da pr\u00f3xima Assembleia: 03\/12, 15h, no Sinpro-Rio.\n<\/p>\n<p>\n Todos os professores est\u00e3o convocados para a pr\u00f3xima assembleia, a ser realizada no dia 3 de dezembnro, segunda-feira, \u00e0s 15h, na sede do Sinpro-Rio, na Rua Pedro Lessa, 35, Centro do Rio.<\/p>\n","protected":false},"excerpt":{"rendered":"<p>23\/11\/2012 Aten\u00e7\u00e3o, professores(as) da UniverCidade! Os professores do Centro Universit\u00e1rio da Cidade (UniverCidade) reunidos em assembleia hoje, dia 23 de novembro, aprovaram as seguintes delibera\u00e7\u00f5es: \u2022 Lan\u00e7amento das notas da A2 a partir do dia 11\/12, condicionado \u00e0 integraliza\u00e7\u00e3o do pagamento de outubro em 30\/11 e o pagamento da 1\u00aa parcela de novembro em 10\/12, [&hellip;]<\/p>\n","protected":false},"author":1,"featured_media":0,"comment_status":"closed","ping_status":"open","sticky":false,"template":"","format":"standard","meta":{"footnotes":""},"categories":[1],"tags":[],"class_list":["post-20348","post","type-post","status-publish","format-standard","hentry","category-noticias"],"yoast_head":"<!-- This site is optimized with the Yoast SEO plugin v25.7 - https:\/\/yoast.com\/wordpress\/plugins\/seo\/ -->\n<title>Docentes da UniverCidade aprovam delibera\u00e7\u00f5es em assembleia - Sinpro-Rio<\/title>\n<meta name=\"robots\" content=\"index, follow, max-snippet:-1, max-image-preview:large, max-video-preview:-1\" \/>\n<link rel=\"canonical\" href=\"https:\/\/www.sinpro-rio.org.br\/principal\/docentes-da-univercidade-aprovam-deliberac-es-em-assembleia\/\" \/>\n<meta property=\"og:locale\" content=\"pt_BR\" \/>\n<meta property=\"og:type\" content=\"article\" \/>\n<meta property=\"og:title\" content=\"Docentes da UniverCidade aprovam delibera\u00e7\u00f5es em assembleia - Sinpro-Rio\" \/>\n<meta property=\"og:description\" content=\"23\/11\/2012 Aten\u00e7\u00e3o, professores(as) da UniverCidade! Os professores do Centro Universit\u00e1rio da Cidade (UniverCidade) reunidos em assembleia hoje, dia 23 de novembro, aprovaram as seguintes delibera\u00e7\u00f5es: \u2022 Lan\u00e7amento das notas da A2 a partir do dia 11\/12, condicionado \u00e0 integraliza\u00e7\u00e3o do pagamento de outubro em 30\/11 e o pagamento da 1\u00aa parcela de novembro em 10\/12, [&hellip;]\" \/>\n<meta property=\"og:url\" content=\"https:\/\/www.sinpro-rio.org.br\/principal\/docentes-da-univercidade-aprovam-deliberac-es-em-assembleia\/\" \/>\n<meta property=\"og:site_name\" content=\"Sinpro-Rio\" \/>\n<meta property=\"article:published_time\" content=\"2012-11-23T00:00:00+00:00\" \/>\n<meta name=\"author\" content=\"rafaelrjp\" \/>\n<meta name=\"twitter:card\" content=\"summary_large_image\" \/>\n<meta name=\"twitter:label1\" content=\"Escrito por\" \/>\n\t<meta name=\"twitter:data1\" content=\"rafaelrjp\" \/>\n\t<meta name=\"twitter:label2\" content=\"Est. tempo de leitura\" \/>\n\t<meta name=\"twitter:data2\" content=\"1 minuto\" \/>\n<script type=\"application\/ld+json\" class=\"yoast-schema-graph\">{\"@context\":\"https:\/\/schema.org\",\"@graph\":[{\"@type\":\"WebPage\",\"@id\":\"https:\/\/www.sinpro-rio.org.br\/principal\/docentes-da-univercidade-aprovam-deliberac-es-em-assembleia\/\",\"url\":\"https:\/\/www.sinpro-rio.org.br\/principal\/docentes-da-univercidade-aprovam-deliberac-es-em-assembleia\/\",\"name\":\"Docentes da UniverCidade aprovam delibera\u00e7\u00f5es em assembleia - Sinpro-Rio\",\"isPartOf\":{\"@id\":\"https:\/\/www.sinpro-rio.org.br\/principal\/#website\"},\"datePublished\":\"2012-11-23T00:00:00+00:00\",\"author\":{\"@id\":\"https:\/\/www.sinpro-rio.org.br\/principal\/#\/schema\/person\/49feb585a2f57a31a6bd9f16f78e5be6\"},\"breadcrumb\":{\"@id\":\"https:\/\/www.sinpro-rio.org.br\/principal\/docentes-da-univercidade-aprovam-deliberac-es-em-assembleia\/#breadcrumb\"},\"inLanguage\":\"pt-BR\",\"potentialAction\":[{\"@type\":\"ReadAction\",\"target\":[\"https:\/\/www.sinpro-rio.org.br\/principal\/docentes-da-univercidade-aprovam-deliberac-es-em-assembleia\/\"]}]},{\"@type\":\"BreadcrumbList\",\"@id\":\"https:\/\/www.sinpro-rio.org.br\/principal\/docentes-da-univercidade-aprovam-deliberac-es-em-assembleia\/#breadcrumb\",\"itemListElement\":[{\"@type\":\"ListItem\",\"position\":1,\"name\":\"In\u00edcio\",\"item\":\"https:\/\/www.sinpro-rio.org.br\/principal\/\"},{\"@type\":\"ListItem\",\"position\":2,\"name\":\"Docentes da UniverCidade aprovam delibera\u00e7\u00f5es em assembleia\"}]},{\"@type\":\"WebSite\",\"@id\":\"https:\/\/www.sinpro-rio.org.br\/principal\/#website\",\"url\":\"https:\/\/www.sinpro-rio.org.br\/principal\/\",\"name\":\"Sinpro-Rio\",\"description\":\"Sindicato dos Professores do Munic\u00edpio do Rio de Janeiro e Regi\u00e3o\",\"potentialAction\":[{\"@type\":\"SearchAction\",\"target\":{\"@type\":\"EntryPoint\",\"urlTemplate\":\"https:\/\/www.sinpro-rio.org.br\/principal\/?s={search_term_string}\"},\"query-input\":{\"@type\":\"PropertyValueSpecification\",\"valueRequired\":true,\"valueName\":\"search_term_string\"}}],\"inLanguage\":\"pt-BR\"},{\"@type\":\"Person\",\"@id\":\"https:\/\/www.sinpro-rio.org.br\/principal\/#\/schema\/person\/49feb585a2f57a31a6bd9f16f78e5be6\",\"name\":\"rafaelrjp\",\"image\":{\"@type\":\"ImageObject\",\"inLanguage\":\"pt-BR\",\"@id\":\"https:\/\/www.sinpro-rio.org.br\/principal\/#\/schema\/person\/image\/\",\"url\":\"https:\/\/secure.gravatar.com\/avatar\/489371a0ba4655c340b519882c68cf68?s=96&d=mm&r=g\",\"contentUrl\":\"https:\/\/secure.gravatar.com\/avatar\/489371a0ba4655c340b519882c68cf68?s=96&d=mm&r=g\",\"caption\":\"rafaelrjp\"},\"url\":\"https:\/\/www.sinpro-rio.org.br\/principal\/author\/rafaelrjp\/\"}]}<\/script>\n<!-- \/ Yoast SEO plugin. -->","yoast_head_json":{"title":"Docentes da UniverCidade aprovam delibera\u00e7\u00f5es em assembleia - Sinpro-Rio","robots":{"index":"index","follow":"follow","max-snippet":"max-snippet:-1","max-image-preview":"max-image-preview:large","max-video-preview":"max-video-preview:-1"},"canonical":"https:\/\/www.sinpro-rio.org.br\/principal\/docentes-da-univercidade-aprovam-deliberac-es-em-assembleia\/","og_locale":"pt_BR","og_type":"article","og_title":"Docentes da UniverCidade aprovam delibera\u00e7\u00f5es em assembleia - Sinpro-Rio","og_description":"23\/11\/2012 Aten\u00e7\u00e3o, professores(as) da UniverCidade! Os professores do Centro Universit\u00e1rio da Cidade (UniverCidade) reunidos em assembleia hoje, dia 23 de novembro, aprovaram as seguintes delibera\u00e7\u00f5es: \u2022 Lan\u00e7amento das notas da A2 a partir do dia 11\/12, condicionado \u00e0 integraliza\u00e7\u00e3o do pagamento de outubro em 30\/11 e o pagamento da 1\u00aa parcela de novembro em 10\/12, [&hellip;]","og_url":"https:\/\/www.sinpro-rio.org.br\/principal\/docentes-da-univercidade-aprovam-deliberac-es-em-assembleia\/","og_site_name":"Sinpro-Rio","article_published_time":"2012-11-23T00:00:00+00:00","author":"rafaelrjp","twitter_card":"summary_large_image","twitter_misc":{"Escrito por":"rafaelrjp","Est. tempo de leitura":"1 minuto"},"schema":{"@context":"https:\/\/schema.org","@graph":[{"@type":"WebPage","@id":"https:\/\/www.sinpro-rio.org.br\/principal\/docentes-da-univercidade-aprovam-deliberac-es-em-assembleia\/","url":"https:\/\/www.sinpro-rio.org.br\/principal\/docentes-da-univercidade-aprovam-deliberac-es-em-assembleia\/","name":"Docentes da UniverCidade aprovam delibera\u00e7\u00f5es em assembleia - Sinpro-Rio","isPartOf":{"@id":"https:\/\/www.sinpro-rio.org.br\/principal\/#website"},"datePublished":"2012-11-23T00:00:00+00:00","author":{"@id":"https:\/\/www.sinpro-rio.org.br\/principal\/#\/schema\/person\/49feb585a2f57a31a6bd9f16f78e5be6"},"breadcrumb":{"@id":"https:\/\/www.sinpro-rio.org.br\/principal\/docentes-da-univercidade-aprovam-deliberac-es-em-assembleia\/#breadcrumb"},"inLanguage":"pt-BR","potentialAction":[{"@type":"ReadAction","target":["https:\/\/www.sinpro-rio.org.br\/principal\/docentes-da-univercidade-aprovam-deliberac-es-em-assembleia\/"]}]},{"@type":"BreadcrumbList","@id":"https:\/\/www.sinpro-rio.org.br\/principal\/docentes-da-univercidade-aprovam-deliberac-es-em-assembleia\/#breadcrumb","itemListElement":[{"@type":"ListItem","position":1,"name":"In\u00edcio","item":"https:\/\/www.sinpro-rio.org.br\/principal\/"},{"@type":"ListItem","position":2,"name":"Docentes da UniverCidade aprovam delibera\u00e7\u00f5es em assembleia"}]},{"@type":"WebSite","@id":"https:\/\/www.sinpro-rio.org.br\/principal\/#website","url":"https:\/\/www.sinpro-rio.org.br\/principal\/","name":"Sinpro-Rio","description":"Sindicato dos Professores do Munic\u00edpio do Rio de Janeiro e Regi\u00e3o","potentialAction":[{"@type":"SearchAction","target":{"@type":"EntryPoint","urlTemplate":"https:\/\/www.sinpro-rio.org.br\/principal\/?s={search_term_string}"},"query-input":{"@type":"PropertyValueSpecification","valueRequired":true,"valueName":"search_term_string"}}],"inLanguage":"pt-BR"},{"@type":"Person","@id":"https:\/\/www.sinpro-rio.org.br\/principal\/#\/schema\/person\/49feb585a2f57a31a6bd9f16f78e5be6","name":"rafaelrjp","image":{"@type":"ImageObject","inLanguage":"pt-BR","@id":"https:\/\/www.sinpro-rio.org.br\/principal\/#\/schema\/person\/image\/","url":"https:\/\/secure.gravatar.com\/avatar\/489371a0ba4655c340b519882c68cf68?s=96&d=mm&r=g","contentUrl":"https:\/\/secure.gravatar.com\/avatar\/489371a0ba4655c340b519882c68cf68?s=96&d=mm&r=g","caption":"rafaelrjp"},"url":"https:\/\/www.sinpro-rio.org.br\/principal\/author\/rafaelrjp\/"}]}},"_links":{"self":[{"href":"https:\/\/www.sinpro-rio.org.br\/principal\/wp-json\/wp\/v2\/posts\/20348","targetHints":{"allow":["GET"]}}],"collection":[{"href":"https:\/\/www.sinpro-rio.org.br\/principal\/wp-json\/wp\/v2\/posts"}],"about":[{"href":"https:\/\/www.sinpro-rio.org.br\/principal\/wp-json\/wp\/v2\/types\/post"}],"author":[{"embeddable":true,"href":"https:\/\/www.sinpro-rio.org.br\/principal\/wp-json\/wp\/v2\/users\/1"}],"replies":[{"embeddable":true,"href":"https:\/\/www.sinpro-rio.org.br\/principal\/wp-json\/wp\/v2\/comments?post=20348"}],"version-history":[{"count":0,"href":"https:\/\/www.sinpro-rio.org.br\/principal\/wp-json\/wp\/v2\/posts\/20348\/revisions"}],"wp:attachment":[{"href":"https:\/\/www.sinpro-rio.org.br\/principal\/wp-json\/wp\/v2\/media?parent=20348"}],"wp:term":[{"taxonomy":"category","embeddable":true,"href":"https:\/\/www.sinpro-rio.org.br\/principal\/wp-json\/wp\/v2\/categories?post=20348"},{"taxonomy":"post_tag","embeddable":true,"href":"https:\/\/www.sinpro-rio.org.br\/principal\/wp-json\/wp\/v2\/tags?post=20348"}],"curies":[{"name":"wp","href":"https:\/\/api.w.org\/{rel}","templated":true}]}}